{"id":4519,"date":"2021-09-20T08:22:35","date_gmt":"2021-09-20T11:22:35","guid":{"rendered":"https:\/\/vila8.com.br\/clientes\/autobus\/?p=4519"},"modified":"2021-09-20T08:22:36","modified_gmt":"2021-09-20T11:22:36","slug":"e-possivel-ser-competitivo-e-sustentavel","status":"publish","type":"post","link":"https:\/\/revistaautobus.com.br\/?p=4519","title":{"rendered":"\u00c9 poss\u00edvel ser competitivo e sustent\u00e1vel"},"content":{"rendered":"\n<p class=\"has-drop-cap\">O termo ESG, que em ingl\u00eas significa <em>Enviroment, Social and Governance<\/em>, e traduzindo para o portugu\u00eas significa a ado\u00e7\u00e3o de pol\u00edticas relacionadas com a Sustentabilidade, com o Social e a Governan\u00e7a, vem ganhando espa\u00e7o entre as empresas e os servi\u00e7os compromissados com metas e formas de neg\u00f3cios que buscam gerar o menor impacto negativo ao meio ambiente, tendo ao mesmo tempo a preocupa\u00e7\u00e3o com o bem-estar das pessoas.<\/p>\n\n\n\n<p>Trata-se de um tema que tem motivos atuais que ressaltam sua ampla discuss\u00e3o e promo\u00e7\u00e3o, com um car\u00e1ter de provoca\u00e7\u00e3o onde as corpora\u00e7\u00f5es e a sociedade observam seus preceitos e determina\u00e7\u00f5es. Por\u00e9m, segundo o professor Jos\u00e9 Pedro Lins, especialista no assunto, pesquisas mostram que o ESG j\u00e1 \u00e9 falado desde 1798, claro que com outra denomina\u00e7\u00e3o. Ainda, de acordo com Lins, em 1987 foi criado o conceito do desenvolvimento sustent\u00e1vel, e o voc\u00e1bulo ESG foi escrito e adotado em 2004.<\/p>\n\n\n\n<p>E como trabalhar esse assunto no cotidiano das empresas? Para o professor Lins, funciona por meio de quatro pilares, que s\u00e3o os resultados econ\u00f4micos, os impactos ambientais, as implica\u00e7\u00f5es sociais e a cultura governamental. No universo produtivo e econ\u00f4mico, as transportadoras de passageiros, por exemplo, podem se inserir no contexto por meio de suas gest\u00f5es e resultados pr\u00e1ticos. Se antes, as operadoras encaravam os temas de formas separadas, hoje \u00e9 preciso haver integra\u00e7\u00e3o entre todos os fatores envolvidos para se alcan\u00e7ar a t\u00e3o almejada competitividade sustent\u00e1vel, a perenidade nos neg\u00f3cios e o uso da pol\u00edtica ESG.<\/p>\n\n\n\n<p>Na vis\u00e3o de Lins, prosperidade econ\u00f4mica anda junto com a equidade social, que anda junto com a governan\u00e7a, que deve abra\u00e7ar a sustentabilidade ambiental. O risco clim\u00e1tico fez surgir essa onda verde, que visa medidas e a\u00e7\u00f5es concretas para reduzir os efeitos causados pelo processo desenfreado de emiss\u00f5es poluentes. E, cada vez mais, as empresas intensificam o debate e a inclus\u00e3o desse tema em suas filosofias administrativas.<\/p>\n\n\n\n<p>Gerenciar riscos e oportunidades ao adotar o ESG \u00e9 uma determina\u00e7\u00e3o que deve ser muito bem avaliada pelas companhias. E, na balan\u00e7a empresarial, as oportunidades precisam pesar mais do que os riscos, o que pode ser a grande diferen\u00e7a para o futuro dos neg\u00f3cios. &nbsp;&nbsp;<\/p>\n\n\n\n<p>J\u00e1 Maria Constantino, engenheira ambiental e especialista em sustentabilidade, mostrou que o transporte coletivo \u00e9 um meio de extrema import\u00e2ncia para sanar as quest\u00f5es ecol\u00f3gicas que mais implicam na vida mundial. \u201cO neg\u00f3cio do transporte de passageiros apresenta muitas opera\u00e7\u00f5es sustent\u00e1veis, por\u00e9m \u00e9 preciso mais, \u00e9 necess\u00e1ria a maior divulga\u00e7\u00e3o do setor sobre o que est\u00e1 realizando, qual o seu papel de agente transformador. Devemos diminuir os impactos negativos e potencializar os positivos por meio das entidades envolvidas com o segmento, como a ABRATI e o SETPESP, que possuem ferramentas para ajudar suas associadas, outras empresas e a pr\u00f3pria sociedade no sentido de alcan\u00e7ar resultados ambientais pr\u00e1ticos\u201d, salientou.<\/p>\n\n\n\n<p>Ela, ainda chamou a aten\u00e7\u00e3o para que haja uma melhora dos programas existentes que visam reduzir todo o passivo ambiental, bem como as emiss\u00f5es poluentes. \u201cAo trabalharmos com a mobilidade urbana, estamos voltando o olhar para o cidad\u00e3o. A estrutura do transporte \u00e9 um exemplo em como pode envolver seus colaboradores para alcan\u00e7ar os resultados mais positivos poss\u00edveis. Vejo que, sempre quando uma ideia \u00e9 lan\u00e7ada nesse sentido, h\u00e1 engajamentos por parte das equipes de trabalho\u201d, afirmou Maria.<\/p>\n\n\n\n<p>Essas foram algumas percep\u00e7\u00f5es do webinar \u201cESG, Como se Preparar para uma Governan\u00e7a Sustent\u00e1vel\u201d, promovido pela ABRATI (Associa\u00e7\u00e3o Brasileiras das Empresas de Transportes Terrestre de Passageiros) e pelo SETPESP, que \u00e9 o sindicato que congrega as empresas rodovi\u00e1rias de \u00f4nibus no estado de S\u00e3o Paulo. &nbsp;<\/p>\n\n\n\n<p>Para a ABRATI, a agenda ESG entrou de vez no vocabul\u00e1rio dos neg\u00f3cios desde que suas premissas passaram a valer nas bolsas de valores como selo de qualidade para investidores. Esse compromisso tem mostrado sua for\u00e7a quando o assunto \u00e9 lealdade e valor para uma marca, atraindo n\u00e3o apenas investidores, mas tamb\u00e9m consumidores cada vez mais conscientes, sendo assim, uma pauta de impacto tanto para grandes grupos empresariais como para empresas de menor porte.<\/p>\n","protected":false},"excerpt":{"rendered":"<p>Para a ABRATI, a agenda ESG entrou de vez no vocabul\u00e1rio dos neg\u00f3cios desde que suas premissas passaram a valer nas bolsas de valores como selo de qualidade para investidores<\/p>\n","protected":false},"author":2,"featured_media":4520,"comment_status":"open","ping_status":"open","sticky":false,"template":"","format":"standard","meta":{"_et_pb_use_builder":"off","_et_pb_old_content":"","_et_gb_content_width":"","_jetpack_memberships_contains_paid_content":false,"footnotes":""},"categories":[90],"tags":[81,165],"class_list":["post-4519","post","type-post","status-publish","format-standard","has-post-thumbnail","hentry","category-noticias","tag-abrati","tag-setpesp","et-has-post-format-content","et_post_format-et-post-format-standard"],"yoast_head":"<!-- This site is optimized with the Yoast SEO plugin v27.2 - https:\/\/yoast.com\/product\/yoast-seo-wordpress\/ -->\n<title>\u00c9 poss\u00edvel ser competitivo e sustent\u00e1vel - Revista AutoBus<\/title>\n<meta name=\"robots\" content=\"index, follow, max-snippet:-1, max-image-preview:large, max-video-preview:-1\" \/>\n<link rel=\"canonical\" href=\"https:\/\/revistaautobus.com.br\/?p=4519\" \/>\n<meta property=\"og:locale\" content=\"pt_BR\" \/>\n<meta property=\"og:type\" content=\"article\" \/>\n<meta property=\"og:title\" content=\"\u00c9 poss\u00edvel ser competitivo e sustent\u00e1vel - Revista AutoBus\" \/>\n<meta property=\"og:description\" content=\"Para a ABRATI, a agenda ESG entrou de vez no vocabul\u00e1rio dos neg\u00f3cios desde que suas premissas passaram a valer nas bolsas de valores como selo de qualidade para investidores\" \/>\n<meta property=\"og:url\" content=\"https:\/\/revistaautobus.com.br\/?p=4519\" \/>\n<meta property=\"og:site_name\" content=\"Revista AutoBus\" \/>\n<meta property=\"article:publisher\" content=\"https:\/\/www.facebook.com\/antonio.ferro.3150\" \/>\n<meta property=\"article:published_time\" content=\"2021-09-20T11:22:35+00:00\" \/>\n<meta property=\"article:modified_time\" content=\"2021-09-20T11:22:36+00:00\" \/>\n<meta property=\"og:image\" content=\"https:\/\/revistaautobus.com.br\/wp-content\/uploads\/2021\/09\/ESG.jpg\" \/>\n\t<meta property=\"og:image:width\" content=\"551\" \/>\n\t<meta property=\"og:image:height\" content=\"730\" \/>\n\t<meta property=\"og:image:type\" content=\"image\/jpeg\" \/>\n<meta name=\"author\" content=\"Antonio Ferro\" \/>\n<meta name=\"twitter:card\" content=\"summary_large_image\" \/>\n<meta name=\"twitter:label1\" content=\"Escrito por\" \/>\n\t<meta name=\"twitter:data1\" content=\"Antonio Ferro\" \/>\n\t<meta name=\"twitter:label2\" content=\"Est. tempo de leitura\" \/>\n\t<meta name=\"twitter:data2\" content=\"4 minutos\" \/>\n<script type=\"application\/ld+json\" class=\"yoast-schema-graph\">{\"@context\":\"https:\/\/schema.org\",\"@graph\":[{\"@type\":\"Article\",\"@id\":\"https:\/\/revistaautobus.com.br\/?p=4519#article\",\"isPartOf\":{\"@id\":\"https:\/\/revistaautobus.com.br\/?p=4519\"},\"author\":{\"name\":\"Antonio Ferro\",\"@id\":\"https:\/\/revistaautobus.com.br\/#\/schema\/person\/54af7c3eb83a310e42ef686ef6d16f50\"},\"headline\":\"\u00c9 poss\u00edvel ser competitivo e sustent\u00e1vel\",\"datePublished\":\"2021-09-20T11:22:35+00:00\",\"dateModified\":\"2021-09-20T11:22:36+00:00\",\"mainEntityOfPage\":{\"@id\":\"https:\/\/revistaautobus.com.br\/?p=4519\"},\"wordCount\":729,\"commentCount\":0,\"publisher\":{\"@id\":\"https:\/\/revistaautobus.com.br\/#organization\"},\"image\":{\"@id\":\"https:\/\/revistaautobus.com.br\/?p=4519#primaryimage\"},\"thumbnailUrl\":\"https:\/\/revistaautobus.com.br\/wp-content\/uploads\/2021\/09\/ESG.jpg\",\"keywords\":[\"ABRATI\",\"SETPESP\"],\"articleSection\":[\"Not\u00edcias\"],\"inLanguage\":\"pt-BR\",\"potentialAction\":[{\"@type\":\"CommentAction\",\"name\":\"Comment\",\"target\":[\"https:\/\/revistaautobus.com.br\/?p=4519#respond\"]}]},{\"@type\":\"WebPage\",\"@id\":\"https:\/\/revistaautobus.com.br\/?p=4519\",\"url\":\"https:\/\/revistaautobus.com.br\/?p=4519\",\"name\":\"\u00c9 poss\u00edvel ser competitivo e sustent\u00e1vel - Revista AutoBus\",\"isPartOf\":{\"@id\":\"https:\/\/revistaautobus.com.br\/#website\"},\"primaryImageOfPage\":{\"@id\":\"https:\/\/revistaautobus.com.br\/?p=4519#primaryimage\"},\"image\":{\"@id\":\"https:\/\/revistaautobus.com.br\/?p=4519#primaryimage\"},\"thumbnailUrl\":\"https:\/\/revistaautobus.com.br\/wp-content\/uploads\/2021\/09\/ESG.jpg\",\"datePublished\":\"2021-09-20T11:22:35+00:00\",\"dateModified\":\"2021-09-20T11:22:36+00:00\",\"breadcrumb\":{\"@id\":\"https:\/\/revistaautobus.com.br\/?p=4519#breadcrumb\"},\"inLanguage\":\"pt-BR\",\"potentialAction\":[{\"@type\":\"ReadAction\",\"target\":[\"https:\/\/revistaautobus.com.br\/?p=4519\"]}]},{\"@type\":\"ImageObject\",\"inLanguage\":\"pt-BR\",\"@id\":\"https:\/\/revistaautobus.com.br\/?p=4519#primaryimage\",\"url\":\"https:\/\/revistaautobus.com.br\/wp-content\/uploads\/2021\/09\/ESG.jpg\",\"contentUrl\":\"https:\/\/revistaautobus.com.br\/wp-content\/uploads\/2021\/09\/ESG.jpg\",\"width\":551,\"height\":730},{\"@type\":\"BreadcrumbList\",\"@id\":\"https:\/\/revistaautobus.com.br\/?p=4519#breadcrumb\",\"itemListElement\":[{\"@type\":\"ListItem\",\"position\":1,\"name\":\"In\u00edcio\",\"item\":\"https:\/\/revistaautobus.com.br\/\"},{\"@type\":\"ListItem\",\"position\":2,\"name\":\"\u00c9 poss\u00edvel ser competitivo e sustent\u00e1vel\"}]},{\"@type\":\"WebSite\",\"@id\":\"https:\/\/revistaautobus.com.br\/#website\",\"url\":\"https:\/\/revistaautobus.com.br\/\",\"name\":\"Revista AutoBus\",\"description\":\"\",\"publisher\":{\"@id\":\"https:\/\/revistaautobus.com.br\/#organization\"},\"potentialAction\":[{\"@type\":\"SearchAction\",\"target\":{\"@type\":\"EntryPoint\",\"urlTemplate\":\"https:\/\/revistaautobus.com.br\/?s={search_term_string}\"},\"query-input\":{\"@type\":\"PropertyValueSpecification\",\"valueRequired\":true,\"valueName\":\"search_term_string\"}}],\"inLanguage\":\"pt-BR\"},{\"@type\":\"Organization\",\"@id\":\"https:\/\/revistaautobus.com.br\/#organization\",\"name\":\"Revista AutoBus\",\"url\":\"https:\/\/revistaautobus.com.br\/\",\"logo\":{\"@type\":\"ImageObject\",\"inLanguage\":\"pt-BR\",\"@id\":\"https:\/\/revistaautobus.com.br\/#\/schema\/logo\/image\/\",\"url\":\"https:\/\/revistaautobus.com.br\/wp-content\/uploads\/2024\/11\/logo_revista_autobus_fb.png\",\"contentUrl\":\"https:\/\/revistaautobus.com.br\/wp-content\/uploads\/2024\/11\/logo_revista_autobus_fb.png\",\"width\":836,\"height\":227,\"caption\":\"Revista AutoBus\"},\"image\":{\"@id\":\"https:\/\/revistaautobus.com.br\/#\/schema\/logo\/image\/\"},\"sameAs\":[\"https:\/\/www.facebook.com\/antonio.ferro.3150\",\"https:\/\/www.instagram.com\/revistaautobus\/\"]},{\"@type\":\"Person\",\"@id\":\"https:\/\/revistaautobus.com.br\/#\/schema\/person\/54af7c3eb83a310e42ef686ef6d16f50\",\"name\":\"Antonio Ferro\",\"image\":{\"@type\":\"ImageObject\",\"inLanguage\":\"pt-BR\",\"@id\":\"https:\/\/revistaautobus.com.br\/wp-content\/uploads\/2025\/12\/editor_antonio_ferro-150x150.jpg\",\"url\":\"https:\/\/revistaautobus.com.br\/wp-content\/uploads\/2025\/12\/editor_antonio_ferro-150x150.jpg\",\"contentUrl\":\"https:\/\/revistaautobus.com.br\/wp-content\/uploads\/2025\/12\/editor_antonio_ferro-150x150.jpg\",\"caption\":\"Antonio Ferro\"},\"description\":\"infobus@uol.com.br\",\"url\":\"https:\/\/revistaautobus.com.br\/?author=2\"}]}<\/script>\n<!-- \/ Yoast SEO plugin. -->","yoast_head_json":{"title":"\u00c9 poss\u00edvel ser competitivo e sustent\u00e1vel - Revista AutoBus","robots":{"index":"index","follow":"follow","max-snippet":"max-snippet:-1","max-image-preview":"max-image-preview:large","max-video-preview":"max-video-preview:-1"},"canonical":"https:\/\/revistaautobus.com.br\/?p=4519","og_locale":"pt_BR","og_type":"article","og_title":"\u00c9 poss\u00edvel ser competitivo e sustent\u00e1vel - Revista AutoBus","og_description":"Para a ABRATI, a agenda ESG entrou de vez no vocabul\u00e1rio dos neg\u00f3cios desde que suas premissas passaram a valer nas bolsas de valores como selo de qualidade para investidores","og_url":"https:\/\/revistaautobus.com.br\/?p=4519","og_site_name":"Revista AutoBus","article_publisher":"https:\/\/www.facebook.com\/antonio.ferro.3150","article_published_time":"2021-09-20T11:22:35+00:00","article_modified_time":"2021-09-20T11:22:36+00:00","og_image":[{"width":551,"height":730,"url":"https:\/\/revistaautobus.com.br\/wp-content\/uploads\/2021\/09\/ESG.jpg","type":"image\/jpeg"}],"author":"Antonio Ferro","twitter_card":"summary_large_image","twitter_misc":{"Escrito por":"Antonio Ferro","Est. tempo de leitura":"4 minutos"},"schema":{"@context":"https:\/\/schema.org","@graph":[{"@type":"Article","@id":"https:\/\/revistaautobus.com.br\/?p=4519#article","isPartOf":{"@id":"https:\/\/revistaautobus.com.br\/?p=4519"},"author":{"name":"Antonio Ferro","@id":"https:\/\/revistaautobus.com.br\/#\/schema\/person\/54af7c3eb83a310e42ef686ef6d16f50"},"headline":"\u00c9 poss\u00edvel ser competitivo e sustent\u00e1vel","datePublished":"2021-09-20T11:22:35+00:00","dateModified":"2021-09-20T11:22:36+00:00","mainEntityOfPage":{"@id":"https:\/\/revistaautobus.com.br\/?p=4519"},"wordCount":729,"commentCount":0,"publisher":{"@id":"https:\/\/revistaautobus.com.br\/#organization"},"image":{"@id":"https:\/\/revistaautobus.com.br\/?p=4519#primaryimage"},"thumbnailUrl":"https:\/\/revistaautobus.com.br\/wp-content\/uploads\/2021\/09\/ESG.jpg","keywords":["ABRATI","SETPESP"],"articleSection":["Not\u00edcias"],"inLanguage":"pt-BR","potentialAction":[{"@type":"CommentAction","name":"Comment","target":["https:\/\/revistaautobus.com.br\/?p=4519#respond"]}]},{"@type":"WebPage","@id":"https:\/\/revistaautobus.com.br\/?p=4519","url":"https:\/\/revistaautobus.com.br\/?p=4519","name":"\u00c9 poss\u00edvel ser competitivo e sustent\u00e1vel - Revista AutoBus","isPartOf":{"@id":"https:\/\/revistaautobus.com.br\/#website"},"primaryImageOfPage":{"@id":"https:\/\/revistaautobus.com.br\/?p=4519#primaryimage"},"image":{"@id":"https:\/\/revistaautobus.com.br\/?p=4519#primaryimage"},"thumbnailUrl":"https:\/\/revistaautobus.com.br\/wp-content\/uploads\/2021\/09\/ESG.jpg","datePublished":"2021-09-20T11:22:35+00:00","dateModified":"2021-09-20T11:22:36+00:00","breadcrumb":{"@id":"https:\/\/revistaautobus.com.br\/?p=4519#breadcrumb"},"inLanguage":"pt-BR","potentialAction":[{"@type":"ReadAction","target":["https:\/\/revistaautobus.com.br\/?p=4519"]}]},{"@type":"ImageObject","inLanguage":"pt-BR","@id":"https:\/\/revistaautobus.com.br\/?p=4519#primaryimage","url":"https:\/\/revistaautobus.com.br\/wp-content\/uploads\/2021\/09\/ESG.jpg","contentUrl":"https:\/\/revistaautobus.com.br\/wp-content\/uploads\/2021\/09\/ESG.jpg","width":551,"height":730},{"@type":"BreadcrumbList","@id":"https:\/\/revistaautobus.com.br\/?p=4519#breadcrumb","itemListElement":[{"@type":"ListItem","position":1,"name":"In\u00edcio","item":"https:\/\/revistaautobus.com.br\/"},{"@type":"ListItem","position":2,"name":"\u00c9 poss\u00edvel ser competitivo e sustent\u00e1vel"}]},{"@type":"WebSite","@id":"https:\/\/revistaautobus.com.br\/#website","url":"https:\/\/revistaautobus.com.br\/","name":"Revista AutoBus","description":"","publisher":{"@id":"https:\/\/revistaautobus.com.br\/#organization"},"potentialAction":[{"@type":"SearchAction","target":{"@type":"EntryPoint","urlTemplate":"https:\/\/revistaautobus.com.br\/?s={search_term_string}"},"query-input":{"@type":"PropertyValueSpecification","valueRequired":true,"valueName":"search_term_string"}}],"inLanguage":"pt-BR"},{"@type":"Organization","@id":"https:\/\/revistaautobus.com.br\/#organization","name":"Revista AutoBus","url":"https:\/\/revistaautobus.com.br\/","logo":{"@type":"ImageObject","inLanguage":"pt-BR","@id":"https:\/\/revistaautobus.com.br\/#\/schema\/logo\/image\/","url":"https:\/\/revistaautobus.com.br\/wp-content\/uploads\/2024\/11\/logo_revista_autobus_fb.png","contentUrl":"https:\/\/revistaautobus.com.br\/wp-content\/uploads\/2024\/11\/logo_revista_autobus_fb.png","width":836,"height":227,"caption":"Revista AutoBus"},"image":{"@id":"https:\/\/revistaautobus.com.br\/#\/schema\/logo\/image\/"},"sameAs":["https:\/\/www.facebook.com\/antonio.ferro.3150","https:\/\/www.instagram.com\/revistaautobus\/"]},{"@type":"Person","@id":"https:\/\/revistaautobus.com.br\/#\/schema\/person\/54af7c3eb83a310e42ef686ef6d16f50","name":"Antonio Ferro","image":{"@type":"ImageObject","inLanguage":"pt-BR","@id":"https:\/\/revistaautobus.com.br\/wp-content\/uploads\/2025\/12\/editor_antonio_ferro-150x150.jpg","url":"https:\/\/revistaautobus.com.br\/wp-content\/uploads\/2025\/12\/editor_antonio_ferro-150x150.jpg","contentUrl":"https:\/\/revistaautobus.com.br\/wp-content\/uploads\/2025\/12\/editor_antonio_ferro-150x150.jpg","caption":"Antonio Ferro"},"description":"infobus@uol.com.br","url":"https:\/\/revistaautobus.com.br\/?author=2"}]}},"jetpack_featured_media_url":"https:\/\/revistaautobus.com.br\/wp-content\/uploads\/2021\/09\/ESG.jpg","jetpack_sharing_enabled":true,"_links":{"self":[{"href":"https:\/\/revistaautobus.com.br\/index.php?rest_route=\/wp\/v2\/posts\/4519","targetHints":{"allow":["GET"]}}],"collection":[{"href":"https:\/\/revistaautobus.com.br\/index.php?rest_route=\/wp\/v2\/posts"}],"about":[{"href":"https:\/\/revistaautobus.com.br\/index.php?rest_route=\/wp\/v2\/types\/post"}],"author":[{"embeddable":true,"href":"https:\/\/revistaautobus.com.br\/index.php?rest_route=\/wp\/v2\/users\/2"}],"replies":[{"embeddable":true,"href":"https:\/\/revistaautobus.com.br\/index.php?rest_route=%2Fwp%2Fv2%2Fcomments&post=4519"}],"version-history":[{"count":2,"href":"https:\/\/revistaautobus.com.br\/index.php?rest_route=\/wp\/v2\/posts\/4519\/revisions"}],"predecessor-version":[{"id":4522,"href":"https:\/\/revistaautobus.com.br\/index.php?rest_route=\/wp\/v2\/posts\/4519\/revisions\/4522"}],"wp:featuredmedia":[{"embeddable":true,"href":"https:\/\/revistaautobus.com.br\/index.php?rest_route=\/wp\/v2\/media\/4520"}],"wp:attachment":[{"href":"https:\/\/revistaautobus.com.br\/index.php?rest_route=%2Fwp%2Fv2%2Fmedia&parent=4519"}],"wp:term":[{"taxonomy":"category","embeddable":true,"href":"https:\/\/revistaautobus.com.br\/index.php?rest_route=%2Fwp%2Fv2%2Fcategories&post=4519"},{"taxonomy":"post_tag","embeddable":true,"href":"https:\/\/revistaautobus.com.br\/index.php?rest_route=%2Fwp%2Fv2%2Ftags&post=4519"}],"curies":[{"name":"wp","href":"https:\/\/api.w.org\/{rel}","templated":true}]}}