{"id":4693,"date":"2021-09-23T16:24:06","date_gmt":"2021-09-23T19:24:06","guid":{"rendered":"https:\/\/vila8.com.br\/clientes\/autobus\/?p=4693"},"modified":"2021-09-23T16:24:07","modified_gmt":"2021-09-23T19:24:07","slug":"acoes-de-sustentabilidade-scania","status":"publish","type":"post","link":"https:\/\/revistaautobus.com.br\/?p=4693","title":{"rendered":"A\u00e7\u00f5es de sustentabilidade Scania"},"content":{"rendered":"\n<p class=\"has-drop-cap\">A Scania ressaltou a import\u00e2ncia de seu conceito de sustentabilidade ambiental nos mercados argentino e mexicano de \u00f4nibus. Com isso, a marca segue firme com o compromisso de ser l\u00edder mundial em oferecer solu\u00e7\u00f5es e tecnologia que reduzam os impactos negativos ao meio ambiente e ao setor de transportes.<\/p>\n\n\n\n<p>A montadora foi al\u00e9m do Brasil e, tamb\u00e9m, apresentou no pa\u00eds vizinho da Argentina o seu modelo de chassi intermunicipal K320 equipado com o motor a g\u00e1s natural. \u00c9 o resultado de sua estrat\u00e9gia comercial, que refor\u00e7a a expans\u00e3o de sua gama de produtos ecologicamente corretos.<\/p>\n\n\n\n<p>O chassi K320 IB 4&#215;2, da Linha Green Efficiency, foi projetado para trabalhar tanto com g\u00e1s natural, como biometano e apresenta custo operacional 30% menor em rela\u00e7\u00e3o ao modelo movido a diesel o que garante uma solu\u00e7\u00e3o sustent\u00e1vel com o menor gasto operacional poss\u00edvel, informou a Scania.<\/p>\n\n\n\n<div class=\"wp-block-image\"><figure class=\"alignright size-large is-resized\"><img loading=\"lazy\" decoding=\"async\" src=\"https:\/\/vila8.com.br\/clientes\/autobus\/wp-content\/uploads\/2021\/09\/Scania\u00b7BS-GNC-0970-1024x550.jpg\" alt=\"\" class=\"wp-image-4695\" width=\"440\" height=\"235\" srcset=\"https:\/\/revistaautobus.com.br\/wp-content\/uploads\/2021\/09\/Scania\u00b7BS-GNC-0970-1024x550.jpg 1024w, https:\/\/revistaautobus.com.br\/wp-content\/uploads\/2021\/09\/Scania\u00b7BS-GNC-0970-300x161.jpg 300w, https:\/\/revistaautobus.com.br\/wp-content\/uploads\/2021\/09\/Scania\u00b7BS-GNC-0970-1200x640.jpg 1200w\" sizes=\"(max-width: 440px) 100vw, 440px\" \/><\/figure><\/div>\n\n\n\n<p>Equipado com o motor de 9,3 litros e 320 cv, 5 cilindros e Euro VI, possui autonomia de aproximadamente 600 km, por interm\u00e9dio dos 215 m\u00b3 de GNV, acomodado em seis tanques. A sua caracter\u00edstica \u00e9 ressaltada por poupar espa\u00e7o e peso, sem sacrificar o desempenho. A carro\u00e7aria do novo \u00f4nibus foi produzida pela marca Saldivia, uma empresa comprometida com o <em>design<\/em> e durabilidade de seus produtos. \u201cDevido ao n\u00edvel m\u00ednimo de ru\u00eddos e vibra\u00e7\u00f5es nesse tipo de ve\u00edculo, o modelo oferece maior conforto, tanto para o motorista, quanto para os passageiros e moradores das grandes cidades. Acreditamos que \u00e9 nestas tr\u00eas \u00e1reas que todo o sistema deve continuar a avan\u00e7ar: a melhoria do transporte p\u00fablico, o compromisso com a efici\u00eancia energ\u00e9tica e um caminho definido para os combust\u00edveis alternativos\u201d, disse Jorge Vittar, gerente de \u00d4nibus da Scania Argentina.<\/p>\n\n\n\n<p>De acordo com a montadora, sua tecnologia j\u00e1 foi avaliada com experi\u00eancias de sucesso em cidades como Bogot\u00e1, Medell\u00edn, Madrid e Estocolmo. O principal benef\u00edcio \u00e9 que o g\u00e1s natural, mesmo sendo derivado do petr\u00f3leo, polui at\u00e9 20% menos que o diesel, enquanto o biometano \u00e9 renov\u00e1vel e reduz o n\u00edvel de emiss\u00f5es poluentes em 90%.<\/p>\n\n\n\n<div class=\"wp-block-image\"><figure class=\"alignleft size-large is-resized\"><img loading=\"lazy\" decoding=\"async\" src=\"https:\/\/vila8.com.br\/clientes\/autobus\/wp-content\/uploads\/2021\/09\/SCANIA-BUS-12-1024x683.jpg\" alt=\"\" class=\"wp-image-4696\" width=\"408\" height=\"271\" srcset=\"https:\/\/revistaautobus.com.br\/wp-content\/uploads\/2021\/09\/SCANIA-BUS-12-1024x683.jpg 1024w, https:\/\/revistaautobus.com.br\/wp-content\/uploads\/2021\/09\/SCANIA-BUS-12-300x200.jpg 300w, https:\/\/revistaautobus.com.br\/wp-content\/uploads\/2021\/09\/SCANIA-BUS-12-768x512.jpg 768w, https:\/\/revistaautobus.com.br\/wp-content\/uploads\/2021\/09\/SCANIA-BUS-12-1080x720.jpg 1080w, https:\/\/revistaautobus.com.br\/wp-content\/uploads\/2021\/09\/SCANIA-BUS-12.jpg 1200w\" sizes=\"(max-width: 408px) 100vw, 408px\" \/><\/figure><\/div>\n\n\n\n<p>No M\u00e9xico, duas a\u00e7\u00f5es revelam que o mercado local est\u00e1 atento para os pr\u00f3ximos passos que elevam a categoria do transporte ao utilizar ve\u00edculos cada vez mais limpos. A cidade de M\u00e9rida, por meio da operadora Mobility ADO, ter\u00e1 em seu sistema de transporte coletivo 20 novos \u00f4nibus, dotados de chassis K250 equipados com motoriza\u00e7\u00e3o Euro VI XPI, um avan\u00e7o na tecnologia de motores a diesel.<\/p>\n\n\n\n<p>De acordo com a montadora, sua nova gera\u00e7\u00e3o de motores para o mercado mexicano apresenta uma redu\u00e7\u00e3o da emiss\u00e3o de poluentes que chega a 80% em \u00f3xidos de nitrog\u00eanio e PM (material particulado), em compara\u00e7\u00e3o com sua tecnologia no Euro V, diminuindo ainda os ru\u00eddos.<\/p>\n\n\n\n<p>Os novos \u00f4nibus possuem carro\u00e7arias da marca Beccar e 12,80 metros de comprimento.<\/p>\n\n\n\n<p><strong><span class=\"has-inline-color has-vivid-green-cyan-color\"><em>Inova\u00e7\u00e3o el\u00e9trica<\/em><\/span><\/strong><\/p>\n\n\n\n<p>Outra grande novidade fica por conta do chassi Scania Volt, o primeiro com tra\u00e7\u00e3o el\u00e9trica produzido fora da Su\u00e9cia. Ele faz parte da nova gera\u00e7\u00e3o de \u00f4nibus Scania, completando um portf\u00f3lio de \u00f4nibus sustent\u00e1veis e ecologicamente corretos. Sua vers\u00e3o com piso baixo tem o motor el\u00e9trico localizado na parte traseira esquerda do chassi, al\u00e9m da flexibilidade quanto ao n\u00famero de baterias (8 ou 10 dependendo da necessidade da opera\u00e7\u00e3o espec\u00edfica).<\/p>\n\n\n\n<p>A montadora ressalta que se concentrou no desenvolvimento de ve\u00edculos com tecnologia de ponta para as demandas das cidades do futuro, ou seja, o foco n\u00e3o est\u00e1 apenas em uma opera\u00e7\u00e3o sustent\u00e1vel, mas tamb\u00e9m em sistemas de seguran\u00e7a e visuais para o motorista, permitindo uma condu\u00e7\u00e3o segura.<\/p>\n\n\n\n<div class=\"wp-block-image\"><figure class=\"alignright size-large is-resized\"><img loading=\"lazy\" decoding=\"async\" src=\"https:\/\/vila8.com.br\/clientes\/autobus\/wp-content\/uploads\/2021\/09\/post_lanzamiento_insta_movilidad-1024x1024.jpg\" alt=\"\" class=\"wp-image-4697\" width=\"389\" height=\"389\" srcset=\"https:\/\/revistaautobus.com.br\/wp-content\/uploads\/2021\/09\/post_lanzamiento_insta_movilidad-1024x1024.jpg 1024w, https:\/\/revistaautobus.com.br\/wp-content\/uploads\/2021\/09\/post_lanzamiento_insta_movilidad-300x300.jpg 300w, https:\/\/revistaautobus.com.br\/wp-content\/uploads\/2021\/09\/post_lanzamiento_insta_movilidad-150x150.jpg 150w, https:\/\/revistaautobus.com.br\/wp-content\/uploads\/2021\/09\/post_lanzamiento_insta_movilidad-768x768.jpg 768w, https:\/\/revistaautobus.com.br\/wp-content\/uploads\/2021\/09\/post_lanzamiento_insta_movilidad-1080x1080.jpg 1080w, https:\/\/revistaautobus.com.br\/wp-content\/uploads\/2021\/09\/post_lanzamiento_insta_movilidad-440x440.jpg 440w, https:\/\/revistaautobus.com.br\/wp-content\/uploads\/2021\/09\/post_lanzamiento_insta_movilidad.jpg 1200w\" sizes=\"(max-width: 389px) 100vw, 389px\" \/><\/figure><\/div>\n\n\n\n<p>Em compara\u00e7\u00e3o com ve\u00edculos convencionais, ve\u00edculos el\u00e9tricos requerem uma estrat\u00e9gia comercial mais ampla, uma vez que devem considerar a configura\u00e7\u00e3o de bateria, faixa operacional, consumo de energia e desempenho. &#8220;A chegada deste chassi el\u00e9trico para a Scania M\u00e9xico significa que somos capazes de oferecer aos nossos clientes a melhor tecnologia, tanto no produto como no servi\u00e7o p\u00f3s-venda. Continuaremos da mesma forma, estudando meticulosamente cada necessidade para oferecer o melhor desempenho operacional para termos a prefer\u00eancia de nossos clientes por nossos servi\u00e7os de p\u00f3s-venda pelo qual somos amplamente reconhecidos\u201d, salientou Jorge Navarro, diretor Comercial e de Servi\u00e7os de \u00d4nibus Scania.<\/p>\n\n\n\n<p>O novo chassi, que receber\u00e1 a carro\u00e7aria E- Urviabus, da Beccar, ir\u00e1 percorrer as rotas de um dos principais corredores de BRT do pa\u00eds mexicano para ser avaliado. Sua montagem se inicia a partir do primeiro semestre de 2022 na planta mexicana da Scania.<\/p>\n\n\n\n<p>Imagens &#8211; Divulga\u00e7\u00e3o Scania Argentina e M\u00e9xico<\/p>\n","protected":false},"excerpt":{"rendered":"<p>Com diferentes inova\u00e7\u00f5es, a montadora Scania quer ser l\u00edder mundial em transporte sustent\u00e1vel <\/p>\n","protected":false},"author":2,"featured_media":4694,"comment_status":"open","ping_status":"open","sticky":false,"template":"","format":"standard","meta":{"_et_pb_use_builder":"off","_et_pb_old_content":"","_et_gb_content_width":"","_jetpack_memberships_contains_paid_content":false,"footnotes":""},"categories":[1],"tags":[],"class_list":["post-4693","post","type-post","status-publish","format-standard","has-post-thumbnail","hentry","category-sem-categoria","et-has-post-format-content","et_post_format-et-post-format-standard"],"yoast_head":"<!-- This site is optimized with the Yoast SEO plugin v27.2 - https:\/\/yoast.com\/product\/yoast-seo-wordpress\/ -->\n<title>A\u00e7\u00f5es de sustentabilidade Scania - Revista AutoBus<\/title>\n<meta name=\"robots\" content=\"index, follow, max-snippet:-1, max-image-preview:large, max-video-preview:-1\" \/>\n<link rel=\"canonical\" href=\"https:\/\/revistaautobus.com.br\/?p=4693\" \/>\n<meta property=\"og:locale\" content=\"pt_BR\" \/>\n<meta property=\"og:type\" content=\"article\" \/>\n<meta property=\"og:title\" content=\"A\u00e7\u00f5es de sustentabilidade Scania - Revista AutoBus\" \/>\n<meta property=\"og:description\" content=\"Com diferentes inova\u00e7\u00f5es, a montadora Scania quer ser l\u00edder mundial em transporte sustent\u00e1vel\" \/>\n<meta property=\"og:url\" content=\"https:\/\/revistaautobus.com.br\/?p=4693\" \/>\n<meta property=\"og:site_name\" content=\"Revista AutoBus\" \/>\n<meta property=\"article:publisher\" content=\"https:\/\/www.facebook.com\/antonio.ferro.3150\" \/>\n<meta property=\"article:published_time\" content=\"2021-09-23T19:24:06+00:00\" \/>\n<meta property=\"article:modified_time\" content=\"2021-09-23T19:24:07+00:00\" \/>\n<meta property=\"og:image\" content=\"https:\/\/revistaautobus.com.br\/wp-content\/uploads\/2021\/09\/Scania-Volt.png\" \/>\n\t<meta property=\"og:image:width\" content=\"693\" \/>\n\t<meta property=\"og:image:height\" content=\"671\" \/>\n\t<meta property=\"og:image:type\" content=\"image\/png\" \/>\n<meta name=\"author\" content=\"Antonio Ferro\" \/>\n<meta name=\"twitter:card\" content=\"summary_large_image\" \/>\n<meta name=\"twitter:label1\" content=\"Escrito por\" \/>\n\t<meta name=\"twitter:data1\" content=\"Antonio Ferro\" \/>\n\t<meta name=\"twitter:label2\" content=\"Est. tempo de leitura\" \/>\n\t<meta name=\"twitter:data2\" content=\"4 minutos\" \/>\n<script type=\"application\/ld+json\" class=\"yoast-schema-graph\">{\"@context\":\"https:\/\/schema.org\",\"@graph\":[{\"@type\":\"Article\",\"@id\":\"https:\/\/revistaautobus.com.br\/?p=4693#article\",\"isPartOf\":{\"@id\":\"https:\/\/revistaautobus.com.br\/?p=4693\"},\"author\":{\"name\":\"Antonio Ferro\",\"@id\":\"https:\/\/revistaautobus.com.br\/#\/schema\/person\/54af7c3eb83a310e42ef686ef6d16f50\"},\"headline\":\"A\u00e7\u00f5es de sustentabilidade Scania\",\"datePublished\":\"2021-09-23T19:24:06+00:00\",\"dateModified\":\"2021-09-23T19:24:07+00:00\",\"mainEntityOfPage\":{\"@id\":\"https:\/\/revistaautobus.com.br\/?p=4693\"},\"wordCount\":807,\"commentCount\":0,\"publisher\":{\"@id\":\"https:\/\/revistaautobus.com.br\/#organization\"},\"image\":{\"@id\":\"https:\/\/revistaautobus.com.br\/?p=4693#primaryimage\"},\"thumbnailUrl\":\"https:\/\/revistaautobus.com.br\/wp-content\/uploads\/2021\/09\/Scania-Volt.png\",\"inLanguage\":\"pt-BR\",\"potentialAction\":[{\"@type\":\"CommentAction\",\"name\":\"Comment\",\"target\":[\"https:\/\/revistaautobus.com.br\/?p=4693#respond\"]}]},{\"@type\":\"WebPage\",\"@id\":\"https:\/\/revistaautobus.com.br\/?p=4693\",\"url\":\"https:\/\/revistaautobus.com.br\/?p=4693\",\"name\":\"A\u00e7\u00f5es de sustentabilidade Scania - Revista AutoBus\",\"isPartOf\":{\"@id\":\"https:\/\/revistaautobus.com.br\/#website\"},\"primaryImageOfPage\":{\"@id\":\"https:\/\/revistaautobus.com.br\/?p=4693#primaryimage\"},\"image\":{\"@id\":\"https:\/\/revistaautobus.com.br\/?p=4693#primaryimage\"},\"thumbnailUrl\":\"https:\/\/revistaautobus.com.br\/wp-content\/uploads\/2021\/09\/Scania-Volt.png\",\"datePublished\":\"2021-09-23T19:24:06+00:00\",\"dateModified\":\"2021-09-23T19:24:07+00:00\",\"breadcrumb\":{\"@id\":\"https:\/\/revistaautobus.com.br\/?p=4693#breadcrumb\"},\"inLanguage\":\"pt-BR\",\"potentialAction\":[{\"@type\":\"ReadAction\",\"target\":[\"https:\/\/revistaautobus.com.br\/?p=4693\"]}]},{\"@type\":\"ImageObject\",\"inLanguage\":\"pt-BR\",\"@id\":\"https:\/\/revistaautobus.com.br\/?p=4693#primaryimage\",\"url\":\"https:\/\/revistaautobus.com.br\/wp-content\/uploads\/2021\/09\/Scania-Volt.png\",\"contentUrl\":\"https:\/\/revistaautobus.com.br\/wp-content\/uploads\/2021\/09\/Scania-Volt.png\",\"width\":693,\"height\":671},{\"@type\":\"BreadcrumbList\",\"@id\":\"https:\/\/revistaautobus.com.br\/?p=4693#breadcrumb\",\"itemListElement\":[{\"@type\":\"ListItem\",\"position\":1,\"name\":\"In\u00edcio\",\"item\":\"https:\/\/revistaautobus.com.br\/\"},{\"@type\":\"ListItem\",\"position\":2,\"name\":\"A\u00e7\u00f5es de sustentabilidade Scania\"}]},{\"@type\":\"WebSite\",\"@id\":\"https:\/\/revistaautobus.com.br\/#website\",\"url\":\"https:\/\/revistaautobus.com.br\/\",\"name\":\"Revista AutoBus\",\"description\":\"\",\"publisher\":{\"@id\":\"https:\/\/revistaautobus.com.br\/#organization\"},\"potentialAction\":[{\"@type\":\"SearchAction\",\"target\":{\"@type\":\"EntryPoint\",\"urlTemplate\":\"https:\/\/revistaautobus.com.br\/?s={search_term_string}\"},\"query-input\":{\"@type\":\"PropertyValueSpecification\",\"valueRequired\":true,\"valueName\":\"search_term_string\"}}],\"inLanguage\":\"pt-BR\"},{\"@type\":\"Organization\",\"@id\":\"https:\/\/revistaautobus.com.br\/#organization\",\"name\":\"Revista AutoBus\",\"url\":\"https:\/\/revistaautobus.com.br\/\",\"logo\":{\"@type\":\"ImageObject\",\"inLanguage\":\"pt-BR\",\"@id\":\"https:\/\/revistaautobus.com.br\/#\/schema\/logo\/image\/\",\"url\":\"https:\/\/revistaautobus.com.br\/wp-content\/uploads\/2024\/11\/logo_revista_autobus_fb.png\",\"contentUrl\":\"https:\/\/revistaautobus.com.br\/wp-content\/uploads\/2024\/11\/logo_revista_autobus_fb.png\",\"width\":836,\"height\":227,\"caption\":\"Revista AutoBus\"},\"image\":{\"@id\":\"https:\/\/revistaautobus.com.br\/#\/schema\/logo\/image\/\"},\"sameAs\":[\"https:\/\/www.facebook.com\/antonio.ferro.3150\",\"https:\/\/www.instagram.com\/revistaautobus\/\"]},{\"@type\":\"Person\",\"@id\":\"https:\/\/revistaautobus.com.br\/#\/schema\/person\/54af7c3eb83a310e42ef686ef6d16f50\",\"name\":\"Antonio Ferro\",\"image\":{\"@type\":\"ImageObject\",\"inLanguage\":\"pt-BR\",\"@id\":\"https:\/\/revistaautobus.com.br\/wp-content\/uploads\/2025\/12\/editor_antonio_ferro-150x150.jpg\",\"url\":\"https:\/\/revistaautobus.com.br\/wp-content\/uploads\/2025\/12\/editor_antonio_ferro-150x150.jpg\",\"contentUrl\":\"https:\/\/revistaautobus.com.br\/wp-content\/uploads\/2025\/12\/editor_antonio_ferro-150x150.jpg\",\"caption\":\"Antonio Ferro\"},\"description\":\"infobus@uol.com.br\",\"url\":\"https:\/\/revistaautobus.com.br\/?author=2\"}]}<\/script>\n<!-- \/ Yoast SEO plugin. -->","yoast_head_json":{"title":"A\u00e7\u00f5es de sustentabilidade Scania - Revista AutoBus","robots":{"index":"index","follow":"follow","max-snippet":"max-snippet:-1","max-image-preview":"max-image-preview:large","max-video-preview":"max-video-preview:-1"},"canonical":"https:\/\/revistaautobus.com.br\/?p=4693","og_locale":"pt_BR","og_type":"article","og_title":"A\u00e7\u00f5es de sustentabilidade Scania - Revista AutoBus","og_description":"Com diferentes inova\u00e7\u00f5es, a montadora Scania quer ser l\u00edder mundial em transporte sustent\u00e1vel","og_url":"https:\/\/revistaautobus.com.br\/?p=4693","og_site_name":"Revista AutoBus","article_publisher":"https:\/\/www.facebook.com\/antonio.ferro.3150","article_published_time":"2021-09-23T19:24:06+00:00","article_modified_time":"2021-09-23T19:24:07+00:00","og_image":[{"width":693,"height":671,"url":"https:\/\/revistaautobus.com.br\/wp-content\/uploads\/2021\/09\/Scania-Volt.png","type":"image\/png"}],"author":"Antonio Ferro","twitter_card":"summary_large_image","twitter_misc":{"Escrito por":"Antonio Ferro","Est. tempo de leitura":"4 minutos"},"schema":{"@context":"https:\/\/schema.org","@graph":[{"@type":"Article","@id":"https:\/\/revistaautobus.com.br\/?p=4693#article","isPartOf":{"@id":"https:\/\/revistaautobus.com.br\/?p=4693"},"author":{"name":"Antonio Ferro","@id":"https:\/\/revistaautobus.com.br\/#\/schema\/person\/54af7c3eb83a310e42ef686ef6d16f50"},"headline":"A\u00e7\u00f5es de sustentabilidade Scania","datePublished":"2021-09-23T19:24:06+00:00","dateModified":"2021-09-23T19:24:07+00:00","mainEntityOfPage":{"@id":"https:\/\/revistaautobus.com.br\/?p=4693"},"wordCount":807,"commentCount":0,"publisher":{"@id":"https:\/\/revistaautobus.com.br\/#organization"},"image":{"@id":"https:\/\/revistaautobus.com.br\/?p=4693#primaryimage"},"thumbnailUrl":"https:\/\/revistaautobus.com.br\/wp-content\/uploads\/2021\/09\/Scania-Volt.png","inLanguage":"pt-BR","potentialAction":[{"@type":"CommentAction","name":"Comment","target":["https:\/\/revistaautobus.com.br\/?p=4693#respond"]}]},{"@type":"WebPage","@id":"https:\/\/revistaautobus.com.br\/?p=4693","url":"https:\/\/revistaautobus.com.br\/?p=4693","name":"A\u00e7\u00f5es de sustentabilidade Scania - Revista AutoBus","isPartOf":{"@id":"https:\/\/revistaautobus.com.br\/#website"},"primaryImageOfPage":{"@id":"https:\/\/revistaautobus.com.br\/?p=4693#primaryimage"},"image":{"@id":"https:\/\/revistaautobus.com.br\/?p=4693#primaryimage"},"thumbnailUrl":"https:\/\/revistaautobus.com.br\/wp-content\/uploads\/2021\/09\/Scania-Volt.png","datePublished":"2021-09-23T19:24:06+00:00","dateModified":"2021-09-23T19:24:07+00:00","breadcrumb":{"@id":"https:\/\/revistaautobus.com.br\/?p=4693#breadcrumb"},"inLanguage":"pt-BR","potentialAction":[{"@type":"ReadAction","target":["https:\/\/revistaautobus.com.br\/?p=4693"]}]},{"@type":"ImageObject","inLanguage":"pt-BR","@id":"https:\/\/revistaautobus.com.br\/?p=4693#primaryimage","url":"https:\/\/revistaautobus.com.br\/wp-content\/uploads\/2021\/09\/Scania-Volt.png","contentUrl":"https:\/\/revistaautobus.com.br\/wp-content\/uploads\/2021\/09\/Scania-Volt.png","width":693,"height":671},{"@type":"BreadcrumbList","@id":"https:\/\/revistaautobus.com.br\/?p=4693#breadcrumb","itemListElement":[{"@type":"ListItem","position":1,"name":"In\u00edcio","item":"https:\/\/revistaautobus.com.br\/"},{"@type":"ListItem","position":2,"name":"A\u00e7\u00f5es de sustentabilidade Scania"}]},{"@type":"WebSite","@id":"https:\/\/revistaautobus.com.br\/#website","url":"https:\/\/revistaautobus.com.br\/","name":"Revista AutoBus","description":"","publisher":{"@id":"https:\/\/revistaautobus.com.br\/#organization"},"potentialAction":[{"@type":"SearchAction","target":{"@type":"EntryPoint","urlTemplate":"https:\/\/revistaautobus.com.br\/?s={search_term_string}"},"query-input":{"@type":"PropertyValueSpecification","valueRequired":true,"valueName":"search_term_string"}}],"inLanguage":"pt-BR"},{"@type":"Organization","@id":"https:\/\/revistaautobus.com.br\/#organization","name":"Revista AutoBus","url":"https:\/\/revistaautobus.com.br\/","logo":{"@type":"ImageObject","inLanguage":"pt-BR","@id":"https:\/\/revistaautobus.com.br\/#\/schema\/logo\/image\/","url":"https:\/\/revistaautobus.com.br\/wp-content\/uploads\/2024\/11\/logo_revista_autobus_fb.png","contentUrl":"https:\/\/revistaautobus.com.br\/wp-content\/uploads\/2024\/11\/logo_revista_autobus_fb.png","width":836,"height":227,"caption":"Revista AutoBus"},"image":{"@id":"https:\/\/revistaautobus.com.br\/#\/schema\/logo\/image\/"},"sameAs":["https:\/\/www.facebook.com\/antonio.ferro.3150","https:\/\/www.instagram.com\/revistaautobus\/"]},{"@type":"Person","@id":"https:\/\/revistaautobus.com.br\/#\/schema\/person\/54af7c3eb83a310e42ef686ef6d16f50","name":"Antonio Ferro","image":{"@type":"ImageObject","inLanguage":"pt-BR","@id":"https:\/\/revistaautobus.com.br\/wp-content\/uploads\/2025\/12\/editor_antonio_ferro-150x150.jpg","url":"https:\/\/revistaautobus.com.br\/wp-content\/uploads\/2025\/12\/editor_antonio_ferro-150x150.jpg","contentUrl":"https:\/\/revistaautobus.com.br\/wp-content\/uploads\/2025\/12\/editor_antonio_ferro-150x150.jpg","caption":"Antonio Ferro"},"description":"infobus@uol.com.br","url":"https:\/\/revistaautobus.com.br\/?author=2"}]}},"jetpack_featured_media_url":"https:\/\/revistaautobus.com.br\/wp-content\/uploads\/2021\/09\/Scania-Volt.png","jetpack_sharing_enabled":true,"_links":{"self":[{"href":"https:\/\/revistaautobus.com.br\/index.php?rest_route=\/wp\/v2\/posts\/4693","targetHints":{"allow":["GET"]}}],"collection":[{"href":"https:\/\/revistaautobus.com.br\/index.php?rest_route=\/wp\/v2\/posts"}],"about":[{"href":"https:\/\/revistaautobus.com.br\/index.php?rest_route=\/wp\/v2\/types\/post"}],"author":[{"embeddable":true,"href":"https:\/\/revistaautobus.com.br\/index.php?rest_route=\/wp\/v2\/users\/2"}],"replies":[{"embeddable":true,"href":"https:\/\/revistaautobus.com.br\/index.php?rest_route=%2Fwp%2Fv2%2Fcomments&post=4693"}],"version-history":[{"count":2,"href":"https:\/\/revistaautobus.com.br\/index.php?rest_route=\/wp\/v2\/posts\/4693\/revisions"}],"predecessor-version":[{"id":4699,"href":"https:\/\/revistaautobus.com.br\/index.php?rest_route=\/wp\/v2\/posts\/4693\/revisions\/4699"}],"wp:featuredmedia":[{"embeddable":true,"href":"https:\/\/revistaautobus.com.br\/index.php?rest_route=\/wp\/v2\/media\/4694"}],"wp:attachment":[{"href":"https:\/\/revistaautobus.com.br\/index.php?rest_route=%2Fwp%2Fv2%2Fmedia&parent=4693"}],"wp:term":[{"taxonomy":"category","embeddable":true,"href":"https:\/\/revistaautobus.com.br\/index.php?rest_route=%2Fwp%2Fv2%2Fcategories&post=4693"},{"taxonomy":"post_tag","embeddable":true,"href":"https:\/\/revistaautobus.com.br\/index.php?rest_route=%2Fwp%2Fv2%2Ftags&post=4693"}],"curies":[{"name":"wp","href":"https:\/\/api.w.org\/{rel}","templated":true}]}}