{"id":4866,"date":"2021-10-21T16:38:04","date_gmt":"2021-10-21T19:38:04","guid":{"rendered":"https:\/\/vila8.com.br\/clientes\/autobus\/?p=4866"},"modified":"2021-10-21T16:38:06","modified_gmt":"2021-10-21T19:38:06","slug":"propulsao-limpa-em-indianapolis","status":"publish","type":"post","link":"https:\/\/revistaautobus.com.br\/?p=4866","title":{"rendered":"Propuls\u00e3o limpa em Indian\u00e1polis"},"content":{"rendered":"\n<p class=\"has-drop-cap\">A Allison Transmission, refer\u00eancia mundial na produ\u00e7\u00e3o de transmiss\u00f5es para ve\u00edculos comerciais, entregou sua tecnologia de tra\u00e7\u00e3o h\u00edbrida-el\u00e9trica H 40 EP\u2122 em combina\u00e7\u00e3o com o motor Cummins B6.7 para a IndyGo, Indian\u00e1polis Public Transportation Corporation. Ao todo s\u00e3o 24 \u00f4nibus urbanos da marca GILLIG.<\/p>\n\n\n\n<p>Tal sistema, segundo a fabricante, proporciona uma redu\u00e7\u00e3o do consumo de combust\u00edvel em at\u00e9 25% em rela\u00e7\u00e3o a um \u00f4nibus a diesel convencional, diminuindo ainda as emiss\u00f5es de CO2, ajudando a proteger o meio ambiente.<\/p>\n\n\n\n<p>A Allison revelou que a partir de 2022, o sistema h\u00edbrido-el\u00e9trico Allison eGen Flex\u2122 da pr\u00f3xima gera\u00e7\u00e3o, com tecnologia geofense, ser\u00e1 integrado em tr\u00eas dos novos \u00f4nibus da IndyGo, proporcionando opera\u00e7\u00e3o el\u00e9trica completa por at\u00e9 16 quil\u00f4metros por v\u00e1rias vezes em cada roteiro, dependendo do ciclo de trabalho. Isso, em linhas gerais, permitir\u00e1 que os \u00f4nibus da empresa eliminem as emiss\u00f5es e o ru\u00eddo desligando o motor quando o ve\u00edculo estiver parado para embarque e desembarque de passageiros, em \u00e1reas com maior densidade de pedestres, bem como ao se mover em zonas de emiss\u00e3o zero ou garagens<\/p>\n\n\n\n<p>Segundo a marca, seu sistema de propuls\u00e3o eGen Flex \u00e9 uma solu\u00e7\u00e3o resiliente que permite que as frotas tenham capacidade el\u00e9trica total quando necess\u00e1rio, bem como capacidade para operar em modo h\u00edbrido em percursos mais longos, congestionamentos n\u00e3o planejados ou incapacidade de recarrega devido a problemas na rede el\u00e9trica \u201cDada a evolu\u00e7\u00e3o tecnol\u00f3gica \u00e0 medida que atinge a maturidade, altos gastos de capital associados \u00e0 infraestrutura de carregamento e outras preocupa\u00e7\u00f5es de qualidade e confiabilidade durante o ciclo de vida completo de um \u00f4nibus urbano, muitas empresas em todo o pa\u00eds est\u00e3o lutando para implementar solu\u00e7\u00f5es totalmente el\u00e9tricas para suas frotas. O Allison eGen Flex \u00e9 uma op\u00e7\u00e3o vi\u00e1vel e confi\u00e1vel que permite que seus ve\u00edculos protejam o meio ambiente e melhorem a experi\u00eancia de viagem imediatamente\u201d, disse Rohan Barua, vice-presidente de Vendas para a Am\u00e9rica do Norte, Canais Globais e Mercado de Reposi\u00e7\u00e3o da Allison Transmission.<\/p>\n\n\n\n<p>Imagem &#8211; Divulga\u00e7\u00e3o<\/p>\n","protected":false},"excerpt":{"rendered":"<p>A Allison revelou que a partir de 2022, o sistema h\u00edbrido-el\u00e9trico Allison eGen Flex\u2122 da pr\u00f3xima gera\u00e7\u00e3o, com tecnologia geofense, ser\u00e1 integrado em tr\u00eas dos novos \u00f4nibus da IndyGo<\/p>\n","protected":false},"author":2,"featured_media":4867,"comment_status":"open","ping_status":"open","sticky":false,"template":"","format":"standard","meta":{"_et_pb_use_builder":"off","_et_pb_old_content":"","_et_gb_content_width":"","_jetpack_memberships_contains_paid_content":false,"footnotes":""},"categories":[73],"tags":[134],"class_list":["post-4866","post","type-post","status-publish","format-standard","has-post-thumbnail","hentry","category-tecnologia","tag-allison-transmissions","et-has-post-format-content","et_post_format-et-post-format-standard"],"yoast_head":"<!-- This site is optimized with the Yoast SEO plugin v27.2 - https:\/\/yoast.com\/product\/yoast-seo-wordpress\/ -->\n<title>Propuls\u00e3o limpa em Indian\u00e1polis - Revista AutoBus<\/title>\n<meta name=\"robots\" content=\"index, follow, max-snippet:-1, max-image-preview:large, max-video-preview:-1\" \/>\n<link rel=\"canonical\" href=\"https:\/\/revistaautobus.com.br\/?p=4866\" \/>\n<meta property=\"og:locale\" content=\"pt_BR\" \/>\n<meta property=\"og:type\" content=\"article\" \/>\n<meta property=\"og:title\" content=\"Propuls\u00e3o limpa em Indian\u00e1polis - Revista AutoBus\" \/>\n<meta property=\"og:description\" content=\"A Allison revelou que a partir de 2022, o sistema h\u00edbrido-el\u00e9trico Allison eGen Flex\u2122 da pr\u00f3xima gera\u00e7\u00e3o, com tecnologia geofense, ser\u00e1 integrado em tr\u00eas dos novos \u00f4nibus da IndyGo\" \/>\n<meta property=\"og:url\" content=\"https:\/\/revistaautobus.com.br\/?p=4866\" \/>\n<meta property=\"og:site_name\" content=\"Revista AutoBus\" \/>\n<meta property=\"article:publisher\" content=\"https:\/\/www.facebook.com\/antonio.ferro.3150\" \/>\n<meta property=\"article:published_time\" content=\"2021-10-21T19:38:04+00:00\" \/>\n<meta property=\"article:modified_time\" content=\"2021-10-21T19:38:06+00:00\" \/>\n<meta property=\"og:image\" content=\"https:\/\/revistaautobus.com.br\/wp-content\/uploads\/2021\/10\/396205_982197_1_indygo_at_hybrid_image-1-scaled.jpg\" \/>\n\t<meta property=\"og:image:width\" content=\"2560\" \/>\n\t<meta property=\"og:image:height\" content=\"1489\" \/>\n\t<meta property=\"og:image:type\" content=\"image\/jpeg\" \/>\n<meta name=\"author\" content=\"Antonio Ferro\" \/>\n<meta name=\"twitter:card\" content=\"summary_large_image\" \/>\n<meta name=\"twitter:label1\" content=\"Escrito por\" \/>\n\t<meta name=\"twitter:data1\" content=\"Antonio Ferro\" \/>\n\t<meta name=\"twitter:label2\" content=\"Est. tempo de leitura\" \/>\n\t<meta name=\"twitter:data2\" content=\"2 minutos\" \/>\n<script type=\"application\/ld+json\" class=\"yoast-schema-graph\">{\"@context\":\"https:\/\/schema.org\",\"@graph\":[{\"@type\":\"Article\",\"@id\":\"https:\/\/revistaautobus.com.br\/?p=4866#article\",\"isPartOf\":{\"@id\":\"https:\/\/revistaautobus.com.br\/?p=4866\"},\"author\":{\"name\":\"Antonio Ferro\",\"@id\":\"https:\/\/revistaautobus.com.br\/#\/schema\/person\/54af7c3eb83a310e42ef686ef6d16f50\"},\"headline\":\"Propuls\u00e3o limpa em Indian\u00e1polis\",\"datePublished\":\"2021-10-21T19:38:04+00:00\",\"dateModified\":\"2021-10-21T19:38:06+00:00\",\"mainEntityOfPage\":{\"@id\":\"https:\/\/revistaautobus.com.br\/?p=4866\"},\"wordCount\":372,\"commentCount\":0,\"publisher\":{\"@id\":\"https:\/\/revistaautobus.com.br\/#organization\"},\"image\":{\"@id\":\"https:\/\/revistaautobus.com.br\/?p=4866#primaryimage\"},\"thumbnailUrl\":\"https:\/\/revistaautobus.com.br\/wp-content\/uploads\/2021\/10\/396205_982197_1_indygo_at_hybrid_image-1-scaled.jpg\",\"keywords\":[\"Allison Transmissions\"],\"articleSection\":[\"Tecnologia\"],\"inLanguage\":\"pt-BR\",\"potentialAction\":[{\"@type\":\"CommentAction\",\"name\":\"Comment\",\"target\":[\"https:\/\/revistaautobus.com.br\/?p=4866#respond\"]}]},{\"@type\":\"WebPage\",\"@id\":\"https:\/\/revistaautobus.com.br\/?p=4866\",\"url\":\"https:\/\/revistaautobus.com.br\/?p=4866\",\"name\":\"Propuls\u00e3o limpa em Indian\u00e1polis - Revista AutoBus\",\"isPartOf\":{\"@id\":\"https:\/\/revistaautobus.com.br\/#website\"},\"primaryImageOfPage\":{\"@id\":\"https:\/\/revistaautobus.com.br\/?p=4866#primaryimage\"},\"image\":{\"@id\":\"https:\/\/revistaautobus.com.br\/?p=4866#primaryimage\"},\"thumbnailUrl\":\"https:\/\/revistaautobus.com.br\/wp-content\/uploads\/2021\/10\/396205_982197_1_indygo_at_hybrid_image-1-scaled.jpg\",\"datePublished\":\"2021-10-21T19:38:04+00:00\",\"dateModified\":\"2021-10-21T19:38:06+00:00\",\"breadcrumb\":{\"@id\":\"https:\/\/revistaautobus.com.br\/?p=4866#breadcrumb\"},\"inLanguage\":\"pt-BR\",\"potentialAction\":[{\"@type\":\"ReadAction\",\"target\":[\"https:\/\/revistaautobus.com.br\/?p=4866\"]}]},{\"@type\":\"ImageObject\",\"inLanguage\":\"pt-BR\",\"@id\":\"https:\/\/revistaautobus.com.br\/?p=4866#primaryimage\",\"url\":\"https:\/\/revistaautobus.com.br\/wp-content\/uploads\/2021\/10\/396205_982197_1_indygo_at_hybrid_image-1-scaled.jpg\",\"contentUrl\":\"https:\/\/revistaautobus.com.br\/wp-content\/uploads\/2021\/10\/396205_982197_1_indygo_at_hybrid_image-1-scaled.jpg\",\"width\":2560,\"height\":1489},{\"@type\":\"BreadcrumbList\",\"@id\":\"https:\/\/revistaautobus.com.br\/?p=4866#breadcrumb\",\"itemListElement\":[{\"@type\":\"ListItem\",\"position\":1,\"name\":\"In\u00edcio\",\"item\":\"https:\/\/revistaautobus.com.br\/\"},{\"@type\":\"ListItem\",\"position\":2,\"name\":\"Propuls\u00e3o limpa em Indian\u00e1polis\"}]},{\"@type\":\"WebSite\",\"@id\":\"https:\/\/revistaautobus.com.br\/#website\",\"url\":\"https:\/\/revistaautobus.com.br\/\",\"name\":\"Revista AutoBus\",\"description\":\"\",\"publisher\":{\"@id\":\"https:\/\/revistaautobus.com.br\/#organization\"},\"potentialAction\":[{\"@type\":\"SearchAction\",\"target\":{\"@type\":\"EntryPoint\",\"urlTemplate\":\"https:\/\/revistaautobus.com.br\/?s={search_term_string}\"},\"query-input\":{\"@type\":\"PropertyValueSpecification\",\"valueRequired\":true,\"valueName\":\"search_term_string\"}}],\"inLanguage\":\"pt-BR\"},{\"@type\":\"Organization\",\"@id\":\"https:\/\/revistaautobus.com.br\/#organization\",\"name\":\"Revista AutoBus\",\"url\":\"https:\/\/revistaautobus.com.br\/\",\"logo\":{\"@type\":\"ImageObject\",\"inLanguage\":\"pt-BR\",\"@id\":\"https:\/\/revistaautobus.com.br\/#\/schema\/logo\/image\/\",\"url\":\"https:\/\/revistaautobus.com.br\/wp-content\/uploads\/2024\/11\/logo_revista_autobus_fb.png\",\"contentUrl\":\"https:\/\/revistaautobus.com.br\/wp-content\/uploads\/2024\/11\/logo_revista_autobus_fb.png\",\"width\":836,\"height\":227,\"caption\":\"Revista AutoBus\"},\"image\":{\"@id\":\"https:\/\/revistaautobus.com.br\/#\/schema\/logo\/image\/\"},\"sameAs\":[\"https:\/\/www.facebook.com\/antonio.ferro.3150\",\"https:\/\/www.instagram.com\/revistaautobus\/\"]},{\"@type\":\"Person\",\"@id\":\"https:\/\/revistaautobus.com.br\/#\/schema\/person\/54af7c3eb83a310e42ef686ef6d16f50\",\"name\":\"Antonio Ferro\",\"image\":{\"@type\":\"ImageObject\",\"inLanguage\":\"pt-BR\",\"@id\":\"https:\/\/revistaautobus.com.br\/wp-content\/uploads\/2025\/12\/editor_antonio_ferro-150x150.jpg\",\"url\":\"https:\/\/revistaautobus.com.br\/wp-content\/uploads\/2025\/12\/editor_antonio_ferro-150x150.jpg\",\"contentUrl\":\"https:\/\/revistaautobus.com.br\/wp-content\/uploads\/2025\/12\/editor_antonio_ferro-150x150.jpg\",\"caption\":\"Antonio Ferro\"},\"description\":\"infobus@uol.com.br\",\"url\":\"https:\/\/revistaautobus.com.br\/?author=2\"}]}<\/script>\n<!-- \/ Yoast SEO plugin. -->","yoast_head_json":{"title":"Propuls\u00e3o limpa em Indian\u00e1polis - Revista AutoBus","robots":{"index":"index","follow":"follow","max-snippet":"max-snippet:-1","max-image-preview":"max-image-preview:large","max-video-preview":"max-video-preview:-1"},"canonical":"https:\/\/revistaautobus.com.br\/?p=4866","og_locale":"pt_BR","og_type":"article","og_title":"Propuls\u00e3o limpa em Indian\u00e1polis - Revista AutoBus","og_description":"A Allison revelou que a partir de 2022, o sistema h\u00edbrido-el\u00e9trico Allison eGen Flex\u2122 da pr\u00f3xima gera\u00e7\u00e3o, com tecnologia geofense, ser\u00e1 integrado em tr\u00eas dos novos \u00f4nibus da IndyGo","og_url":"https:\/\/revistaautobus.com.br\/?p=4866","og_site_name":"Revista AutoBus","article_publisher":"https:\/\/www.facebook.com\/antonio.ferro.3150","article_published_time":"2021-10-21T19:38:04+00:00","article_modified_time":"2021-10-21T19:38:06+00:00","og_image":[{"width":2560,"height":1489,"url":"https:\/\/revistaautobus.com.br\/wp-content\/uploads\/2021\/10\/396205_982197_1_indygo_at_hybrid_image-1-scaled.jpg","type":"image\/jpeg"}],"author":"Antonio Ferro","twitter_card":"summary_large_image","twitter_misc":{"Escrito por":"Antonio Ferro","Est. tempo de leitura":"2 minutos"},"schema":{"@context":"https:\/\/schema.org","@graph":[{"@type":"Article","@id":"https:\/\/revistaautobus.com.br\/?p=4866#article","isPartOf":{"@id":"https:\/\/revistaautobus.com.br\/?p=4866"},"author":{"name":"Antonio Ferro","@id":"https:\/\/revistaautobus.com.br\/#\/schema\/person\/54af7c3eb83a310e42ef686ef6d16f50"},"headline":"Propuls\u00e3o limpa em Indian\u00e1polis","datePublished":"2021-10-21T19:38:04+00:00","dateModified":"2021-10-21T19:38:06+00:00","mainEntityOfPage":{"@id":"https:\/\/revistaautobus.com.br\/?p=4866"},"wordCount":372,"commentCount":0,"publisher":{"@id":"https:\/\/revistaautobus.com.br\/#organization"},"image":{"@id":"https:\/\/revistaautobus.com.br\/?p=4866#primaryimage"},"thumbnailUrl":"https:\/\/revistaautobus.com.br\/wp-content\/uploads\/2021\/10\/396205_982197_1_indygo_at_hybrid_image-1-scaled.jpg","keywords":["Allison Transmissions"],"articleSection":["Tecnologia"],"inLanguage":"pt-BR","potentialAction":[{"@type":"CommentAction","name":"Comment","target":["https:\/\/revistaautobus.com.br\/?p=4866#respond"]}]},{"@type":"WebPage","@id":"https:\/\/revistaautobus.com.br\/?p=4866","url":"https:\/\/revistaautobus.com.br\/?p=4866","name":"Propuls\u00e3o limpa em Indian\u00e1polis - Revista AutoBus","isPartOf":{"@id":"https:\/\/revistaautobus.com.br\/#website"},"primaryImageOfPage":{"@id":"https:\/\/revistaautobus.com.br\/?p=4866#primaryimage"},"image":{"@id":"https:\/\/revistaautobus.com.br\/?p=4866#primaryimage"},"thumbnailUrl":"https:\/\/revistaautobus.com.br\/wp-content\/uploads\/2021\/10\/396205_982197_1_indygo_at_hybrid_image-1-scaled.jpg","datePublished":"2021-10-21T19:38:04+00:00","dateModified":"2021-10-21T19:38:06+00:00","breadcrumb":{"@id":"https:\/\/revistaautobus.com.br\/?p=4866#breadcrumb"},"inLanguage":"pt-BR","potentialAction":[{"@type":"ReadAction","target":["https:\/\/revistaautobus.com.br\/?p=4866"]}]},{"@type":"ImageObject","inLanguage":"pt-BR","@id":"https:\/\/revistaautobus.com.br\/?p=4866#primaryimage","url":"https:\/\/revistaautobus.com.br\/wp-content\/uploads\/2021\/10\/396205_982197_1_indygo_at_hybrid_image-1-scaled.jpg","contentUrl":"https:\/\/revistaautobus.com.br\/wp-content\/uploads\/2021\/10\/396205_982197_1_indygo_at_hybrid_image-1-scaled.jpg","width":2560,"height":1489},{"@type":"BreadcrumbList","@id":"https:\/\/revistaautobus.com.br\/?p=4866#breadcrumb","itemListElement":[{"@type":"ListItem","position":1,"name":"In\u00edcio","item":"https:\/\/revistaautobus.com.br\/"},{"@type":"ListItem","position":2,"name":"Propuls\u00e3o limpa em Indian\u00e1polis"}]},{"@type":"WebSite","@id":"https:\/\/revistaautobus.com.br\/#website","url":"https:\/\/revistaautobus.com.br\/","name":"Revista AutoBus","description":"","publisher":{"@id":"https:\/\/revistaautobus.com.br\/#organization"},"potentialAction":[{"@type":"SearchAction","target":{"@type":"EntryPoint","urlTemplate":"https:\/\/revistaautobus.com.br\/?s={search_term_string}"},"query-input":{"@type":"PropertyValueSpecification","valueRequired":true,"valueName":"search_term_string"}}],"inLanguage":"pt-BR"},{"@type":"Organization","@id":"https:\/\/revistaautobus.com.br\/#organization","name":"Revista AutoBus","url":"https:\/\/revistaautobus.com.br\/","logo":{"@type":"ImageObject","inLanguage":"pt-BR","@id":"https:\/\/revistaautobus.com.br\/#\/schema\/logo\/image\/","url":"https:\/\/revistaautobus.com.br\/wp-content\/uploads\/2024\/11\/logo_revista_autobus_fb.png","contentUrl":"https:\/\/revistaautobus.com.br\/wp-content\/uploads\/2024\/11\/logo_revista_autobus_fb.png","width":836,"height":227,"caption":"Revista AutoBus"},"image":{"@id":"https:\/\/revistaautobus.com.br\/#\/schema\/logo\/image\/"},"sameAs":["https:\/\/www.facebook.com\/antonio.ferro.3150","https:\/\/www.instagram.com\/revistaautobus\/"]},{"@type":"Person","@id":"https:\/\/revistaautobus.com.br\/#\/schema\/person\/54af7c3eb83a310e42ef686ef6d16f50","name":"Antonio Ferro","image":{"@type":"ImageObject","inLanguage":"pt-BR","@id":"https:\/\/revistaautobus.com.br\/wp-content\/uploads\/2025\/12\/editor_antonio_ferro-150x150.jpg","url":"https:\/\/revistaautobus.com.br\/wp-content\/uploads\/2025\/12\/editor_antonio_ferro-150x150.jpg","contentUrl":"https:\/\/revistaautobus.com.br\/wp-content\/uploads\/2025\/12\/editor_antonio_ferro-150x150.jpg","caption":"Antonio Ferro"},"description":"infobus@uol.com.br","url":"https:\/\/revistaautobus.com.br\/?author=2"}]}},"jetpack_featured_media_url":"https:\/\/revistaautobus.com.br\/wp-content\/uploads\/2021\/10\/396205_982197_1_indygo_at_hybrid_image-1-scaled.jpg","jetpack_sharing_enabled":true,"_links":{"self":[{"href":"https:\/\/revistaautobus.com.br\/index.php?rest_route=\/wp\/v2\/posts\/4866","targetHints":{"allow":["GET"]}}],"collection":[{"href":"https:\/\/revistaautobus.com.br\/index.php?rest_route=\/wp\/v2\/posts"}],"about":[{"href":"https:\/\/revistaautobus.com.br\/index.php?rest_route=\/wp\/v2\/types\/post"}],"author":[{"embeddable":true,"href":"https:\/\/revistaautobus.com.br\/index.php?rest_route=\/wp\/v2\/users\/2"}],"replies":[{"embeddable":true,"href":"https:\/\/revistaautobus.com.br\/index.php?rest_route=%2Fwp%2Fv2%2Fcomments&post=4866"}],"version-history":[{"count":2,"href":"https:\/\/revistaautobus.com.br\/index.php?rest_route=\/wp\/v2\/posts\/4866\/revisions"}],"predecessor-version":[{"id":4869,"href":"https:\/\/revistaautobus.com.br\/index.php?rest_route=\/wp\/v2\/posts\/4866\/revisions\/4869"}],"wp:featuredmedia":[{"embeddable":true,"href":"https:\/\/revistaautobus.com.br\/index.php?rest_route=\/wp\/v2\/media\/4867"}],"wp:attachment":[{"href":"https:\/\/revistaautobus.com.br\/index.php?rest_route=%2Fwp%2Fv2%2Fmedia&parent=4866"}],"wp:term":[{"taxonomy":"category","embeddable":true,"href":"https:\/\/revistaautobus.com.br\/index.php?rest_route=%2Fwp%2Fv2%2Fcategories&post=4866"},{"taxonomy":"post_tag","embeddable":true,"href":"https:\/\/revistaautobus.com.br\/index.php?rest_route=%2Fwp%2Fv2%2Ftags&post=4866"}],"curies":[{"name":"wp","href":"https:\/\/api.w.org\/{rel}","templated":true}]}}