{"id":4894,"date":"2021-10-27T10:25:34","date_gmt":"2021-10-27T13:25:34","guid":{"rendered":"https:\/\/vila8.com.br\/clientes\/autobus\/?p=4894"},"modified":"2021-10-27T10:26:26","modified_gmt":"2021-10-27T13:26:26","slug":"bonde-perdido-ou-onibus-perdido","status":"publish","type":"post","link":"https:\/\/revistaautobus.com.br\/?p=4894","title":{"rendered":"Bonde perdido (ou \u00f4nibus perdido)"},"content":{"rendered":"\n<p><strong><em><span class=\"has-inline-color has-vivid-cyan-blue-color\">Editorial<\/span><\/em><\/strong><\/p>\n\n\n\n<p class=\"has-drop-cap\">Diz um conhecido ditado popular que, \u201cquem perde o bonde da hist\u00f3ria fica para tr\u00e1s\u201d. Pois \u00e9, parece que o Brasil, um pa\u00eds de tantas oportunidades, tem a sina de, n\u00e3o s\u00f3 perder esse bonde, como tamb\u00e9m descarril\u00e1-lo, em meio \u00e0s diversas situa\u00e7\u00f5es que poderiam transformar nossa p\u00e1tria em uma na\u00e7\u00e3o especial, capaz de atender a sua popula\u00e7\u00e3o e promover uma economia baseada nos princ\u00edpios da igualdade e da sustentabilidade.<\/p>\n\n\n\n<p>Nunca \u00e9 demais lembrar que, s\u00f3 nos encontramos na conjuntura de hoje em virtude das m\u00e1s administra\u00e7\u00f5es de nossos gestores p\u00fablicos, que olham somente para si e para seus interesses pol\u00edticos, deixando de lado todas as car\u00eancias da sociedade, programas de estado e a governan\u00e7a direcionada ao desenvolvimento sustent\u00e1vel e moderno.<\/p>\n\n\n\n<p>Vejam o exemplo do transporte coletivo, onde o \u00f4nibus \u00e9 o principal meio de locomo\u00e7\u00e3o dos brasileiros no ambiente urbano. O segmento, em toda a sua trajet\u00f3ria, pouco ou nada foi valorizado, pelas suas respectivas agendas governamentais. Constantemente deixado de lado, o transporte coletivo s\u00f3 \u00e9 lembrando pelos maus servi\u00e7os prestados, reconhecido pela pecha e n\u00e3o pelo car\u00e1ter de indu\u00e7\u00e3o da ocupa\u00e7\u00e3o urbana, fundamental para o desenvolvimento das cidades.&nbsp;<\/p>\n\n\n\n<p>Enquanto ainda se discute os valores das tarifas, a configura\u00e7\u00e3o veicular singela, a falta de recursos e de investimentos em infraestrutura e de financiamento para a aquisi\u00e7\u00e3o do material rodante e das instala\u00e7\u00f5es fixas, outros pa\u00edses caminham a passos largos para promover um novo conceito de mobilidade, mais atrativa e adequada \u00e0s exig\u00eancias do passageiro cliente. Seja na Am\u00e9rica Latina ou na Am\u00e9rica do Norte, pa\u00edses como a Col\u00f4mbia, Chile e M\u00e9xico passaram a olhar com mais aten\u00e7\u00e3o os seus sistemas de \u00f4nibus urbanos e as suas indispens\u00e1veis fun\u00e7\u00f5es, com o intuito de proporcionar melhor mobilidade e melhores ambientes urbanos, com reduzidos n\u00edveis de polui\u00e7\u00e3o.<\/p>\n\n\n\n<p>Os servi\u00e7os de \u00f4nibus urbanos est\u00e3o sob compet\u00eancia das prefeituras que n\u00e3o os realizam; mas, os delegam \u00e0 iniciativa privada, determinando a qualidade do servi\u00e7o a ser prestado, as caracter\u00edsticas operacionais dos deslocamentos e, at\u00e9 a rentabilidade ao transportador. A remunera\u00e7\u00e3o, salvo raras exce\u00e7\u00f5es, se d\u00e1 pelo pagamento das tarifas, que se tornam respons\u00e1veis por garantir o pr\u00f3prio equil\u00edbrio econ\u00f4mico-financeiro dos contratos, considerando todos os insumos necess\u00e1rios \u00e0 presta\u00e7\u00e3o dos servi\u00e7os e a sustentabilidade do neg\u00f3cio.<\/p>\n\n\n\n<p>As administra\u00e7\u00f5es municipais ainda devem promover condi\u00e7\u00f5es ideais de opera\u00e7\u00e3o, como vias pavimentadas, pontos e abrigos, semaforiza\u00e7\u00e3o adequada e, principalmente, prioridade na circula\u00e7\u00e3o dos \u00f4nibus, condi\u00e7\u00f5es que nem sempre s\u00e3o verificadas, na maioria dos sistemas. E, a imagem desse modal s\u00f3 se desgasta com o passar dos anos, obrigando o seu p\u00fablico (que um dia foi cativo) a desembarcar no pr\u00f3ximo ponto e procurar outros meios para se deslocar.<\/p>\n\n\n\n<p>Com todas essas adversidades, o modal tem uma tarefa desafiadora pela frente, onde o que importa \u00e9 a coopera\u00e7\u00e3o e a uni\u00e3o de esfor\u00e7os entre poder p\u00fablico e iniciativa privada, para resgatar do atual quadro negro, um modelo de transporte que tem tudo para ser refer\u00eancia.<\/p>\n\n\n\n<p>Poderia ser diferente? Sim, poderia. Vamos aos fatos: o Brasil \u00e9 a terra do \u00f4nibus &#8211; Incontestavelmente. A ind\u00fastria brasileira \u00e9 capaz de produzir os melhores e mais sustent\u00e1veis ve\u00edculos, sejam eles dos mais diversos tamanhos, movidos a qualquer tipo de combust\u00edvel, com os mais variados tipos de chassi e de carro\u00e7aria, com as mais diversas disposi\u00e7\u00f5es de <em>layouts<\/em>. Temos expertise para projetar, construir e operar sistemas eficientes e que podem desempenhar importante papel na cadeia da mobilidade. Sim, mas \u00e9 preciso valorizar os profissionais que atuam na \u00e1rea da estrutura\u00e7\u00e3o dos projetos, na implanta\u00e7\u00e3o de sistemas e na gest\u00e3o operacional, formando uma nova gera\u00e7\u00e3o de t\u00e9cnicos que acredite no potencial do transporte coletivo brasileiro. Mecanismos e instrumentos legais s\u00e3o fundamentais para se obter bons resultados e garantir a qualidade dos servi\u00e7os demandados pela popula\u00e7\u00e3o. Essa deve ser a luta de quem est\u00e1 envolvido com o aperfei\u00e7oamento do setor, de maneira s\u00e9ria e competente.&nbsp;<\/p>\n\n\n\n<p>Portanto, para n\u00e3o perdemos o \u00f4nibus da hist\u00f3ria (trocadilho com o antigo ditado popular), a necessidade por mudan\u00e7as bate \u00e0 porta e \u00e9 urgente, visando a recupera\u00e7\u00e3o de um setor t\u00e3o essencial para a popula\u00e7\u00e3o urbana brasileira. De ponto em ponto, a vida segue sobre rodas, com itiner\u00e1rio fixo e tudo o mais \u00e9 passageiro.<\/p>\n\n\n\n<p>Imagem &#8211; Reprodu\u00e7\u00e3o Internet<\/p>\n","protected":false},"excerpt":{"rendered":"<p>Com todas as adversidades, o modal tem uma tarefa desafiadora pela frente, onde o que importa \u00e9 a coopera\u00e7\u00e3o e a uni\u00e3o de esfor\u00e7os entre poder p\u00fablico e iniciativa privada, para resgatar do atual quadro negro<\/p>\n","protected":false},"author":2,"featured_media":4895,"comment_status":"open","ping_status":"open","sticky":false,"template":"","format":"standard","meta":{"_et_pb_use_builder":"off","_et_pb_old_content":"","_et_gb_content_width":"","_jetpack_memberships_contains_paid_content":false,"footnotes":""},"categories":[5],"tags":[35],"class_list":["post-4894","post","type-post","status-publish","format-standard","has-post-thumbnail","hentry","category-conexao-mobilidade","tag-onibus-urbano","et-has-post-format-content","et_post_format-et-post-format-standard"],"yoast_head":"<!-- This site is optimized with the Yoast SEO plugin v27.2 - https:\/\/yoast.com\/product\/yoast-seo-wordpress\/ -->\n<title>Bonde perdido (ou \u00f4nibus perdido) - Revista AutoBus<\/title>\n<meta name=\"robots\" content=\"index, follow, max-snippet:-1, max-image-preview:large, max-video-preview:-1\" \/>\n<link rel=\"canonical\" href=\"https:\/\/revistaautobus.com.br\/?p=4894\" \/>\n<meta property=\"og:locale\" content=\"pt_BR\" \/>\n<meta property=\"og:type\" content=\"article\" \/>\n<meta property=\"og:title\" content=\"Bonde perdido (ou \u00f4nibus perdido) - Revista AutoBus\" \/>\n<meta property=\"og:description\" content=\"Com todas as adversidades, o modal tem uma tarefa desafiadora pela frente, onde o que importa \u00e9 a coopera\u00e7\u00e3o e a uni\u00e3o de esfor\u00e7os entre poder p\u00fablico e iniciativa privada, para resgatar do atual quadro negro\" \/>\n<meta property=\"og:url\" content=\"https:\/\/revistaautobus.com.br\/?p=4894\" \/>\n<meta property=\"og:site_name\" content=\"Revista AutoBus\" \/>\n<meta property=\"article:publisher\" content=\"https:\/\/www.facebook.com\/antonio.ferro.3150\" \/>\n<meta property=\"article:published_time\" content=\"2021-10-27T13:25:34+00:00\" \/>\n<meta property=\"article:modified_time\" content=\"2021-10-27T13:26:26+00:00\" \/>\n<meta property=\"og:image\" content=\"https:\/\/revistaautobus.com.br\/wp-content\/uploads\/2021\/10\/transporte.jpg\" \/>\n\t<meta property=\"og:image:width\" content=\"700\" \/>\n\t<meta property=\"og:image:height\" content=\"525\" \/>\n\t<meta property=\"og:image:type\" content=\"image\/jpeg\" \/>\n<meta name=\"author\" content=\"Antonio Ferro\" \/>\n<meta name=\"twitter:card\" content=\"summary_large_image\" \/>\n<meta name=\"twitter:label1\" content=\"Escrito por\" \/>\n\t<meta name=\"twitter:data1\" content=\"Antonio Ferro\" \/>\n\t<meta name=\"twitter:label2\" content=\"Est. tempo de leitura\" \/>\n\t<meta name=\"twitter:data2\" content=\"4 minutos\" \/>\n<script type=\"application\/ld+json\" class=\"yoast-schema-graph\">{\"@context\":\"https:\/\/schema.org\",\"@graph\":[{\"@type\":\"Article\",\"@id\":\"https:\/\/revistaautobus.com.br\/?p=4894#article\",\"isPartOf\":{\"@id\":\"https:\/\/revistaautobus.com.br\/?p=4894\"},\"author\":{\"name\":\"Antonio Ferro\",\"@id\":\"https:\/\/revistaautobus.com.br\/#\/schema\/person\/54af7c3eb83a310e42ef686ef6d16f50\"},\"headline\":\"Bonde perdido (ou \u00f4nibus perdido)\",\"datePublished\":\"2021-10-27T13:25:34+00:00\",\"dateModified\":\"2021-10-27T13:26:26+00:00\",\"mainEntityOfPage\":{\"@id\":\"https:\/\/revistaautobus.com.br\/?p=4894\"},\"wordCount\":788,\"commentCount\":0,\"publisher\":{\"@id\":\"https:\/\/revistaautobus.com.br\/#organization\"},\"image\":{\"@id\":\"https:\/\/revistaautobus.com.br\/?p=4894#primaryimage\"},\"thumbnailUrl\":\"https:\/\/revistaautobus.com.br\/wp-content\/uploads\/2021\/10\/transporte.jpg\",\"keywords\":[\"\u00f4nibus urbano\"],\"articleSection\":[\"Conex\u00e3o Mobilidade\"],\"inLanguage\":\"pt-BR\",\"potentialAction\":[{\"@type\":\"CommentAction\",\"name\":\"Comment\",\"target\":[\"https:\/\/revistaautobus.com.br\/?p=4894#respond\"]}]},{\"@type\":\"WebPage\",\"@id\":\"https:\/\/revistaautobus.com.br\/?p=4894\",\"url\":\"https:\/\/revistaautobus.com.br\/?p=4894\",\"name\":\"Bonde perdido (ou \u00f4nibus perdido) - Revista AutoBus\",\"isPartOf\":{\"@id\":\"https:\/\/revistaautobus.com.br\/#website\"},\"primaryImageOfPage\":{\"@id\":\"https:\/\/revistaautobus.com.br\/?p=4894#primaryimage\"},\"image\":{\"@id\":\"https:\/\/revistaautobus.com.br\/?p=4894#primaryimage\"},\"thumbnailUrl\":\"https:\/\/revistaautobus.com.br\/wp-content\/uploads\/2021\/10\/transporte.jpg\",\"datePublished\":\"2021-10-27T13:25:34+00:00\",\"dateModified\":\"2021-10-27T13:26:26+00:00\",\"breadcrumb\":{\"@id\":\"https:\/\/revistaautobus.com.br\/?p=4894#breadcrumb\"},\"inLanguage\":\"pt-BR\",\"potentialAction\":[{\"@type\":\"ReadAction\",\"target\":[\"https:\/\/revistaautobus.com.br\/?p=4894\"]}]},{\"@type\":\"ImageObject\",\"inLanguage\":\"pt-BR\",\"@id\":\"https:\/\/revistaautobus.com.br\/?p=4894#primaryimage\",\"url\":\"https:\/\/revistaautobus.com.br\/wp-content\/uploads\/2021\/10\/transporte.jpg\",\"contentUrl\":\"https:\/\/revistaautobus.com.br\/wp-content\/uploads\/2021\/10\/transporte.jpg\",\"width\":700,\"height\":525},{\"@type\":\"BreadcrumbList\",\"@id\":\"https:\/\/revistaautobus.com.br\/?p=4894#breadcrumb\",\"itemListElement\":[{\"@type\":\"ListItem\",\"position\":1,\"name\":\"In\u00edcio\",\"item\":\"https:\/\/revistaautobus.com.br\/\"},{\"@type\":\"ListItem\",\"position\":2,\"name\":\"Bonde perdido (ou \u00f4nibus perdido)\"}]},{\"@type\":\"WebSite\",\"@id\":\"https:\/\/revistaautobus.com.br\/#website\",\"url\":\"https:\/\/revistaautobus.com.br\/\",\"name\":\"Revista AutoBus\",\"description\":\"\",\"publisher\":{\"@id\":\"https:\/\/revistaautobus.com.br\/#organization\"},\"potentialAction\":[{\"@type\":\"SearchAction\",\"target\":{\"@type\":\"EntryPoint\",\"urlTemplate\":\"https:\/\/revistaautobus.com.br\/?s={search_term_string}\"},\"query-input\":{\"@type\":\"PropertyValueSpecification\",\"valueRequired\":true,\"valueName\":\"search_term_string\"}}],\"inLanguage\":\"pt-BR\"},{\"@type\":\"Organization\",\"@id\":\"https:\/\/revistaautobus.com.br\/#organization\",\"name\":\"Revista AutoBus\",\"url\":\"https:\/\/revistaautobus.com.br\/\",\"logo\":{\"@type\":\"ImageObject\",\"inLanguage\":\"pt-BR\",\"@id\":\"https:\/\/revistaautobus.com.br\/#\/schema\/logo\/image\/\",\"url\":\"https:\/\/revistaautobus.com.br\/wp-content\/uploads\/2024\/11\/logo_revista_autobus_fb.png\",\"contentUrl\":\"https:\/\/revistaautobus.com.br\/wp-content\/uploads\/2024\/11\/logo_revista_autobus_fb.png\",\"width\":836,\"height\":227,\"caption\":\"Revista AutoBus\"},\"image\":{\"@id\":\"https:\/\/revistaautobus.com.br\/#\/schema\/logo\/image\/\"},\"sameAs\":[\"https:\/\/www.facebook.com\/antonio.ferro.3150\",\"https:\/\/www.instagram.com\/revistaautobus\/\"]},{\"@type\":\"Person\",\"@id\":\"https:\/\/revistaautobus.com.br\/#\/schema\/person\/54af7c3eb83a310e42ef686ef6d16f50\",\"name\":\"Antonio Ferro\",\"image\":{\"@type\":\"ImageObject\",\"inLanguage\":\"pt-BR\",\"@id\":\"https:\/\/revistaautobus.com.br\/wp-content\/uploads\/2025\/12\/editor_antonio_ferro-150x150.jpg\",\"url\":\"https:\/\/revistaautobus.com.br\/wp-content\/uploads\/2025\/12\/editor_antonio_ferro-150x150.jpg\",\"contentUrl\":\"https:\/\/revistaautobus.com.br\/wp-content\/uploads\/2025\/12\/editor_antonio_ferro-150x150.jpg\",\"caption\":\"Antonio Ferro\"},\"description\":\"infobus@uol.com.br\",\"url\":\"https:\/\/revistaautobus.com.br\/?author=2\"}]}<\/script>\n<!-- \/ Yoast SEO plugin. -->","yoast_head_json":{"title":"Bonde perdido (ou \u00f4nibus perdido) - Revista AutoBus","robots":{"index":"index","follow":"follow","max-snippet":"max-snippet:-1","max-image-preview":"max-image-preview:large","max-video-preview":"max-video-preview:-1"},"canonical":"https:\/\/revistaautobus.com.br\/?p=4894","og_locale":"pt_BR","og_type":"article","og_title":"Bonde perdido (ou \u00f4nibus perdido) - Revista AutoBus","og_description":"Com todas as adversidades, o modal tem uma tarefa desafiadora pela frente, onde o que importa \u00e9 a coopera\u00e7\u00e3o e a uni\u00e3o de esfor\u00e7os entre poder p\u00fablico e iniciativa privada, para resgatar do atual quadro negro","og_url":"https:\/\/revistaautobus.com.br\/?p=4894","og_site_name":"Revista AutoBus","article_publisher":"https:\/\/www.facebook.com\/antonio.ferro.3150","article_published_time":"2021-10-27T13:25:34+00:00","article_modified_time":"2021-10-27T13:26:26+00:00","og_image":[{"width":700,"height":525,"url":"https:\/\/revistaautobus.com.br\/wp-content\/uploads\/2021\/10\/transporte.jpg","type":"image\/jpeg"}],"author":"Antonio Ferro","twitter_card":"summary_large_image","twitter_misc":{"Escrito por":"Antonio Ferro","Est. tempo de leitura":"4 minutos"},"schema":{"@context":"https:\/\/schema.org","@graph":[{"@type":"Article","@id":"https:\/\/revistaautobus.com.br\/?p=4894#article","isPartOf":{"@id":"https:\/\/revistaautobus.com.br\/?p=4894"},"author":{"name":"Antonio Ferro","@id":"https:\/\/revistaautobus.com.br\/#\/schema\/person\/54af7c3eb83a310e42ef686ef6d16f50"},"headline":"Bonde perdido (ou \u00f4nibus perdido)","datePublished":"2021-10-27T13:25:34+00:00","dateModified":"2021-10-27T13:26:26+00:00","mainEntityOfPage":{"@id":"https:\/\/revistaautobus.com.br\/?p=4894"},"wordCount":788,"commentCount":0,"publisher":{"@id":"https:\/\/revistaautobus.com.br\/#organization"},"image":{"@id":"https:\/\/revistaautobus.com.br\/?p=4894#primaryimage"},"thumbnailUrl":"https:\/\/revistaautobus.com.br\/wp-content\/uploads\/2021\/10\/transporte.jpg","keywords":["\u00f4nibus urbano"],"articleSection":["Conex\u00e3o Mobilidade"],"inLanguage":"pt-BR","potentialAction":[{"@type":"CommentAction","name":"Comment","target":["https:\/\/revistaautobus.com.br\/?p=4894#respond"]}]},{"@type":"WebPage","@id":"https:\/\/revistaautobus.com.br\/?p=4894","url":"https:\/\/revistaautobus.com.br\/?p=4894","name":"Bonde perdido (ou \u00f4nibus perdido) - Revista AutoBus","isPartOf":{"@id":"https:\/\/revistaautobus.com.br\/#website"},"primaryImageOfPage":{"@id":"https:\/\/revistaautobus.com.br\/?p=4894#primaryimage"},"image":{"@id":"https:\/\/revistaautobus.com.br\/?p=4894#primaryimage"},"thumbnailUrl":"https:\/\/revistaautobus.com.br\/wp-content\/uploads\/2021\/10\/transporte.jpg","datePublished":"2021-10-27T13:25:34+00:00","dateModified":"2021-10-27T13:26:26+00:00","breadcrumb":{"@id":"https:\/\/revistaautobus.com.br\/?p=4894#breadcrumb"},"inLanguage":"pt-BR","potentialAction":[{"@type":"ReadAction","target":["https:\/\/revistaautobus.com.br\/?p=4894"]}]},{"@type":"ImageObject","inLanguage":"pt-BR","@id":"https:\/\/revistaautobus.com.br\/?p=4894#primaryimage","url":"https:\/\/revistaautobus.com.br\/wp-content\/uploads\/2021\/10\/transporte.jpg","contentUrl":"https:\/\/revistaautobus.com.br\/wp-content\/uploads\/2021\/10\/transporte.jpg","width":700,"height":525},{"@type":"BreadcrumbList","@id":"https:\/\/revistaautobus.com.br\/?p=4894#breadcrumb","itemListElement":[{"@type":"ListItem","position":1,"name":"In\u00edcio","item":"https:\/\/revistaautobus.com.br\/"},{"@type":"ListItem","position":2,"name":"Bonde perdido (ou \u00f4nibus perdido)"}]},{"@type":"WebSite","@id":"https:\/\/revistaautobus.com.br\/#website","url":"https:\/\/revistaautobus.com.br\/","name":"Revista AutoBus","description":"","publisher":{"@id":"https:\/\/revistaautobus.com.br\/#organization"},"potentialAction":[{"@type":"SearchAction","target":{"@type":"EntryPoint","urlTemplate":"https:\/\/revistaautobus.com.br\/?s={search_term_string}"},"query-input":{"@type":"PropertyValueSpecification","valueRequired":true,"valueName":"search_term_string"}}],"inLanguage":"pt-BR"},{"@type":"Organization","@id":"https:\/\/revistaautobus.com.br\/#organization","name":"Revista AutoBus","url":"https:\/\/revistaautobus.com.br\/","logo":{"@type":"ImageObject","inLanguage":"pt-BR","@id":"https:\/\/revistaautobus.com.br\/#\/schema\/logo\/image\/","url":"https:\/\/revistaautobus.com.br\/wp-content\/uploads\/2024\/11\/logo_revista_autobus_fb.png","contentUrl":"https:\/\/revistaautobus.com.br\/wp-content\/uploads\/2024\/11\/logo_revista_autobus_fb.png","width":836,"height":227,"caption":"Revista AutoBus"},"image":{"@id":"https:\/\/revistaautobus.com.br\/#\/schema\/logo\/image\/"},"sameAs":["https:\/\/www.facebook.com\/antonio.ferro.3150","https:\/\/www.instagram.com\/revistaautobus\/"]},{"@type":"Person","@id":"https:\/\/revistaautobus.com.br\/#\/schema\/person\/54af7c3eb83a310e42ef686ef6d16f50","name":"Antonio Ferro","image":{"@type":"ImageObject","inLanguage":"pt-BR","@id":"https:\/\/revistaautobus.com.br\/wp-content\/uploads\/2025\/12\/editor_antonio_ferro-150x150.jpg","url":"https:\/\/revistaautobus.com.br\/wp-content\/uploads\/2025\/12\/editor_antonio_ferro-150x150.jpg","contentUrl":"https:\/\/revistaautobus.com.br\/wp-content\/uploads\/2025\/12\/editor_antonio_ferro-150x150.jpg","caption":"Antonio Ferro"},"description":"infobus@uol.com.br","url":"https:\/\/revistaautobus.com.br\/?author=2"}]}},"jetpack_featured_media_url":"https:\/\/revistaautobus.com.br\/wp-content\/uploads\/2021\/10\/transporte.jpg","jetpack_sharing_enabled":true,"_links":{"self":[{"href":"https:\/\/revistaautobus.com.br\/index.php?rest_route=\/wp\/v2\/posts\/4894","targetHints":{"allow":["GET"]}}],"collection":[{"href":"https:\/\/revistaautobus.com.br\/index.php?rest_route=\/wp\/v2\/posts"}],"about":[{"href":"https:\/\/revistaautobus.com.br\/index.php?rest_route=\/wp\/v2\/types\/post"}],"author":[{"embeddable":true,"href":"https:\/\/revistaautobus.com.br\/index.php?rest_route=\/wp\/v2\/users\/2"}],"replies":[{"embeddable":true,"href":"https:\/\/revistaautobus.com.br\/index.php?rest_route=%2Fwp%2Fv2%2Fcomments&post=4894"}],"version-history":[{"count":2,"href":"https:\/\/revistaautobus.com.br\/index.php?rest_route=\/wp\/v2\/posts\/4894\/revisions"}],"predecessor-version":[{"id":4898,"href":"https:\/\/revistaautobus.com.br\/index.php?rest_route=\/wp\/v2\/posts\/4894\/revisions\/4898"}],"wp:featuredmedia":[{"embeddable":true,"href":"https:\/\/revistaautobus.com.br\/index.php?rest_route=\/wp\/v2\/media\/4895"}],"wp:attachment":[{"href":"https:\/\/revistaautobus.com.br\/index.php?rest_route=%2Fwp%2Fv2%2Fmedia&parent=4894"}],"wp:term":[{"taxonomy":"category","embeddable":true,"href":"https:\/\/revistaautobus.com.br\/index.php?rest_route=%2Fwp%2Fv2%2Fcategories&post=4894"},{"taxonomy":"post_tag","embeddable":true,"href":"https:\/\/revistaautobus.com.br\/index.php?rest_route=%2Fwp%2Fv2%2Ftags&post=4894"}],"curies":[{"name":"wp","href":"https:\/\/api.w.org\/{rel}","templated":true}]}}