{"id":5069,"date":"2021-11-12T13:14:20","date_gmt":"2021-11-12T16:14:20","guid":{"rendered":"https:\/\/vila8.com.br\/clientes\/autobus\/?p=5069"},"modified":"2021-11-12T13:14:22","modified_gmt":"2021-11-12T16:14:22","slug":"no-mexico-a-marca-dos-35-mil-onibus","status":"publish","type":"post","link":"https:\/\/revistaautobus.com.br\/?p=5069","title":{"rendered":"No M\u00e9xico, a marca dos 35 mil \u00f4nibus"},"content":{"rendered":"\n<p class=\"has-drop-cap\">Localizada na cidade mexicana de Monterrey, no estado de Nuevo Leon, a f\u00e1brica da Marcopolo M\u00e9xico comemorou recentemente a marca das 35 mil carro\u00e7arias produzidas localmente. Presente naquele pa\u00eds desde o in\u00edcio da d\u00e9cada de 1990 (com a produ\u00e7\u00e3o pr\u00f3pria a partir de 1999), a planta de Garcia aplica tecnologia de ponta para a fabrica\u00e7\u00e3o e montagem de carrocerias, com ergonomia, efici\u00eancia e produtividade, al\u00e9m de possuir o maior portf\u00f3lio de produtos do mercado, desde micro-\u00f4nibus at\u00e9 rodovi\u00e1rios, como o <em>Double Decker<\/em>.<\/p>\n\n\n\n<p>De janeiro a setembro deste ano, a Marcopolo M\u00e9xico produziu 696 unidades, 1,6% acima das 685 unidades fabricadas no mesmo per\u00edodo do ano passado. No terceiro trimestre, a unidade registrou expressivo crescimento de 61,4% em vendas, com 276 unidades em rela\u00e7\u00e3o \u00e0s 171 unidades do terceiro trimestre de 2020. Esse desempenho comprova o in\u00edcio da retomada do mercado mexicano de \u00f4nibus, ainda muito concentrada no segmento de urbanos e fretamento (transporte de funcion\u00e1rios).<\/p>\n\n\n\n<p>O ve\u00edculo que representa a unidade de n\u00famero 35 mil \u00e9 um modelo Viale BRT, com uma configura\u00e7\u00e3o arrojada e que atende a todas as exig\u00eancias dos sistemas de embarque do pa\u00eds, al\u00e9m das regulamenta\u00e7\u00f5es do segmento de transporte coletivo. Trata-se do lan\u00e7amento da carro\u00e7aria para aquele mercado. \u201cEsta conquista \u00e9, sem d\u00favida, resultado de 22 anos de esfor\u00e7o, dedica\u00e7\u00e3o e empenho de todos os colaboradores que integram essa grande equipe, e da confian\u00e7a e parceria dos nossos clientes, pois sem eles n\u00e3o ter\u00edamos alcan\u00e7ado esta marca\u201d, observou Jos\u00e9 Lu\u00eds Goes, diretor da Marcopolo M\u00e9xico.<\/p>\n\n\n\n<p>Imagem &#8211; Divulga\u00e7\u00e3o<\/p>\n","protected":false},"excerpt":{"rendered":"<p>O ve\u00edculo que representa a unidade de n\u00famero 35 mil \u00e9 um modelo Viale BRT, com uma configura\u00e7\u00e3o arrojada e que atende a todas as exig\u00eancias dos sistemas de embarque do pa\u00eds mexicano<\/p>\n","protected":false},"author":2,"featured_media":5070,"comment_status":"open","ping_status":"open","sticky":false,"template":"","format":"standard","meta":{"_et_pb_use_builder":"off","_et_pb_old_content":"","_et_gb_content_width":"","_jetpack_memberships_contains_paid_content":false,"footnotes":""},"categories":[53],"tags":[84],"class_list":["post-5069","post","type-post","status-publish","format-standard","has-post-thumbnail","hentry","category-internacional","tag-marcopolo","et-has-post-format-content","et_post_format-et-post-format-standard"],"yoast_head":"<!-- This site is optimized with the Yoast SEO plugin v27.2 - https:\/\/yoast.com\/product\/yoast-seo-wordpress\/ -->\n<title>No M\u00e9xico, a marca dos 35 mil \u00f4nibus - Revista AutoBus<\/title>\n<meta name=\"robots\" content=\"index, follow, max-snippet:-1, max-image-preview:large, max-video-preview:-1\" \/>\n<link rel=\"canonical\" href=\"https:\/\/revistaautobus.com.br\/?p=5069\" \/>\n<meta property=\"og:locale\" content=\"pt_BR\" \/>\n<meta property=\"og:type\" content=\"article\" \/>\n<meta property=\"og:title\" content=\"No M\u00e9xico, a marca dos 35 mil \u00f4nibus - Revista AutoBus\" \/>\n<meta property=\"og:description\" content=\"O ve\u00edculo que representa a unidade de n\u00famero 35 mil \u00e9 um modelo Viale BRT, com uma configura\u00e7\u00e3o arrojada e que atende a todas as exig\u00eancias dos sistemas de embarque do pa\u00eds mexicano\" \/>\n<meta property=\"og:url\" content=\"https:\/\/revistaautobus.com.br\/?p=5069\" \/>\n<meta property=\"og:site_name\" content=\"Revista AutoBus\" \/>\n<meta property=\"article:publisher\" content=\"https:\/\/www.facebook.com\/antonio.ferro.3150\" \/>\n<meta property=\"article:published_time\" content=\"2021-11-12T16:14:20+00:00\" \/>\n<meta property=\"article:modified_time\" content=\"2021-11-12T16:14:22+00:00\" \/>\n<meta property=\"og:image\" content=\"https:\/\/revistaautobus.com.br\/wp-content\/uploads\/2021\/11\/10112021-MP-Mexico_2.jpg\" \/>\n\t<meta property=\"og:image:width\" content=\"1200\" \/>\n\t<meta property=\"og:image:height\" content=\"945\" \/>\n\t<meta property=\"og:image:type\" content=\"image\/jpeg\" \/>\n<meta name=\"author\" content=\"Antonio Ferro\" \/>\n<meta name=\"twitter:card\" content=\"summary_large_image\" \/>\n<meta name=\"twitter:label1\" content=\"Escrito por\" \/>\n\t<meta name=\"twitter:data1\" content=\"Antonio Ferro\" \/>\n\t<meta name=\"twitter:label2\" content=\"Est. tempo de leitura\" \/>\n\t<meta name=\"twitter:data2\" content=\"1 minuto\" \/>\n<script type=\"application\/ld+json\" class=\"yoast-schema-graph\">{\"@context\":\"https:\/\/schema.org\",\"@graph\":[{\"@type\":\"Article\",\"@id\":\"https:\/\/revistaautobus.com.br\/?p=5069#article\",\"isPartOf\":{\"@id\":\"https:\/\/revistaautobus.com.br\/?p=5069\"},\"author\":{\"name\":\"Antonio Ferro\",\"@id\":\"https:\/\/revistaautobus.com.br\/#\/schema\/person\/54af7c3eb83a310e42ef686ef6d16f50\"},\"headline\":\"No M\u00e9xico, a marca dos 35 mil \u00f4nibus\",\"datePublished\":\"2021-11-12T16:14:20+00:00\",\"dateModified\":\"2021-11-12T16:14:22+00:00\",\"mainEntityOfPage\":{\"@id\":\"https:\/\/revistaautobus.com.br\/?p=5069\"},\"wordCount\":285,\"commentCount\":0,\"publisher\":{\"@id\":\"https:\/\/revistaautobus.com.br\/#organization\"},\"image\":{\"@id\":\"https:\/\/revistaautobus.com.br\/?p=5069#primaryimage\"},\"thumbnailUrl\":\"https:\/\/revistaautobus.com.br\/wp-content\/uploads\/2021\/11\/10112021-MP-Mexico_2.jpg\",\"keywords\":[\"Marcopolo\"],\"articleSection\":[\"Internacional\"],\"inLanguage\":\"pt-BR\",\"potentialAction\":[{\"@type\":\"CommentAction\",\"name\":\"Comment\",\"target\":[\"https:\/\/revistaautobus.com.br\/?p=5069#respond\"]}]},{\"@type\":\"WebPage\",\"@id\":\"https:\/\/revistaautobus.com.br\/?p=5069\",\"url\":\"https:\/\/revistaautobus.com.br\/?p=5069\",\"name\":\"No M\u00e9xico, a marca dos 35 mil \u00f4nibus - Revista AutoBus\",\"isPartOf\":{\"@id\":\"https:\/\/revistaautobus.com.br\/#website\"},\"primaryImageOfPage\":{\"@id\":\"https:\/\/revistaautobus.com.br\/?p=5069#primaryimage\"},\"image\":{\"@id\":\"https:\/\/revistaautobus.com.br\/?p=5069#primaryimage\"},\"thumbnailUrl\":\"https:\/\/revistaautobus.com.br\/wp-content\/uploads\/2021\/11\/10112021-MP-Mexico_2.jpg\",\"datePublished\":\"2021-11-12T16:14:20+00:00\",\"dateModified\":\"2021-11-12T16:14:22+00:00\",\"breadcrumb\":{\"@id\":\"https:\/\/revistaautobus.com.br\/?p=5069#breadcrumb\"},\"inLanguage\":\"pt-BR\",\"potentialAction\":[{\"@type\":\"ReadAction\",\"target\":[\"https:\/\/revistaautobus.com.br\/?p=5069\"]}]},{\"@type\":\"ImageObject\",\"inLanguage\":\"pt-BR\",\"@id\":\"https:\/\/revistaautobus.com.br\/?p=5069#primaryimage\",\"url\":\"https:\/\/revistaautobus.com.br\/wp-content\/uploads\/2021\/11\/10112021-MP-Mexico_2.jpg\",\"contentUrl\":\"https:\/\/revistaautobus.com.br\/wp-content\/uploads\/2021\/11\/10112021-MP-Mexico_2.jpg\",\"width\":1200,\"height\":945},{\"@type\":\"BreadcrumbList\",\"@id\":\"https:\/\/revistaautobus.com.br\/?p=5069#breadcrumb\",\"itemListElement\":[{\"@type\":\"ListItem\",\"position\":1,\"name\":\"In\u00edcio\",\"item\":\"https:\/\/revistaautobus.com.br\/\"},{\"@type\":\"ListItem\",\"position\":2,\"name\":\"No M\u00e9xico, a marca dos 35 mil \u00f4nibus\"}]},{\"@type\":\"WebSite\",\"@id\":\"https:\/\/revistaautobus.com.br\/#website\",\"url\":\"https:\/\/revistaautobus.com.br\/\",\"name\":\"Revista AutoBus\",\"description\":\"\",\"publisher\":{\"@id\":\"https:\/\/revistaautobus.com.br\/#organization\"},\"potentialAction\":[{\"@type\":\"SearchAction\",\"target\":{\"@type\":\"EntryPoint\",\"urlTemplate\":\"https:\/\/revistaautobus.com.br\/?s={search_term_string}\"},\"query-input\":{\"@type\":\"PropertyValueSpecification\",\"valueRequired\":true,\"valueName\":\"search_term_string\"}}],\"inLanguage\":\"pt-BR\"},{\"@type\":\"Organization\",\"@id\":\"https:\/\/revistaautobus.com.br\/#organization\",\"name\":\"Revista AutoBus\",\"url\":\"https:\/\/revistaautobus.com.br\/\",\"logo\":{\"@type\":\"ImageObject\",\"inLanguage\":\"pt-BR\",\"@id\":\"https:\/\/revistaautobus.com.br\/#\/schema\/logo\/image\/\",\"url\":\"https:\/\/revistaautobus.com.br\/wp-content\/uploads\/2024\/11\/logo_revista_autobus_fb.png\",\"contentUrl\":\"https:\/\/revistaautobus.com.br\/wp-content\/uploads\/2024\/11\/logo_revista_autobus_fb.png\",\"width\":836,\"height\":227,\"caption\":\"Revista AutoBus\"},\"image\":{\"@id\":\"https:\/\/revistaautobus.com.br\/#\/schema\/logo\/image\/\"},\"sameAs\":[\"https:\/\/www.facebook.com\/antonio.ferro.3150\",\"https:\/\/www.instagram.com\/revistaautobus\/\"]},{\"@type\":\"Person\",\"@id\":\"https:\/\/revistaautobus.com.br\/#\/schema\/person\/54af7c3eb83a310e42ef686ef6d16f50\",\"name\":\"Antonio Ferro\",\"image\":{\"@type\":\"ImageObject\",\"inLanguage\":\"pt-BR\",\"@id\":\"https:\/\/revistaautobus.com.br\/wp-content\/uploads\/2025\/12\/editor_antonio_ferro-150x150.jpg\",\"url\":\"https:\/\/revistaautobus.com.br\/wp-content\/uploads\/2025\/12\/editor_antonio_ferro-150x150.jpg\",\"contentUrl\":\"https:\/\/revistaautobus.com.br\/wp-content\/uploads\/2025\/12\/editor_antonio_ferro-150x150.jpg\",\"caption\":\"Antonio Ferro\"},\"description\":\"infobus@uol.com.br\",\"url\":\"https:\/\/revistaautobus.com.br\/?author=2\"}]}<\/script>\n<!-- \/ Yoast SEO plugin. -->","yoast_head_json":{"title":"No M\u00e9xico, a marca dos 35 mil \u00f4nibus - Revista AutoBus","robots":{"index":"index","follow":"follow","max-snippet":"max-snippet:-1","max-image-preview":"max-image-preview:large","max-video-preview":"max-video-preview:-1"},"canonical":"https:\/\/revistaautobus.com.br\/?p=5069","og_locale":"pt_BR","og_type":"article","og_title":"No M\u00e9xico, a marca dos 35 mil \u00f4nibus - Revista AutoBus","og_description":"O ve\u00edculo que representa a unidade de n\u00famero 35 mil \u00e9 um modelo Viale BRT, com uma configura\u00e7\u00e3o arrojada e que atende a todas as exig\u00eancias dos sistemas de embarque do pa\u00eds mexicano","og_url":"https:\/\/revistaautobus.com.br\/?p=5069","og_site_name":"Revista AutoBus","article_publisher":"https:\/\/www.facebook.com\/antonio.ferro.3150","article_published_time":"2021-11-12T16:14:20+00:00","article_modified_time":"2021-11-12T16:14:22+00:00","og_image":[{"width":1200,"height":945,"url":"https:\/\/revistaautobus.com.br\/wp-content\/uploads\/2021\/11\/10112021-MP-Mexico_2.jpg","type":"image\/jpeg"}],"author":"Antonio Ferro","twitter_card":"summary_large_image","twitter_misc":{"Escrito por":"Antonio Ferro","Est. tempo de leitura":"1 minuto"},"schema":{"@context":"https:\/\/schema.org","@graph":[{"@type":"Article","@id":"https:\/\/revistaautobus.com.br\/?p=5069#article","isPartOf":{"@id":"https:\/\/revistaautobus.com.br\/?p=5069"},"author":{"name":"Antonio Ferro","@id":"https:\/\/revistaautobus.com.br\/#\/schema\/person\/54af7c3eb83a310e42ef686ef6d16f50"},"headline":"No M\u00e9xico, a marca dos 35 mil \u00f4nibus","datePublished":"2021-11-12T16:14:20+00:00","dateModified":"2021-11-12T16:14:22+00:00","mainEntityOfPage":{"@id":"https:\/\/revistaautobus.com.br\/?p=5069"},"wordCount":285,"commentCount":0,"publisher":{"@id":"https:\/\/revistaautobus.com.br\/#organization"},"image":{"@id":"https:\/\/revistaautobus.com.br\/?p=5069#primaryimage"},"thumbnailUrl":"https:\/\/revistaautobus.com.br\/wp-content\/uploads\/2021\/11\/10112021-MP-Mexico_2.jpg","keywords":["Marcopolo"],"articleSection":["Internacional"],"inLanguage":"pt-BR","potentialAction":[{"@type":"CommentAction","name":"Comment","target":["https:\/\/revistaautobus.com.br\/?p=5069#respond"]}]},{"@type":"WebPage","@id":"https:\/\/revistaautobus.com.br\/?p=5069","url":"https:\/\/revistaautobus.com.br\/?p=5069","name":"No M\u00e9xico, a marca dos 35 mil \u00f4nibus - Revista AutoBus","isPartOf":{"@id":"https:\/\/revistaautobus.com.br\/#website"},"primaryImageOfPage":{"@id":"https:\/\/revistaautobus.com.br\/?p=5069#primaryimage"},"image":{"@id":"https:\/\/revistaautobus.com.br\/?p=5069#primaryimage"},"thumbnailUrl":"https:\/\/revistaautobus.com.br\/wp-content\/uploads\/2021\/11\/10112021-MP-Mexico_2.jpg","datePublished":"2021-11-12T16:14:20+00:00","dateModified":"2021-11-12T16:14:22+00:00","breadcrumb":{"@id":"https:\/\/revistaautobus.com.br\/?p=5069#breadcrumb"},"inLanguage":"pt-BR","potentialAction":[{"@type":"ReadAction","target":["https:\/\/revistaautobus.com.br\/?p=5069"]}]},{"@type":"ImageObject","inLanguage":"pt-BR","@id":"https:\/\/revistaautobus.com.br\/?p=5069#primaryimage","url":"https:\/\/revistaautobus.com.br\/wp-content\/uploads\/2021\/11\/10112021-MP-Mexico_2.jpg","contentUrl":"https:\/\/revistaautobus.com.br\/wp-content\/uploads\/2021\/11\/10112021-MP-Mexico_2.jpg","width":1200,"height":945},{"@type":"BreadcrumbList","@id":"https:\/\/revistaautobus.com.br\/?p=5069#breadcrumb","itemListElement":[{"@type":"ListItem","position":1,"name":"In\u00edcio","item":"https:\/\/revistaautobus.com.br\/"},{"@type":"ListItem","position":2,"name":"No M\u00e9xico, a marca dos 35 mil \u00f4nibus"}]},{"@type":"WebSite","@id":"https:\/\/revistaautobus.com.br\/#website","url":"https:\/\/revistaautobus.com.br\/","name":"Revista AutoBus","description":"","publisher":{"@id":"https:\/\/revistaautobus.com.br\/#organization"},"potentialAction":[{"@type":"SearchAction","target":{"@type":"EntryPoint","urlTemplate":"https:\/\/revistaautobus.com.br\/?s={search_term_string}"},"query-input":{"@type":"PropertyValueSpecification","valueRequired":true,"valueName":"search_term_string"}}],"inLanguage":"pt-BR"},{"@type":"Organization","@id":"https:\/\/revistaautobus.com.br\/#organization","name":"Revista AutoBus","url":"https:\/\/revistaautobus.com.br\/","logo":{"@type":"ImageObject","inLanguage":"pt-BR","@id":"https:\/\/revistaautobus.com.br\/#\/schema\/logo\/image\/","url":"https:\/\/revistaautobus.com.br\/wp-content\/uploads\/2024\/11\/logo_revista_autobus_fb.png","contentUrl":"https:\/\/revistaautobus.com.br\/wp-content\/uploads\/2024\/11\/logo_revista_autobus_fb.png","width":836,"height":227,"caption":"Revista AutoBus"},"image":{"@id":"https:\/\/revistaautobus.com.br\/#\/schema\/logo\/image\/"},"sameAs":["https:\/\/www.facebook.com\/antonio.ferro.3150","https:\/\/www.instagram.com\/revistaautobus\/"]},{"@type":"Person","@id":"https:\/\/revistaautobus.com.br\/#\/schema\/person\/54af7c3eb83a310e42ef686ef6d16f50","name":"Antonio Ferro","image":{"@type":"ImageObject","inLanguage":"pt-BR","@id":"https:\/\/revistaautobus.com.br\/wp-content\/uploads\/2025\/12\/editor_antonio_ferro-150x150.jpg","url":"https:\/\/revistaautobus.com.br\/wp-content\/uploads\/2025\/12\/editor_antonio_ferro-150x150.jpg","contentUrl":"https:\/\/revistaautobus.com.br\/wp-content\/uploads\/2025\/12\/editor_antonio_ferro-150x150.jpg","caption":"Antonio Ferro"},"description":"infobus@uol.com.br","url":"https:\/\/revistaautobus.com.br\/?author=2"}]}},"jetpack_featured_media_url":"https:\/\/revistaautobus.com.br\/wp-content\/uploads\/2021\/11\/10112021-MP-Mexico_2.jpg","jetpack_sharing_enabled":true,"_links":{"self":[{"href":"https:\/\/revistaautobus.com.br\/index.php?rest_route=\/wp\/v2\/posts\/5069","targetHints":{"allow":["GET"]}}],"collection":[{"href":"https:\/\/revistaautobus.com.br\/index.php?rest_route=\/wp\/v2\/posts"}],"about":[{"href":"https:\/\/revistaautobus.com.br\/index.php?rest_route=\/wp\/v2\/types\/post"}],"author":[{"embeddable":true,"href":"https:\/\/revistaautobus.com.br\/index.php?rest_route=\/wp\/v2\/users\/2"}],"replies":[{"embeddable":true,"href":"https:\/\/revistaautobus.com.br\/index.php?rest_route=%2Fwp%2Fv2%2Fcomments&post=5069"}],"version-history":[{"count":2,"href":"https:\/\/revistaautobus.com.br\/index.php?rest_route=\/wp\/v2\/posts\/5069\/revisions"}],"predecessor-version":[{"id":5072,"href":"https:\/\/revistaautobus.com.br\/index.php?rest_route=\/wp\/v2\/posts\/5069\/revisions\/5072"}],"wp:featuredmedia":[{"embeddable":true,"href":"https:\/\/revistaautobus.com.br\/index.php?rest_route=\/wp\/v2\/media\/5070"}],"wp:attachment":[{"href":"https:\/\/revistaautobus.com.br\/index.php?rest_route=%2Fwp%2Fv2%2Fmedia&parent=5069"}],"wp:term":[{"taxonomy":"category","embeddable":true,"href":"https:\/\/revistaautobus.com.br\/index.php?rest_route=%2Fwp%2Fv2%2Fcategories&post=5069"},{"taxonomy":"post_tag","embeddable":true,"href":"https:\/\/revistaautobus.com.br\/index.php?rest_route=%2Fwp%2Fv2%2Ftags&post=5069"}],"curies":[{"name":"wp","href":"https:\/\/api.w.org\/{rel}","templated":true}]}}