{"id":5081,"date":"2021-11-12T13:22:12","date_gmt":"2021-11-12T16:22:12","guid":{"rendered":"https:\/\/vila8.com.br\/clientes\/autobus\/?p=5081"},"modified":"2021-11-12T13:22:14","modified_gmt":"2021-11-12T16:22:14","slug":"segmento-urbano-engasgado-com-a-falta-de-atencao","status":"publish","type":"post","link":"https:\/\/revistaautobus.com.br\/?p=5081","title":{"rendered":"Segmento urbano engasgado com a falta de aten\u00e7\u00e3o"},"content":{"rendered":"\n<p class=\"has-drop-cap\">As tarifas de \u00f4nibus urbanos poder\u00e3o impactar negativamente o cen\u00e1rio econ\u00f4mico em 2022. \u00c9 o que a Associa\u00e7\u00e3o Nacional das Empresas de Transportes Urbanos (NTU) vem a p\u00fablico para advertir que a falta de pol\u00edticas de apoio ao setor, principalmente por parte do governo federal, e a manuten\u00e7\u00e3o das atuais regras dos contratos de concess\u00e3o podem levar a um aumento de pelo menos 50% nos pre\u00e7os das tarifas de \u00f4nibus em todo o pa\u00eds a partir de janeiro do ano que vem, quando come\u00e7am as revis\u00f5es tarif\u00e1rias previstas em contrato.<\/p>\n\n\n\n<p>Como se v\u00ea, quem poder\u00e1 pagar o pato, mais uma vez, \u00e9 o cidad\u00e3o comum, que necessita de transporte coletivo para se locomover em seu cotidiano.<\/p>\n\n\n\n<p>De acordo com a entidade, as datas-base de reajustes de sal\u00e1rios dos motoristas e cobradores ocorrem anualmente entre janeiro e maio e como os sal\u00e1rios desses profissionais \u2013 que respondem por 48,8% em m\u00e9dia, dos custos das empresas \u2013 est\u00e3o pressionados pela infla\u00e7\u00e3o descontrolada, que j\u00e1 acumula 10,25% nos \u00faltimos 12 meses, o setor prev\u00ea forte press\u00e3o por reajustes salariais, num momento em que as empresas est\u00e3o descapitalizadas e sem caixa para fazer frente \u00e0s suas obriga\u00e7\u00f5es.<\/p>\n\n\n\n<p>Assim sendo, a possibilidade de movimentos grevistas e demiss\u00f5es est\u00e1 no radar do setor, resultando em uma situa\u00e7\u00e3o ainda mais complicada, tanto para empres\u00e1rios quanto por trabalhadores e, principalmente, para os passageiros.<\/p>\n\n\n\n<p>Em nota, a NTU informou que empresas de transporte p\u00fablico n\u00e3o querem mais aumentos da tarifa p\u00fablica definidos pelo poder p\u00fablico, porque afugentam o passageiro e s\u00e3o contraproducentes. O setor defende solu\u00e7\u00f5es estruturais e definitivas que reestabele\u00e7am e assegurem o equil\u00edbrio econ\u00f4mico-financeiro dos sistemas de transporte p\u00fablico, incluindo uma nova pol\u00edtica tarif\u00e1ria, que remunere o custo do servi\u00e7o prestado, independente da tarifa cobrada do passageiro; uma pol\u00edtica de pre\u00e7os diferenciados para os insumos do setor; pol\u00edticas de apoio e fortalecimento do transporte p\u00fablico por parte do governo federal, estados e munic\u00edpios; e a ado\u00e7\u00e3o de um novo marco legal para o transporte p\u00fablico brasileiro, que modernize as regras atuais, garanta uma tarifa barata para o passageiro e um transporte de melhor qualidade em benef\u00edcio de toda a sociedade.<\/p>\n\n\n\n<p>Para a associa\u00e7\u00e3o, se mantida a pr\u00e1tica de transferir ao passageiro a responsabilidade de custear sozinho o transporte coletivo, adotada na maioria dos contratos em vigor no Pa\u00eds, pode haver, no pr\u00f3ximo ano, uma alta de R$ 2,00 na tarifa ou mais, com consequ\u00eancias imprevis\u00edveis, e n\u00e3o de R$ 0,20, como a que deflagrou os protestos populares de 2013. Na m\u00e9dia nacional, hoje, o valor da tarifa p\u00fablica (cobrada do passageiro) \u00e9 de R$ 4,04.<\/p>\n\n\n\n<p>Se hoje, os servi\u00e7os e os sistemas de transporte coletivo realizados pelo \u00f4nibus urbano se encontram em situa\u00e7\u00e3o ca\u00f3tica e com qualidade bem indesejada, o futuro parece que reserva, se n\u00e3o houver a\u00e7\u00f5es concretas para mudar esse quadro negativo, uma condi\u00e7\u00e3o bem degradada ao setor.<\/p>\n\n\n\n<p>Imagem &#8211; Arquivo SPUrbanuss<\/p>\n","protected":false},"excerpt":{"rendered":"<p>A NTU informou que empresas de transporte p\u00fablico n\u00e3o querem mais aumentos da tarifa p\u00fablica definidos pelo poder p\u00fablico, porque afugentam o passageiro e s\u00e3o contraproducentes<\/p>\n","protected":false},"author":2,"featured_media":5082,"comment_status":"open","ping_status":"open","sticky":false,"template":"","format":"standard","meta":{"_et_pb_use_builder":"off","_et_pb_old_content":"","_et_gb_content_width":"","_jetpack_memberships_contains_paid_content":false,"footnotes":""},"categories":[5],"tags":[35],"class_list":["post-5081","post","type-post","status-publish","format-standard","has-post-thumbnail","hentry","category-conexao-mobilidade","tag-onibus-urbano","et-has-post-format-content","et_post_format-et-post-format-standard"],"yoast_head":"<!-- This site is optimized with the Yoast SEO plugin v27.2 - https:\/\/yoast.com\/product\/yoast-seo-wordpress\/ -->\n<title>Segmento urbano engasgado com a falta de aten\u00e7\u00e3o - Revista AutoBus<\/title>\n<meta name=\"robots\" content=\"index, follow, max-snippet:-1, max-image-preview:large, max-video-preview:-1\" \/>\n<link rel=\"canonical\" href=\"https:\/\/revistaautobus.com.br\/?p=5081\" \/>\n<meta property=\"og:locale\" content=\"pt_BR\" \/>\n<meta property=\"og:type\" content=\"article\" \/>\n<meta property=\"og:title\" content=\"Segmento urbano engasgado com a falta de aten\u00e7\u00e3o - Revista AutoBus\" \/>\n<meta property=\"og:description\" content=\"A NTU informou que empresas de transporte p\u00fablico n\u00e3o querem mais aumentos da tarifa p\u00fablica definidos pelo poder p\u00fablico, porque afugentam o passageiro e s\u00e3o contraproducentes\" \/>\n<meta property=\"og:url\" content=\"https:\/\/revistaautobus.com.br\/?p=5081\" \/>\n<meta property=\"og:site_name\" content=\"Revista AutoBus\" \/>\n<meta property=\"article:publisher\" content=\"https:\/\/www.facebook.com\/antonio.ferro.3150\" \/>\n<meta property=\"article:published_time\" content=\"2021-11-12T16:22:12+00:00\" \/>\n<meta property=\"article:modified_time\" content=\"2021-11-12T16:22:14+00:00\" \/>\n<meta property=\"og:image\" content=\"https:\/\/revistaautobus.com.br\/wp-content\/uploads\/2021\/11\/IMG_5863.jpg\" \/>\n\t<meta property=\"og:image:width\" content=\"1000\" \/>\n\t<meta property=\"og:image:height\" content=\"667\" \/>\n\t<meta property=\"og:image:type\" content=\"image\/jpeg\" \/>\n<meta name=\"author\" content=\"Antonio Ferro\" \/>\n<meta name=\"twitter:card\" content=\"summary_large_image\" \/>\n<meta name=\"twitter:label1\" content=\"Escrito por\" \/>\n\t<meta name=\"twitter:data1\" content=\"Antonio Ferro\" \/>\n\t<meta name=\"twitter:label2\" content=\"Est. tempo de leitura\" \/>\n\t<meta name=\"twitter:data2\" content=\"3 minutos\" \/>\n<script type=\"application\/ld+json\" class=\"yoast-schema-graph\">{\"@context\":\"https:\/\/schema.org\",\"@graph\":[{\"@type\":\"Article\",\"@id\":\"https:\/\/revistaautobus.com.br\/?p=5081#article\",\"isPartOf\":{\"@id\":\"https:\/\/revistaautobus.com.br\/?p=5081\"},\"author\":{\"name\":\"Antonio Ferro\",\"@id\":\"https:\/\/revistaautobus.com.br\/#\/schema\/person\/54af7c3eb83a310e42ef686ef6d16f50\"},\"headline\":\"Segmento urbano engasgado com a falta de aten\u00e7\u00e3o\",\"datePublished\":\"2021-11-12T16:22:12+00:00\",\"dateModified\":\"2021-11-12T16:22:14+00:00\",\"mainEntityOfPage\":{\"@id\":\"https:\/\/revistaautobus.com.br\/?p=5081\"},\"wordCount\":533,\"commentCount\":0,\"publisher\":{\"@id\":\"https:\/\/revistaautobus.com.br\/#organization\"},\"image\":{\"@id\":\"https:\/\/revistaautobus.com.br\/?p=5081#primaryimage\"},\"thumbnailUrl\":\"https:\/\/revistaautobus.com.br\/wp-content\/uploads\/2021\/11\/IMG_5863.jpg\",\"keywords\":[\"\u00f4nibus urbano\"],\"articleSection\":[\"Conex\u00e3o Mobilidade\"],\"inLanguage\":\"pt-BR\",\"potentialAction\":[{\"@type\":\"CommentAction\",\"name\":\"Comment\",\"target\":[\"https:\/\/revistaautobus.com.br\/?p=5081#respond\"]}]},{\"@type\":\"WebPage\",\"@id\":\"https:\/\/revistaautobus.com.br\/?p=5081\",\"url\":\"https:\/\/revistaautobus.com.br\/?p=5081\",\"name\":\"Segmento urbano engasgado com a falta de aten\u00e7\u00e3o - Revista AutoBus\",\"isPartOf\":{\"@id\":\"https:\/\/revistaautobus.com.br\/#website\"},\"primaryImageOfPage\":{\"@id\":\"https:\/\/revistaautobus.com.br\/?p=5081#primaryimage\"},\"image\":{\"@id\":\"https:\/\/revistaautobus.com.br\/?p=5081#primaryimage\"},\"thumbnailUrl\":\"https:\/\/revistaautobus.com.br\/wp-content\/uploads\/2021\/11\/IMG_5863.jpg\",\"datePublished\":\"2021-11-12T16:22:12+00:00\",\"dateModified\":\"2021-11-12T16:22:14+00:00\",\"breadcrumb\":{\"@id\":\"https:\/\/revistaautobus.com.br\/?p=5081#breadcrumb\"},\"inLanguage\":\"pt-BR\",\"potentialAction\":[{\"@type\":\"ReadAction\",\"target\":[\"https:\/\/revistaautobus.com.br\/?p=5081\"]}]},{\"@type\":\"ImageObject\",\"inLanguage\":\"pt-BR\",\"@id\":\"https:\/\/revistaautobus.com.br\/?p=5081#primaryimage\",\"url\":\"https:\/\/revistaautobus.com.br\/wp-content\/uploads\/2021\/11\/IMG_5863.jpg\",\"contentUrl\":\"https:\/\/revistaautobus.com.br\/wp-content\/uploads\/2021\/11\/IMG_5863.jpg\",\"width\":1000,\"height\":667},{\"@type\":\"BreadcrumbList\",\"@id\":\"https:\/\/revistaautobus.com.br\/?p=5081#breadcrumb\",\"itemListElement\":[{\"@type\":\"ListItem\",\"position\":1,\"name\":\"In\u00edcio\",\"item\":\"https:\/\/revistaautobus.com.br\/\"},{\"@type\":\"ListItem\",\"position\":2,\"name\":\"Segmento urbano engasgado com a falta de aten\u00e7\u00e3o\"}]},{\"@type\":\"WebSite\",\"@id\":\"https:\/\/revistaautobus.com.br\/#website\",\"url\":\"https:\/\/revistaautobus.com.br\/\",\"name\":\"Revista AutoBus\",\"description\":\"\",\"publisher\":{\"@id\":\"https:\/\/revistaautobus.com.br\/#organization\"},\"potentialAction\":[{\"@type\":\"SearchAction\",\"target\":{\"@type\":\"EntryPoint\",\"urlTemplate\":\"https:\/\/revistaautobus.com.br\/?s={search_term_string}\"},\"query-input\":{\"@type\":\"PropertyValueSpecification\",\"valueRequired\":true,\"valueName\":\"search_term_string\"}}],\"inLanguage\":\"pt-BR\"},{\"@type\":\"Organization\",\"@id\":\"https:\/\/revistaautobus.com.br\/#organization\",\"name\":\"Revista AutoBus\",\"url\":\"https:\/\/revistaautobus.com.br\/\",\"logo\":{\"@type\":\"ImageObject\",\"inLanguage\":\"pt-BR\",\"@id\":\"https:\/\/revistaautobus.com.br\/#\/schema\/logo\/image\/\",\"url\":\"https:\/\/revistaautobus.com.br\/wp-content\/uploads\/2024\/11\/logo_revista_autobus_fb.png\",\"contentUrl\":\"https:\/\/revistaautobus.com.br\/wp-content\/uploads\/2024\/11\/logo_revista_autobus_fb.png\",\"width\":836,\"height\":227,\"caption\":\"Revista AutoBus\"},\"image\":{\"@id\":\"https:\/\/revistaautobus.com.br\/#\/schema\/logo\/image\/\"},\"sameAs\":[\"https:\/\/www.facebook.com\/antonio.ferro.3150\",\"https:\/\/www.instagram.com\/revistaautobus\/\"]},{\"@type\":\"Person\",\"@id\":\"https:\/\/revistaautobus.com.br\/#\/schema\/person\/54af7c3eb83a310e42ef686ef6d16f50\",\"name\":\"Antonio Ferro\",\"image\":{\"@type\":\"ImageObject\",\"inLanguage\":\"pt-BR\",\"@id\":\"https:\/\/revistaautobus.com.br\/wp-content\/uploads\/2025\/12\/editor_antonio_ferro-150x150.jpg\",\"url\":\"https:\/\/revistaautobus.com.br\/wp-content\/uploads\/2025\/12\/editor_antonio_ferro-150x150.jpg\",\"contentUrl\":\"https:\/\/revistaautobus.com.br\/wp-content\/uploads\/2025\/12\/editor_antonio_ferro-150x150.jpg\",\"caption\":\"Antonio Ferro\"},\"description\":\"infobus@uol.com.br\",\"url\":\"https:\/\/revistaautobus.com.br\/?author=2\"}]}<\/script>\n<!-- \/ Yoast SEO plugin. -->","yoast_head_json":{"title":"Segmento urbano engasgado com a falta de aten\u00e7\u00e3o - Revista AutoBus","robots":{"index":"index","follow":"follow","max-snippet":"max-snippet:-1","max-image-preview":"max-image-preview:large","max-video-preview":"max-video-preview:-1"},"canonical":"https:\/\/revistaautobus.com.br\/?p=5081","og_locale":"pt_BR","og_type":"article","og_title":"Segmento urbano engasgado com a falta de aten\u00e7\u00e3o - Revista AutoBus","og_description":"A NTU informou que empresas de transporte p\u00fablico n\u00e3o querem mais aumentos da tarifa p\u00fablica definidos pelo poder p\u00fablico, porque afugentam o passageiro e s\u00e3o contraproducentes","og_url":"https:\/\/revistaautobus.com.br\/?p=5081","og_site_name":"Revista AutoBus","article_publisher":"https:\/\/www.facebook.com\/antonio.ferro.3150","article_published_time":"2021-11-12T16:22:12+00:00","article_modified_time":"2021-11-12T16:22:14+00:00","og_image":[{"width":1000,"height":667,"url":"https:\/\/revistaautobus.com.br\/wp-content\/uploads\/2021\/11\/IMG_5863.jpg","type":"image\/jpeg"}],"author":"Antonio Ferro","twitter_card":"summary_large_image","twitter_misc":{"Escrito por":"Antonio Ferro","Est. tempo de leitura":"3 minutos"},"schema":{"@context":"https:\/\/schema.org","@graph":[{"@type":"Article","@id":"https:\/\/revistaautobus.com.br\/?p=5081#article","isPartOf":{"@id":"https:\/\/revistaautobus.com.br\/?p=5081"},"author":{"name":"Antonio Ferro","@id":"https:\/\/revistaautobus.com.br\/#\/schema\/person\/54af7c3eb83a310e42ef686ef6d16f50"},"headline":"Segmento urbano engasgado com a falta de aten\u00e7\u00e3o","datePublished":"2021-11-12T16:22:12+00:00","dateModified":"2021-11-12T16:22:14+00:00","mainEntityOfPage":{"@id":"https:\/\/revistaautobus.com.br\/?p=5081"},"wordCount":533,"commentCount":0,"publisher":{"@id":"https:\/\/revistaautobus.com.br\/#organization"},"image":{"@id":"https:\/\/revistaautobus.com.br\/?p=5081#primaryimage"},"thumbnailUrl":"https:\/\/revistaautobus.com.br\/wp-content\/uploads\/2021\/11\/IMG_5863.jpg","keywords":["\u00f4nibus urbano"],"articleSection":["Conex\u00e3o Mobilidade"],"inLanguage":"pt-BR","potentialAction":[{"@type":"CommentAction","name":"Comment","target":["https:\/\/revistaautobus.com.br\/?p=5081#respond"]}]},{"@type":"WebPage","@id":"https:\/\/revistaautobus.com.br\/?p=5081","url":"https:\/\/revistaautobus.com.br\/?p=5081","name":"Segmento urbano engasgado com a falta de aten\u00e7\u00e3o - Revista AutoBus","isPartOf":{"@id":"https:\/\/revistaautobus.com.br\/#website"},"primaryImageOfPage":{"@id":"https:\/\/revistaautobus.com.br\/?p=5081#primaryimage"},"image":{"@id":"https:\/\/revistaautobus.com.br\/?p=5081#primaryimage"},"thumbnailUrl":"https:\/\/revistaautobus.com.br\/wp-content\/uploads\/2021\/11\/IMG_5863.jpg","datePublished":"2021-11-12T16:22:12+00:00","dateModified":"2021-11-12T16:22:14+00:00","breadcrumb":{"@id":"https:\/\/revistaautobus.com.br\/?p=5081#breadcrumb"},"inLanguage":"pt-BR","potentialAction":[{"@type":"ReadAction","target":["https:\/\/revistaautobus.com.br\/?p=5081"]}]},{"@type":"ImageObject","inLanguage":"pt-BR","@id":"https:\/\/revistaautobus.com.br\/?p=5081#primaryimage","url":"https:\/\/revistaautobus.com.br\/wp-content\/uploads\/2021\/11\/IMG_5863.jpg","contentUrl":"https:\/\/revistaautobus.com.br\/wp-content\/uploads\/2021\/11\/IMG_5863.jpg","width":1000,"height":667},{"@type":"BreadcrumbList","@id":"https:\/\/revistaautobus.com.br\/?p=5081#breadcrumb","itemListElement":[{"@type":"ListItem","position":1,"name":"In\u00edcio","item":"https:\/\/revistaautobus.com.br\/"},{"@type":"ListItem","position":2,"name":"Segmento urbano engasgado com a falta de aten\u00e7\u00e3o"}]},{"@type":"WebSite","@id":"https:\/\/revistaautobus.com.br\/#website","url":"https:\/\/revistaautobus.com.br\/","name":"Revista AutoBus","description":"","publisher":{"@id":"https:\/\/revistaautobus.com.br\/#organization"},"potentialAction":[{"@type":"SearchAction","target":{"@type":"EntryPoint","urlTemplate":"https:\/\/revistaautobus.com.br\/?s={search_term_string}"},"query-input":{"@type":"PropertyValueSpecification","valueRequired":true,"valueName":"search_term_string"}}],"inLanguage":"pt-BR"},{"@type":"Organization","@id":"https:\/\/revistaautobus.com.br\/#organization","name":"Revista AutoBus","url":"https:\/\/revistaautobus.com.br\/","logo":{"@type":"ImageObject","inLanguage":"pt-BR","@id":"https:\/\/revistaautobus.com.br\/#\/schema\/logo\/image\/","url":"https:\/\/revistaautobus.com.br\/wp-content\/uploads\/2024\/11\/logo_revista_autobus_fb.png","contentUrl":"https:\/\/revistaautobus.com.br\/wp-content\/uploads\/2024\/11\/logo_revista_autobus_fb.png","width":836,"height":227,"caption":"Revista AutoBus"},"image":{"@id":"https:\/\/revistaautobus.com.br\/#\/schema\/logo\/image\/"},"sameAs":["https:\/\/www.facebook.com\/antonio.ferro.3150","https:\/\/www.instagram.com\/revistaautobus\/"]},{"@type":"Person","@id":"https:\/\/revistaautobus.com.br\/#\/schema\/person\/54af7c3eb83a310e42ef686ef6d16f50","name":"Antonio Ferro","image":{"@type":"ImageObject","inLanguage":"pt-BR","@id":"https:\/\/revistaautobus.com.br\/wp-content\/uploads\/2025\/12\/editor_antonio_ferro-150x150.jpg","url":"https:\/\/revistaautobus.com.br\/wp-content\/uploads\/2025\/12\/editor_antonio_ferro-150x150.jpg","contentUrl":"https:\/\/revistaautobus.com.br\/wp-content\/uploads\/2025\/12\/editor_antonio_ferro-150x150.jpg","caption":"Antonio Ferro"},"description":"infobus@uol.com.br","url":"https:\/\/revistaautobus.com.br\/?author=2"}]}},"jetpack_featured_media_url":"https:\/\/revistaautobus.com.br\/wp-content\/uploads\/2021\/11\/IMG_5863.jpg","jetpack_sharing_enabled":true,"_links":{"self":[{"href":"https:\/\/revistaautobus.com.br\/index.php?rest_route=\/wp\/v2\/posts\/5081","targetHints":{"allow":["GET"]}}],"collection":[{"href":"https:\/\/revistaautobus.com.br\/index.php?rest_route=\/wp\/v2\/posts"}],"about":[{"href":"https:\/\/revistaautobus.com.br\/index.php?rest_route=\/wp\/v2\/types\/post"}],"author":[{"embeddable":true,"href":"https:\/\/revistaautobus.com.br\/index.php?rest_route=\/wp\/v2\/users\/2"}],"replies":[{"embeddable":true,"href":"https:\/\/revistaautobus.com.br\/index.php?rest_route=%2Fwp%2Fv2%2Fcomments&post=5081"}],"version-history":[{"count":2,"href":"https:\/\/revistaautobus.com.br\/index.php?rest_route=\/wp\/v2\/posts\/5081\/revisions"}],"predecessor-version":[{"id":5084,"href":"https:\/\/revistaautobus.com.br\/index.php?rest_route=\/wp\/v2\/posts\/5081\/revisions\/5084"}],"wp:featuredmedia":[{"embeddable":true,"href":"https:\/\/revistaautobus.com.br\/index.php?rest_route=\/wp\/v2\/media\/5082"}],"wp:attachment":[{"href":"https:\/\/revistaautobus.com.br\/index.php?rest_route=%2Fwp%2Fv2%2Fmedia&parent=5081"}],"wp:term":[{"taxonomy":"category","embeddable":true,"href":"https:\/\/revistaautobus.com.br\/index.php?rest_route=%2Fwp%2Fv2%2Fcategories&post=5081"},{"taxonomy":"post_tag","embeddable":true,"href":"https:\/\/revistaautobus.com.br\/index.php?rest_route=%2Fwp%2Fv2%2Ftags&post=5081"}],"curies":[{"name":"wp","href":"https:\/\/api.w.org\/{rel}","templated":true}]}}