{"id":5104,"date":"2021-11-22T16:48:07","date_gmt":"2021-11-22T19:48:07","guid":{"rendered":"https:\/\/vila8.com.br\/clientes\/autobus\/?p=5104"},"modified":"2021-11-22T16:48:09","modified_gmt":"2021-11-22T19:48:09","slug":"repensando-a-forma-de-remunerar-a-tarifa","status":"publish","type":"post","link":"https:\/\/revistaautobus.com.br\/?p=5104","title":{"rendered":"Repensando a forma de remunerar a tarifa"},"content":{"rendered":"\n<p class=\"has-drop-cap\">A reformula\u00e7\u00e3o da maneira como se arrecada, hoje, as tarifas do transporte coletivo urbano, tem sido debatida de modo mais enf\u00e1tico em busca de um novo mecanismo que seja mais adequado e equilibrado para as contas fecharem no segmento. O principal ponto \u00e9 a separa\u00e7\u00e3o da tarifa p\u00fablica, aquela cobrada diretamente do passageiro, da tarifa de remunera\u00e7\u00e3o, que embute a receita oriunda de outras fontes de custeio.<\/p>\n\n\n\n<p>Segundo especialistas, essa \u00e9 uma tend\u00eancia que pode ser vi\u00e1vel em meio ao momento complicado vivido pelo setor, que clama por solu\u00e7\u00f5es financeiras para sustentar a opera\u00e7\u00e3o. Um recente exemplo foi dado pela C\u00e2mara Municipal do Rio de Janeiro, que aprovou, em primeira vota\u00e7\u00e3o, dois projetos que visam a reformula\u00e7\u00e3o da pol\u00edtica tarif\u00e1ria do transporte coletivo e a contrata\u00e7\u00e3o direta, pela Prefeitura da capital fluminense, de funcion\u00e1rios de empresas concession\u00e1rias, caso haja extin\u00e7\u00e3o do contrato com aquele munic\u00edpio.<\/p>\n\n\n\n<p>O ge\u00f3grafo e mestre em Transportes pela Universidade de Bras\u00edlia (UnB), Miguel \u00c2ngelo Pricinote, classificou o avan\u00e7o das propostas aprovadas em primeira inst\u00e2ncia pelo Legislativo carioca como \u201ccaminho importante\u201d para o transporte daquela capital. \u201cEsse novo modelo a remunera\u00e7\u00e3o do operador deixa de ser baseada no n\u00famero de passageiros e passa a considerar a quilometragem rodada, custeando efetivamente o servi\u00e7o que foi de fato prestado pelo operador. Tal medida faz com que os impactos gerados pela pandemia n\u00e3o sejam transferidos aos usu\u00e1rios e, sim, financiado pelo poder p\u00fablico. Os investimentos precisam ser feitos independentemente do n\u00famero de passageiros, eliminando o atual c\u00edrculo vicioso que vem destruindo o transporte\u201d, ressaltou.<\/p>\n\n\n\n<p>Ainda, de acordo com Pricinote, \u00e9 importante ressaltar que o aumento no valor das passagens de \u00f4nibus impacta negativamente na demanda e, quanto mais aumenta o pre\u00e7o do transporte p\u00fablico, menos ele \u00e9 usado. \u201cIsso gera nova necessidade de se aumentar o pre\u00e7o da tarifa. Para piorar, o aumento do custo n\u00e3o vem acompanhado de uma melhora da qualidade, o que tamb\u00e9m desestimula seu uso. Tal situa\u00e7\u00e3o ocorre, em regra geral, quando o custo do transporte \u00e9 100% coberto pelas tarifas cobradas dos usu\u00e1rios, diferentemente do que ocorre em outros pa\u00edses\u201d, explicou.<\/p>\n\n\n\n<p>A cobran\u00e7a de tributos sobre usu\u00e1rios e propriet\u00e1rios de autom\u00f3veis e pelos propriet\u00e1rios de im\u00f3veis e com\u00e9rcios valorizados pela proximidade com estruturas de transporte p\u00fablico pode ser uma estrat\u00e9gia para que as gest\u00f5es p\u00fablicas municipais possam alcan\u00e7ar recursos financeiros para subsidiar as tarifas de \u00f4nibus.<\/p>\n\n\n\n<p>Hoje, no Brasil, apenas 11 sistemas de transporte p\u00fablico possuem algum tipo de subs\u00eddio para o transporte p\u00fablico. Pelo mundo, a situa\u00e7\u00e3o \u00e9 bem diferente da nossa realidade, sendo que os subs\u00eddios chegam a atingir n\u00edveis superiores a 50% da receita em algumas cidades europeias e latino-americanas.<\/p>\n\n\n\n<p>Imagem &#8211; Divulga\u00e7\u00e3o Mova-se<\/p>\n","protected":false},"excerpt":{"rendered":"<p>\u00c9 importante ressaltar que o aumento no valor das passagens de \u00f4nibus impacta negativamente na demanda e, quanto mais aumenta o pre\u00e7o do transporte p\u00fablico, menos ele \u00e9 usado<\/p>\n","protected":false},"author":2,"featured_media":5105,"comment_status":"open","ping_status":"open","sticky":false,"template":"","format":"standard","meta":{"_et_pb_use_builder":"off","_et_pb_old_content":"","_et_gb_content_width":"","_jetpack_memberships_contains_paid_content":false,"footnotes":""},"categories":[90],"tags":[35],"class_list":["post-5104","post","type-post","status-publish","format-standard","has-post-thumbnail","hentry","category-noticias","tag-onibus-urbano","et-has-post-format-content","et_post_format-et-post-format-standard"],"yoast_head":"<!-- This site is optimized with the Yoast SEO plugin v27.2 - https:\/\/yoast.com\/product\/yoast-seo-wordpress\/ -->\n<title>Repensando a forma de remunerar a tarifa - Revista AutoBus<\/title>\n<meta name=\"robots\" content=\"index, follow, max-snippet:-1, max-image-preview:large, max-video-preview:-1\" \/>\n<link rel=\"canonical\" href=\"https:\/\/revistaautobus.com.br\/?p=5104\" \/>\n<meta property=\"og:locale\" content=\"pt_BR\" \/>\n<meta property=\"og:type\" content=\"article\" \/>\n<meta property=\"og:title\" content=\"Repensando a forma de remunerar a tarifa - Revista AutoBus\" \/>\n<meta property=\"og:description\" content=\"\u00c9 importante ressaltar que o aumento no valor das passagens de \u00f4nibus impacta negativamente na demanda e, quanto mais aumenta o pre\u00e7o do transporte p\u00fablico, menos ele \u00e9 usado\" \/>\n<meta property=\"og:url\" content=\"https:\/\/revistaautobus.com.br\/?p=5104\" \/>\n<meta property=\"og:site_name\" content=\"Revista AutoBus\" \/>\n<meta property=\"article:publisher\" content=\"https:\/\/www.facebook.com\/antonio.ferro.3150\" \/>\n<meta property=\"article:published_time\" content=\"2021-11-22T19:48:07+00:00\" \/>\n<meta property=\"article:modified_time\" content=\"2021-11-22T19:48:09+00:00\" \/>\n<meta property=\"og:image\" content=\"https:\/\/revistaautobus.com.br\/wp-content\/uploads\/2021\/11\/divulgacaoMova-se.jpg\" \/>\n\t<meta property=\"og:image:width\" content=\"1200\" \/>\n\t<meta property=\"og:image:height\" content=\"899\" \/>\n\t<meta property=\"og:image:type\" content=\"image\/jpeg\" \/>\n<meta name=\"author\" content=\"Antonio Ferro\" \/>\n<meta name=\"twitter:card\" content=\"summary_large_image\" \/>\n<meta name=\"twitter:label1\" content=\"Escrito por\" \/>\n\t<meta name=\"twitter:data1\" content=\"Antonio Ferro\" \/>\n\t<meta name=\"twitter:label2\" content=\"Est. tempo de leitura\" \/>\n\t<meta name=\"twitter:data2\" content=\"2 minutos\" \/>\n<script type=\"application\/ld+json\" class=\"yoast-schema-graph\">{\"@context\":\"https:\/\/schema.org\",\"@graph\":[{\"@type\":\"Article\",\"@id\":\"https:\/\/revistaautobus.com.br\/?p=5104#article\",\"isPartOf\":{\"@id\":\"https:\/\/revistaautobus.com.br\/?p=5104\"},\"author\":{\"name\":\"Antonio Ferro\",\"@id\":\"https:\/\/revistaautobus.com.br\/#\/schema\/person\/54af7c3eb83a310e42ef686ef6d16f50\"},\"headline\":\"Repensando a forma de remunerar a tarifa\",\"datePublished\":\"2021-11-22T19:48:07+00:00\",\"dateModified\":\"2021-11-22T19:48:09+00:00\",\"mainEntityOfPage\":{\"@id\":\"https:\/\/revistaautobus.com.br\/?p=5104\"},\"wordCount\":498,\"commentCount\":0,\"publisher\":{\"@id\":\"https:\/\/revistaautobus.com.br\/#organization\"},\"image\":{\"@id\":\"https:\/\/revistaautobus.com.br\/?p=5104#primaryimage\"},\"thumbnailUrl\":\"https:\/\/revistaautobus.com.br\/wp-content\/uploads\/2021\/11\/divulgacaoMova-se.jpg\",\"keywords\":[\"\u00f4nibus urbano\"],\"articleSection\":[\"Not\u00edcias\"],\"inLanguage\":\"pt-BR\",\"potentialAction\":[{\"@type\":\"CommentAction\",\"name\":\"Comment\",\"target\":[\"https:\/\/revistaautobus.com.br\/?p=5104#respond\"]}]},{\"@type\":\"WebPage\",\"@id\":\"https:\/\/revistaautobus.com.br\/?p=5104\",\"url\":\"https:\/\/revistaautobus.com.br\/?p=5104\",\"name\":\"Repensando a forma de remunerar a tarifa - Revista AutoBus\",\"isPartOf\":{\"@id\":\"https:\/\/revistaautobus.com.br\/#website\"},\"primaryImageOfPage\":{\"@id\":\"https:\/\/revistaautobus.com.br\/?p=5104#primaryimage\"},\"image\":{\"@id\":\"https:\/\/revistaautobus.com.br\/?p=5104#primaryimage\"},\"thumbnailUrl\":\"https:\/\/revistaautobus.com.br\/wp-content\/uploads\/2021\/11\/divulgacaoMova-se.jpg\",\"datePublished\":\"2021-11-22T19:48:07+00:00\",\"dateModified\":\"2021-11-22T19:48:09+00:00\",\"breadcrumb\":{\"@id\":\"https:\/\/revistaautobus.com.br\/?p=5104#breadcrumb\"},\"inLanguage\":\"pt-BR\",\"potentialAction\":[{\"@type\":\"ReadAction\",\"target\":[\"https:\/\/revistaautobus.com.br\/?p=5104\"]}]},{\"@type\":\"ImageObject\",\"inLanguage\":\"pt-BR\",\"@id\":\"https:\/\/revistaautobus.com.br\/?p=5104#primaryimage\",\"url\":\"https:\/\/revistaautobus.com.br\/wp-content\/uploads\/2021\/11\/divulgacaoMova-se.jpg\",\"contentUrl\":\"https:\/\/revistaautobus.com.br\/wp-content\/uploads\/2021\/11\/divulgacaoMova-se.jpg\",\"width\":1200,\"height\":899},{\"@type\":\"BreadcrumbList\",\"@id\":\"https:\/\/revistaautobus.com.br\/?p=5104#breadcrumb\",\"itemListElement\":[{\"@type\":\"ListItem\",\"position\":1,\"name\":\"In\u00edcio\",\"item\":\"https:\/\/revistaautobus.com.br\/\"},{\"@type\":\"ListItem\",\"position\":2,\"name\":\"Repensando a forma de remunerar a tarifa\"}]},{\"@type\":\"WebSite\",\"@id\":\"https:\/\/revistaautobus.com.br\/#website\",\"url\":\"https:\/\/revistaautobus.com.br\/\",\"name\":\"Revista AutoBus\",\"description\":\"\",\"publisher\":{\"@id\":\"https:\/\/revistaautobus.com.br\/#organization\"},\"potentialAction\":[{\"@type\":\"SearchAction\",\"target\":{\"@type\":\"EntryPoint\",\"urlTemplate\":\"https:\/\/revistaautobus.com.br\/?s={search_term_string}\"},\"query-input\":{\"@type\":\"PropertyValueSpecification\",\"valueRequired\":true,\"valueName\":\"search_term_string\"}}],\"inLanguage\":\"pt-BR\"},{\"@type\":\"Organization\",\"@id\":\"https:\/\/revistaautobus.com.br\/#organization\",\"name\":\"Revista AutoBus\",\"url\":\"https:\/\/revistaautobus.com.br\/\",\"logo\":{\"@type\":\"ImageObject\",\"inLanguage\":\"pt-BR\",\"@id\":\"https:\/\/revistaautobus.com.br\/#\/schema\/logo\/image\/\",\"url\":\"https:\/\/revistaautobus.com.br\/wp-content\/uploads\/2024\/11\/logo_revista_autobus_fb.png\",\"contentUrl\":\"https:\/\/revistaautobus.com.br\/wp-content\/uploads\/2024\/11\/logo_revista_autobus_fb.png\",\"width\":836,\"height\":227,\"caption\":\"Revista AutoBus\"},\"image\":{\"@id\":\"https:\/\/revistaautobus.com.br\/#\/schema\/logo\/image\/\"},\"sameAs\":[\"https:\/\/www.facebook.com\/antonio.ferro.3150\",\"https:\/\/www.instagram.com\/revistaautobus\/\"]},{\"@type\":\"Person\",\"@id\":\"https:\/\/revistaautobus.com.br\/#\/schema\/person\/54af7c3eb83a310e42ef686ef6d16f50\",\"name\":\"Antonio Ferro\",\"image\":{\"@type\":\"ImageObject\",\"inLanguage\":\"pt-BR\",\"@id\":\"https:\/\/revistaautobus.com.br\/wp-content\/uploads\/2025\/12\/editor_antonio_ferro-150x150.jpg\",\"url\":\"https:\/\/revistaautobus.com.br\/wp-content\/uploads\/2025\/12\/editor_antonio_ferro-150x150.jpg\",\"contentUrl\":\"https:\/\/revistaautobus.com.br\/wp-content\/uploads\/2025\/12\/editor_antonio_ferro-150x150.jpg\",\"caption\":\"Antonio Ferro\"},\"description\":\"infobus@uol.com.br\",\"url\":\"https:\/\/revistaautobus.com.br\/?author=2\"}]}<\/script>\n<!-- \/ Yoast SEO plugin. -->","yoast_head_json":{"title":"Repensando a forma de remunerar a tarifa - Revista AutoBus","robots":{"index":"index","follow":"follow","max-snippet":"max-snippet:-1","max-image-preview":"max-image-preview:large","max-video-preview":"max-video-preview:-1"},"canonical":"https:\/\/revistaautobus.com.br\/?p=5104","og_locale":"pt_BR","og_type":"article","og_title":"Repensando a forma de remunerar a tarifa - Revista AutoBus","og_description":"\u00c9 importante ressaltar que o aumento no valor das passagens de \u00f4nibus impacta negativamente na demanda e, quanto mais aumenta o pre\u00e7o do transporte p\u00fablico, menos ele \u00e9 usado","og_url":"https:\/\/revistaautobus.com.br\/?p=5104","og_site_name":"Revista AutoBus","article_publisher":"https:\/\/www.facebook.com\/antonio.ferro.3150","article_published_time":"2021-11-22T19:48:07+00:00","article_modified_time":"2021-11-22T19:48:09+00:00","og_image":[{"width":1200,"height":899,"url":"https:\/\/revistaautobus.com.br\/wp-content\/uploads\/2021\/11\/divulgacaoMova-se.jpg","type":"image\/jpeg"}],"author":"Antonio Ferro","twitter_card":"summary_large_image","twitter_misc":{"Escrito por":"Antonio Ferro","Est. tempo de leitura":"2 minutos"},"schema":{"@context":"https:\/\/schema.org","@graph":[{"@type":"Article","@id":"https:\/\/revistaautobus.com.br\/?p=5104#article","isPartOf":{"@id":"https:\/\/revistaautobus.com.br\/?p=5104"},"author":{"name":"Antonio Ferro","@id":"https:\/\/revistaautobus.com.br\/#\/schema\/person\/54af7c3eb83a310e42ef686ef6d16f50"},"headline":"Repensando a forma de remunerar a tarifa","datePublished":"2021-11-22T19:48:07+00:00","dateModified":"2021-11-22T19:48:09+00:00","mainEntityOfPage":{"@id":"https:\/\/revistaautobus.com.br\/?p=5104"},"wordCount":498,"commentCount":0,"publisher":{"@id":"https:\/\/revistaautobus.com.br\/#organization"},"image":{"@id":"https:\/\/revistaautobus.com.br\/?p=5104#primaryimage"},"thumbnailUrl":"https:\/\/revistaautobus.com.br\/wp-content\/uploads\/2021\/11\/divulgacaoMova-se.jpg","keywords":["\u00f4nibus urbano"],"articleSection":["Not\u00edcias"],"inLanguage":"pt-BR","potentialAction":[{"@type":"CommentAction","name":"Comment","target":["https:\/\/revistaautobus.com.br\/?p=5104#respond"]}]},{"@type":"WebPage","@id":"https:\/\/revistaautobus.com.br\/?p=5104","url":"https:\/\/revistaautobus.com.br\/?p=5104","name":"Repensando a forma de remunerar a tarifa - Revista AutoBus","isPartOf":{"@id":"https:\/\/revistaautobus.com.br\/#website"},"primaryImageOfPage":{"@id":"https:\/\/revistaautobus.com.br\/?p=5104#primaryimage"},"image":{"@id":"https:\/\/revistaautobus.com.br\/?p=5104#primaryimage"},"thumbnailUrl":"https:\/\/revistaautobus.com.br\/wp-content\/uploads\/2021\/11\/divulgacaoMova-se.jpg","datePublished":"2021-11-22T19:48:07+00:00","dateModified":"2021-11-22T19:48:09+00:00","breadcrumb":{"@id":"https:\/\/revistaautobus.com.br\/?p=5104#breadcrumb"},"inLanguage":"pt-BR","potentialAction":[{"@type":"ReadAction","target":["https:\/\/revistaautobus.com.br\/?p=5104"]}]},{"@type":"ImageObject","inLanguage":"pt-BR","@id":"https:\/\/revistaautobus.com.br\/?p=5104#primaryimage","url":"https:\/\/revistaautobus.com.br\/wp-content\/uploads\/2021\/11\/divulgacaoMova-se.jpg","contentUrl":"https:\/\/revistaautobus.com.br\/wp-content\/uploads\/2021\/11\/divulgacaoMova-se.jpg","width":1200,"height":899},{"@type":"BreadcrumbList","@id":"https:\/\/revistaautobus.com.br\/?p=5104#breadcrumb","itemListElement":[{"@type":"ListItem","position":1,"name":"In\u00edcio","item":"https:\/\/revistaautobus.com.br\/"},{"@type":"ListItem","position":2,"name":"Repensando a forma de remunerar a tarifa"}]},{"@type":"WebSite","@id":"https:\/\/revistaautobus.com.br\/#website","url":"https:\/\/revistaautobus.com.br\/","name":"Revista AutoBus","description":"","publisher":{"@id":"https:\/\/revistaautobus.com.br\/#organization"},"potentialAction":[{"@type":"SearchAction","target":{"@type":"EntryPoint","urlTemplate":"https:\/\/revistaautobus.com.br\/?s={search_term_string}"},"query-input":{"@type":"PropertyValueSpecification","valueRequired":true,"valueName":"search_term_string"}}],"inLanguage":"pt-BR"},{"@type":"Organization","@id":"https:\/\/revistaautobus.com.br\/#organization","name":"Revista AutoBus","url":"https:\/\/revistaautobus.com.br\/","logo":{"@type":"ImageObject","inLanguage":"pt-BR","@id":"https:\/\/revistaautobus.com.br\/#\/schema\/logo\/image\/","url":"https:\/\/revistaautobus.com.br\/wp-content\/uploads\/2024\/11\/logo_revista_autobus_fb.png","contentUrl":"https:\/\/revistaautobus.com.br\/wp-content\/uploads\/2024\/11\/logo_revista_autobus_fb.png","width":836,"height":227,"caption":"Revista AutoBus"},"image":{"@id":"https:\/\/revistaautobus.com.br\/#\/schema\/logo\/image\/"},"sameAs":["https:\/\/www.facebook.com\/antonio.ferro.3150","https:\/\/www.instagram.com\/revistaautobus\/"]},{"@type":"Person","@id":"https:\/\/revistaautobus.com.br\/#\/schema\/person\/54af7c3eb83a310e42ef686ef6d16f50","name":"Antonio Ferro","image":{"@type":"ImageObject","inLanguage":"pt-BR","@id":"https:\/\/revistaautobus.com.br\/wp-content\/uploads\/2025\/12\/editor_antonio_ferro-150x150.jpg","url":"https:\/\/revistaautobus.com.br\/wp-content\/uploads\/2025\/12\/editor_antonio_ferro-150x150.jpg","contentUrl":"https:\/\/revistaautobus.com.br\/wp-content\/uploads\/2025\/12\/editor_antonio_ferro-150x150.jpg","caption":"Antonio Ferro"},"description":"infobus@uol.com.br","url":"https:\/\/revistaautobus.com.br\/?author=2"}]}},"jetpack_featured_media_url":"https:\/\/revistaautobus.com.br\/wp-content\/uploads\/2021\/11\/divulgacaoMova-se.jpg","jetpack_sharing_enabled":true,"_links":{"self":[{"href":"https:\/\/revistaautobus.com.br\/index.php?rest_route=\/wp\/v2\/posts\/5104","targetHints":{"allow":["GET"]}}],"collection":[{"href":"https:\/\/revistaautobus.com.br\/index.php?rest_route=\/wp\/v2\/posts"}],"about":[{"href":"https:\/\/revistaautobus.com.br\/index.php?rest_route=\/wp\/v2\/types\/post"}],"author":[{"embeddable":true,"href":"https:\/\/revistaautobus.com.br\/index.php?rest_route=\/wp\/v2\/users\/2"}],"replies":[{"embeddable":true,"href":"https:\/\/revistaautobus.com.br\/index.php?rest_route=%2Fwp%2Fv2%2Fcomments&post=5104"}],"version-history":[{"count":2,"href":"https:\/\/revistaautobus.com.br\/index.php?rest_route=\/wp\/v2\/posts\/5104\/revisions"}],"predecessor-version":[{"id":5107,"href":"https:\/\/revistaautobus.com.br\/index.php?rest_route=\/wp\/v2\/posts\/5104\/revisions\/5107"}],"wp:featuredmedia":[{"embeddable":true,"href":"https:\/\/revistaautobus.com.br\/index.php?rest_route=\/wp\/v2\/media\/5105"}],"wp:attachment":[{"href":"https:\/\/revistaautobus.com.br\/index.php?rest_route=%2Fwp%2Fv2%2Fmedia&parent=5104"}],"wp:term":[{"taxonomy":"category","embeddable":true,"href":"https:\/\/revistaautobus.com.br\/index.php?rest_route=%2Fwp%2Fv2%2Fcategories&post=5104"},{"taxonomy":"post_tag","embeddable":true,"href":"https:\/\/revistaautobus.com.br\/index.php?rest_route=%2Fwp%2Fv2%2Ftags&post=5104"}],"curies":[{"name":"wp","href":"https:\/\/api.w.org\/{rel}","templated":true}]}}