{"id":5195,"date":"2021-11-26T10:00:35","date_gmt":"2021-11-26T13:00:35","guid":{"rendered":"https:\/\/revistaautobus.com.br\/?p=5195"},"modified":"2021-11-29T08:00:16","modified_gmt":"2021-11-29T11:00:16","slug":"zf-participa-do-projeto-do-onibus-rodoviario-com-celulas-a-combustivel","status":"publish","type":"post","link":"https:\/\/revistaautobus.com.br\/?p=5195","title":{"rendered":"ZF participa do projeto do \u00f4nibus rodovi\u00e1rio com c\u00e9lulas a combust\u00edvel"},"content":{"rendered":"\n<p class=\"has-drop-cap\">A marca ZF se uniu aos nomes Freudenberg, Flixbus e a ONG do clima Atmosfair, no projeto de tecnologia para desenvolver as c\u00e9lulas a combust\u00edvel com o objetivo de atender o projeto &#8220;HyFleet&#8221; para produzir e testar um \u00f4nibus rodovi\u00e1rio movido exclusivamente a eletricidade. A proposta est\u00e1 programada para funcionar por tr\u00eas anos e visa identificar descobertas importantes para o <em>design<\/em> ideal de c\u00e9lulas a combust\u00edvel em \u00f4nibus.<\/p>\n\n\n\n<p>Wilhelm Rehm, membro do Board Mundial da ZF, respons\u00e1vel por tecnologia de ve\u00edculos comerciais e sistemas de controle, observou que o amplo portf\u00f3lio de tecnologia da empresa e o conhecimento da linha de transmiss\u00f5es eletrificadas, bem como os sistemas associados, j\u00e1 est\u00e3o facilitando a transi\u00e7\u00e3o dos fabricantes de ve\u00edculos para a e-mobilidade. \u201cNo futuro, a c\u00e9lula de combust\u00edvel ter\u00e1 um papel importante na mobilidade el\u00e9trica de ve\u00edculos comerciais pesados devido ao seu alcance e tempos de reabastecimento r\u00e1pidos. Sempre buscamos a eletrifica\u00e7\u00e3o com uma abordagem de mente aberta para a tecnologia \u2013 a c\u00e9lula de combust\u00edvel tamb\u00e9m desempenhou um papel importante como uma solu\u00e7\u00e3o na dire\u00e7\u00e3o para n\u00f3s desde o in\u00edcio&#8221;, disse ele.<\/p>\n\n\n\n<p>Para a ZF, o estudo da viabilidade tornar\u00e1 mais f\u00e1cil no futuro projetar de forma otimizada a c\u00e9lula de combust\u00edvel para ve\u00edculos comerciais. Segundo a empresa, especificamente, isso envolve o respectivo dimensionamento da bateria e da c\u00e9lula a combust\u00edvel, o conceito de refrigera\u00e7\u00e3o do sistema e os picos de carga a serem considerados na opera\u00e7\u00e3o do sistema de acionamento. Neste contexto, a marca est\u00e1 contribuindo com a sua experi\u00eancia para a condu\u00e7\u00e3o de ve\u00edculos comerciais puramente el\u00e9tricos \u2013 incluindo pot\u00eancia eletr\u00f4nica e controle baseado em <em>software<\/em> de todos os consumidores de energia.<\/p>\n\n\n\n<p>O Informativo AutoBus, em sua edi\u00e7\u00e3o passada, ressaltou a novidade, voltada, ainda, para o mercado europeu.<\/p>\n\n\n\n<p>Imagem &#8211; Divulga\u00e7\u00e3o<\/p>\n","protected":false},"excerpt":{"rendered":"<p>Para a ZF, o estudo da viabilidade tornar\u00e1 mais f\u00e1cil no futuro projetar de forma otimizada a c\u00e9lula de combust\u00edvel para ve\u00edculos comerciais<\/p>\n","protected":false},"author":2,"featured_media":5196,"comment_status":"open","ping_status":"open","sticky":false,"template":"","format":"standard","meta":{"_et_pb_use_builder":"off","_et_pb_old_content":"","_et_gb_content_width":"","_jetpack_memberships_contains_paid_content":false,"footnotes":""},"categories":[53],"tags":[98,176],"class_list":["post-5195","post","type-post","status-publish","format-standard","has-post-thumbnail","hentry","category-internacional","tag-flixbus","tag-zf","et-has-post-format-content","et_post_format-et-post-format-standard"],"yoast_head":"<!-- This site is optimized with the Yoast SEO plugin v27.2 - https:\/\/yoast.com\/product\/yoast-seo-wordpress\/ -->\n<title>ZF participa do projeto do \u00f4nibus rodovi\u00e1rio com c\u00e9lulas a combust\u00edvel - Revista AutoBus<\/title>\n<meta name=\"robots\" content=\"index, follow, max-snippet:-1, max-image-preview:large, max-video-preview:-1\" \/>\n<link rel=\"canonical\" href=\"https:\/\/revistaautobus.com.br\/?p=5195\" \/>\n<meta property=\"og:locale\" content=\"pt_BR\" \/>\n<meta property=\"og:type\" content=\"article\" \/>\n<meta property=\"og:title\" content=\"ZF participa do projeto do \u00f4nibus rodovi\u00e1rio com c\u00e9lulas a combust\u00edvel - Revista AutoBus\" \/>\n<meta property=\"og:description\" content=\"Para a ZF, o estudo da viabilidade tornar\u00e1 mais f\u00e1cil no futuro projetar de forma otimizada a c\u00e9lula de combust\u00edvel para ve\u00edculos comerciais\" \/>\n<meta property=\"og:url\" content=\"https:\/\/revistaautobus.com.br\/?p=5195\" \/>\n<meta property=\"og:site_name\" content=\"Revista AutoBus\" \/>\n<meta property=\"article:publisher\" content=\"https:\/\/www.facebook.com\/antonio.ferro.3150\" \/>\n<meta property=\"article:published_time\" content=\"2021-11-26T13:00:35+00:00\" \/>\n<meta property=\"article:modified_time\" content=\"2021-11-29T11:00:16+00:00\" \/>\n<meta property=\"og:image\" content=\"https:\/\/revistaautobus.com.br\/wp-content\/uploads\/2021\/11\/2021-11-10-03-ZF-HyFleet-Beteiligung-scaled.jpg\" \/>\n\t<meta property=\"og:image:width\" content=\"2560\" \/>\n\t<meta property=\"og:image:height\" content=\"1440\" \/>\n\t<meta property=\"og:image:type\" content=\"image\/jpeg\" \/>\n<meta name=\"author\" content=\"Antonio Ferro\" \/>\n<meta name=\"twitter:card\" content=\"summary_large_image\" \/>\n<meta name=\"twitter:label1\" content=\"Escrito por\" \/>\n\t<meta name=\"twitter:data1\" content=\"Antonio Ferro\" \/>\n\t<meta name=\"twitter:label2\" content=\"Est. tempo de leitura\" \/>\n\t<meta name=\"twitter:data2\" content=\"2 minutos\" \/>\n<script type=\"application\/ld+json\" class=\"yoast-schema-graph\">{\"@context\":\"https:\/\/schema.org\",\"@graph\":[{\"@type\":\"Article\",\"@id\":\"https:\/\/revistaautobus.com.br\/?p=5195#article\",\"isPartOf\":{\"@id\":\"https:\/\/revistaautobus.com.br\/?p=5195\"},\"author\":{\"name\":\"Antonio Ferro\",\"@id\":\"https:\/\/revistaautobus.com.br\/#\/schema\/person\/54af7c3eb83a310e42ef686ef6d16f50\"},\"headline\":\"ZF participa do projeto do \u00f4nibus rodovi\u00e1rio com c\u00e9lulas a combust\u00edvel\",\"datePublished\":\"2021-11-26T13:00:35+00:00\",\"dateModified\":\"2021-11-29T11:00:16+00:00\",\"mainEntityOfPage\":{\"@id\":\"https:\/\/revistaautobus.com.br\/?p=5195\"},\"wordCount\":346,\"commentCount\":0,\"publisher\":{\"@id\":\"https:\/\/revistaautobus.com.br\/#organization\"},\"image\":{\"@id\":\"https:\/\/revistaautobus.com.br\/?p=5195#primaryimage\"},\"thumbnailUrl\":\"https:\/\/revistaautobus.com.br\/wp-content\/uploads\/2021\/11\/2021-11-10-03-ZF-HyFleet-Beteiligung-scaled.jpg\",\"keywords\":[\"FlixBus\",\"ZF\"],\"articleSection\":[\"Internacional\"],\"inLanguage\":\"pt-BR\",\"potentialAction\":[{\"@type\":\"CommentAction\",\"name\":\"Comment\",\"target\":[\"https:\/\/revistaautobus.com.br\/?p=5195#respond\"]}]},{\"@type\":\"WebPage\",\"@id\":\"https:\/\/revistaautobus.com.br\/?p=5195\",\"url\":\"https:\/\/revistaautobus.com.br\/?p=5195\",\"name\":\"ZF participa do projeto do \u00f4nibus rodovi\u00e1rio com c\u00e9lulas a combust\u00edvel - Revista AutoBus\",\"isPartOf\":{\"@id\":\"https:\/\/revistaautobus.com.br\/#website\"},\"primaryImageOfPage\":{\"@id\":\"https:\/\/revistaautobus.com.br\/?p=5195#primaryimage\"},\"image\":{\"@id\":\"https:\/\/revistaautobus.com.br\/?p=5195#primaryimage\"},\"thumbnailUrl\":\"https:\/\/revistaautobus.com.br\/wp-content\/uploads\/2021\/11\/2021-11-10-03-ZF-HyFleet-Beteiligung-scaled.jpg\",\"datePublished\":\"2021-11-26T13:00:35+00:00\",\"dateModified\":\"2021-11-29T11:00:16+00:00\",\"breadcrumb\":{\"@id\":\"https:\/\/revistaautobus.com.br\/?p=5195#breadcrumb\"},\"inLanguage\":\"pt-BR\",\"potentialAction\":[{\"@type\":\"ReadAction\",\"target\":[\"https:\/\/revistaautobus.com.br\/?p=5195\"]}]},{\"@type\":\"ImageObject\",\"inLanguage\":\"pt-BR\",\"@id\":\"https:\/\/revistaautobus.com.br\/?p=5195#primaryimage\",\"url\":\"https:\/\/revistaautobus.com.br\/wp-content\/uploads\/2021\/11\/2021-11-10-03-ZF-HyFleet-Beteiligung-scaled.jpg\",\"contentUrl\":\"https:\/\/revistaautobus.com.br\/wp-content\/uploads\/2021\/11\/2021-11-10-03-ZF-HyFleet-Beteiligung-scaled.jpg\",\"width\":2560,\"height\":1440,\"caption\":\"Mit dem Projekt \u201eHyFleet\u201c erprobt ZF gemeinsam mit Freudenberg, Flixbus und Atmosfair, wie eine Brennstoffzelle f\u00fcr den Einsatz im Reisebus optimiert werden kann. \/\/ With the project \\\"HyFleet\\\", ZF cooperates with Freudenberg, Flixbus, and Atmosfair to explore how a fuel cell can be optimized for use in coaches.\"},{\"@type\":\"BreadcrumbList\",\"@id\":\"https:\/\/revistaautobus.com.br\/?p=5195#breadcrumb\",\"itemListElement\":[{\"@type\":\"ListItem\",\"position\":1,\"name\":\"In\u00edcio\",\"item\":\"https:\/\/revistaautobus.com.br\/\"},{\"@type\":\"ListItem\",\"position\":2,\"name\":\"ZF participa do projeto do \u00f4nibus rodovi\u00e1rio com c\u00e9lulas a combust\u00edvel\"}]},{\"@type\":\"WebSite\",\"@id\":\"https:\/\/revistaautobus.com.br\/#website\",\"url\":\"https:\/\/revistaautobus.com.br\/\",\"name\":\"Revista AutoBus\",\"description\":\"\",\"publisher\":{\"@id\":\"https:\/\/revistaautobus.com.br\/#organization\"},\"potentialAction\":[{\"@type\":\"SearchAction\",\"target\":{\"@type\":\"EntryPoint\",\"urlTemplate\":\"https:\/\/revistaautobus.com.br\/?s={search_term_string}\"},\"query-input\":{\"@type\":\"PropertyValueSpecification\",\"valueRequired\":true,\"valueName\":\"search_term_string\"}}],\"inLanguage\":\"pt-BR\"},{\"@type\":\"Organization\",\"@id\":\"https:\/\/revistaautobus.com.br\/#organization\",\"name\":\"Revista AutoBus\",\"url\":\"https:\/\/revistaautobus.com.br\/\",\"logo\":{\"@type\":\"ImageObject\",\"inLanguage\":\"pt-BR\",\"@id\":\"https:\/\/revistaautobus.com.br\/#\/schema\/logo\/image\/\",\"url\":\"https:\/\/revistaautobus.com.br\/wp-content\/uploads\/2024\/11\/logo_revista_autobus_fb.png\",\"contentUrl\":\"https:\/\/revistaautobus.com.br\/wp-content\/uploads\/2024\/11\/logo_revista_autobus_fb.png\",\"width\":836,\"height\":227,\"caption\":\"Revista AutoBus\"},\"image\":{\"@id\":\"https:\/\/revistaautobus.com.br\/#\/schema\/logo\/image\/\"},\"sameAs\":[\"https:\/\/www.facebook.com\/antonio.ferro.3150\",\"https:\/\/www.instagram.com\/revistaautobus\/\"]},{\"@type\":\"Person\",\"@id\":\"https:\/\/revistaautobus.com.br\/#\/schema\/person\/54af7c3eb83a310e42ef686ef6d16f50\",\"name\":\"Antonio Ferro\",\"image\":{\"@type\":\"ImageObject\",\"inLanguage\":\"pt-BR\",\"@id\":\"https:\/\/revistaautobus.com.br\/wp-content\/uploads\/2025\/12\/editor_antonio_ferro-150x150.jpg\",\"url\":\"https:\/\/revistaautobus.com.br\/wp-content\/uploads\/2025\/12\/editor_antonio_ferro-150x150.jpg\",\"contentUrl\":\"https:\/\/revistaautobus.com.br\/wp-content\/uploads\/2025\/12\/editor_antonio_ferro-150x150.jpg\",\"caption\":\"Antonio Ferro\"},\"description\":\"infobus@uol.com.br\",\"url\":\"https:\/\/revistaautobus.com.br\/?author=2\"}]}<\/script>\n<!-- \/ Yoast SEO plugin. -->","yoast_head_json":{"title":"ZF participa do projeto do \u00f4nibus rodovi\u00e1rio com c\u00e9lulas a combust\u00edvel - Revista AutoBus","robots":{"index":"index","follow":"follow","max-snippet":"max-snippet:-1","max-image-preview":"max-image-preview:large","max-video-preview":"max-video-preview:-1"},"canonical":"https:\/\/revistaautobus.com.br\/?p=5195","og_locale":"pt_BR","og_type":"article","og_title":"ZF participa do projeto do \u00f4nibus rodovi\u00e1rio com c\u00e9lulas a combust\u00edvel - Revista AutoBus","og_description":"Para a ZF, o estudo da viabilidade tornar\u00e1 mais f\u00e1cil no futuro projetar de forma otimizada a c\u00e9lula de combust\u00edvel para ve\u00edculos comerciais","og_url":"https:\/\/revistaautobus.com.br\/?p=5195","og_site_name":"Revista AutoBus","article_publisher":"https:\/\/www.facebook.com\/antonio.ferro.3150","article_published_time":"2021-11-26T13:00:35+00:00","article_modified_time":"2021-11-29T11:00:16+00:00","og_image":[{"width":2560,"height":1440,"url":"https:\/\/revistaautobus.com.br\/wp-content\/uploads\/2021\/11\/2021-11-10-03-ZF-HyFleet-Beteiligung-scaled.jpg","type":"image\/jpeg"}],"author":"Antonio Ferro","twitter_card":"summary_large_image","twitter_misc":{"Escrito por":"Antonio Ferro","Est. tempo de leitura":"2 minutos"},"schema":{"@context":"https:\/\/schema.org","@graph":[{"@type":"Article","@id":"https:\/\/revistaautobus.com.br\/?p=5195#article","isPartOf":{"@id":"https:\/\/revistaautobus.com.br\/?p=5195"},"author":{"name":"Antonio Ferro","@id":"https:\/\/revistaautobus.com.br\/#\/schema\/person\/54af7c3eb83a310e42ef686ef6d16f50"},"headline":"ZF participa do projeto do \u00f4nibus rodovi\u00e1rio com c\u00e9lulas a combust\u00edvel","datePublished":"2021-11-26T13:00:35+00:00","dateModified":"2021-11-29T11:00:16+00:00","mainEntityOfPage":{"@id":"https:\/\/revistaautobus.com.br\/?p=5195"},"wordCount":346,"commentCount":0,"publisher":{"@id":"https:\/\/revistaautobus.com.br\/#organization"},"image":{"@id":"https:\/\/revistaautobus.com.br\/?p=5195#primaryimage"},"thumbnailUrl":"https:\/\/revistaautobus.com.br\/wp-content\/uploads\/2021\/11\/2021-11-10-03-ZF-HyFleet-Beteiligung-scaled.jpg","keywords":["FlixBus","ZF"],"articleSection":["Internacional"],"inLanguage":"pt-BR","potentialAction":[{"@type":"CommentAction","name":"Comment","target":["https:\/\/revistaautobus.com.br\/?p=5195#respond"]}]},{"@type":"WebPage","@id":"https:\/\/revistaautobus.com.br\/?p=5195","url":"https:\/\/revistaautobus.com.br\/?p=5195","name":"ZF participa do projeto do \u00f4nibus rodovi\u00e1rio com c\u00e9lulas a combust\u00edvel - Revista AutoBus","isPartOf":{"@id":"https:\/\/revistaautobus.com.br\/#website"},"primaryImageOfPage":{"@id":"https:\/\/revistaautobus.com.br\/?p=5195#primaryimage"},"image":{"@id":"https:\/\/revistaautobus.com.br\/?p=5195#primaryimage"},"thumbnailUrl":"https:\/\/revistaautobus.com.br\/wp-content\/uploads\/2021\/11\/2021-11-10-03-ZF-HyFleet-Beteiligung-scaled.jpg","datePublished":"2021-11-26T13:00:35+00:00","dateModified":"2021-11-29T11:00:16+00:00","breadcrumb":{"@id":"https:\/\/revistaautobus.com.br\/?p=5195#breadcrumb"},"inLanguage":"pt-BR","potentialAction":[{"@type":"ReadAction","target":["https:\/\/revistaautobus.com.br\/?p=5195"]}]},{"@type":"ImageObject","inLanguage":"pt-BR","@id":"https:\/\/revistaautobus.com.br\/?p=5195#primaryimage","url":"https:\/\/revistaautobus.com.br\/wp-content\/uploads\/2021\/11\/2021-11-10-03-ZF-HyFleet-Beteiligung-scaled.jpg","contentUrl":"https:\/\/revistaautobus.com.br\/wp-content\/uploads\/2021\/11\/2021-11-10-03-ZF-HyFleet-Beteiligung-scaled.jpg","width":2560,"height":1440,"caption":"Mit dem Projekt \u201eHyFleet\u201c erprobt ZF gemeinsam mit Freudenberg, Flixbus und Atmosfair, wie eine Brennstoffzelle f\u00fcr den Einsatz im Reisebus optimiert werden kann. \/\/ With the project \"HyFleet\", ZF cooperates with Freudenberg, Flixbus, and Atmosfair to explore how a fuel cell can be optimized for use in coaches."},{"@type":"BreadcrumbList","@id":"https:\/\/revistaautobus.com.br\/?p=5195#breadcrumb","itemListElement":[{"@type":"ListItem","position":1,"name":"In\u00edcio","item":"https:\/\/revistaautobus.com.br\/"},{"@type":"ListItem","position":2,"name":"ZF participa do projeto do \u00f4nibus rodovi\u00e1rio com c\u00e9lulas a combust\u00edvel"}]},{"@type":"WebSite","@id":"https:\/\/revistaautobus.com.br\/#website","url":"https:\/\/revistaautobus.com.br\/","name":"Revista AutoBus","description":"","publisher":{"@id":"https:\/\/revistaautobus.com.br\/#organization"},"potentialAction":[{"@type":"SearchAction","target":{"@type":"EntryPoint","urlTemplate":"https:\/\/revistaautobus.com.br\/?s={search_term_string}"},"query-input":{"@type":"PropertyValueSpecification","valueRequired":true,"valueName":"search_term_string"}}],"inLanguage":"pt-BR"},{"@type":"Organization","@id":"https:\/\/revistaautobus.com.br\/#organization","name":"Revista AutoBus","url":"https:\/\/revistaautobus.com.br\/","logo":{"@type":"ImageObject","inLanguage":"pt-BR","@id":"https:\/\/revistaautobus.com.br\/#\/schema\/logo\/image\/","url":"https:\/\/revistaautobus.com.br\/wp-content\/uploads\/2024\/11\/logo_revista_autobus_fb.png","contentUrl":"https:\/\/revistaautobus.com.br\/wp-content\/uploads\/2024\/11\/logo_revista_autobus_fb.png","width":836,"height":227,"caption":"Revista AutoBus"},"image":{"@id":"https:\/\/revistaautobus.com.br\/#\/schema\/logo\/image\/"},"sameAs":["https:\/\/www.facebook.com\/antonio.ferro.3150","https:\/\/www.instagram.com\/revistaautobus\/"]},{"@type":"Person","@id":"https:\/\/revistaautobus.com.br\/#\/schema\/person\/54af7c3eb83a310e42ef686ef6d16f50","name":"Antonio Ferro","image":{"@type":"ImageObject","inLanguage":"pt-BR","@id":"https:\/\/revistaautobus.com.br\/wp-content\/uploads\/2025\/12\/editor_antonio_ferro-150x150.jpg","url":"https:\/\/revistaautobus.com.br\/wp-content\/uploads\/2025\/12\/editor_antonio_ferro-150x150.jpg","contentUrl":"https:\/\/revistaautobus.com.br\/wp-content\/uploads\/2025\/12\/editor_antonio_ferro-150x150.jpg","caption":"Antonio Ferro"},"description":"infobus@uol.com.br","url":"https:\/\/revistaautobus.com.br\/?author=2"}]}},"jetpack_featured_media_url":"https:\/\/revistaautobus.com.br\/wp-content\/uploads\/2021\/11\/2021-11-10-03-ZF-HyFleet-Beteiligung-scaled.jpg","jetpack_sharing_enabled":true,"_links":{"self":[{"href":"https:\/\/revistaautobus.com.br\/index.php?rest_route=\/wp\/v2\/posts\/5195","targetHints":{"allow":["GET"]}}],"collection":[{"href":"https:\/\/revistaautobus.com.br\/index.php?rest_route=\/wp\/v2\/posts"}],"about":[{"href":"https:\/\/revistaautobus.com.br\/index.php?rest_route=\/wp\/v2\/types\/post"}],"author":[{"embeddable":true,"href":"https:\/\/revistaautobus.com.br\/index.php?rest_route=\/wp\/v2\/users\/2"}],"replies":[{"embeddable":true,"href":"https:\/\/revistaautobus.com.br\/index.php?rest_route=%2Fwp%2Fv2%2Fcomments&post=5195"}],"version-history":[{"count":3,"href":"https:\/\/revistaautobus.com.br\/index.php?rest_route=\/wp\/v2\/posts\/5195\/revisions"}],"predecessor-version":[{"id":5233,"href":"https:\/\/revistaautobus.com.br\/index.php?rest_route=\/wp\/v2\/posts\/5195\/revisions\/5233"}],"wp:featuredmedia":[{"embeddable":true,"href":"https:\/\/revistaautobus.com.br\/index.php?rest_route=\/wp\/v2\/media\/5196"}],"wp:attachment":[{"href":"https:\/\/revistaautobus.com.br\/index.php?rest_route=%2Fwp%2Fv2%2Fmedia&parent=5195"}],"wp:term":[{"taxonomy":"category","embeddable":true,"href":"https:\/\/revistaautobus.com.br\/index.php?rest_route=%2Fwp%2Fv2%2Fcategories&post=5195"},{"taxonomy":"post_tag","embeddable":true,"href":"https:\/\/revistaautobus.com.br\/index.php?rest_route=%2Fwp%2Fv2%2Ftags&post=5195"}],"curies":[{"name":"wp","href":"https:\/\/api.w.org\/{rel}","templated":true}]}}