{"id":5210,"date":"2021-11-26T13:09:52","date_gmt":"2021-11-26T16:09:52","guid":{"rendered":"https:\/\/revistaautobus.com.br\/?p=5210"},"modified":"2021-11-26T13:09:54","modified_gmt":"2021-11-26T16:09:54","slug":"entidades-entregam-manifesto-em-apoio-ao-pl-que-evitara-colapso-do-transporte-publico","status":"publish","type":"post","link":"https:\/\/revistaautobus.com.br\/?p=5210","title":{"rendered":"Entidades entregam manifesto em apoio ao PL que evitar\u00e1 colapso do transporte p\u00fablico"},"content":{"rendered":"\n<p>Por NTU &#8211; Associa\u00e7\u00e3o Nacional de Empresas de Transportes Urbanos <\/p>\n\n\n\n<p class=\"has-drop-cap\">A solu\u00e7\u00e3o imediata para evitar uma sequ\u00eancia de reajustes de tarifas que podem elevar o pre\u00e7o das<br>passagens do transporte p\u00fablico ou, no pior cen\u00e1rio, a fal\u00eancia generalizada dos sistemas de<br>transporte coletivo urbano no pa\u00eds, \u00e9 a aprova\u00e7\u00e3o de um novo marco legal para o setor, com novas<br>regras de custeio e contrata\u00e7\u00e3o dos servi\u00e7os. Propostas neste sentido, que atualizam a Pol\u00edtica<br>Nacional de Mobilidade Urbana, foram reunidas no Projeto de Lei 3278\/2021, de autoria do<br>senador Ant\u00f4nio Anastasia (PSD-MG), cuja aprova\u00e7\u00e3o \u00e9 vista como a \u00fanica sa\u00edda para a crise que se<br>abateu sobre o setor. Um Manifesto em defesa do projeto de lei, assinado por seis entidades que<br>representam empresas operadoras, montadoras de ve\u00edculos, especialistas e \u00f3rg\u00e3os gestores, foi<br>entregue nesta quarta-feira, 24\/11, a todos os senadores no Congresso Nacional. O PL foi<br>apresentado ao Senado em setembro deste ano, mas ainda n\u00e3o tem tramita\u00e7\u00e3o definida.<\/p>\n\n\n\n<p>Assinam o Manifesto: Associa\u00e7\u00e3o Nacional de Empresas de Transportes Urbanos \u2013 NTU; Associa\u00e7\u00e3o<br>Nacional de Empresas de Transportes de Passageiros sobre Trilhos \u2013 ANTPTRILHOS; Associa\u00e7\u00e3o<br>Nacional dos Fabricantes de \u00d4nibus \u2013 FABUS; Associa\u00e7\u00e3o Nacional dos Fabricantes de Ve\u00edculos<br>Automotores \u2013 ANFAVEA; Associa\u00e7\u00e3o Nacional de Transportes P\u00fablicos \u2013 ANTP; e o F\u00f3rum Nacional<br>de Secret\u00e1rios e Dirigentes de Mobilidade Urbana.<\/p>\n\n\n\n<p>Com o t\u00edtulo &#8220;PL3278\/2021: a \u00fanica sa\u00edda para vencer a crise do transporte p\u00fablico urbano&#8221;, o<br>Manifesto tra\u00e7a um cen\u00e1rio preocupante para esse setor, que j\u00e1 vinha sofrendo com a expressiva<br>perda de passageiros antes da pandemia, mas que afundou numa crise ainda maior com a Covid-19<br>devido \u00e0s exig\u00eancias sanit\u00e1rias impostas pelos efeitos do coronav\u00edrus.<\/p>\n\n\n\n<p>Segundo o documento, somente no per\u00edodo da pandemia o setor contabilizou 21 empresas que<br>suspenderam ou encerraram suas atividades; sete contratos suspensos ou rescindidos; seis<br>interven\u00e7\u00f5es na opera\u00e7\u00e3o pelo poder p\u00fablico; e 15 empresas em recupera\u00e7\u00e3o judicial, al\u00e9m da<br>perda de 87 mil postos de trabalho, o que corresponde a mais de 20% da for\u00e7a de trabalho ativa do<br>segmento no final de 2019. Tamb\u00e9m foram registradas no per\u00edodo 327 paralisa\u00e7\u00f5es feitas pelos<br>trabalhadores do setor em 98 sistemas de transporte, em geral motivadas por dificuldades<br>financeiras enfrentadas pelas empresas.<\/p>\n\n\n\n<p>A cidade do Rio de Janeiro ganha destaque no Manifesto, ao ser citada como uma das metr\u00f3poles<br>brasileiras que mais sofrem com essa crise. De acordo com o documento, das 29 empresas em<br>opera\u00e7\u00e3o na capital carioca, 11 est\u00e3o em recupera\u00e7\u00e3o judicial. Al\u00e9m das empresas, 4 cons\u00f3rcios<br>operacionais tamb\u00e9m entraram em recupera\u00e7\u00e3o judicial e um deles se encontra sob interven\u00e7\u00e3o da<br>prefeitura. Em resumo, 87% do sistema \u00f4nibus do munic\u00edpio do Rio de Janeiro est\u00e1 em recupera\u00e7\u00e3o<br>judicial.<\/p>\n\n\n\n<p>O Manifesto enfatiza que o PL3278\/2021 foi constru\u00eddo com base no Programa de Reestrutura\u00e7\u00e3o<br>do Transporte P\u00fablico Urbano e de Car\u00e1ter Urbano, referendado por diversos agentes p\u00fablicos e<br>privados respons\u00e1veis por prover esse servi\u00e7o p\u00fablico essencial, e busca resgatar componentes<br>fundamentais para a recupera\u00e7\u00e3o e o desenvolvimento dos transportes p\u00fablicos coletivos urbanos<br>reunidos em tr\u00eas pilares vitais para a reabilita\u00e7\u00e3o desse servi\u00e7o em todo o pa\u00eds, que s\u00e3o o<br>financiamento do custeio e de investimentos em infraestrutura; a qualidade e a produtividade, com<br>participa\u00e7\u00e3o da sociedade nesse processo; e a regula\u00e7\u00e3o e contratos, garantindo maior seguran\u00e7a<br>jur\u00eddica e maior participa\u00e7\u00e3o da Uni\u00e3o no papel de indutora e guardi\u00e3 da Pol\u00edtica Nacional de<br>Mobilidade Urbana.<\/p>\n\n\n\n<p>Tarifas<\/p>\n\n\n\n<p>Levantamento feito pela NTU mostra que, se for mantida a pr\u00e1tica usual de transferir ao passageiro<br>a responsabilidade de custear sozinho o transporte coletivo, adotada na maioria dos contratos em<br>vigor no pa\u00eds, a expectativa para o pr\u00f3ximo ano \u00e9 devastadora, com previs\u00e3o de reajuste m\u00e9dio na<br>tarifa da ordem de R$ 2,00 ou mais, com consequ\u00eancias imprevis\u00edveis. Com uma tarifa m\u00e9dia de R$<br>4,04 atualmente, os reajustes seriam da ordem de 50%.<\/p>\n\n\n\n<p>Segundo o levantamento, para promover o reequil\u00edbrio dos contratos de concess\u00e3o sem adotar<br>reajustes tarif\u00e1rios, o poder p\u00fablico ter\u00e1 que fazer um aporte financeiro de R$ 1,67 bilh\u00e3o ao m\u00eas<br>para garantir a continuidade da oferta de transporte por \u00f4nibus nas cidades brasileiras. Esses s\u00e3o os<br>recursos necess\u00e1rios para custear um dos servi\u00e7os p\u00fablicos mais relevantes para toda a sociedade.<\/p>\n\n\n\n<p>Imagem &#8211; Arquivo SPUrbanuss<\/p>\n","protected":false},"excerpt":{"rendered":"<p>Projeto de Lei 3278\/2021, de autoria do senador Ant\u00f4nio Anastasia, \u00e9 a \u00fanica sa\u00edda para superar a crise do<br \/>\nsetor e evitar aumentos desenfreados das tarifas do transporte coletivo urbano<\/p>\n","protected":false},"author":2,"featured_media":5211,"comment_status":"open","ping_status":"open","sticky":false,"template":"","format":"standard","meta":{"_et_pb_use_builder":"off","_et_pb_old_content":"","_et_gb_content_width":"","_jetpack_memberships_contains_paid_content":false,"footnotes":""},"categories":[5],"tags":[13],"class_list":["post-5210","post","type-post","status-publish","format-standard","has-post-thumbnail","hentry","category-conexao-mobilidade","tag-ntu","et-has-post-format-content","et_post_format-et-post-format-standard"],"yoast_head":"<!-- This site is optimized with the Yoast SEO plugin v27.2 - https:\/\/yoast.com\/product\/yoast-seo-wordpress\/ -->\n<title>Entidades entregam manifesto em apoio ao PL que evitar\u00e1 colapso do transporte p\u00fablico - Revista AutoBus<\/title>\n<meta name=\"robots\" content=\"index, follow, max-snippet:-1, max-image-preview:large, max-video-preview:-1\" \/>\n<link rel=\"canonical\" href=\"https:\/\/revistaautobus.com.br\/?p=5210\" \/>\n<meta property=\"og:locale\" content=\"pt_BR\" \/>\n<meta property=\"og:type\" content=\"article\" \/>\n<meta property=\"og:title\" content=\"Entidades entregam manifesto em apoio ao PL que evitar\u00e1 colapso do transporte p\u00fablico - Revista AutoBus\" \/>\n<meta property=\"og:description\" content=\"Projeto de Lei 3278\/2021, de autoria do senador Ant\u00f4nio Anastasia, \u00e9 a \u00fanica sa\u00edda para superar a crise do setor e evitar aumentos desenfreados das tarifas do transporte coletivo urbano\" \/>\n<meta property=\"og:url\" content=\"https:\/\/revistaautobus.com.br\/?p=5210\" \/>\n<meta property=\"og:site_name\" content=\"Revista AutoBus\" \/>\n<meta property=\"article:publisher\" content=\"https:\/\/www.facebook.com\/antonio.ferro.3150\" \/>\n<meta property=\"article:published_time\" content=\"2021-11-26T16:09:52+00:00\" \/>\n<meta property=\"article:modified_time\" content=\"2021-11-26T16:09:54+00:00\" \/>\n<meta property=\"og:image\" content=\"https:\/\/revistaautobus.com.br\/wp-content\/uploads\/2021\/11\/spurbanuss-sp.jpg\" \/>\n\t<meta property=\"og:image:width\" content=\"1200\" \/>\n\t<meta property=\"og:image:height\" content=\"628\" \/>\n\t<meta property=\"og:image:type\" content=\"image\/jpeg\" \/>\n<meta name=\"author\" content=\"Antonio Ferro\" \/>\n<meta name=\"twitter:card\" content=\"summary_large_image\" \/>\n<meta name=\"twitter:label1\" content=\"Escrito por\" \/>\n\t<meta name=\"twitter:data1\" content=\"Antonio Ferro\" \/>\n\t<meta name=\"twitter:label2\" content=\"Est. tempo de leitura\" \/>\n\t<meta name=\"twitter:data2\" content=\"4 minutos\" \/>\n<script type=\"application\/ld+json\" class=\"yoast-schema-graph\">{\"@context\":\"https:\/\/schema.org\",\"@graph\":[{\"@type\":\"Article\",\"@id\":\"https:\/\/revistaautobus.com.br\/?p=5210#article\",\"isPartOf\":{\"@id\":\"https:\/\/revistaautobus.com.br\/?p=5210\"},\"author\":{\"name\":\"Antonio Ferro\",\"@id\":\"https:\/\/revistaautobus.com.br\/#\/schema\/person\/54af7c3eb83a310e42ef686ef6d16f50\"},\"headline\":\"Entidades entregam manifesto em apoio ao PL que evitar\u00e1 colapso do transporte p\u00fablico\",\"datePublished\":\"2021-11-26T16:09:52+00:00\",\"dateModified\":\"2021-11-26T16:09:54+00:00\",\"mainEntityOfPage\":{\"@id\":\"https:\/\/revistaautobus.com.br\/?p=5210\"},\"wordCount\":740,\"commentCount\":0,\"publisher\":{\"@id\":\"https:\/\/revistaautobus.com.br\/#organization\"},\"image\":{\"@id\":\"https:\/\/revistaautobus.com.br\/?p=5210#primaryimage\"},\"thumbnailUrl\":\"https:\/\/revistaautobus.com.br\/wp-content\/uploads\/2021\/11\/spurbanuss-sp.jpg\",\"keywords\":[\"ntu\"],\"articleSection\":[\"Conex\u00e3o Mobilidade\"],\"inLanguage\":\"pt-BR\",\"potentialAction\":[{\"@type\":\"CommentAction\",\"name\":\"Comment\",\"target\":[\"https:\/\/revistaautobus.com.br\/?p=5210#respond\"]}]},{\"@type\":\"WebPage\",\"@id\":\"https:\/\/revistaautobus.com.br\/?p=5210\",\"url\":\"https:\/\/revistaautobus.com.br\/?p=5210\",\"name\":\"Entidades entregam manifesto em apoio ao PL que evitar\u00e1 colapso do transporte p\u00fablico - Revista AutoBus\",\"isPartOf\":{\"@id\":\"https:\/\/revistaautobus.com.br\/#website\"},\"primaryImageOfPage\":{\"@id\":\"https:\/\/revistaautobus.com.br\/?p=5210#primaryimage\"},\"image\":{\"@id\":\"https:\/\/revistaautobus.com.br\/?p=5210#primaryimage\"},\"thumbnailUrl\":\"https:\/\/revistaautobus.com.br\/wp-content\/uploads\/2021\/11\/spurbanuss-sp.jpg\",\"datePublished\":\"2021-11-26T16:09:52+00:00\",\"dateModified\":\"2021-11-26T16:09:54+00:00\",\"breadcrumb\":{\"@id\":\"https:\/\/revistaautobus.com.br\/?p=5210#breadcrumb\"},\"inLanguage\":\"pt-BR\",\"potentialAction\":[{\"@type\":\"ReadAction\",\"target\":[\"https:\/\/revistaautobus.com.br\/?p=5210\"]}]},{\"@type\":\"ImageObject\",\"inLanguage\":\"pt-BR\",\"@id\":\"https:\/\/revistaautobus.com.br\/?p=5210#primaryimage\",\"url\":\"https:\/\/revistaautobus.com.br\/wp-content\/uploads\/2021\/11\/spurbanuss-sp.jpg\",\"contentUrl\":\"https:\/\/revistaautobus.com.br\/wp-content\/uploads\/2021\/11\/spurbanuss-sp.jpg\",\"width\":1200,\"height\":628},{\"@type\":\"BreadcrumbList\",\"@id\":\"https:\/\/revistaautobus.com.br\/?p=5210#breadcrumb\",\"itemListElement\":[{\"@type\":\"ListItem\",\"position\":1,\"name\":\"In\u00edcio\",\"item\":\"https:\/\/revistaautobus.com.br\/\"},{\"@type\":\"ListItem\",\"position\":2,\"name\":\"Entidades entregam manifesto em apoio ao PL que evitar\u00e1 colapso do transporte p\u00fablico\"}]},{\"@type\":\"WebSite\",\"@id\":\"https:\/\/revistaautobus.com.br\/#website\",\"url\":\"https:\/\/revistaautobus.com.br\/\",\"name\":\"Revista AutoBus\",\"description\":\"\",\"publisher\":{\"@id\":\"https:\/\/revistaautobus.com.br\/#organization\"},\"potentialAction\":[{\"@type\":\"SearchAction\",\"target\":{\"@type\":\"EntryPoint\",\"urlTemplate\":\"https:\/\/revistaautobus.com.br\/?s={search_term_string}\"},\"query-input\":{\"@type\":\"PropertyValueSpecification\",\"valueRequired\":true,\"valueName\":\"search_term_string\"}}],\"inLanguage\":\"pt-BR\"},{\"@type\":\"Organization\",\"@id\":\"https:\/\/revistaautobus.com.br\/#organization\",\"name\":\"Revista AutoBus\",\"url\":\"https:\/\/revistaautobus.com.br\/\",\"logo\":{\"@type\":\"ImageObject\",\"inLanguage\":\"pt-BR\",\"@id\":\"https:\/\/revistaautobus.com.br\/#\/schema\/logo\/image\/\",\"url\":\"https:\/\/revistaautobus.com.br\/wp-content\/uploads\/2024\/11\/logo_revista_autobus_fb.png\",\"contentUrl\":\"https:\/\/revistaautobus.com.br\/wp-content\/uploads\/2024\/11\/logo_revista_autobus_fb.png\",\"width\":836,\"height\":227,\"caption\":\"Revista AutoBus\"},\"image\":{\"@id\":\"https:\/\/revistaautobus.com.br\/#\/schema\/logo\/image\/\"},\"sameAs\":[\"https:\/\/www.facebook.com\/antonio.ferro.3150\",\"https:\/\/www.instagram.com\/revistaautobus\/\"]},{\"@type\":\"Person\",\"@id\":\"https:\/\/revistaautobus.com.br\/#\/schema\/person\/54af7c3eb83a310e42ef686ef6d16f50\",\"name\":\"Antonio Ferro\",\"image\":{\"@type\":\"ImageObject\",\"inLanguage\":\"pt-BR\",\"@id\":\"https:\/\/revistaautobus.com.br\/wp-content\/uploads\/2025\/12\/editor_antonio_ferro-150x150.jpg\",\"url\":\"https:\/\/revistaautobus.com.br\/wp-content\/uploads\/2025\/12\/editor_antonio_ferro-150x150.jpg\",\"contentUrl\":\"https:\/\/revistaautobus.com.br\/wp-content\/uploads\/2025\/12\/editor_antonio_ferro-150x150.jpg\",\"caption\":\"Antonio Ferro\"},\"description\":\"infobus@uol.com.br\",\"url\":\"https:\/\/revistaautobus.com.br\/?author=2\"}]}<\/script>\n<!-- \/ Yoast SEO plugin. -->","yoast_head_json":{"title":"Entidades entregam manifesto em apoio ao PL que evitar\u00e1 colapso do transporte p\u00fablico - Revista AutoBus","robots":{"index":"index","follow":"follow","max-snippet":"max-snippet:-1","max-image-preview":"max-image-preview:large","max-video-preview":"max-video-preview:-1"},"canonical":"https:\/\/revistaautobus.com.br\/?p=5210","og_locale":"pt_BR","og_type":"article","og_title":"Entidades entregam manifesto em apoio ao PL que evitar\u00e1 colapso do transporte p\u00fablico - Revista AutoBus","og_description":"Projeto de Lei 3278\/2021, de autoria do senador Ant\u00f4nio Anastasia, \u00e9 a \u00fanica sa\u00edda para superar a crise do setor e evitar aumentos desenfreados das tarifas do transporte coletivo urbano","og_url":"https:\/\/revistaautobus.com.br\/?p=5210","og_site_name":"Revista AutoBus","article_publisher":"https:\/\/www.facebook.com\/antonio.ferro.3150","article_published_time":"2021-11-26T16:09:52+00:00","article_modified_time":"2021-11-26T16:09:54+00:00","og_image":[{"width":1200,"height":628,"url":"https:\/\/revistaautobus.com.br\/wp-content\/uploads\/2021\/11\/spurbanuss-sp.jpg","type":"image\/jpeg"}],"author":"Antonio Ferro","twitter_card":"summary_large_image","twitter_misc":{"Escrito por":"Antonio Ferro","Est. tempo de leitura":"4 minutos"},"schema":{"@context":"https:\/\/schema.org","@graph":[{"@type":"Article","@id":"https:\/\/revistaautobus.com.br\/?p=5210#article","isPartOf":{"@id":"https:\/\/revistaautobus.com.br\/?p=5210"},"author":{"name":"Antonio Ferro","@id":"https:\/\/revistaautobus.com.br\/#\/schema\/person\/54af7c3eb83a310e42ef686ef6d16f50"},"headline":"Entidades entregam manifesto em apoio ao PL que evitar\u00e1 colapso do transporte p\u00fablico","datePublished":"2021-11-26T16:09:52+00:00","dateModified":"2021-11-26T16:09:54+00:00","mainEntityOfPage":{"@id":"https:\/\/revistaautobus.com.br\/?p=5210"},"wordCount":740,"commentCount":0,"publisher":{"@id":"https:\/\/revistaautobus.com.br\/#organization"},"image":{"@id":"https:\/\/revistaautobus.com.br\/?p=5210#primaryimage"},"thumbnailUrl":"https:\/\/revistaautobus.com.br\/wp-content\/uploads\/2021\/11\/spurbanuss-sp.jpg","keywords":["ntu"],"articleSection":["Conex\u00e3o Mobilidade"],"inLanguage":"pt-BR","potentialAction":[{"@type":"CommentAction","name":"Comment","target":["https:\/\/revistaautobus.com.br\/?p=5210#respond"]}]},{"@type":"WebPage","@id":"https:\/\/revistaautobus.com.br\/?p=5210","url":"https:\/\/revistaautobus.com.br\/?p=5210","name":"Entidades entregam manifesto em apoio ao PL que evitar\u00e1 colapso do transporte p\u00fablico - Revista AutoBus","isPartOf":{"@id":"https:\/\/revistaautobus.com.br\/#website"},"primaryImageOfPage":{"@id":"https:\/\/revistaautobus.com.br\/?p=5210#primaryimage"},"image":{"@id":"https:\/\/revistaautobus.com.br\/?p=5210#primaryimage"},"thumbnailUrl":"https:\/\/revistaautobus.com.br\/wp-content\/uploads\/2021\/11\/spurbanuss-sp.jpg","datePublished":"2021-11-26T16:09:52+00:00","dateModified":"2021-11-26T16:09:54+00:00","breadcrumb":{"@id":"https:\/\/revistaautobus.com.br\/?p=5210#breadcrumb"},"inLanguage":"pt-BR","potentialAction":[{"@type":"ReadAction","target":["https:\/\/revistaautobus.com.br\/?p=5210"]}]},{"@type":"ImageObject","inLanguage":"pt-BR","@id":"https:\/\/revistaautobus.com.br\/?p=5210#primaryimage","url":"https:\/\/revistaautobus.com.br\/wp-content\/uploads\/2021\/11\/spurbanuss-sp.jpg","contentUrl":"https:\/\/revistaautobus.com.br\/wp-content\/uploads\/2021\/11\/spurbanuss-sp.jpg","width":1200,"height":628},{"@type":"BreadcrumbList","@id":"https:\/\/revistaautobus.com.br\/?p=5210#breadcrumb","itemListElement":[{"@type":"ListItem","position":1,"name":"In\u00edcio","item":"https:\/\/revistaautobus.com.br\/"},{"@type":"ListItem","position":2,"name":"Entidades entregam manifesto em apoio ao PL que evitar\u00e1 colapso do transporte p\u00fablico"}]},{"@type":"WebSite","@id":"https:\/\/revistaautobus.com.br\/#website","url":"https:\/\/revistaautobus.com.br\/","name":"Revista AutoBus","description":"","publisher":{"@id":"https:\/\/revistaautobus.com.br\/#organization"},"potentialAction":[{"@type":"SearchAction","target":{"@type":"EntryPoint","urlTemplate":"https:\/\/revistaautobus.com.br\/?s={search_term_string}"},"query-input":{"@type":"PropertyValueSpecification","valueRequired":true,"valueName":"search_term_string"}}],"inLanguage":"pt-BR"},{"@type":"Organization","@id":"https:\/\/revistaautobus.com.br\/#organization","name":"Revista AutoBus","url":"https:\/\/revistaautobus.com.br\/","logo":{"@type":"ImageObject","inLanguage":"pt-BR","@id":"https:\/\/revistaautobus.com.br\/#\/schema\/logo\/image\/","url":"https:\/\/revistaautobus.com.br\/wp-content\/uploads\/2024\/11\/logo_revista_autobus_fb.png","contentUrl":"https:\/\/revistaautobus.com.br\/wp-content\/uploads\/2024\/11\/logo_revista_autobus_fb.png","width":836,"height":227,"caption":"Revista AutoBus"},"image":{"@id":"https:\/\/revistaautobus.com.br\/#\/schema\/logo\/image\/"},"sameAs":["https:\/\/www.facebook.com\/antonio.ferro.3150","https:\/\/www.instagram.com\/revistaautobus\/"]},{"@type":"Person","@id":"https:\/\/revistaautobus.com.br\/#\/schema\/person\/54af7c3eb83a310e42ef686ef6d16f50","name":"Antonio Ferro","image":{"@type":"ImageObject","inLanguage":"pt-BR","@id":"https:\/\/revistaautobus.com.br\/wp-content\/uploads\/2025\/12\/editor_antonio_ferro-150x150.jpg","url":"https:\/\/revistaautobus.com.br\/wp-content\/uploads\/2025\/12\/editor_antonio_ferro-150x150.jpg","contentUrl":"https:\/\/revistaautobus.com.br\/wp-content\/uploads\/2025\/12\/editor_antonio_ferro-150x150.jpg","caption":"Antonio Ferro"},"description":"infobus@uol.com.br","url":"https:\/\/revistaautobus.com.br\/?author=2"}]}},"jetpack_featured_media_url":"https:\/\/revistaautobus.com.br\/wp-content\/uploads\/2021\/11\/spurbanuss-sp.jpg","jetpack_sharing_enabled":true,"_links":{"self":[{"href":"https:\/\/revistaautobus.com.br\/index.php?rest_route=\/wp\/v2\/posts\/5210","targetHints":{"allow":["GET"]}}],"collection":[{"href":"https:\/\/revistaautobus.com.br\/index.php?rest_route=\/wp\/v2\/posts"}],"about":[{"href":"https:\/\/revistaautobus.com.br\/index.php?rest_route=\/wp\/v2\/types\/post"}],"author":[{"embeddable":true,"href":"https:\/\/revistaautobus.com.br\/index.php?rest_route=\/wp\/v2\/users\/2"}],"replies":[{"embeddable":true,"href":"https:\/\/revistaautobus.com.br\/index.php?rest_route=%2Fwp%2Fv2%2Fcomments&post=5210"}],"version-history":[{"count":2,"href":"https:\/\/revistaautobus.com.br\/index.php?rest_route=\/wp\/v2\/posts\/5210\/revisions"}],"predecessor-version":[{"id":5213,"href":"https:\/\/revistaautobus.com.br\/index.php?rest_route=\/wp\/v2\/posts\/5210\/revisions\/5213"}],"wp:featuredmedia":[{"embeddable":true,"href":"https:\/\/revistaautobus.com.br\/index.php?rest_route=\/wp\/v2\/media\/5211"}],"wp:attachment":[{"href":"https:\/\/revistaautobus.com.br\/index.php?rest_route=%2Fwp%2Fv2%2Fmedia&parent=5210"}],"wp:term":[{"taxonomy":"category","embeddable":true,"href":"https:\/\/revistaautobus.com.br\/index.php?rest_route=%2Fwp%2Fv2%2Fcategories&post=5210"},{"taxonomy":"post_tag","embeddable":true,"href":"https:\/\/revistaautobus.com.br\/index.php?rest_route=%2Fwp%2Fv2%2Ftags&post=5210"}],"curies":[{"name":"wp","href":"https:\/\/api.w.org\/{rel}","templated":true}]}}