{"id":5380,"date":"2021-12-17T07:58:42","date_gmt":"2021-12-17T10:58:42","guid":{"rendered":"https:\/\/revistaautobus.com.br\/?p=5380"},"modified":"2021-12-17T07:58:44","modified_gmt":"2021-12-17T10:58:44","slug":"no-chile-volvo-mostrara-seu-conceito-de-eletromobilidade","status":"publish","type":"post","link":"https:\/\/revistaautobus.com.br\/?p=5380","title":{"rendered":"No Chile, Volvo mostrar\u00e1 seu conceito de eletromobilidade"},"content":{"rendered":"\n<p class=\"has-drop-cap\">A montadora sueca Volvo, que anunciou recentemente sua entrada no compromisso de fornecer \u00f4nibus el\u00e9tricos para o projeto ZEBRA (<em>Zero Emission Bus Rapid-Deployment Accelerator<\/em>) na Am\u00e9rica Latina, far\u00e1 testes pelas ruas de Santiago, no Chile, com o seu modelo 7900 100% el\u00e9trico a baterias.<\/p>\n\n\n\n<p>A avalia\u00e7\u00e3o est\u00e1 prevista para durar quatro meses, iniciando no pr\u00f3ximo m\u00eas de janeiro. Para a montadora, seu objetivo \u00e9 validar a consagrada tecnologia de \u00f4nibus el\u00e9tricos da marca tamb\u00e9m nas severas demandas do transporte p\u00fablico latino-americano. \u201cA Volvo foi pioneira em \u00f4nibus h\u00edbridos no continente, com ve\u00edculos em opera\u00e7\u00e3o regular desde 2012, no Brasil e Col\u00f4mbia. E agora estamos dando mais um passo em nossa jornada de eletromobilidade, trazendo da Europa um \u00f4nibus 100% el\u00e9trico para testes aqui\u201d, disse Fabiano Todeschini, presidente da Volvo Buses Latin America.<\/p>\n\n\n\n<p>Os testes em Santiago levar\u00e3o em considera\u00e7\u00e3o o monitoramento dos dados e fun\u00e7\u00f5es do ve\u00edculo, como autonomia (Kw\/km), desempenho, dire\u00e7\u00e3o, conforto para o passageiro, n\u00edveis de ru\u00eddo, conectividade e performance em zonas com controle remoto de velocidade. \u201cNosso objetivo \u00e9 mostrar aos passageiros, operadores e autoridades de transporte o \u00f4nibus Volvo 100% el\u00e9trico e estudar o cen\u00e1rio para uma poss\u00edvel introdu\u00e7\u00e3o futura dessa tecnologia no Chile\u201d, afirma Jose Antonio Margalet, diretor-comercial de \u00f4nibus Volvo no pa\u00eds.<\/p>\n\n\n\n<p>Segundo a marca sueca, seu respectivo modelo 7900 Electric \u00e9 propulsionado, exclusivamente, por um motor el\u00e9trico de 200 Kw, n\u00e3o emitindo nenhum poluente e nem ru\u00eddo durante a opera\u00e7\u00e3o, contribuindo para a descarboniza\u00e7\u00e3o dos transportes e o desenvolvimento de cidades mais sustent\u00e1veis. Suas baterias s\u00e3o de \u00edons de l\u00edtio com capacidade para at\u00e9 330 kWh, garantindo a autonomia ao longo da jornada di\u00e1ria. A recarga das baterias se faz a noite, nas garagens.<\/p>\n\n\n\n<p>Na regi\u00e3o das Am\u00e9ricas, o ve\u00edculo foi testado pelas ruas da Cidade do M\u00e9xico e depois de Santiago, e seguir\u00e1 para a capital colombiana, Bogot\u00e1.<\/p>\n\n\n\n<p>Imagem &#8211; Divulga\u00e7\u00e3o<\/p>\n","protected":false},"excerpt":{"rendered":"<p>A avalia\u00e7\u00e3o est\u00e1 prevista para durar quatro meses, iniciando no pr\u00f3ximo m\u00eas de janeiro<\/p>\n","protected":false},"author":2,"featured_media":5381,"comment_status":"open","ping_status":"open","sticky":false,"template":"","format":"standard","meta":{"_et_pb_use_builder":"off","_et_pb_old_content":"","_et_gb_content_width":"","_jetpack_memberships_contains_paid_content":false,"footnotes":""},"categories":[73],"tags":[172],"class_list":["post-5380","post","type-post","status-publish","format-standard","has-post-thumbnail","hentry","category-tecnologia","tag-volvo-buses","et-has-post-format-content","et_post_format-et-post-format-standard"],"yoast_head":"<!-- This site is optimized with the Yoast SEO plugin v27.2 - https:\/\/yoast.com\/product\/yoast-seo-wordpress\/ -->\n<title>No Chile, Volvo mostrar\u00e1 seu conceito de eletromobilidade - Revista AutoBus<\/title>\n<meta name=\"robots\" content=\"index, follow, max-snippet:-1, max-image-preview:large, max-video-preview:-1\" \/>\n<link rel=\"canonical\" href=\"https:\/\/revistaautobus.com.br\/?p=5380\" \/>\n<meta property=\"og:locale\" content=\"pt_BR\" \/>\n<meta property=\"og:type\" content=\"article\" \/>\n<meta property=\"og:title\" content=\"No Chile, Volvo mostrar\u00e1 seu conceito de eletromobilidade - Revista AutoBus\" \/>\n<meta property=\"og:description\" content=\"A avalia\u00e7\u00e3o est\u00e1 prevista para durar quatro meses, iniciando no pr\u00f3ximo m\u00eas de janeiro\" \/>\n<meta property=\"og:url\" content=\"https:\/\/revistaautobus.com.br\/?p=5380\" \/>\n<meta property=\"og:site_name\" content=\"Revista AutoBus\" \/>\n<meta property=\"article:publisher\" content=\"https:\/\/www.facebook.com\/antonio.ferro.3150\" \/>\n<meta property=\"article:published_time\" content=\"2021-12-17T10:58:42+00:00\" \/>\n<meta property=\"article:modified_time\" content=\"2021-12-17T10:58:44+00:00\" \/>\n<meta property=\"og:image\" content=\"https:\/\/revistaautobus.com.br\/wp-content\/uploads\/2021\/12\/crD1tqB8pA4mlGk3ZHYS7Q0IbJ-scaled.jpg\" \/>\n\t<meta property=\"og:image:width\" content=\"2560\" \/>\n\t<meta property=\"og:image:height\" content=\"1707\" \/>\n\t<meta property=\"og:image:type\" content=\"image\/jpeg\" \/>\n<meta name=\"author\" content=\"Antonio Ferro\" \/>\n<meta name=\"twitter:card\" content=\"summary_large_image\" \/>\n<meta name=\"twitter:label1\" content=\"Escrito por\" \/>\n\t<meta name=\"twitter:data1\" content=\"Antonio Ferro\" \/>\n\t<meta name=\"twitter:label2\" content=\"Est. tempo de leitura\" \/>\n\t<meta name=\"twitter:data2\" content=\"2 minutos\" \/>\n<script type=\"application\/ld+json\" class=\"yoast-schema-graph\">{\"@context\":\"https:\/\/schema.org\",\"@graph\":[{\"@type\":\"Article\",\"@id\":\"https:\/\/revistaautobus.com.br\/?p=5380#article\",\"isPartOf\":{\"@id\":\"https:\/\/revistaautobus.com.br\/?p=5380\"},\"author\":{\"name\":\"Antonio Ferro\",\"@id\":\"https:\/\/revistaautobus.com.br\/#\/schema\/person\/54af7c3eb83a310e42ef686ef6d16f50\"},\"headline\":\"No Chile, Volvo mostrar\u00e1 seu conceito de eletromobilidade\",\"datePublished\":\"2021-12-17T10:58:42+00:00\",\"dateModified\":\"2021-12-17T10:58:44+00:00\",\"mainEntityOfPage\":{\"@id\":\"https:\/\/revistaautobus.com.br\/?p=5380\"},\"wordCount\":347,\"commentCount\":0,\"publisher\":{\"@id\":\"https:\/\/revistaautobus.com.br\/#organization\"},\"image\":{\"@id\":\"https:\/\/revistaautobus.com.br\/?p=5380#primaryimage\"},\"thumbnailUrl\":\"https:\/\/revistaautobus.com.br\/wp-content\/uploads\/2021\/12\/crD1tqB8pA4mlGk3ZHYS7Q0IbJ-scaled.jpg\",\"keywords\":[\"Volvo Buses\"],\"articleSection\":[\"Tecnologia\"],\"inLanguage\":\"pt-BR\",\"potentialAction\":[{\"@type\":\"CommentAction\",\"name\":\"Comment\",\"target\":[\"https:\/\/revistaautobus.com.br\/?p=5380#respond\"]}]},{\"@type\":\"WebPage\",\"@id\":\"https:\/\/revistaautobus.com.br\/?p=5380\",\"url\":\"https:\/\/revistaautobus.com.br\/?p=5380\",\"name\":\"No Chile, Volvo mostrar\u00e1 seu conceito de eletromobilidade - Revista AutoBus\",\"isPartOf\":{\"@id\":\"https:\/\/revistaautobus.com.br\/#website\"},\"primaryImageOfPage\":{\"@id\":\"https:\/\/revistaautobus.com.br\/?p=5380#primaryimage\"},\"image\":{\"@id\":\"https:\/\/revistaautobus.com.br\/?p=5380#primaryimage\"},\"thumbnailUrl\":\"https:\/\/revistaautobus.com.br\/wp-content\/uploads\/2021\/12\/crD1tqB8pA4mlGk3ZHYS7Q0IbJ-scaled.jpg\",\"datePublished\":\"2021-12-17T10:58:42+00:00\",\"dateModified\":\"2021-12-17T10:58:44+00:00\",\"breadcrumb\":{\"@id\":\"https:\/\/revistaautobus.com.br\/?p=5380#breadcrumb\"},\"inLanguage\":\"pt-BR\",\"potentialAction\":[{\"@type\":\"ReadAction\",\"target\":[\"https:\/\/revistaautobus.com.br\/?p=5380\"]}]},{\"@type\":\"ImageObject\",\"inLanguage\":\"pt-BR\",\"@id\":\"https:\/\/revistaautobus.com.br\/?p=5380#primaryimage\",\"url\":\"https:\/\/revistaautobus.com.br\/wp-content\/uploads\/2021\/12\/crD1tqB8pA4mlGk3ZHYS7Q0IbJ-scaled.jpg\",\"contentUrl\":\"https:\/\/revistaautobus.com.br\/wp-content\/uploads\/2021\/12\/crD1tqB8pA4mlGk3ZHYS7Q0IbJ-scaled.jpg\",\"width\":2560,\"height\":1707},{\"@type\":\"BreadcrumbList\",\"@id\":\"https:\/\/revistaautobus.com.br\/?p=5380#breadcrumb\",\"itemListElement\":[{\"@type\":\"ListItem\",\"position\":1,\"name\":\"In\u00edcio\",\"item\":\"https:\/\/revistaautobus.com.br\/\"},{\"@type\":\"ListItem\",\"position\":2,\"name\":\"No Chile, Volvo mostrar\u00e1 seu conceito de eletromobilidade\"}]},{\"@type\":\"WebSite\",\"@id\":\"https:\/\/revistaautobus.com.br\/#website\",\"url\":\"https:\/\/revistaautobus.com.br\/\",\"name\":\"Revista AutoBus\",\"description\":\"\",\"publisher\":{\"@id\":\"https:\/\/revistaautobus.com.br\/#organization\"},\"potentialAction\":[{\"@type\":\"SearchAction\",\"target\":{\"@type\":\"EntryPoint\",\"urlTemplate\":\"https:\/\/revistaautobus.com.br\/?s={search_term_string}\"},\"query-input\":{\"@type\":\"PropertyValueSpecification\",\"valueRequired\":true,\"valueName\":\"search_term_string\"}}],\"inLanguage\":\"pt-BR\"},{\"@type\":\"Organization\",\"@id\":\"https:\/\/revistaautobus.com.br\/#organization\",\"name\":\"Revista AutoBus\",\"url\":\"https:\/\/revistaautobus.com.br\/\",\"logo\":{\"@type\":\"ImageObject\",\"inLanguage\":\"pt-BR\",\"@id\":\"https:\/\/revistaautobus.com.br\/#\/schema\/logo\/image\/\",\"url\":\"https:\/\/revistaautobus.com.br\/wp-content\/uploads\/2024\/11\/logo_revista_autobus_fb.png\",\"contentUrl\":\"https:\/\/revistaautobus.com.br\/wp-content\/uploads\/2024\/11\/logo_revista_autobus_fb.png\",\"width\":836,\"height\":227,\"caption\":\"Revista AutoBus\"},\"image\":{\"@id\":\"https:\/\/revistaautobus.com.br\/#\/schema\/logo\/image\/\"},\"sameAs\":[\"https:\/\/www.facebook.com\/antonio.ferro.3150\",\"https:\/\/www.instagram.com\/revistaautobus\/\"]},{\"@type\":\"Person\",\"@id\":\"https:\/\/revistaautobus.com.br\/#\/schema\/person\/54af7c3eb83a310e42ef686ef6d16f50\",\"name\":\"Antonio Ferro\",\"image\":{\"@type\":\"ImageObject\",\"inLanguage\":\"pt-BR\",\"@id\":\"https:\/\/revistaautobus.com.br\/wp-content\/uploads\/2025\/12\/editor_antonio_ferro-150x150.jpg\",\"url\":\"https:\/\/revistaautobus.com.br\/wp-content\/uploads\/2025\/12\/editor_antonio_ferro-150x150.jpg\",\"contentUrl\":\"https:\/\/revistaautobus.com.br\/wp-content\/uploads\/2025\/12\/editor_antonio_ferro-150x150.jpg\",\"caption\":\"Antonio Ferro\"},\"description\":\"infobus@uol.com.br\",\"url\":\"https:\/\/revistaautobus.com.br\/?author=2\"}]}<\/script>\n<!-- \/ Yoast SEO plugin. -->","yoast_head_json":{"title":"No Chile, Volvo mostrar\u00e1 seu conceito de eletromobilidade - Revista AutoBus","robots":{"index":"index","follow":"follow","max-snippet":"max-snippet:-1","max-image-preview":"max-image-preview:large","max-video-preview":"max-video-preview:-1"},"canonical":"https:\/\/revistaautobus.com.br\/?p=5380","og_locale":"pt_BR","og_type":"article","og_title":"No Chile, Volvo mostrar\u00e1 seu conceito de eletromobilidade - Revista AutoBus","og_description":"A avalia\u00e7\u00e3o est\u00e1 prevista para durar quatro meses, iniciando no pr\u00f3ximo m\u00eas de janeiro","og_url":"https:\/\/revistaautobus.com.br\/?p=5380","og_site_name":"Revista AutoBus","article_publisher":"https:\/\/www.facebook.com\/antonio.ferro.3150","article_published_time":"2021-12-17T10:58:42+00:00","article_modified_time":"2021-12-17T10:58:44+00:00","og_image":[{"width":2560,"height":1707,"url":"https:\/\/revistaautobus.com.br\/wp-content\/uploads\/2021\/12\/crD1tqB8pA4mlGk3ZHYS7Q0IbJ-scaled.jpg","type":"image\/jpeg"}],"author":"Antonio Ferro","twitter_card":"summary_large_image","twitter_misc":{"Escrito por":"Antonio Ferro","Est. tempo de leitura":"2 minutos"},"schema":{"@context":"https:\/\/schema.org","@graph":[{"@type":"Article","@id":"https:\/\/revistaautobus.com.br\/?p=5380#article","isPartOf":{"@id":"https:\/\/revistaautobus.com.br\/?p=5380"},"author":{"name":"Antonio Ferro","@id":"https:\/\/revistaautobus.com.br\/#\/schema\/person\/54af7c3eb83a310e42ef686ef6d16f50"},"headline":"No Chile, Volvo mostrar\u00e1 seu conceito de eletromobilidade","datePublished":"2021-12-17T10:58:42+00:00","dateModified":"2021-12-17T10:58:44+00:00","mainEntityOfPage":{"@id":"https:\/\/revistaautobus.com.br\/?p=5380"},"wordCount":347,"commentCount":0,"publisher":{"@id":"https:\/\/revistaautobus.com.br\/#organization"},"image":{"@id":"https:\/\/revistaautobus.com.br\/?p=5380#primaryimage"},"thumbnailUrl":"https:\/\/revistaautobus.com.br\/wp-content\/uploads\/2021\/12\/crD1tqB8pA4mlGk3ZHYS7Q0IbJ-scaled.jpg","keywords":["Volvo Buses"],"articleSection":["Tecnologia"],"inLanguage":"pt-BR","potentialAction":[{"@type":"CommentAction","name":"Comment","target":["https:\/\/revistaautobus.com.br\/?p=5380#respond"]}]},{"@type":"WebPage","@id":"https:\/\/revistaautobus.com.br\/?p=5380","url":"https:\/\/revistaautobus.com.br\/?p=5380","name":"No Chile, Volvo mostrar\u00e1 seu conceito de eletromobilidade - Revista AutoBus","isPartOf":{"@id":"https:\/\/revistaautobus.com.br\/#website"},"primaryImageOfPage":{"@id":"https:\/\/revistaautobus.com.br\/?p=5380#primaryimage"},"image":{"@id":"https:\/\/revistaautobus.com.br\/?p=5380#primaryimage"},"thumbnailUrl":"https:\/\/revistaautobus.com.br\/wp-content\/uploads\/2021\/12\/crD1tqB8pA4mlGk3ZHYS7Q0IbJ-scaled.jpg","datePublished":"2021-12-17T10:58:42+00:00","dateModified":"2021-12-17T10:58:44+00:00","breadcrumb":{"@id":"https:\/\/revistaautobus.com.br\/?p=5380#breadcrumb"},"inLanguage":"pt-BR","potentialAction":[{"@type":"ReadAction","target":["https:\/\/revistaautobus.com.br\/?p=5380"]}]},{"@type":"ImageObject","inLanguage":"pt-BR","@id":"https:\/\/revistaautobus.com.br\/?p=5380#primaryimage","url":"https:\/\/revistaautobus.com.br\/wp-content\/uploads\/2021\/12\/crD1tqB8pA4mlGk3ZHYS7Q0IbJ-scaled.jpg","contentUrl":"https:\/\/revistaautobus.com.br\/wp-content\/uploads\/2021\/12\/crD1tqB8pA4mlGk3ZHYS7Q0IbJ-scaled.jpg","width":2560,"height":1707},{"@type":"BreadcrumbList","@id":"https:\/\/revistaautobus.com.br\/?p=5380#breadcrumb","itemListElement":[{"@type":"ListItem","position":1,"name":"In\u00edcio","item":"https:\/\/revistaautobus.com.br\/"},{"@type":"ListItem","position":2,"name":"No Chile, Volvo mostrar\u00e1 seu conceito de eletromobilidade"}]},{"@type":"WebSite","@id":"https:\/\/revistaautobus.com.br\/#website","url":"https:\/\/revistaautobus.com.br\/","name":"Revista AutoBus","description":"","publisher":{"@id":"https:\/\/revistaautobus.com.br\/#organization"},"potentialAction":[{"@type":"SearchAction","target":{"@type":"EntryPoint","urlTemplate":"https:\/\/revistaautobus.com.br\/?s={search_term_string}"},"query-input":{"@type":"PropertyValueSpecification","valueRequired":true,"valueName":"search_term_string"}}],"inLanguage":"pt-BR"},{"@type":"Organization","@id":"https:\/\/revistaautobus.com.br\/#organization","name":"Revista AutoBus","url":"https:\/\/revistaautobus.com.br\/","logo":{"@type":"ImageObject","inLanguage":"pt-BR","@id":"https:\/\/revistaautobus.com.br\/#\/schema\/logo\/image\/","url":"https:\/\/revistaautobus.com.br\/wp-content\/uploads\/2024\/11\/logo_revista_autobus_fb.png","contentUrl":"https:\/\/revistaautobus.com.br\/wp-content\/uploads\/2024\/11\/logo_revista_autobus_fb.png","width":836,"height":227,"caption":"Revista AutoBus"},"image":{"@id":"https:\/\/revistaautobus.com.br\/#\/schema\/logo\/image\/"},"sameAs":["https:\/\/www.facebook.com\/antonio.ferro.3150","https:\/\/www.instagram.com\/revistaautobus\/"]},{"@type":"Person","@id":"https:\/\/revistaautobus.com.br\/#\/schema\/person\/54af7c3eb83a310e42ef686ef6d16f50","name":"Antonio Ferro","image":{"@type":"ImageObject","inLanguage":"pt-BR","@id":"https:\/\/revistaautobus.com.br\/wp-content\/uploads\/2025\/12\/editor_antonio_ferro-150x150.jpg","url":"https:\/\/revistaautobus.com.br\/wp-content\/uploads\/2025\/12\/editor_antonio_ferro-150x150.jpg","contentUrl":"https:\/\/revistaautobus.com.br\/wp-content\/uploads\/2025\/12\/editor_antonio_ferro-150x150.jpg","caption":"Antonio Ferro"},"description":"infobus@uol.com.br","url":"https:\/\/revistaautobus.com.br\/?author=2"}]}},"jetpack_featured_media_url":"https:\/\/revistaautobus.com.br\/wp-content\/uploads\/2021\/12\/crD1tqB8pA4mlGk3ZHYS7Q0IbJ-scaled.jpg","jetpack_sharing_enabled":true,"_links":{"self":[{"href":"https:\/\/revistaautobus.com.br\/index.php?rest_route=\/wp\/v2\/posts\/5380","targetHints":{"allow":["GET"]}}],"collection":[{"href":"https:\/\/revistaautobus.com.br\/index.php?rest_route=\/wp\/v2\/posts"}],"about":[{"href":"https:\/\/revistaautobus.com.br\/index.php?rest_route=\/wp\/v2\/types\/post"}],"author":[{"embeddable":true,"href":"https:\/\/revistaautobus.com.br\/index.php?rest_route=\/wp\/v2\/users\/2"}],"replies":[{"embeddable":true,"href":"https:\/\/revistaautobus.com.br\/index.php?rest_route=%2Fwp%2Fv2%2Fcomments&post=5380"}],"version-history":[{"count":2,"href":"https:\/\/revistaautobus.com.br\/index.php?rest_route=\/wp\/v2\/posts\/5380\/revisions"}],"predecessor-version":[{"id":5383,"href":"https:\/\/revistaautobus.com.br\/index.php?rest_route=\/wp\/v2\/posts\/5380\/revisions\/5383"}],"wp:featuredmedia":[{"embeddable":true,"href":"https:\/\/revistaautobus.com.br\/index.php?rest_route=\/wp\/v2\/media\/5381"}],"wp:attachment":[{"href":"https:\/\/revistaautobus.com.br\/index.php?rest_route=%2Fwp%2Fv2%2Fmedia&parent=5380"}],"wp:term":[{"taxonomy":"category","embeddable":true,"href":"https:\/\/revistaautobus.com.br\/index.php?rest_route=%2Fwp%2Fv2%2Fcategories&post=5380"},{"taxonomy":"post_tag","embeddable":true,"href":"https:\/\/revistaautobus.com.br\/index.php?rest_route=%2Fwp%2Fv2%2Ftags&post=5380"}],"curies":[{"name":"wp","href":"https:\/\/api.w.org\/{rel}","templated":true}]}}