{"id":5391,"date":"2021-12-17T08:07:14","date_gmt":"2021-12-17T11:07:14","guid":{"rendered":"https:\/\/revistaautobus.com.br\/?p=5391"},"modified":"2021-12-17T08:07:15","modified_gmt":"2021-12-17T11:07:15","slug":"como-reverter-o-cenario-desfavoravel-do-transporte-coletivo-no-pos-pandemia","status":"publish","type":"post","link":"https:\/\/revistaautobus.com.br\/?p=5391","title":{"rendered":"Como reverter o cen\u00e1rio desfavor\u00e1vel do transporte coletivo no p\u00f3s-pandemia"},"content":{"rendered":"\n<p>Por Mova-se F\u00f3rum da Mobilidade<\/p>\n\n\n\n<p class=\"has-drop-cap\">De acordo com o engenheiro civil e coordenador de Planejamento de Opera\u00e7\u00e3o de Transporte na Empresa P\u00fablica de Transporte e Circula\u00e7\u00e3o de Porto Alegre (EPTC), Diego Buss, nos \u00faltimos anos o transporte mergulhou em uma crise jamais vista, com perda de desempenho, qualidade e atratividade ano ap\u00f3s ano. \u201cO transporte coletivo \u00e9 a \u00fanica solu\u00e7\u00e3o comprovada que as cidades devem implantar para reduzir os congestionamentos, os tempos em tr\u00e2nsito, emiss\u00e3o de poluentes e o n\u00famero de acidentes. \u00c9 investir em justi\u00e7a social e melhorar a qualidade de vida de milh\u00f5es de pessoas\u201d, ressaltou.<\/p>\n\n\n\n<p>Segundo ele, que tamb\u00e9m integra o time de especialistas em mobilidade e transportes do Mova-se F\u00f3rum de Mobilidade, a queda expressiva da demanda de passageiros transportados em \u00e2mbito nacional foi causada especialmente pela falta de prioriza\u00e7\u00e3o do transporte coletivo, de incentivo a utiliza\u00e7\u00e3o do transporte individual e pela ineficaz gest\u00e3o da opera\u00e7\u00e3o do transporte.<\/p>\n\n\n\n<p>Para o especialista, a realidade do transporte coletivo em Porto Alegre, por exemplo, n\u00e3o \u00e9 diferente: \u201cO modal da capital ga\u00facha perdeu praticamente a metade dos passageiros transportados nas \u00faltimas d\u00e9cadas e com a chegada da pandemia o cen\u00e1rio se agravou ainda mais, com redu\u00e7\u00e3o de at\u00e9 80% na demanda, acelerando o processo de colapso do sistema\u201d, afirma.<\/p>\n\n\n\n<p>O gr\u00e1fico a seguir apresenta um comparativo do n\u00famero de passageiros equivalentes transportados, da frota operacional e da quilometragem percorrida pelo transporte urbano de Porto Alegre de 1994 a 2019, onde percebe-se que apesar da perda de demanda de 45,99%, a frota e a quilometragem foram ampliadas ao longo do tempo, trazendo reflexos no equil\u00edbrio econ\u00f4mico e financeiro da opera\u00e7\u00e3o do transporte:<\/p>\n\n\n\n<figure class=\"wp-block-image size-full\"><img loading=\"lazy\" decoding=\"async\" width=\"836\" height=\"529\" src=\"https:\/\/revistaautobus.com.br\/wp-content\/uploads\/2021\/12\/Graficos.jpg\" alt=\"\" class=\"wp-image-5393\" srcset=\"https:\/\/revistaautobus.com.br\/wp-content\/uploads\/2021\/12\/Graficos.jpg 836w, https:\/\/revistaautobus.com.br\/wp-content\/uploads\/2021\/12\/Graficos-300x190.jpg 300w, https:\/\/revistaautobus.com.br\/wp-content\/uploads\/2021\/12\/Graficos-768x486.jpg 768w\" sizes=\"(max-width: 836px) 100vw, 836px\" \/><\/figure>\n\n\n\n<p>Nesse outro gr\u00e1fico \u00e9 apresentado o comportamento da demanda de passageiros transportados em Porto Alegre durante a pandemia, onde pode ser observado que abril de 2020 foi o m\u00eas mais cr\u00edtico com perda de at\u00e9 72% na demanda e que o sistema sofre com uma lenta recupera\u00e7\u00e3o de clientes, transportando somente 64% do n\u00famero de passageiros transportados no per\u00edodo que antecede a pandemia:<\/p>\n\n\n\n<figure class=\"wp-block-image size-full\"><img loading=\"lazy\" decoding=\"async\" width=\"894\" height=\"500\" src=\"https:\/\/revistaautobus.com.br\/wp-content\/uploads\/2021\/12\/Graficos-2.jpg\" alt=\"\" class=\"wp-image-5394\" srcset=\"https:\/\/revistaautobus.com.br\/wp-content\/uploads\/2021\/12\/Graficos-2.jpg 894w, https:\/\/revistaautobus.com.br\/wp-content\/uploads\/2021\/12\/Graficos-2-300x168.jpg 300w, https:\/\/revistaautobus.com.br\/wp-content\/uploads\/2021\/12\/Graficos-2-768x430.jpg 768w\" sizes=\"(max-width: 894px) 100vw, 894px\" \/><\/figure>\n\n\n\n<p>Diego explica que, ao longo dos \u00faltimos anos, Porto Alegre deu alguns passos importantes ao trazer o tema \u2018transporte coletivo\u2019 para o centro do debate. O efeito disso, segundo ele, foi a aprova\u00e7\u00e3o e implanta\u00e7\u00e3o de alguns projetos, tais como a Delegacia especializada no transporte coletivo, GPS e CFTV nos \u00f4nibus, implementa\u00e7\u00e3o do aplicativo de informa\u00e7\u00e3o em tempo real ao cliente, maior facilidade e conveni\u00eancia na aquisi\u00e7\u00e3o de cr\u00e9ditos eletr\u00f4nicos e no processo de integra\u00e7\u00e3o tarif\u00e1ria e a aprova\u00e7\u00e3o dos projetos para redu\u00e7\u00e3o de gratuidades dentre outras medidas (como a retirada de cobradores e o passe livre).<\/p>\n\n\n\n<p>Apesar de todos os esfor\u00e7os realizados, essas a\u00e7\u00f5es por si s\u00f3 ainda s\u00e3o insuficientes para resolver o problema estrutural do transporte coletivo portalegrense. Para ele, as medidas feitas n\u00e3o s\u00e3o capazes de atrair novos passageiros para o sistema. \u201cPrecisamos trabalhar na raiz do problema, transformando viagens lentas, imprevis\u00edveis, desconfort\u00e1veis e tortuosas em uma experi\u00eancia agrad\u00e1vel de deslocamento\u201d, explicou Diego.<\/p>\n\n\n\n<p>\u201cN\u00e3o tenho d\u00favida que mais pessoas escolhem o \u00f4nibus quando ele \u00e9 uma op\u00e7\u00e3o \u00fatil, quando ele \u00e9 r\u00e1pido, acess\u00edvel e confi\u00e1vel e para que isso se concretize em Porto Alegre precisamos atuar em seis frentes: pre\u00e7o da tarifa, frequ\u00eancia, rede de transporte, rapidez, conveni\u00eancia e metodologia de planejamento do transporte\u201d, enfatizou.<\/p>\n\n\n\n<p><strong><em><span class=\"has-inline-color has-vivid-cyan-blue-color\">Pre\u00e7o da tarifa<\/span><\/em><\/strong><\/p>\n\n\n\n<p>Ao redor do mundo, 74% dos pa\u00edses subsidiam parte do custo de opera\u00e7\u00e3o dos seus respectivos sistemas de transporte p\u00fablico. No Brasil, entretanto, essa realidade \u00e9 distinta. Segundo o especialista, n\u00e3o h\u00e1 qualquer destina\u00e7\u00e3o de recursos pelo governo federal e s\u00e3o poucos os munic\u00edpios e estados que colocam algum aporte financeiro no transporte.<\/p>\n\n\n\n<p>O engenheiro defende que, ao financiar parte das opera\u00e7\u00f5es do transporte, o transporte coletivo passa a ser uma op\u00e7\u00e3o adequada e atrativa, ampliando o acesso \u00e0 cidade, especialmente para as pessoas de baixa renda. \u201c\u00c9 preciso ter em mente que nenhum sistema de transporte de qualidade no mundo \u00e9 sustentado somente pela arrecada\u00e7\u00e3o tarif\u00e1ria. O subs\u00eddio inclui socialmente a popula\u00e7\u00e3o carente e, ao mesmo tempo, ajudaria reduzir os congestionamentos e a emiss\u00e3o de gases poluentes\u201d, afirmou.&nbsp;<\/p>\n\n\n\n<p><strong><em><span class=\"has-inline-color has-vivid-cyan-blue-color\">Inova\u00e7\u00e3o e conveni\u00eancia<\/span><\/em><\/strong><\/p>\n\n\n\n<p>Diego Buss chama a aten\u00e7\u00e3o para o fato de que qualquer servi\u00e7o deve estar centrado na experi\u00eancia e jornada dos usu\u00e1rios\/consumidor. Ele cita o exemplo do Spotify e do Netflix, servi\u00e7os que acabaram com a pirataria por entregar conveni\u00eancia a seus consumidores. Enquanto isso, segundo o especialista, no transporte os problemas na jornada do usu\u00e1rio j\u00e1 come\u00e7am ao acessar o sistema:<\/p>\n\n\n\n<p>\u201cOs clientes, hoje em dia, esperam ultra conveni\u00eancia, por isso precisamos entregar uma experi\u00eancia de transporte positiva desde o planejamento da viagem ao desembarque. Devemos melhorar o acesso ao servi\u00e7o, os meios de pagamentos, a qualidade da frota operante, a estrutura de paradas e terminais, introduzir diferenciais de servi\u00e7os importantes como Wi-Fi e ar-condicionado. Todos merecem uma experi\u00eancia de viagem segura, acolhedora e confort\u00e1vel\u201d, exemplifica.<\/p>\n\n\n\n<p>Oferecer um servi\u00e7o de transporte ruim acreditando que o passageiro n\u00e3o tentar\u00e1 outra alternativa de deslocamento para sair do sistema \u00e9 uma ideia equivocada e ultrapassada. Para ele, isso pode ter funcionado no passado, mas atualmente tal premissa j\u00e1 n\u00e3o se sustenta. \u201cAt\u00e9 mesmo os mais pobres entre os pobres v\u00e3o buscar uma solu\u00e7\u00e3o para abandonar o \u00f4nibus. Assim, acredito que se Porto Alegre ou qualquer cidade do Brasil que tem o desejo manter ou atrair novos clientes deve modificar a abordagem utilizada para planejar o servi\u00e7o\u201d, concluiu.<\/p>\n\n\n\n<p>Imagens &#8211; Divulga\u00e7\u00e3o<\/p>\n","protected":false},"excerpt":{"rendered":"<p>Ao redor do mundo, 74% dos pa\u00edses subsidiam parte do custo de opera\u00e7\u00e3o dos seus respectivos sistemas de transporte p\u00fablico. No Brasil, entretanto, essa realidade \u00e9 distinta<\/p>\n","protected":false},"author":2,"featured_media":5392,"comment_status":"open","ping_status":"open","sticky":false,"template":"","format":"standard","meta":{"_et_pb_use_builder":"off","_et_pb_old_content":"","_et_gb_content_width":"","_jetpack_memberships_contains_paid_content":false,"footnotes":""},"categories":[5],"tags":[190],"class_list":["post-5391","post","type-post","status-publish","format-standard","has-post-thumbnail","hentry","category-conexao-mobilidade","tag-mova-se","et-has-post-format-content","et_post_format-et-post-format-standard"],"yoast_head":"<!-- This site is optimized with the Yoast SEO plugin v27.2 - https:\/\/yoast.com\/product\/yoast-seo-wordpress\/ -->\n<title>Como reverter o cen\u00e1rio desfavor\u00e1vel do transporte coletivo no p\u00f3s-pandemia - Revista AutoBus<\/title>\n<meta name=\"robots\" content=\"index, follow, max-snippet:-1, max-image-preview:large, max-video-preview:-1\" \/>\n<link rel=\"canonical\" href=\"https:\/\/revistaautobus.com.br\/?p=5391\" \/>\n<meta property=\"og:locale\" content=\"pt_BR\" \/>\n<meta property=\"og:type\" content=\"article\" \/>\n<meta property=\"og:title\" content=\"Como reverter o cen\u00e1rio desfavor\u00e1vel do transporte coletivo no p\u00f3s-pandemia - Revista AutoBus\" \/>\n<meta property=\"og:description\" content=\"Ao redor do mundo, 74% dos pa\u00edses subsidiam parte do custo de opera\u00e7\u00e3o dos seus respectivos sistemas de transporte p\u00fablico. No Brasil, entretanto, essa realidade \u00e9 distinta\" \/>\n<meta property=\"og:url\" content=\"https:\/\/revistaautobus.com.br\/?p=5391\" \/>\n<meta property=\"og:site_name\" content=\"Revista AutoBus\" \/>\n<meta property=\"article:publisher\" content=\"https:\/\/www.facebook.com\/antonio.ferro.3150\" \/>\n<meta property=\"article:published_time\" content=\"2021-12-17T11:07:14+00:00\" \/>\n<meta property=\"article:modified_time\" content=\"2021-12-17T11:07:15+00:00\" \/>\n<meta property=\"og:image\" content=\"https:\/\/revistaautobus.com.br\/wp-content\/uploads\/2021\/12\/Imagem-POA-Eduardo-Beleske-PMPA.jpg\" \/>\n\t<meta property=\"og:image:width\" content=\"984\" \/>\n\t<meta property=\"og:image:height\" content=\"543\" \/>\n\t<meta property=\"og:image:type\" content=\"image\/jpeg\" \/>\n<meta name=\"author\" content=\"Antonio Ferro\" \/>\n<meta name=\"twitter:card\" content=\"summary_large_image\" \/>\n<meta name=\"twitter:label1\" content=\"Escrito por\" \/>\n\t<meta name=\"twitter:data1\" content=\"Antonio Ferro\" \/>\n\t<meta name=\"twitter:label2\" content=\"Est. tempo de leitura\" \/>\n\t<meta name=\"twitter:data2\" content=\"5 minutos\" \/>\n<script type=\"application\/ld+json\" class=\"yoast-schema-graph\">{\"@context\":\"https:\/\/schema.org\",\"@graph\":[{\"@type\":\"Article\",\"@id\":\"https:\/\/revistaautobus.com.br\/?p=5391#article\",\"isPartOf\":{\"@id\":\"https:\/\/revistaautobus.com.br\/?p=5391\"},\"author\":{\"name\":\"Antonio Ferro\",\"@id\":\"https:\/\/revistaautobus.com.br\/#\/schema\/person\/54af7c3eb83a310e42ef686ef6d16f50\"},\"headline\":\"Como reverter o cen\u00e1rio desfavor\u00e1vel do transporte coletivo no p\u00f3s-pandemia\",\"datePublished\":\"2021-12-17T11:07:14+00:00\",\"dateModified\":\"2021-12-17T11:07:15+00:00\",\"mainEntityOfPage\":{\"@id\":\"https:\/\/revistaautobus.com.br\/?p=5391\"},\"wordCount\":992,\"commentCount\":0,\"publisher\":{\"@id\":\"https:\/\/revistaautobus.com.br\/#organization\"},\"image\":{\"@id\":\"https:\/\/revistaautobus.com.br\/?p=5391#primaryimage\"},\"thumbnailUrl\":\"https:\/\/revistaautobus.com.br\/wp-content\/uploads\/2021\/12\/Imagem-POA-Eduardo-Beleske-PMPA.jpg\",\"keywords\":[\"Mova-se\"],\"articleSection\":[\"Conex\u00e3o Mobilidade\"],\"inLanguage\":\"pt-BR\",\"potentialAction\":[{\"@type\":\"CommentAction\",\"name\":\"Comment\",\"target\":[\"https:\/\/revistaautobus.com.br\/?p=5391#respond\"]}]},{\"@type\":\"WebPage\",\"@id\":\"https:\/\/revistaautobus.com.br\/?p=5391\",\"url\":\"https:\/\/revistaautobus.com.br\/?p=5391\",\"name\":\"Como reverter o cen\u00e1rio desfavor\u00e1vel do transporte coletivo no p\u00f3s-pandemia - Revista AutoBus\",\"isPartOf\":{\"@id\":\"https:\/\/revistaautobus.com.br\/#website\"},\"primaryImageOfPage\":{\"@id\":\"https:\/\/revistaautobus.com.br\/?p=5391#primaryimage\"},\"image\":{\"@id\":\"https:\/\/revistaautobus.com.br\/?p=5391#primaryimage\"},\"thumbnailUrl\":\"https:\/\/revistaautobus.com.br\/wp-content\/uploads\/2021\/12\/Imagem-POA-Eduardo-Beleske-PMPA.jpg\",\"datePublished\":\"2021-12-17T11:07:14+00:00\",\"dateModified\":\"2021-12-17T11:07:15+00:00\",\"breadcrumb\":{\"@id\":\"https:\/\/revistaautobus.com.br\/?p=5391#breadcrumb\"},\"inLanguage\":\"pt-BR\",\"potentialAction\":[{\"@type\":\"ReadAction\",\"target\":[\"https:\/\/revistaautobus.com.br\/?p=5391\"]}]},{\"@type\":\"ImageObject\",\"inLanguage\":\"pt-BR\",\"@id\":\"https:\/\/revistaautobus.com.br\/?p=5391#primaryimage\",\"url\":\"https:\/\/revistaautobus.com.br\/wp-content\/uploads\/2021\/12\/Imagem-POA-Eduardo-Beleske-PMPA.jpg\",\"contentUrl\":\"https:\/\/revistaautobus.com.br\/wp-content\/uploads\/2021\/12\/Imagem-POA-Eduardo-Beleske-PMPA.jpg\",\"width\":984,\"height\":543},{\"@type\":\"BreadcrumbList\",\"@id\":\"https:\/\/revistaautobus.com.br\/?p=5391#breadcrumb\",\"itemListElement\":[{\"@type\":\"ListItem\",\"position\":1,\"name\":\"In\u00edcio\",\"item\":\"https:\/\/revistaautobus.com.br\/\"},{\"@type\":\"ListItem\",\"position\":2,\"name\":\"Como reverter o cen\u00e1rio desfavor\u00e1vel do transporte coletivo no p\u00f3s-pandemia\"}]},{\"@type\":\"WebSite\",\"@id\":\"https:\/\/revistaautobus.com.br\/#website\",\"url\":\"https:\/\/revistaautobus.com.br\/\",\"name\":\"Revista AutoBus\",\"description\":\"\",\"publisher\":{\"@id\":\"https:\/\/revistaautobus.com.br\/#organization\"},\"potentialAction\":[{\"@type\":\"SearchAction\",\"target\":{\"@type\":\"EntryPoint\",\"urlTemplate\":\"https:\/\/revistaautobus.com.br\/?s={search_term_string}\"},\"query-input\":{\"@type\":\"PropertyValueSpecification\",\"valueRequired\":true,\"valueName\":\"search_term_string\"}}],\"inLanguage\":\"pt-BR\"},{\"@type\":\"Organization\",\"@id\":\"https:\/\/revistaautobus.com.br\/#organization\",\"name\":\"Revista AutoBus\",\"url\":\"https:\/\/revistaautobus.com.br\/\",\"logo\":{\"@type\":\"ImageObject\",\"inLanguage\":\"pt-BR\",\"@id\":\"https:\/\/revistaautobus.com.br\/#\/schema\/logo\/image\/\",\"url\":\"https:\/\/revistaautobus.com.br\/wp-content\/uploads\/2024\/11\/logo_revista_autobus_fb.png\",\"contentUrl\":\"https:\/\/revistaautobus.com.br\/wp-content\/uploads\/2024\/11\/logo_revista_autobus_fb.png\",\"width\":836,\"height\":227,\"caption\":\"Revista AutoBus\"},\"image\":{\"@id\":\"https:\/\/revistaautobus.com.br\/#\/schema\/logo\/image\/\"},\"sameAs\":[\"https:\/\/www.facebook.com\/antonio.ferro.3150\",\"https:\/\/www.instagram.com\/revistaautobus\/\"]},{\"@type\":\"Person\",\"@id\":\"https:\/\/revistaautobus.com.br\/#\/schema\/person\/54af7c3eb83a310e42ef686ef6d16f50\",\"name\":\"Antonio Ferro\",\"image\":{\"@type\":\"ImageObject\",\"inLanguage\":\"pt-BR\",\"@id\":\"https:\/\/revistaautobus.com.br\/wp-content\/uploads\/2025\/12\/editor_antonio_ferro-150x150.jpg\",\"url\":\"https:\/\/revistaautobus.com.br\/wp-content\/uploads\/2025\/12\/editor_antonio_ferro-150x150.jpg\",\"contentUrl\":\"https:\/\/revistaautobus.com.br\/wp-content\/uploads\/2025\/12\/editor_antonio_ferro-150x150.jpg\",\"caption\":\"Antonio Ferro\"},\"description\":\"infobus@uol.com.br\",\"url\":\"https:\/\/revistaautobus.com.br\/?author=2\"}]}<\/script>\n<!-- \/ Yoast SEO plugin. -->","yoast_head_json":{"title":"Como reverter o cen\u00e1rio desfavor\u00e1vel do transporte coletivo no p\u00f3s-pandemia - Revista AutoBus","robots":{"index":"index","follow":"follow","max-snippet":"max-snippet:-1","max-image-preview":"max-image-preview:large","max-video-preview":"max-video-preview:-1"},"canonical":"https:\/\/revistaautobus.com.br\/?p=5391","og_locale":"pt_BR","og_type":"article","og_title":"Como reverter o cen\u00e1rio desfavor\u00e1vel do transporte coletivo no p\u00f3s-pandemia - Revista AutoBus","og_description":"Ao redor do mundo, 74% dos pa\u00edses subsidiam parte do custo de opera\u00e7\u00e3o dos seus respectivos sistemas de transporte p\u00fablico. No Brasil, entretanto, essa realidade \u00e9 distinta","og_url":"https:\/\/revistaautobus.com.br\/?p=5391","og_site_name":"Revista AutoBus","article_publisher":"https:\/\/www.facebook.com\/antonio.ferro.3150","article_published_time":"2021-12-17T11:07:14+00:00","article_modified_time":"2021-12-17T11:07:15+00:00","og_image":[{"width":984,"height":543,"url":"https:\/\/revistaautobus.com.br\/wp-content\/uploads\/2021\/12\/Imagem-POA-Eduardo-Beleske-PMPA.jpg","type":"image\/jpeg"}],"author":"Antonio Ferro","twitter_card":"summary_large_image","twitter_misc":{"Escrito por":"Antonio Ferro","Est. tempo de leitura":"5 minutos"},"schema":{"@context":"https:\/\/schema.org","@graph":[{"@type":"Article","@id":"https:\/\/revistaautobus.com.br\/?p=5391#article","isPartOf":{"@id":"https:\/\/revistaautobus.com.br\/?p=5391"},"author":{"name":"Antonio Ferro","@id":"https:\/\/revistaautobus.com.br\/#\/schema\/person\/54af7c3eb83a310e42ef686ef6d16f50"},"headline":"Como reverter o cen\u00e1rio desfavor\u00e1vel do transporte coletivo no p\u00f3s-pandemia","datePublished":"2021-12-17T11:07:14+00:00","dateModified":"2021-12-17T11:07:15+00:00","mainEntityOfPage":{"@id":"https:\/\/revistaautobus.com.br\/?p=5391"},"wordCount":992,"commentCount":0,"publisher":{"@id":"https:\/\/revistaautobus.com.br\/#organization"},"image":{"@id":"https:\/\/revistaautobus.com.br\/?p=5391#primaryimage"},"thumbnailUrl":"https:\/\/revistaautobus.com.br\/wp-content\/uploads\/2021\/12\/Imagem-POA-Eduardo-Beleske-PMPA.jpg","keywords":["Mova-se"],"articleSection":["Conex\u00e3o Mobilidade"],"inLanguage":"pt-BR","potentialAction":[{"@type":"CommentAction","name":"Comment","target":["https:\/\/revistaautobus.com.br\/?p=5391#respond"]}]},{"@type":"WebPage","@id":"https:\/\/revistaautobus.com.br\/?p=5391","url":"https:\/\/revistaautobus.com.br\/?p=5391","name":"Como reverter o cen\u00e1rio desfavor\u00e1vel do transporte coletivo no p\u00f3s-pandemia - Revista AutoBus","isPartOf":{"@id":"https:\/\/revistaautobus.com.br\/#website"},"primaryImageOfPage":{"@id":"https:\/\/revistaautobus.com.br\/?p=5391#primaryimage"},"image":{"@id":"https:\/\/revistaautobus.com.br\/?p=5391#primaryimage"},"thumbnailUrl":"https:\/\/revistaautobus.com.br\/wp-content\/uploads\/2021\/12\/Imagem-POA-Eduardo-Beleske-PMPA.jpg","datePublished":"2021-12-17T11:07:14+00:00","dateModified":"2021-12-17T11:07:15+00:00","breadcrumb":{"@id":"https:\/\/revistaautobus.com.br\/?p=5391#breadcrumb"},"inLanguage":"pt-BR","potentialAction":[{"@type":"ReadAction","target":["https:\/\/revistaautobus.com.br\/?p=5391"]}]},{"@type":"ImageObject","inLanguage":"pt-BR","@id":"https:\/\/revistaautobus.com.br\/?p=5391#primaryimage","url":"https:\/\/revistaautobus.com.br\/wp-content\/uploads\/2021\/12\/Imagem-POA-Eduardo-Beleske-PMPA.jpg","contentUrl":"https:\/\/revistaautobus.com.br\/wp-content\/uploads\/2021\/12\/Imagem-POA-Eduardo-Beleske-PMPA.jpg","width":984,"height":543},{"@type":"BreadcrumbList","@id":"https:\/\/revistaautobus.com.br\/?p=5391#breadcrumb","itemListElement":[{"@type":"ListItem","position":1,"name":"In\u00edcio","item":"https:\/\/revistaautobus.com.br\/"},{"@type":"ListItem","position":2,"name":"Como reverter o cen\u00e1rio desfavor\u00e1vel do transporte coletivo no p\u00f3s-pandemia"}]},{"@type":"WebSite","@id":"https:\/\/revistaautobus.com.br\/#website","url":"https:\/\/revistaautobus.com.br\/","name":"Revista AutoBus","description":"","publisher":{"@id":"https:\/\/revistaautobus.com.br\/#organization"},"potentialAction":[{"@type":"SearchAction","target":{"@type":"EntryPoint","urlTemplate":"https:\/\/revistaautobus.com.br\/?s={search_term_string}"},"query-input":{"@type":"PropertyValueSpecification","valueRequired":true,"valueName":"search_term_string"}}],"inLanguage":"pt-BR"},{"@type":"Organization","@id":"https:\/\/revistaautobus.com.br\/#organization","name":"Revista AutoBus","url":"https:\/\/revistaautobus.com.br\/","logo":{"@type":"ImageObject","inLanguage":"pt-BR","@id":"https:\/\/revistaautobus.com.br\/#\/schema\/logo\/image\/","url":"https:\/\/revistaautobus.com.br\/wp-content\/uploads\/2024\/11\/logo_revista_autobus_fb.png","contentUrl":"https:\/\/revistaautobus.com.br\/wp-content\/uploads\/2024\/11\/logo_revista_autobus_fb.png","width":836,"height":227,"caption":"Revista AutoBus"},"image":{"@id":"https:\/\/revistaautobus.com.br\/#\/schema\/logo\/image\/"},"sameAs":["https:\/\/www.facebook.com\/antonio.ferro.3150","https:\/\/www.instagram.com\/revistaautobus\/"]},{"@type":"Person","@id":"https:\/\/revistaautobus.com.br\/#\/schema\/person\/54af7c3eb83a310e42ef686ef6d16f50","name":"Antonio Ferro","image":{"@type":"ImageObject","inLanguage":"pt-BR","@id":"https:\/\/revistaautobus.com.br\/wp-content\/uploads\/2025\/12\/editor_antonio_ferro-150x150.jpg","url":"https:\/\/revistaautobus.com.br\/wp-content\/uploads\/2025\/12\/editor_antonio_ferro-150x150.jpg","contentUrl":"https:\/\/revistaautobus.com.br\/wp-content\/uploads\/2025\/12\/editor_antonio_ferro-150x150.jpg","caption":"Antonio Ferro"},"description":"infobus@uol.com.br","url":"https:\/\/revistaautobus.com.br\/?author=2"}]}},"jetpack_featured_media_url":"https:\/\/revistaautobus.com.br\/wp-content\/uploads\/2021\/12\/Imagem-POA-Eduardo-Beleske-PMPA.jpg","jetpack_sharing_enabled":true,"_links":{"self":[{"href":"https:\/\/revistaautobus.com.br\/index.php?rest_route=\/wp\/v2\/posts\/5391","targetHints":{"allow":["GET"]}}],"collection":[{"href":"https:\/\/revistaautobus.com.br\/index.php?rest_route=\/wp\/v2\/posts"}],"about":[{"href":"https:\/\/revistaautobus.com.br\/index.php?rest_route=\/wp\/v2\/types\/post"}],"author":[{"embeddable":true,"href":"https:\/\/revistaautobus.com.br\/index.php?rest_route=\/wp\/v2\/users\/2"}],"replies":[{"embeddable":true,"href":"https:\/\/revistaautobus.com.br\/index.php?rest_route=%2Fwp%2Fv2%2Fcomments&post=5391"}],"version-history":[{"count":2,"href":"https:\/\/revistaautobus.com.br\/index.php?rest_route=\/wp\/v2\/posts\/5391\/revisions"}],"predecessor-version":[{"id":5396,"href":"https:\/\/revistaautobus.com.br\/index.php?rest_route=\/wp\/v2\/posts\/5391\/revisions\/5396"}],"wp:featuredmedia":[{"embeddable":true,"href":"https:\/\/revistaautobus.com.br\/index.php?rest_route=\/wp\/v2\/media\/5392"}],"wp:attachment":[{"href":"https:\/\/revistaautobus.com.br\/index.php?rest_route=%2Fwp%2Fv2%2Fmedia&parent=5391"}],"wp:term":[{"taxonomy":"category","embeddable":true,"href":"https:\/\/revistaautobus.com.br\/index.php?rest_route=%2Fwp%2Fv2%2Fcategories&post=5391"},{"taxonomy":"post_tag","embeddable":true,"href":"https:\/\/revistaautobus.com.br\/index.php?rest_route=%2Fwp%2Fv2%2Ftags&post=5391"}],"curies":[{"name":"wp","href":"https:\/\/api.w.org\/{rel}","templated":true}]}}