{"id":5416,"date":"2022-01-05T14:36:13","date_gmt":"2022-01-05T17:36:13","guid":{"rendered":"https:\/\/revistaautobus.com.br\/?p=5416"},"modified":"2022-01-05T14:36:15","modified_gmt":"2022-01-05T17:36:15","slug":"barcelona-conhece-seu-onibus-movido-a-hidrogenio","status":"publish","type":"post","link":"https:\/\/revistaautobus.com.br\/?p=5416","title":{"rendered":"Barcelona conhece seu \u00f4nibus movido a hidrog\u00eanio"},"content":{"rendered":"\n<p class=\"has-drop-cap\">O inovador ve\u00edculo chegou \u00e0 garagem da TMB (Transports Metropolitans Barcelona) no final do ano passado, quando ent\u00e3o a esta\u00e7\u00e3o de abastecimento deu in\u00edcio \u00e0 primeira produ\u00e7\u00e3o comercial de hidrog\u00eanio verde da Espanha.<\/p>\n\n\n\n<p>O \u00f4nibus foi produzido pela fabricante portuguesa Caetano e \u00e9 o modelo H2 City Gold LHD. Ap\u00f3s os testes preliminares, sem passageiros, entrar\u00e1 em servi\u00e7o comercial em uma linha regular neste ano. Ele possui 12 metros de comprimento, conta com carro\u00e7aria feita em alum\u00ednio, tendo tr\u00eas portas. O sistema de tra\u00e7\u00e3o incorpora a c\u00e9lula a combust\u00edvel da marca Toyota, com pot\u00eancia nominal de 60 kW, al\u00e9m de cinco tanques de hidrog\u00eanio tipo 4 com capacidade total de 37,5 kg de armazenamento.<\/p>\n\n\n\n<p>J\u00e1 o motor de tra\u00e7\u00e3o \u00e9 da Siemens, com pot\u00eancia m\u00e1xima de 180 kW e o inversor de tens\u00e3o ELFA 2, tamb\u00e9m produzido por ela, que gerencia toda a pot\u00eancia do motor. O sistema \u00e9 complementado por baterias de tra\u00e7\u00e3o, de l\u00edtio, com capacidade total de 44 kWh, onde s\u00e3o armazenadas a energia gerada pela c\u00e9lula a combust\u00edvel e, tamb\u00e9m, pelo sistema da frenagem regenerativa.<\/p>\n\n\n\n<p>A ado\u00e7\u00e3o do hidrog\u00eanio verde pela frota do TMB \u00e9 apoiada pelo programa europeu JIVE 2, que promove o uso de ve\u00edculos com c\u00e9lulas a combust\u00edvel, cofinanciado pela Uni\u00e3o Europeia.<\/p>\n\n\n\n<p>Imagem &#8211; TMB Barcelona<\/p>\n","protected":false},"excerpt":{"rendered":"<p>A ado\u00e7\u00e3o do hidrog\u00eanio verde pela frota do TMB \u00e9 apoiada pelo programa europeu JIVE 2, que promove o uso de ve\u00edculos com c\u00e9lulas a combust\u00edvel, cofinanciado pela Uni\u00e3o Europeia<\/p>\n","protected":false},"author":2,"featured_media":5417,"comment_status":"open","ping_status":"open","sticky":false,"template":"","format":"standard","meta":{"_et_pb_use_builder":"off","_et_pb_old_content":"","_et_gb_content_width":"","_jetpack_memberships_contains_paid_content":false,"footnotes":""},"categories":[53],"tags":[196],"class_list":["post-5416","post","type-post","status-publish","format-standard","has-post-thumbnail","hentry","category-internacional","tag-tmb-barcelona","et-has-post-format-content","et_post_format-et-post-format-standard"],"yoast_head":"<!-- This site is optimized with the Yoast SEO plugin v27.2 - https:\/\/yoast.com\/product\/yoast-seo-wordpress\/ -->\n<title>Barcelona conhece seu \u00f4nibus movido a hidrog\u00eanio - Revista AutoBus<\/title>\n<meta name=\"robots\" content=\"index, follow, max-snippet:-1, max-image-preview:large, max-video-preview:-1\" \/>\n<link rel=\"canonical\" href=\"https:\/\/revistaautobus.com.br\/?p=5416\" \/>\n<meta property=\"og:locale\" content=\"pt_BR\" \/>\n<meta property=\"og:type\" content=\"article\" \/>\n<meta property=\"og:title\" content=\"Barcelona conhece seu \u00f4nibus movido a hidrog\u00eanio - Revista AutoBus\" \/>\n<meta property=\"og:description\" content=\"A ado\u00e7\u00e3o do hidrog\u00eanio verde pela frota do TMB \u00e9 apoiada pelo programa europeu JIVE 2, que promove o uso de ve\u00edculos com c\u00e9lulas a combust\u00edvel, cofinanciado pela Uni\u00e3o Europeia\" \/>\n<meta property=\"og:url\" content=\"https:\/\/revistaautobus.com.br\/?p=5416\" \/>\n<meta property=\"og:site_name\" content=\"Revista AutoBus\" \/>\n<meta property=\"article:publisher\" content=\"https:\/\/www.facebook.com\/antonio.ferro.3150\" \/>\n<meta property=\"article:published_time\" content=\"2022-01-05T17:36:13+00:00\" \/>\n<meta property=\"article:modified_time\" content=\"2022-01-05T17:36:15+00:00\" \/>\n<meta property=\"og:image\" content=\"https:\/\/revistaautobus.com.br\/wp-content\/uploads\/2022\/01\/tmb_MA_211222_05.jpg\" \/>\n\t<meta property=\"og:image:width\" content=\"1200\" \/>\n\t<meta property=\"og:image:height\" content=\"800\" \/>\n\t<meta property=\"og:image:type\" content=\"image\/jpeg\" \/>\n<meta name=\"author\" content=\"Antonio Ferro\" \/>\n<meta name=\"twitter:card\" content=\"summary_large_image\" \/>\n<meta name=\"twitter:label1\" content=\"Escrito por\" \/>\n\t<meta name=\"twitter:data1\" content=\"Antonio Ferro\" \/>\n\t<meta name=\"twitter:label2\" content=\"Est. tempo de leitura\" \/>\n\t<meta name=\"twitter:data2\" content=\"1 minuto\" \/>\n<script type=\"application\/ld+json\" class=\"yoast-schema-graph\">{\"@context\":\"https:\/\/schema.org\",\"@graph\":[{\"@type\":\"Article\",\"@id\":\"https:\/\/revistaautobus.com.br\/?p=5416#article\",\"isPartOf\":{\"@id\":\"https:\/\/revistaautobus.com.br\/?p=5416\"},\"author\":{\"name\":\"Antonio Ferro\",\"@id\":\"https:\/\/revistaautobus.com.br\/#\/schema\/person\/54af7c3eb83a310e42ef686ef6d16f50\"},\"headline\":\"Barcelona conhece seu \u00f4nibus movido a hidrog\u00eanio\",\"datePublished\":\"2022-01-05T17:36:13+00:00\",\"dateModified\":\"2022-01-05T17:36:15+00:00\",\"mainEntityOfPage\":{\"@id\":\"https:\/\/revistaautobus.com.br\/?p=5416\"},\"wordCount\":242,\"commentCount\":0,\"publisher\":{\"@id\":\"https:\/\/revistaautobus.com.br\/#organization\"},\"image\":{\"@id\":\"https:\/\/revistaautobus.com.br\/?p=5416#primaryimage\"},\"thumbnailUrl\":\"https:\/\/revistaautobus.com.br\/wp-content\/uploads\/2022\/01\/tmb_MA_211222_05.jpg\",\"keywords\":[\"TMB Barcelona\"],\"articleSection\":[\"Internacional\"],\"inLanguage\":\"pt-BR\",\"potentialAction\":[{\"@type\":\"CommentAction\",\"name\":\"Comment\",\"target\":[\"https:\/\/revistaautobus.com.br\/?p=5416#respond\"]}]},{\"@type\":\"WebPage\",\"@id\":\"https:\/\/revistaautobus.com.br\/?p=5416\",\"url\":\"https:\/\/revistaautobus.com.br\/?p=5416\",\"name\":\"Barcelona conhece seu \u00f4nibus movido a hidrog\u00eanio - Revista AutoBus\",\"isPartOf\":{\"@id\":\"https:\/\/revistaautobus.com.br\/#website\"},\"primaryImageOfPage\":{\"@id\":\"https:\/\/revistaautobus.com.br\/?p=5416#primaryimage\"},\"image\":{\"@id\":\"https:\/\/revistaautobus.com.br\/?p=5416#primaryimage\"},\"thumbnailUrl\":\"https:\/\/revistaautobus.com.br\/wp-content\/uploads\/2022\/01\/tmb_MA_211222_05.jpg\",\"datePublished\":\"2022-01-05T17:36:13+00:00\",\"dateModified\":\"2022-01-05T17:36:15+00:00\",\"breadcrumb\":{\"@id\":\"https:\/\/revistaautobus.com.br\/?p=5416#breadcrumb\"},\"inLanguage\":\"pt-BR\",\"potentialAction\":[{\"@type\":\"ReadAction\",\"target\":[\"https:\/\/revistaautobus.com.br\/?p=5416\"]}]},{\"@type\":\"ImageObject\",\"inLanguage\":\"pt-BR\",\"@id\":\"https:\/\/revistaautobus.com.br\/?p=5416#primaryimage\",\"url\":\"https:\/\/revistaautobus.com.br\/wp-content\/uploads\/2022\/01\/tmb_MA_211222_05.jpg\",\"contentUrl\":\"https:\/\/revistaautobus.com.br\/wp-content\/uploads\/2022\/01\/tmb_MA_211222_05.jpg\",\"width\":1200,\"height\":800},{\"@type\":\"BreadcrumbList\",\"@id\":\"https:\/\/revistaautobus.com.br\/?p=5416#breadcrumb\",\"itemListElement\":[{\"@type\":\"ListItem\",\"position\":1,\"name\":\"In\u00edcio\",\"item\":\"https:\/\/revistaautobus.com.br\/\"},{\"@type\":\"ListItem\",\"position\":2,\"name\":\"Barcelona conhece seu \u00f4nibus movido a hidrog\u00eanio\"}]},{\"@type\":\"WebSite\",\"@id\":\"https:\/\/revistaautobus.com.br\/#website\",\"url\":\"https:\/\/revistaautobus.com.br\/\",\"name\":\"Revista AutoBus\",\"description\":\"\",\"publisher\":{\"@id\":\"https:\/\/revistaautobus.com.br\/#organization\"},\"potentialAction\":[{\"@type\":\"SearchAction\",\"target\":{\"@type\":\"EntryPoint\",\"urlTemplate\":\"https:\/\/revistaautobus.com.br\/?s={search_term_string}\"},\"query-input\":{\"@type\":\"PropertyValueSpecification\",\"valueRequired\":true,\"valueName\":\"search_term_string\"}}],\"inLanguage\":\"pt-BR\"},{\"@type\":\"Organization\",\"@id\":\"https:\/\/revistaautobus.com.br\/#organization\",\"name\":\"Revista AutoBus\",\"url\":\"https:\/\/revistaautobus.com.br\/\",\"logo\":{\"@type\":\"ImageObject\",\"inLanguage\":\"pt-BR\",\"@id\":\"https:\/\/revistaautobus.com.br\/#\/schema\/logo\/image\/\",\"url\":\"https:\/\/revistaautobus.com.br\/wp-content\/uploads\/2024\/11\/logo_revista_autobus_fb.png\",\"contentUrl\":\"https:\/\/revistaautobus.com.br\/wp-content\/uploads\/2024\/11\/logo_revista_autobus_fb.png\",\"width\":836,\"height\":227,\"caption\":\"Revista AutoBus\"},\"image\":{\"@id\":\"https:\/\/revistaautobus.com.br\/#\/schema\/logo\/image\/\"},\"sameAs\":[\"https:\/\/www.facebook.com\/antonio.ferro.3150\",\"https:\/\/www.instagram.com\/revistaautobus\/\"]},{\"@type\":\"Person\",\"@id\":\"https:\/\/revistaautobus.com.br\/#\/schema\/person\/54af7c3eb83a310e42ef686ef6d16f50\",\"name\":\"Antonio Ferro\",\"image\":{\"@type\":\"ImageObject\",\"inLanguage\":\"pt-BR\",\"@id\":\"https:\/\/revistaautobus.com.br\/wp-content\/uploads\/2025\/12\/editor_antonio_ferro-150x150.jpg\",\"url\":\"https:\/\/revistaautobus.com.br\/wp-content\/uploads\/2025\/12\/editor_antonio_ferro-150x150.jpg\",\"contentUrl\":\"https:\/\/revistaautobus.com.br\/wp-content\/uploads\/2025\/12\/editor_antonio_ferro-150x150.jpg\",\"caption\":\"Antonio Ferro\"},\"description\":\"infobus@uol.com.br\",\"url\":\"https:\/\/revistaautobus.com.br\/?author=2\"}]}<\/script>\n<!-- \/ Yoast SEO plugin. -->","yoast_head_json":{"title":"Barcelona conhece seu \u00f4nibus movido a hidrog\u00eanio - Revista AutoBus","robots":{"index":"index","follow":"follow","max-snippet":"max-snippet:-1","max-image-preview":"max-image-preview:large","max-video-preview":"max-video-preview:-1"},"canonical":"https:\/\/revistaautobus.com.br\/?p=5416","og_locale":"pt_BR","og_type":"article","og_title":"Barcelona conhece seu \u00f4nibus movido a hidrog\u00eanio - Revista AutoBus","og_description":"A ado\u00e7\u00e3o do hidrog\u00eanio verde pela frota do TMB \u00e9 apoiada pelo programa europeu JIVE 2, que promove o uso de ve\u00edculos com c\u00e9lulas a combust\u00edvel, cofinanciado pela Uni\u00e3o Europeia","og_url":"https:\/\/revistaautobus.com.br\/?p=5416","og_site_name":"Revista AutoBus","article_publisher":"https:\/\/www.facebook.com\/antonio.ferro.3150","article_published_time":"2022-01-05T17:36:13+00:00","article_modified_time":"2022-01-05T17:36:15+00:00","og_image":[{"width":1200,"height":800,"url":"https:\/\/revistaautobus.com.br\/wp-content\/uploads\/2022\/01\/tmb_MA_211222_05.jpg","type":"image\/jpeg"}],"author":"Antonio Ferro","twitter_card":"summary_large_image","twitter_misc":{"Escrito por":"Antonio Ferro","Est. tempo de leitura":"1 minuto"},"schema":{"@context":"https:\/\/schema.org","@graph":[{"@type":"Article","@id":"https:\/\/revistaautobus.com.br\/?p=5416#article","isPartOf":{"@id":"https:\/\/revistaautobus.com.br\/?p=5416"},"author":{"name":"Antonio Ferro","@id":"https:\/\/revistaautobus.com.br\/#\/schema\/person\/54af7c3eb83a310e42ef686ef6d16f50"},"headline":"Barcelona conhece seu \u00f4nibus movido a hidrog\u00eanio","datePublished":"2022-01-05T17:36:13+00:00","dateModified":"2022-01-05T17:36:15+00:00","mainEntityOfPage":{"@id":"https:\/\/revistaautobus.com.br\/?p=5416"},"wordCount":242,"commentCount":0,"publisher":{"@id":"https:\/\/revistaautobus.com.br\/#organization"},"image":{"@id":"https:\/\/revistaautobus.com.br\/?p=5416#primaryimage"},"thumbnailUrl":"https:\/\/revistaautobus.com.br\/wp-content\/uploads\/2022\/01\/tmb_MA_211222_05.jpg","keywords":["TMB Barcelona"],"articleSection":["Internacional"],"inLanguage":"pt-BR","potentialAction":[{"@type":"CommentAction","name":"Comment","target":["https:\/\/revistaautobus.com.br\/?p=5416#respond"]}]},{"@type":"WebPage","@id":"https:\/\/revistaautobus.com.br\/?p=5416","url":"https:\/\/revistaautobus.com.br\/?p=5416","name":"Barcelona conhece seu \u00f4nibus movido a hidrog\u00eanio - Revista AutoBus","isPartOf":{"@id":"https:\/\/revistaautobus.com.br\/#website"},"primaryImageOfPage":{"@id":"https:\/\/revistaautobus.com.br\/?p=5416#primaryimage"},"image":{"@id":"https:\/\/revistaautobus.com.br\/?p=5416#primaryimage"},"thumbnailUrl":"https:\/\/revistaautobus.com.br\/wp-content\/uploads\/2022\/01\/tmb_MA_211222_05.jpg","datePublished":"2022-01-05T17:36:13+00:00","dateModified":"2022-01-05T17:36:15+00:00","breadcrumb":{"@id":"https:\/\/revistaautobus.com.br\/?p=5416#breadcrumb"},"inLanguage":"pt-BR","potentialAction":[{"@type":"ReadAction","target":["https:\/\/revistaautobus.com.br\/?p=5416"]}]},{"@type":"ImageObject","inLanguage":"pt-BR","@id":"https:\/\/revistaautobus.com.br\/?p=5416#primaryimage","url":"https:\/\/revistaautobus.com.br\/wp-content\/uploads\/2022\/01\/tmb_MA_211222_05.jpg","contentUrl":"https:\/\/revistaautobus.com.br\/wp-content\/uploads\/2022\/01\/tmb_MA_211222_05.jpg","width":1200,"height":800},{"@type":"BreadcrumbList","@id":"https:\/\/revistaautobus.com.br\/?p=5416#breadcrumb","itemListElement":[{"@type":"ListItem","position":1,"name":"In\u00edcio","item":"https:\/\/revistaautobus.com.br\/"},{"@type":"ListItem","position":2,"name":"Barcelona conhece seu \u00f4nibus movido a hidrog\u00eanio"}]},{"@type":"WebSite","@id":"https:\/\/revistaautobus.com.br\/#website","url":"https:\/\/revistaautobus.com.br\/","name":"Revista AutoBus","description":"","publisher":{"@id":"https:\/\/revistaautobus.com.br\/#organization"},"potentialAction":[{"@type":"SearchAction","target":{"@type":"EntryPoint","urlTemplate":"https:\/\/revistaautobus.com.br\/?s={search_term_string}"},"query-input":{"@type":"PropertyValueSpecification","valueRequired":true,"valueName":"search_term_string"}}],"inLanguage":"pt-BR"},{"@type":"Organization","@id":"https:\/\/revistaautobus.com.br\/#organization","name":"Revista AutoBus","url":"https:\/\/revistaautobus.com.br\/","logo":{"@type":"ImageObject","inLanguage":"pt-BR","@id":"https:\/\/revistaautobus.com.br\/#\/schema\/logo\/image\/","url":"https:\/\/revistaautobus.com.br\/wp-content\/uploads\/2024\/11\/logo_revista_autobus_fb.png","contentUrl":"https:\/\/revistaautobus.com.br\/wp-content\/uploads\/2024\/11\/logo_revista_autobus_fb.png","width":836,"height":227,"caption":"Revista AutoBus"},"image":{"@id":"https:\/\/revistaautobus.com.br\/#\/schema\/logo\/image\/"},"sameAs":["https:\/\/www.facebook.com\/antonio.ferro.3150","https:\/\/www.instagram.com\/revistaautobus\/"]},{"@type":"Person","@id":"https:\/\/revistaautobus.com.br\/#\/schema\/person\/54af7c3eb83a310e42ef686ef6d16f50","name":"Antonio Ferro","image":{"@type":"ImageObject","inLanguage":"pt-BR","@id":"https:\/\/revistaautobus.com.br\/wp-content\/uploads\/2025\/12\/editor_antonio_ferro-150x150.jpg","url":"https:\/\/revistaautobus.com.br\/wp-content\/uploads\/2025\/12\/editor_antonio_ferro-150x150.jpg","contentUrl":"https:\/\/revistaautobus.com.br\/wp-content\/uploads\/2025\/12\/editor_antonio_ferro-150x150.jpg","caption":"Antonio Ferro"},"description":"infobus@uol.com.br","url":"https:\/\/revistaautobus.com.br\/?author=2"}]}},"jetpack_featured_media_url":"https:\/\/revistaautobus.com.br\/wp-content\/uploads\/2022\/01\/tmb_MA_211222_05.jpg","jetpack_sharing_enabled":true,"_links":{"self":[{"href":"https:\/\/revistaautobus.com.br\/index.php?rest_route=\/wp\/v2\/posts\/5416","targetHints":{"allow":["GET"]}}],"collection":[{"href":"https:\/\/revistaautobus.com.br\/index.php?rest_route=\/wp\/v2\/posts"}],"about":[{"href":"https:\/\/revistaautobus.com.br\/index.php?rest_route=\/wp\/v2\/types\/post"}],"author":[{"embeddable":true,"href":"https:\/\/revistaautobus.com.br\/index.php?rest_route=\/wp\/v2\/users\/2"}],"replies":[{"embeddable":true,"href":"https:\/\/revistaautobus.com.br\/index.php?rest_route=%2Fwp%2Fv2%2Fcomments&post=5416"}],"version-history":[{"count":2,"href":"https:\/\/revistaautobus.com.br\/index.php?rest_route=\/wp\/v2\/posts\/5416\/revisions"}],"predecessor-version":[{"id":5419,"href":"https:\/\/revistaautobus.com.br\/index.php?rest_route=\/wp\/v2\/posts\/5416\/revisions\/5419"}],"wp:featuredmedia":[{"embeddable":true,"href":"https:\/\/revistaautobus.com.br\/index.php?rest_route=\/wp\/v2\/media\/5417"}],"wp:attachment":[{"href":"https:\/\/revistaautobus.com.br\/index.php?rest_route=%2Fwp%2Fv2%2Fmedia&parent=5416"}],"wp:term":[{"taxonomy":"category","embeddable":true,"href":"https:\/\/revistaautobus.com.br\/index.php?rest_route=%2Fwp%2Fv2%2Fcategories&post=5416"},{"taxonomy":"post_tag","embeddable":true,"href":"https:\/\/revistaautobus.com.br\/index.php?rest_route=%2Fwp%2Fv2%2Ftags&post=5416"}],"curies":[{"name":"wp","href":"https:\/\/api.w.org\/{rel}","templated":true}]}}