{"id":5429,"date":"2022-01-07T11:19:44","date_gmt":"2022-01-07T14:19:44","guid":{"rendered":"https:\/\/revistaautobus.com.br\/?p=5429"},"modified":"2022-01-10T12:03:56","modified_gmt":"2022-01-10T15:03:56","slug":"catedral-com-novos-onibus-g8","status":"publish","type":"post","link":"https:\/\/revistaautobus.com.br\/?p=5429","title":{"rendered":"Catedral com novos \u00f4nibus g8"},"content":{"rendered":"\n<p class=\"has-drop-cap\">A operadora de transporte rodovi\u00e1rio Catedral, de Bras\u00edlia, DF, acaba de adquirir 54 novos \u00f4nibus Marcopolo Paradiso 1800 Double Decker da Gera\u00e7\u00e3o 8. Os ve\u00edculos, entregues por meio do representante Topline, ser\u00e3o utilizados em linhas da companhia para todas as capitais do nordeste, partindo de Bras\u00edlia, Goi\u00e2nia e S\u00e3o Paulo.<\/p>\n\n\n\n<p>A sofistica\u00e7\u00e3o do novo Paradiso 1800 DD da Gera\u00e7\u00e3o 8, em duas diferentes configura\u00e7\u00f5es 6&#215;2 e 8&#215;2, ressalta o cont\u00ednuo programa de renova\u00e7\u00e3o de frota da operadora, com uma das menores idade m\u00e9dia do mercado brasileiro. Com 15 metros de comprimento total, os ve\u00edculos t\u00eam capacidade para 33 e 60 passageiros nas vers\u00f5es com poltronas leito-cama Hiper Soft e semileito Super Soft, respectivamente, com USB em todas as poltronas, sanit\u00e1rio, geladeira com bebedouro e sistema de \u00e1udio e v\u00eddeo e streaming para entretenimento a bordo e sistema de ar-condicionado com <em>defroster<\/em> na cabine do motorista, com ventila\u00e7\u00e3o\/refrigera\u00e7\u00e3o. Os ve\u00edculos ainda s\u00e3o equipados com parede de separa\u00e7\u00e3o total, cortinas e itiner\u00e1rio eletr\u00f4nico.<\/p>\n\n\n\n<div class=\"wp-block-image\"><figure class=\"alignright size-large is-resized\"><img loading=\"lazy\" decoding=\"async\" src=\"https:\/\/revistaautobus.com.br\/wp-content\/uploads\/2022\/01\/01062022-Catedral_5-1024x683.jpg\" alt=\"\" class=\"wp-image-5432\" width=\"363\" height=\"241\" srcset=\"https:\/\/revistaautobus.com.br\/wp-content\/uploads\/2022\/01\/01062022-Catedral_5-1024x683.jpg 1024w, https:\/\/revistaautobus.com.br\/wp-content\/uploads\/2022\/01\/01062022-Catedral_5-300x200.jpg 300w, https:\/\/revistaautobus.com.br\/wp-content\/uploads\/2022\/01\/01062022-Catedral_5-768x512.jpg 768w, https:\/\/revistaautobus.com.br\/wp-content\/uploads\/2022\/01\/01062022-Catedral_5-1080x720.jpg 1080w, https:\/\/revistaautobus.com.br\/wp-content\/uploads\/2022\/01\/01062022-Catedral_5.jpg 1200w\" sizes=\"(max-width: 363px) 100vw, 363px\" \/><figcaption><strong><em><span class=\"has-inline-color has-vivid-red-color\">Interior com muito conforto<\/span><\/em><\/strong><\/figcaption><\/figure><\/div>\n\n\n\n<p>De acordo com Ricardo Portolan, diretor de Opera\u00e7\u00f5es Comerciais MI e Marketing da Marcopolo, os ve\u00edculos s\u00e3o equipados com todos os itens de tecnologia dispon\u00edveis na G8. \u201cA aquisi\u00e7\u00e3o da Catedral \u00e9 a maior j\u00e1 realizada at\u00e9 agora de unidades <em>Double Decker <\/em>da Gera\u00e7\u00e3o 8, o que muito nos incentiva a continuar investindo no desenvolvimento de ve\u00edculos cada vez mais sofisticados, seguros e inovadores\u201d, disse ele.<\/p>\n\n\n\n<p>Segundo a Marcopolo, o Paradiso 1800 <em>Double Decker<\/em> \u00e9 o modelo da Gera\u00e7\u00e3o 8 que mais interesse tem despertado nos operadores de transporte, pelas suas caracter\u00edsticas de seguran\u00e7a, conforto e efici\u00eancia, com os mais elevados padr\u00f5es do mercado brasileiro, sobretudo pelos mais de 140 novos atributos para motoristas, passageiros e operadores introduzidos no segmento rodovi\u00e1rio.<\/p>\n\n\n\n<p>Os chassis dos novos \u00f4nibus s\u00e3o da marca Mercedes-Benz.<\/p>\n\n\n\n<p>Imagens &#8211; Divulga\u00e7\u00e3o<\/p>\n","protected":false},"excerpt":{"rendered":"<p>A aquisi\u00e7\u00e3o da Catedral \u00e9 a maior j\u00e1 realizada at\u00e9 agora de unidades Double Decker da Gera\u00e7\u00e3o 8<\/p>\n","protected":false},"author":2,"featured_media":5430,"comment_status":"open","ping_status":"open","sticky":false,"template":"","format":"standard","meta":{"_et_pb_use_builder":"off","_et_pb_old_content":"","_et_gb_content_width":"","_jetpack_memberships_contains_paid_content":false,"footnotes":""},"categories":[55],"tags":[84],"class_list":["post-5429","post","type-post","status-publish","format-standard","has-post-thumbnail","hentry","category-encarrocadora","tag-marcopolo","et-has-post-format-content","et_post_format-et-post-format-standard"],"yoast_head":"<!-- This site is optimized with the Yoast SEO plugin v27.2 - https:\/\/yoast.com\/product\/yoast-seo-wordpress\/ -->\n<title>Catedral com novos \u00f4nibus g8 - Revista AutoBus<\/title>\n<meta name=\"robots\" content=\"index, follow, max-snippet:-1, max-image-preview:large, max-video-preview:-1\" \/>\n<link rel=\"canonical\" href=\"https:\/\/revistaautobus.com.br\/?p=5429\" \/>\n<meta property=\"og:locale\" content=\"pt_BR\" \/>\n<meta property=\"og:type\" content=\"article\" \/>\n<meta property=\"og:title\" content=\"Catedral com novos \u00f4nibus g8 - Revista AutoBus\" \/>\n<meta property=\"og:description\" content=\"A aquisi\u00e7\u00e3o da Catedral \u00e9 a maior j\u00e1 realizada at\u00e9 agora de unidades Double Decker da Gera\u00e7\u00e3o 8\" \/>\n<meta property=\"og:url\" content=\"https:\/\/revistaautobus.com.br\/?p=5429\" \/>\n<meta property=\"og:site_name\" content=\"Revista AutoBus\" \/>\n<meta property=\"article:publisher\" content=\"https:\/\/www.facebook.com\/antonio.ferro.3150\" \/>\n<meta property=\"article:published_time\" content=\"2022-01-07T14:19:44+00:00\" \/>\n<meta property=\"article:modified_time\" content=\"2022-01-10T15:03:56+00:00\" \/>\n<meta property=\"og:image\" content=\"https:\/\/revistaautobus.com.br\/wp-content\/uploads\/2022\/01\/01062022-Catedral_2.jpg\" \/>\n\t<meta property=\"og:image:width\" content=\"1200\" \/>\n\t<meta property=\"og:image:height\" content=\"621\" \/>\n\t<meta property=\"og:image:type\" content=\"image\/jpeg\" \/>\n<meta name=\"author\" content=\"Antonio Ferro\" \/>\n<meta name=\"twitter:card\" content=\"summary_large_image\" \/>\n<meta name=\"twitter:label1\" content=\"Escrito por\" \/>\n\t<meta name=\"twitter:data1\" content=\"Antonio Ferro\" \/>\n\t<meta name=\"twitter:label2\" content=\"Est. tempo de leitura\" \/>\n\t<meta name=\"twitter:data2\" content=\"2 minutos\" \/>\n<script type=\"application\/ld+json\" class=\"yoast-schema-graph\">{\"@context\":\"https:\/\/schema.org\",\"@graph\":[{\"@type\":\"Article\",\"@id\":\"https:\/\/revistaautobus.com.br\/?p=5429#article\",\"isPartOf\":{\"@id\":\"https:\/\/revistaautobus.com.br\/?p=5429\"},\"author\":{\"name\":\"Antonio Ferro\",\"@id\":\"https:\/\/revistaautobus.com.br\/#\/schema\/person\/54af7c3eb83a310e42ef686ef6d16f50\"},\"headline\":\"Catedral com novos \u00f4nibus g8\",\"datePublished\":\"2022-01-07T14:19:44+00:00\",\"dateModified\":\"2022-01-10T15:03:56+00:00\",\"mainEntityOfPage\":{\"@id\":\"https:\/\/revistaautobus.com.br\/?p=5429\"},\"wordCount\":331,\"commentCount\":0,\"publisher\":{\"@id\":\"https:\/\/revistaautobus.com.br\/#organization\"},\"image\":{\"@id\":\"https:\/\/revistaautobus.com.br\/?p=5429#primaryimage\"},\"thumbnailUrl\":\"https:\/\/revistaautobus.com.br\/wp-content\/uploads\/2022\/01\/01062022-Catedral_2.jpg\",\"keywords\":[\"Marcopolo\"],\"articleSection\":[\"Encarro\u00e7adora\"],\"inLanguage\":\"pt-BR\",\"potentialAction\":[{\"@type\":\"CommentAction\",\"name\":\"Comment\",\"target\":[\"https:\/\/revistaautobus.com.br\/?p=5429#respond\"]}]},{\"@type\":\"WebPage\",\"@id\":\"https:\/\/revistaautobus.com.br\/?p=5429\",\"url\":\"https:\/\/revistaautobus.com.br\/?p=5429\",\"name\":\"Catedral com novos \u00f4nibus g8 - Revista AutoBus\",\"isPartOf\":{\"@id\":\"https:\/\/revistaautobus.com.br\/#website\"},\"primaryImageOfPage\":{\"@id\":\"https:\/\/revistaautobus.com.br\/?p=5429#primaryimage\"},\"image\":{\"@id\":\"https:\/\/revistaautobus.com.br\/?p=5429#primaryimage\"},\"thumbnailUrl\":\"https:\/\/revistaautobus.com.br\/wp-content\/uploads\/2022\/01\/01062022-Catedral_2.jpg\",\"datePublished\":\"2022-01-07T14:19:44+00:00\",\"dateModified\":\"2022-01-10T15:03:56+00:00\",\"breadcrumb\":{\"@id\":\"https:\/\/revistaautobus.com.br\/?p=5429#breadcrumb\"},\"inLanguage\":\"pt-BR\",\"potentialAction\":[{\"@type\":\"ReadAction\",\"target\":[\"https:\/\/revistaautobus.com.br\/?p=5429\"]}]},{\"@type\":\"ImageObject\",\"inLanguage\":\"pt-BR\",\"@id\":\"https:\/\/revistaautobus.com.br\/?p=5429#primaryimage\",\"url\":\"https:\/\/revistaautobus.com.br\/wp-content\/uploads\/2022\/01\/01062022-Catedral_2.jpg\",\"contentUrl\":\"https:\/\/revistaautobus.com.br\/wp-content\/uploads\/2022\/01\/01062022-Catedral_2.jpg\",\"width\":1200,\"height\":621},{\"@type\":\"BreadcrumbList\",\"@id\":\"https:\/\/revistaautobus.com.br\/?p=5429#breadcrumb\",\"itemListElement\":[{\"@type\":\"ListItem\",\"position\":1,\"name\":\"In\u00edcio\",\"item\":\"https:\/\/revistaautobus.com.br\/\"},{\"@type\":\"ListItem\",\"position\":2,\"name\":\"Catedral com novos \u00f4nibus g8\"}]},{\"@type\":\"WebSite\",\"@id\":\"https:\/\/revistaautobus.com.br\/#website\",\"url\":\"https:\/\/revistaautobus.com.br\/\",\"name\":\"Revista AutoBus\",\"description\":\"\",\"publisher\":{\"@id\":\"https:\/\/revistaautobus.com.br\/#organization\"},\"potentialAction\":[{\"@type\":\"SearchAction\",\"target\":{\"@type\":\"EntryPoint\",\"urlTemplate\":\"https:\/\/revistaautobus.com.br\/?s={search_term_string}\"},\"query-input\":{\"@type\":\"PropertyValueSpecification\",\"valueRequired\":true,\"valueName\":\"search_term_string\"}}],\"inLanguage\":\"pt-BR\"},{\"@type\":\"Organization\",\"@id\":\"https:\/\/revistaautobus.com.br\/#organization\",\"name\":\"Revista AutoBus\",\"url\":\"https:\/\/revistaautobus.com.br\/\",\"logo\":{\"@type\":\"ImageObject\",\"inLanguage\":\"pt-BR\",\"@id\":\"https:\/\/revistaautobus.com.br\/#\/schema\/logo\/image\/\",\"url\":\"https:\/\/revistaautobus.com.br\/wp-content\/uploads\/2024\/11\/logo_revista_autobus_fb.png\",\"contentUrl\":\"https:\/\/revistaautobus.com.br\/wp-content\/uploads\/2024\/11\/logo_revista_autobus_fb.png\",\"width\":836,\"height\":227,\"caption\":\"Revista AutoBus\"},\"image\":{\"@id\":\"https:\/\/revistaautobus.com.br\/#\/schema\/logo\/image\/\"},\"sameAs\":[\"https:\/\/www.facebook.com\/antonio.ferro.3150\",\"https:\/\/www.instagram.com\/revistaautobus\/\"]},{\"@type\":\"Person\",\"@id\":\"https:\/\/revistaautobus.com.br\/#\/schema\/person\/54af7c3eb83a310e42ef686ef6d16f50\",\"name\":\"Antonio Ferro\",\"image\":{\"@type\":\"ImageObject\",\"inLanguage\":\"pt-BR\",\"@id\":\"https:\/\/revistaautobus.com.br\/wp-content\/uploads\/2025\/12\/editor_antonio_ferro-150x150.jpg\",\"url\":\"https:\/\/revistaautobus.com.br\/wp-content\/uploads\/2025\/12\/editor_antonio_ferro-150x150.jpg\",\"contentUrl\":\"https:\/\/revistaautobus.com.br\/wp-content\/uploads\/2025\/12\/editor_antonio_ferro-150x150.jpg\",\"caption\":\"Antonio Ferro\"},\"description\":\"infobus@uol.com.br\",\"url\":\"https:\/\/revistaautobus.com.br\/?author=2\"}]}<\/script>\n<!-- \/ Yoast SEO plugin. -->","yoast_head_json":{"title":"Catedral com novos \u00f4nibus g8 - Revista AutoBus","robots":{"index":"index","follow":"follow","max-snippet":"max-snippet:-1","max-image-preview":"max-image-preview:large","max-video-preview":"max-video-preview:-1"},"canonical":"https:\/\/revistaautobus.com.br\/?p=5429","og_locale":"pt_BR","og_type":"article","og_title":"Catedral com novos \u00f4nibus g8 - Revista AutoBus","og_description":"A aquisi\u00e7\u00e3o da Catedral \u00e9 a maior j\u00e1 realizada at\u00e9 agora de unidades Double Decker da Gera\u00e7\u00e3o 8","og_url":"https:\/\/revistaautobus.com.br\/?p=5429","og_site_name":"Revista AutoBus","article_publisher":"https:\/\/www.facebook.com\/antonio.ferro.3150","article_published_time":"2022-01-07T14:19:44+00:00","article_modified_time":"2022-01-10T15:03:56+00:00","og_image":[{"width":1200,"height":621,"url":"https:\/\/revistaautobus.com.br\/wp-content\/uploads\/2022\/01\/01062022-Catedral_2.jpg","type":"image\/jpeg"}],"author":"Antonio Ferro","twitter_card":"summary_large_image","twitter_misc":{"Escrito por":"Antonio Ferro","Est. tempo de leitura":"2 minutos"},"schema":{"@context":"https:\/\/schema.org","@graph":[{"@type":"Article","@id":"https:\/\/revistaautobus.com.br\/?p=5429#article","isPartOf":{"@id":"https:\/\/revistaautobus.com.br\/?p=5429"},"author":{"name":"Antonio Ferro","@id":"https:\/\/revistaautobus.com.br\/#\/schema\/person\/54af7c3eb83a310e42ef686ef6d16f50"},"headline":"Catedral com novos \u00f4nibus g8","datePublished":"2022-01-07T14:19:44+00:00","dateModified":"2022-01-10T15:03:56+00:00","mainEntityOfPage":{"@id":"https:\/\/revistaautobus.com.br\/?p=5429"},"wordCount":331,"commentCount":0,"publisher":{"@id":"https:\/\/revistaautobus.com.br\/#organization"},"image":{"@id":"https:\/\/revistaautobus.com.br\/?p=5429#primaryimage"},"thumbnailUrl":"https:\/\/revistaautobus.com.br\/wp-content\/uploads\/2022\/01\/01062022-Catedral_2.jpg","keywords":["Marcopolo"],"articleSection":["Encarro\u00e7adora"],"inLanguage":"pt-BR","potentialAction":[{"@type":"CommentAction","name":"Comment","target":["https:\/\/revistaautobus.com.br\/?p=5429#respond"]}]},{"@type":"WebPage","@id":"https:\/\/revistaautobus.com.br\/?p=5429","url":"https:\/\/revistaautobus.com.br\/?p=5429","name":"Catedral com novos \u00f4nibus g8 - Revista AutoBus","isPartOf":{"@id":"https:\/\/revistaautobus.com.br\/#website"},"primaryImageOfPage":{"@id":"https:\/\/revistaautobus.com.br\/?p=5429#primaryimage"},"image":{"@id":"https:\/\/revistaautobus.com.br\/?p=5429#primaryimage"},"thumbnailUrl":"https:\/\/revistaautobus.com.br\/wp-content\/uploads\/2022\/01\/01062022-Catedral_2.jpg","datePublished":"2022-01-07T14:19:44+00:00","dateModified":"2022-01-10T15:03:56+00:00","breadcrumb":{"@id":"https:\/\/revistaautobus.com.br\/?p=5429#breadcrumb"},"inLanguage":"pt-BR","potentialAction":[{"@type":"ReadAction","target":["https:\/\/revistaautobus.com.br\/?p=5429"]}]},{"@type":"ImageObject","inLanguage":"pt-BR","@id":"https:\/\/revistaautobus.com.br\/?p=5429#primaryimage","url":"https:\/\/revistaautobus.com.br\/wp-content\/uploads\/2022\/01\/01062022-Catedral_2.jpg","contentUrl":"https:\/\/revistaautobus.com.br\/wp-content\/uploads\/2022\/01\/01062022-Catedral_2.jpg","width":1200,"height":621},{"@type":"BreadcrumbList","@id":"https:\/\/revistaautobus.com.br\/?p=5429#breadcrumb","itemListElement":[{"@type":"ListItem","position":1,"name":"In\u00edcio","item":"https:\/\/revistaautobus.com.br\/"},{"@type":"ListItem","position":2,"name":"Catedral com novos \u00f4nibus g8"}]},{"@type":"WebSite","@id":"https:\/\/revistaautobus.com.br\/#website","url":"https:\/\/revistaautobus.com.br\/","name":"Revista AutoBus","description":"","publisher":{"@id":"https:\/\/revistaautobus.com.br\/#organization"},"potentialAction":[{"@type":"SearchAction","target":{"@type":"EntryPoint","urlTemplate":"https:\/\/revistaautobus.com.br\/?s={search_term_string}"},"query-input":{"@type":"PropertyValueSpecification","valueRequired":true,"valueName":"search_term_string"}}],"inLanguage":"pt-BR"},{"@type":"Organization","@id":"https:\/\/revistaautobus.com.br\/#organization","name":"Revista AutoBus","url":"https:\/\/revistaautobus.com.br\/","logo":{"@type":"ImageObject","inLanguage":"pt-BR","@id":"https:\/\/revistaautobus.com.br\/#\/schema\/logo\/image\/","url":"https:\/\/revistaautobus.com.br\/wp-content\/uploads\/2024\/11\/logo_revista_autobus_fb.png","contentUrl":"https:\/\/revistaautobus.com.br\/wp-content\/uploads\/2024\/11\/logo_revista_autobus_fb.png","width":836,"height":227,"caption":"Revista AutoBus"},"image":{"@id":"https:\/\/revistaautobus.com.br\/#\/schema\/logo\/image\/"},"sameAs":["https:\/\/www.facebook.com\/antonio.ferro.3150","https:\/\/www.instagram.com\/revistaautobus\/"]},{"@type":"Person","@id":"https:\/\/revistaautobus.com.br\/#\/schema\/person\/54af7c3eb83a310e42ef686ef6d16f50","name":"Antonio Ferro","image":{"@type":"ImageObject","inLanguage":"pt-BR","@id":"https:\/\/revistaautobus.com.br\/wp-content\/uploads\/2025\/12\/editor_antonio_ferro-150x150.jpg","url":"https:\/\/revistaautobus.com.br\/wp-content\/uploads\/2025\/12\/editor_antonio_ferro-150x150.jpg","contentUrl":"https:\/\/revistaautobus.com.br\/wp-content\/uploads\/2025\/12\/editor_antonio_ferro-150x150.jpg","caption":"Antonio Ferro"},"description":"infobus@uol.com.br","url":"https:\/\/revistaautobus.com.br\/?author=2"}]}},"jetpack_featured_media_url":"https:\/\/revistaautobus.com.br\/wp-content\/uploads\/2022\/01\/01062022-Catedral_2.jpg","jetpack_sharing_enabled":true,"_links":{"self":[{"href":"https:\/\/revistaautobus.com.br\/index.php?rest_route=\/wp\/v2\/posts\/5429","targetHints":{"allow":["GET"]}}],"collection":[{"href":"https:\/\/revistaautobus.com.br\/index.php?rest_route=\/wp\/v2\/posts"}],"about":[{"href":"https:\/\/revistaautobus.com.br\/index.php?rest_route=\/wp\/v2\/types\/post"}],"author":[{"embeddable":true,"href":"https:\/\/revistaautobus.com.br\/index.php?rest_route=\/wp\/v2\/users\/2"}],"replies":[{"embeddable":true,"href":"https:\/\/revistaautobus.com.br\/index.php?rest_route=%2Fwp%2Fv2%2Fcomments&post=5429"}],"version-history":[{"count":4,"href":"https:\/\/revistaautobus.com.br\/index.php?rest_route=\/wp\/v2\/posts\/5429\/revisions"}],"predecessor-version":[{"id":5441,"href":"https:\/\/revistaautobus.com.br\/index.php?rest_route=\/wp\/v2\/posts\/5429\/revisions\/5441"}],"wp:featuredmedia":[{"embeddable":true,"href":"https:\/\/revistaautobus.com.br\/index.php?rest_route=\/wp\/v2\/media\/5430"}],"wp:attachment":[{"href":"https:\/\/revistaautobus.com.br\/index.php?rest_route=%2Fwp%2Fv2%2Fmedia&parent=5429"}],"wp:term":[{"taxonomy":"category","embeddable":true,"href":"https:\/\/revistaautobus.com.br\/index.php?rest_route=%2Fwp%2Fv2%2Fcategories&post=5429"},{"taxonomy":"post_tag","embeddable":true,"href":"https:\/\/revistaautobus.com.br\/index.php?rest_route=%2Fwp%2Fv2%2Ftags&post=5429"}],"curies":[{"name":"wp","href":"https:\/\/api.w.org\/{rel}","templated":true}]}}