{"id":5444,"date":"2022-01-13T09:38:49","date_gmt":"2022-01-13T12:38:49","guid":{"rendered":"https:\/\/revistaautobus.com.br\/?p=5444"},"modified":"2022-01-13T09:41:02","modified_gmt":"2022-01-13T12:41:02","slug":"direto-do-tunel-do-tempo-43","status":"publish","type":"post","link":"https:\/\/revistaautobus.com.br\/?p=5444","title":{"rendered":"Direto do t\u00fanel do tempo"},"content":{"rendered":"\n<p class=\"has-drop-cap\">O maluco beleza e o transporte. Raul Seixas foi uma das grandes personalidades da m\u00fasica brasileira. Irreverente, com um toque de maestria nas letras de suas m\u00fasicas, muitas das quais um s\u00edmbolo de protesto quanto \u00e0 sociedade e suas manias de rotular tudo, o cantor sempre provocava com suas atitudes, que para muitos eram atos de rebeldia. Com certeza, ele n\u00e3o quis ser como todo mundo!!!<\/p>\n\n\n\n<p>Nesta imagem, muito bem sacada pelo fot\u00f3grafo Antonio Carlos Piccino, do jornal O Globo, Rauzito anda tranquilamente de bicicleta (monareta?) em meio ao tr\u00e2nsito carioca, tendo como pano de fundo um \u00f4nibus urbano produzido pela extinta marca Ciferal. \u201cOs caretas est\u00e3o loucos, perderam o jeito, est\u00e3o trope\u00e7ando a todo instante\u201d, disse ele ao jornal carioca.<\/p>\n\n\n\n<p>Considerado o pai do rock brasileiro, Raul Rock Seixas morava no bairro de Ipanema e a foto, de 1973, retratou seu momento profissional, indo para o teatro Tereza Rachel, onde estava fazendo shows.<\/p>\n\n\n\n<p>Ah!! Com a sua bicicleta, ele tamb\u00e9m protestou contra a polui\u00e7\u00e3o, fato que j\u00e1 presente na cidade naquela long\u00ednqua d\u00e9cada. Palmas para Raul, que faleceu em 1989, deixando um legado muito importante para a cultura musical brasileira.<\/p>\n","protected":false},"excerpt":{"rendered":"<p>&#8220;Eu n\u00e3o sou besta pra tirar onda de her\u00f3i, sou vacinado, eu sou caub\u00f3i, caub\u00f3i fora da lei&#8230;&#8221;<\/p>\n","protected":false},"author":2,"featured_media":5445,"comment_status":"open","ping_status":"open","sticky":false,"template":"","format":"standard","meta":{"_et_pb_use_builder":"off","_et_pb_old_content":"","_et_gb_content_width":"","_jetpack_memberships_contains_paid_content":false,"footnotes":""},"categories":[6],"tags":[198,199],"class_list":["post-5444","post","type-post","status-publish","format-standard","has-post-thumbnail","hentry","category-das-antigas","tag-ciferal","tag-raul-seixas","et-has-post-format-content","et_post_format-et-post-format-standard"],"yoast_head":"<!-- This site is optimized with the Yoast SEO plugin v27.2 - https:\/\/yoast.com\/product\/yoast-seo-wordpress\/ -->\n<title>Direto do t\u00fanel do tempo - Revista AutoBus<\/title>\n<meta name=\"robots\" content=\"index, follow, max-snippet:-1, max-image-preview:large, max-video-preview:-1\" \/>\n<link rel=\"canonical\" href=\"https:\/\/revistaautobus.com.br\/?p=5444\" \/>\n<meta property=\"og:locale\" content=\"pt_BR\" \/>\n<meta property=\"og:type\" content=\"article\" \/>\n<meta property=\"og:title\" content=\"Direto do t\u00fanel do tempo - Revista AutoBus\" \/>\n<meta property=\"og:description\" content=\"&quot;Eu n\u00e3o sou besta pra tirar onda de her\u00f3i, sou vacinado, eu sou caub\u00f3i, caub\u00f3i fora da lei...&quot;\" \/>\n<meta property=\"og:url\" content=\"https:\/\/revistaautobus.com.br\/?p=5444\" \/>\n<meta property=\"og:site_name\" content=\"Revista AutoBus\" \/>\n<meta property=\"article:publisher\" content=\"https:\/\/www.facebook.com\/antonio.ferro.3150\" \/>\n<meta property=\"article:published_time\" content=\"2022-01-13T12:38:49+00:00\" \/>\n<meta property=\"article:modified_time\" content=\"2022-01-13T12:41:02+00:00\" \/>\n<meta property=\"og:image\" content=\"https:\/\/revistaautobus.com.br\/wp-content\/uploads\/2022\/01\/WhatsApp-Image-2022-01-12-at-17.27.56.jpeg\" \/>\n\t<meta property=\"og:image:width\" content=\"1070\" \/>\n\t<meta property=\"og:image:height\" content=\"1171\" \/>\n\t<meta property=\"og:image:type\" content=\"image\/jpeg\" \/>\n<meta name=\"author\" content=\"Antonio Ferro\" \/>\n<meta name=\"twitter:card\" content=\"summary_large_image\" \/>\n<meta name=\"twitter:label1\" content=\"Escrito por\" \/>\n\t<meta name=\"twitter:data1\" content=\"Antonio Ferro\" \/>\n\t<meta name=\"twitter:label2\" content=\"Est. tempo de leitura\" \/>\n\t<meta name=\"twitter:data2\" content=\"1 minuto\" \/>\n<script type=\"application\/ld+json\" class=\"yoast-schema-graph\">{\"@context\":\"https:\/\/schema.org\",\"@graph\":[{\"@type\":\"Article\",\"@id\":\"https:\/\/revistaautobus.com.br\/?p=5444#article\",\"isPartOf\":{\"@id\":\"https:\/\/revistaautobus.com.br\/?p=5444\"},\"author\":{\"name\":\"Antonio Ferro\",\"@id\":\"https:\/\/revistaautobus.com.br\/#\/schema\/person\/54af7c3eb83a310e42ef686ef6d16f50\"},\"headline\":\"Direto do t\u00fanel do tempo\",\"datePublished\":\"2022-01-13T12:38:49+00:00\",\"dateModified\":\"2022-01-13T12:41:02+00:00\",\"mainEntityOfPage\":{\"@id\":\"https:\/\/revistaautobus.com.br\/?p=5444\"},\"wordCount\":207,\"commentCount\":0,\"publisher\":{\"@id\":\"https:\/\/revistaautobus.com.br\/#organization\"},\"image\":{\"@id\":\"https:\/\/revistaautobus.com.br\/?p=5444#primaryimage\"},\"thumbnailUrl\":\"https:\/\/revistaautobus.com.br\/wp-content\/uploads\/2022\/01\/WhatsApp-Image-2022-01-12-at-17.27.56.jpeg\",\"keywords\":[\"Ciferal\",\"Raul Seixas\"],\"articleSection\":[\"Das Antigas\"],\"inLanguage\":\"pt-BR\",\"potentialAction\":[{\"@type\":\"CommentAction\",\"name\":\"Comment\",\"target\":[\"https:\/\/revistaautobus.com.br\/?p=5444#respond\"]}]},{\"@type\":\"WebPage\",\"@id\":\"https:\/\/revistaautobus.com.br\/?p=5444\",\"url\":\"https:\/\/revistaautobus.com.br\/?p=5444\",\"name\":\"Direto do t\u00fanel do tempo - Revista AutoBus\",\"isPartOf\":{\"@id\":\"https:\/\/revistaautobus.com.br\/#website\"},\"primaryImageOfPage\":{\"@id\":\"https:\/\/revistaautobus.com.br\/?p=5444#primaryimage\"},\"image\":{\"@id\":\"https:\/\/revistaautobus.com.br\/?p=5444#primaryimage\"},\"thumbnailUrl\":\"https:\/\/revistaautobus.com.br\/wp-content\/uploads\/2022\/01\/WhatsApp-Image-2022-01-12-at-17.27.56.jpeg\",\"datePublished\":\"2022-01-13T12:38:49+00:00\",\"dateModified\":\"2022-01-13T12:41:02+00:00\",\"breadcrumb\":{\"@id\":\"https:\/\/revistaautobus.com.br\/?p=5444#breadcrumb\"},\"inLanguage\":\"pt-BR\",\"potentialAction\":[{\"@type\":\"ReadAction\",\"target\":[\"https:\/\/revistaautobus.com.br\/?p=5444\"]}]},{\"@type\":\"ImageObject\",\"inLanguage\":\"pt-BR\",\"@id\":\"https:\/\/revistaautobus.com.br\/?p=5444#primaryimage\",\"url\":\"https:\/\/revistaautobus.com.br\/wp-content\/uploads\/2022\/01\/WhatsApp-Image-2022-01-12-at-17.27.56.jpeg\",\"contentUrl\":\"https:\/\/revistaautobus.com.br\/wp-content\/uploads\/2022\/01\/WhatsApp-Image-2022-01-12-at-17.27.56.jpeg\",\"width\":1070,\"height\":1171},{\"@type\":\"BreadcrumbList\",\"@id\":\"https:\/\/revistaautobus.com.br\/?p=5444#breadcrumb\",\"itemListElement\":[{\"@type\":\"ListItem\",\"position\":1,\"name\":\"In\u00edcio\",\"item\":\"https:\/\/revistaautobus.com.br\/\"},{\"@type\":\"ListItem\",\"position\":2,\"name\":\"Direto do t\u00fanel do tempo\"}]},{\"@type\":\"WebSite\",\"@id\":\"https:\/\/revistaautobus.com.br\/#website\",\"url\":\"https:\/\/revistaautobus.com.br\/\",\"name\":\"Revista AutoBus\",\"description\":\"\",\"publisher\":{\"@id\":\"https:\/\/revistaautobus.com.br\/#organization\"},\"potentialAction\":[{\"@type\":\"SearchAction\",\"target\":{\"@type\":\"EntryPoint\",\"urlTemplate\":\"https:\/\/revistaautobus.com.br\/?s={search_term_string}\"},\"query-input\":{\"@type\":\"PropertyValueSpecification\",\"valueRequired\":true,\"valueName\":\"search_term_string\"}}],\"inLanguage\":\"pt-BR\"},{\"@type\":\"Organization\",\"@id\":\"https:\/\/revistaautobus.com.br\/#organization\",\"name\":\"Revista AutoBus\",\"url\":\"https:\/\/revistaautobus.com.br\/\",\"logo\":{\"@type\":\"ImageObject\",\"inLanguage\":\"pt-BR\",\"@id\":\"https:\/\/revistaautobus.com.br\/#\/schema\/logo\/image\/\",\"url\":\"https:\/\/revistaautobus.com.br\/wp-content\/uploads\/2024\/11\/logo_revista_autobus_fb.png\",\"contentUrl\":\"https:\/\/revistaautobus.com.br\/wp-content\/uploads\/2024\/11\/logo_revista_autobus_fb.png\",\"width\":836,\"height\":227,\"caption\":\"Revista AutoBus\"},\"image\":{\"@id\":\"https:\/\/revistaautobus.com.br\/#\/schema\/logo\/image\/\"},\"sameAs\":[\"https:\/\/www.facebook.com\/antonio.ferro.3150\",\"https:\/\/www.instagram.com\/revistaautobus\/\"]},{\"@type\":\"Person\",\"@id\":\"https:\/\/revistaautobus.com.br\/#\/schema\/person\/54af7c3eb83a310e42ef686ef6d16f50\",\"name\":\"Antonio Ferro\",\"image\":{\"@type\":\"ImageObject\",\"inLanguage\":\"pt-BR\",\"@id\":\"https:\/\/revistaautobus.com.br\/wp-content\/uploads\/2025\/12\/editor_antonio_ferro-150x150.jpg\",\"url\":\"https:\/\/revistaautobus.com.br\/wp-content\/uploads\/2025\/12\/editor_antonio_ferro-150x150.jpg\",\"contentUrl\":\"https:\/\/revistaautobus.com.br\/wp-content\/uploads\/2025\/12\/editor_antonio_ferro-150x150.jpg\",\"caption\":\"Antonio Ferro\"},\"description\":\"infobus@uol.com.br\",\"url\":\"https:\/\/revistaautobus.com.br\/?author=2\"}]}<\/script>\n<!-- \/ Yoast SEO plugin. -->","yoast_head_json":{"title":"Direto do t\u00fanel do tempo - Revista AutoBus","robots":{"index":"index","follow":"follow","max-snippet":"max-snippet:-1","max-image-preview":"max-image-preview:large","max-video-preview":"max-video-preview:-1"},"canonical":"https:\/\/revistaautobus.com.br\/?p=5444","og_locale":"pt_BR","og_type":"article","og_title":"Direto do t\u00fanel do tempo - Revista AutoBus","og_description":"\"Eu n\u00e3o sou besta pra tirar onda de her\u00f3i, sou vacinado, eu sou caub\u00f3i, caub\u00f3i fora da lei...\"","og_url":"https:\/\/revistaautobus.com.br\/?p=5444","og_site_name":"Revista AutoBus","article_publisher":"https:\/\/www.facebook.com\/antonio.ferro.3150","article_published_time":"2022-01-13T12:38:49+00:00","article_modified_time":"2022-01-13T12:41:02+00:00","og_image":[{"width":1070,"height":1171,"url":"https:\/\/revistaautobus.com.br\/wp-content\/uploads\/2022\/01\/WhatsApp-Image-2022-01-12-at-17.27.56.jpeg","type":"image\/jpeg"}],"author":"Antonio Ferro","twitter_card":"summary_large_image","twitter_misc":{"Escrito por":"Antonio Ferro","Est. tempo de leitura":"1 minuto"},"schema":{"@context":"https:\/\/schema.org","@graph":[{"@type":"Article","@id":"https:\/\/revistaautobus.com.br\/?p=5444#article","isPartOf":{"@id":"https:\/\/revistaautobus.com.br\/?p=5444"},"author":{"name":"Antonio Ferro","@id":"https:\/\/revistaautobus.com.br\/#\/schema\/person\/54af7c3eb83a310e42ef686ef6d16f50"},"headline":"Direto do t\u00fanel do tempo","datePublished":"2022-01-13T12:38:49+00:00","dateModified":"2022-01-13T12:41:02+00:00","mainEntityOfPage":{"@id":"https:\/\/revistaautobus.com.br\/?p=5444"},"wordCount":207,"commentCount":0,"publisher":{"@id":"https:\/\/revistaautobus.com.br\/#organization"},"image":{"@id":"https:\/\/revistaautobus.com.br\/?p=5444#primaryimage"},"thumbnailUrl":"https:\/\/revistaautobus.com.br\/wp-content\/uploads\/2022\/01\/WhatsApp-Image-2022-01-12-at-17.27.56.jpeg","keywords":["Ciferal","Raul Seixas"],"articleSection":["Das Antigas"],"inLanguage":"pt-BR","potentialAction":[{"@type":"CommentAction","name":"Comment","target":["https:\/\/revistaautobus.com.br\/?p=5444#respond"]}]},{"@type":"WebPage","@id":"https:\/\/revistaautobus.com.br\/?p=5444","url":"https:\/\/revistaautobus.com.br\/?p=5444","name":"Direto do t\u00fanel do tempo - Revista AutoBus","isPartOf":{"@id":"https:\/\/revistaautobus.com.br\/#website"},"primaryImageOfPage":{"@id":"https:\/\/revistaautobus.com.br\/?p=5444#primaryimage"},"image":{"@id":"https:\/\/revistaautobus.com.br\/?p=5444#primaryimage"},"thumbnailUrl":"https:\/\/revistaautobus.com.br\/wp-content\/uploads\/2022\/01\/WhatsApp-Image-2022-01-12-at-17.27.56.jpeg","datePublished":"2022-01-13T12:38:49+00:00","dateModified":"2022-01-13T12:41:02+00:00","breadcrumb":{"@id":"https:\/\/revistaautobus.com.br\/?p=5444#breadcrumb"},"inLanguage":"pt-BR","potentialAction":[{"@type":"ReadAction","target":["https:\/\/revistaautobus.com.br\/?p=5444"]}]},{"@type":"ImageObject","inLanguage":"pt-BR","@id":"https:\/\/revistaautobus.com.br\/?p=5444#primaryimage","url":"https:\/\/revistaautobus.com.br\/wp-content\/uploads\/2022\/01\/WhatsApp-Image-2022-01-12-at-17.27.56.jpeg","contentUrl":"https:\/\/revistaautobus.com.br\/wp-content\/uploads\/2022\/01\/WhatsApp-Image-2022-01-12-at-17.27.56.jpeg","width":1070,"height":1171},{"@type":"BreadcrumbList","@id":"https:\/\/revistaautobus.com.br\/?p=5444#breadcrumb","itemListElement":[{"@type":"ListItem","position":1,"name":"In\u00edcio","item":"https:\/\/revistaautobus.com.br\/"},{"@type":"ListItem","position":2,"name":"Direto do t\u00fanel do tempo"}]},{"@type":"WebSite","@id":"https:\/\/revistaautobus.com.br\/#website","url":"https:\/\/revistaautobus.com.br\/","name":"Revista AutoBus","description":"","publisher":{"@id":"https:\/\/revistaautobus.com.br\/#organization"},"potentialAction":[{"@type":"SearchAction","target":{"@type":"EntryPoint","urlTemplate":"https:\/\/revistaautobus.com.br\/?s={search_term_string}"},"query-input":{"@type":"PropertyValueSpecification","valueRequired":true,"valueName":"search_term_string"}}],"inLanguage":"pt-BR"},{"@type":"Organization","@id":"https:\/\/revistaautobus.com.br\/#organization","name":"Revista AutoBus","url":"https:\/\/revistaautobus.com.br\/","logo":{"@type":"ImageObject","inLanguage":"pt-BR","@id":"https:\/\/revistaautobus.com.br\/#\/schema\/logo\/image\/","url":"https:\/\/revistaautobus.com.br\/wp-content\/uploads\/2024\/11\/logo_revista_autobus_fb.png","contentUrl":"https:\/\/revistaautobus.com.br\/wp-content\/uploads\/2024\/11\/logo_revista_autobus_fb.png","width":836,"height":227,"caption":"Revista AutoBus"},"image":{"@id":"https:\/\/revistaautobus.com.br\/#\/schema\/logo\/image\/"},"sameAs":["https:\/\/www.facebook.com\/antonio.ferro.3150","https:\/\/www.instagram.com\/revistaautobus\/"]},{"@type":"Person","@id":"https:\/\/revistaautobus.com.br\/#\/schema\/person\/54af7c3eb83a310e42ef686ef6d16f50","name":"Antonio Ferro","image":{"@type":"ImageObject","inLanguage":"pt-BR","@id":"https:\/\/revistaautobus.com.br\/wp-content\/uploads\/2025\/12\/editor_antonio_ferro-150x150.jpg","url":"https:\/\/revistaautobus.com.br\/wp-content\/uploads\/2025\/12\/editor_antonio_ferro-150x150.jpg","contentUrl":"https:\/\/revistaautobus.com.br\/wp-content\/uploads\/2025\/12\/editor_antonio_ferro-150x150.jpg","caption":"Antonio Ferro"},"description":"infobus@uol.com.br","url":"https:\/\/revistaautobus.com.br\/?author=2"}]}},"jetpack_featured_media_url":"https:\/\/revistaautobus.com.br\/wp-content\/uploads\/2022\/01\/WhatsApp-Image-2022-01-12-at-17.27.56.jpeg","jetpack_sharing_enabled":true,"_links":{"self":[{"href":"https:\/\/revistaautobus.com.br\/index.php?rest_route=\/wp\/v2\/posts\/5444","targetHints":{"allow":["GET"]}}],"collection":[{"href":"https:\/\/revistaautobus.com.br\/index.php?rest_route=\/wp\/v2\/posts"}],"about":[{"href":"https:\/\/revistaautobus.com.br\/index.php?rest_route=\/wp\/v2\/types\/post"}],"author":[{"embeddable":true,"href":"https:\/\/revistaautobus.com.br\/index.php?rest_route=\/wp\/v2\/users\/2"}],"replies":[{"embeddable":true,"href":"https:\/\/revistaautobus.com.br\/index.php?rest_route=%2Fwp%2Fv2%2Fcomments&post=5444"}],"version-history":[{"count":4,"href":"https:\/\/revistaautobus.com.br\/index.php?rest_route=\/wp\/v2\/posts\/5444\/revisions"}],"predecessor-version":[{"id":5451,"href":"https:\/\/revistaautobus.com.br\/index.php?rest_route=\/wp\/v2\/posts\/5444\/revisions\/5451"}],"wp:featuredmedia":[{"embeddable":true,"href":"https:\/\/revistaautobus.com.br\/index.php?rest_route=\/wp\/v2\/media\/5445"}],"wp:attachment":[{"href":"https:\/\/revistaautobus.com.br\/index.php?rest_route=%2Fwp%2Fv2%2Fmedia&parent=5444"}],"wp:term":[{"taxonomy":"category","embeddable":true,"href":"https:\/\/revistaautobus.com.br\/index.php?rest_route=%2Fwp%2Fv2%2Fcategories&post=5444"},{"taxonomy":"post_tag","embeddable":true,"href":"https:\/\/revistaautobus.com.br\/index.php?rest_route=%2Fwp%2Fv2%2Ftags&post=5444"}],"curies":[{"name":"wp","href":"https:\/\/api.w.org\/{rel}","templated":true}]}}