{"id":5541,"date":"2022-01-28T09:10:29","date_gmt":"2022-01-28T12:10:29","guid":{"rendered":"https:\/\/revistaautobus.com.br\/?p=5541"},"modified":"2022-01-28T09:10:30","modified_gmt":"2022-01-28T12:10:30","slug":"o-tango-de-gardel-e-a-mercedes-benz","status":"publish","type":"post","link":"https:\/\/revistaautobus.com.br\/?p=5541","title":{"rendered":"O tango de Gardel e a Mercedes-Benz"},"content":{"rendered":"\n<p class=\"has-drop-cap\">O museu da Mercedes-Benz, localizado na cidade alem\u00e3 de Stuttgart, concentra uma das mais belas cole\u00e7\u00f5es de ve\u00edculos do mundo. Em sua estrutura, formada por um pr\u00e9dio com nove andares, est\u00e3o reunidos modelos e cria\u00e7\u00f5es que comp\u00f5em a ordem cronol\u00f3gica de uma das mais famosas marcas fabricantes de ve\u00edculos.<\/p>\n\n\n\n<p>Dentre os mais variados tipos de autom\u00f3veis, caminh\u00f5es, \u00f4nibus e materiais hist\u00f3ricos referentes \u00e0 trajet\u00f3ria da estrela de tr\u00eas pontas, h\u00e1 um modelo idealizado para o transporte de passageiros que chama a aten\u00e7\u00e3o de quem visita o local. Trata-se do \u00f4nibus urbano LO 1112 (<em>L de Lastwagen e O de \u00f4nibus<\/em>), sobre a plataforma do caminh\u00e3o que tanto fez sucesso no mercado argentino, mais especificamente, na mobilidade de Buenos Aires.<\/p>\n\n\n\n<div class=\"wp-block-image\"><figure class=\"alignright size-large is-resized\"><img loading=\"lazy\" decoding=\"async\" src=\"https:\/\/revistaautobus.com.br\/wp-content\/uploads\/2022\/01\/22C0026_012-1024x683.jpg\" alt=\"\" class=\"wp-image-5543\" width=\"365\" height=\"242\" srcset=\"https:\/\/revistaautobus.com.br\/wp-content\/uploads\/2022\/01\/22C0026_012-1024x683.jpg 1024w, https:\/\/revistaautobus.com.br\/wp-content\/uploads\/2022\/01\/22C0026_012-300x200.jpg 300w, https:\/\/revistaautobus.com.br\/wp-content\/uploads\/2022\/01\/22C0026_012-768x512.jpg 768w, https:\/\/revistaautobus.com.br\/wp-content\/uploads\/2022\/01\/22C0026_012-1080x720.jpg 1080w, https:\/\/revistaautobus.com.br\/wp-content\/uploads\/2022\/01\/22C0026_012.jpg 1200w\" sizes=\"(max-width: 365px) 100vw, 365px\" \/><figcaption><strong><em>Carlos Gardel<\/em><\/strong><\/figcaption><\/figure><\/div>\n\n\n\n<p>O referido \u00f4nibus possui uma apar\u00eancia que dominou o cen\u00e1rio do transporte na capital porte\u00f1a por muitos anos \u2013 a tradi\u00e7\u00e3o art\u00edstica com desenhos bem chamativos em sua pintura. O estilo adotado na comunica\u00e7\u00e3o visual chama-se fileteado, com arabescos, guirlandas, flores e s\u00edmbolos de cores vivas. Diversos s\u00edmbolos tamb\u00e9m fazem parte da pintura, como o retrato de Carlos Gardel, expoente da cultura musical argentina, com o seu Tango que tanto fez (e faz) sucesso.<\/p>\n\n\n\n<p>Com a sua caracter\u00edstica frente j\u00e1 conhecida por n\u00f3s brasileiros no transporte de carga, o ve\u00edculo foi produzido entre 1965 e 1973, com mais de 5.330 unidades fabricadas. O modelo preservado foi constru\u00eddo na f\u00e1brica da Mercedes-Benz em Buenos Aires, com uma carro\u00e7aria t\u00edpica produzida localmente. Sua aquisi\u00e7\u00e3o se deu por Hector Prieto para atender a Linha 6, trabalhando em conjunto com outros colegas pelas ruas da capital.<\/p>\n\n\n\n<p>Imagens &#8211; Divulga\u00e7\u00e3o<\/p>\n","protected":false},"excerpt":{"rendered":"<p>Um t\u00edpico \u00f4nibus que participou do transporte coletivo de Buenos Aires \u00e9 a atra\u00e7\u00e3o do museu da Mercedes-Benz<\/p>\n","protected":false},"author":2,"featured_media":5542,"comment_status":"open","ping_status":"open","sticky":false,"template":"","format":"standard","meta":{"_et_pb_use_builder":"off","_et_pb_old_content":"","_et_gb_content_width":"","_jetpack_memberships_contains_paid_content":false,"footnotes":""},"categories":[6],"tags":[17],"class_list":["post-5541","post","type-post","status-publish","format-standard","has-post-thumbnail","hentry","category-das-antigas","tag-mercedes-benz","et-has-post-format-content","et_post_format-et-post-format-standard"],"yoast_head":"<!-- This site is optimized with the Yoast SEO plugin v27.2 - https:\/\/yoast.com\/product\/yoast-seo-wordpress\/ -->\n<title>O tango de Gardel e a Mercedes-Benz - Revista AutoBus<\/title>\n<meta name=\"robots\" content=\"index, follow, max-snippet:-1, max-image-preview:large, max-video-preview:-1\" \/>\n<link rel=\"canonical\" href=\"https:\/\/revistaautobus.com.br\/?p=5541\" \/>\n<meta property=\"og:locale\" content=\"pt_BR\" \/>\n<meta property=\"og:type\" content=\"article\" \/>\n<meta property=\"og:title\" content=\"O tango de Gardel e a Mercedes-Benz - Revista AutoBus\" \/>\n<meta property=\"og:description\" content=\"Um t\u00edpico \u00f4nibus que participou do transporte coletivo de Buenos Aires \u00e9 a atra\u00e7\u00e3o do museu da Mercedes-Benz\" \/>\n<meta property=\"og:url\" content=\"https:\/\/revistaautobus.com.br\/?p=5541\" \/>\n<meta property=\"og:site_name\" content=\"Revista AutoBus\" \/>\n<meta property=\"article:publisher\" content=\"https:\/\/www.facebook.com\/antonio.ferro.3150\" \/>\n<meta property=\"article:published_time\" content=\"2022-01-28T12:10:29+00:00\" \/>\n<meta property=\"article:modified_time\" content=\"2022-01-28T12:10:30+00:00\" \/>\n<meta property=\"og:image\" content=\"https:\/\/revistaautobus.com.br\/wp-content\/uploads\/2022\/01\/22C0026_002-1.jpg\" \/>\n\t<meta property=\"og:image:width\" content=\"1200\" \/>\n\t<meta property=\"og:image:height\" content=\"800\" \/>\n\t<meta property=\"og:image:type\" content=\"image\/jpeg\" \/>\n<meta name=\"author\" content=\"Antonio Ferro\" \/>\n<meta name=\"twitter:card\" content=\"summary_large_image\" \/>\n<meta name=\"twitter:label1\" content=\"Escrito por\" \/>\n\t<meta name=\"twitter:data1\" content=\"Antonio Ferro\" \/>\n\t<meta name=\"twitter:label2\" content=\"Est. tempo de leitura\" \/>\n\t<meta name=\"twitter:data2\" content=\"1 minuto\" \/>\n<script type=\"application\/ld+json\" class=\"yoast-schema-graph\">{\"@context\":\"https:\/\/schema.org\",\"@graph\":[{\"@type\":\"Article\",\"@id\":\"https:\/\/revistaautobus.com.br\/?p=5541#article\",\"isPartOf\":{\"@id\":\"https:\/\/revistaautobus.com.br\/?p=5541\"},\"author\":{\"name\":\"Antonio Ferro\",\"@id\":\"https:\/\/revistaautobus.com.br\/#\/schema\/person\/54af7c3eb83a310e42ef686ef6d16f50\"},\"headline\":\"O tango de Gardel e a Mercedes-Benz\",\"datePublished\":\"2022-01-28T12:10:29+00:00\",\"dateModified\":\"2022-01-28T12:10:30+00:00\",\"mainEntityOfPage\":{\"@id\":\"https:\/\/revistaautobus.com.br\/?p=5541\"},\"wordCount\":299,\"commentCount\":0,\"publisher\":{\"@id\":\"https:\/\/revistaautobus.com.br\/#organization\"},\"image\":{\"@id\":\"https:\/\/revistaautobus.com.br\/?p=5541#primaryimage\"},\"thumbnailUrl\":\"https:\/\/revistaautobus.com.br\/wp-content\/uploads\/2022\/01\/22C0026_002-1.jpg\",\"keywords\":[\"mercedes-benz\"],\"articleSection\":[\"Das Antigas\"],\"inLanguage\":\"pt-BR\",\"potentialAction\":[{\"@type\":\"CommentAction\",\"name\":\"Comment\",\"target\":[\"https:\/\/revistaautobus.com.br\/?p=5541#respond\"]}]},{\"@type\":\"WebPage\",\"@id\":\"https:\/\/revistaautobus.com.br\/?p=5541\",\"url\":\"https:\/\/revistaautobus.com.br\/?p=5541\",\"name\":\"O tango de Gardel e a Mercedes-Benz - Revista AutoBus\",\"isPartOf\":{\"@id\":\"https:\/\/revistaautobus.com.br\/#website\"},\"primaryImageOfPage\":{\"@id\":\"https:\/\/revistaautobus.com.br\/?p=5541#primaryimage\"},\"image\":{\"@id\":\"https:\/\/revistaautobus.com.br\/?p=5541#primaryimage\"},\"thumbnailUrl\":\"https:\/\/revistaautobus.com.br\/wp-content\/uploads\/2022\/01\/22C0026_002-1.jpg\",\"datePublished\":\"2022-01-28T12:10:29+00:00\",\"dateModified\":\"2022-01-28T12:10:30+00:00\",\"breadcrumb\":{\"@id\":\"https:\/\/revistaautobus.com.br\/?p=5541#breadcrumb\"},\"inLanguage\":\"pt-BR\",\"potentialAction\":[{\"@type\":\"ReadAction\",\"target\":[\"https:\/\/revistaautobus.com.br\/?p=5541\"]}]},{\"@type\":\"ImageObject\",\"inLanguage\":\"pt-BR\",\"@id\":\"https:\/\/revistaautobus.com.br\/?p=5541#primaryimage\",\"url\":\"https:\/\/revistaautobus.com.br\/wp-content\/uploads\/2022\/01\/22C0026_002-1.jpg\",\"contentUrl\":\"https:\/\/revistaautobus.com.br\/wp-content\/uploads\/2022\/01\/22C0026_002-1.jpg\",\"width\":1200,\"height\":800,\"caption\":\"Mercedes-Benz Museum, Raum Collection 1: Galerie der Reisen. Omnibus Mercedes-Benz LO 1112 aus dem Jahr 1969. In Buenos Aires, Argentinien, sind die reich verzierten \u201eColectivo\u201c-Busse \u00fcber Jahrzehnte wichtige Bestandteile des Personennahverkehrs. Ansicht von links vorn. Mercedes-Benz Museum, Collection Room 1: Gallery of Voyagers. Mercedes-Benz LO 1112 bus from 1969. In Buenos Aires, Argentina, the richly decorated \u201ccolectivo\u201d buses were an important part of local public transport for decades. Front left view.\"},{\"@type\":\"BreadcrumbList\",\"@id\":\"https:\/\/revistaautobus.com.br\/?p=5541#breadcrumb\",\"itemListElement\":[{\"@type\":\"ListItem\",\"position\":1,\"name\":\"In\u00edcio\",\"item\":\"https:\/\/revistaautobus.com.br\/\"},{\"@type\":\"ListItem\",\"position\":2,\"name\":\"O tango de Gardel e a Mercedes-Benz\"}]},{\"@type\":\"WebSite\",\"@id\":\"https:\/\/revistaautobus.com.br\/#website\",\"url\":\"https:\/\/revistaautobus.com.br\/\",\"name\":\"Revista AutoBus\",\"description\":\"\",\"publisher\":{\"@id\":\"https:\/\/revistaautobus.com.br\/#organization\"},\"potentialAction\":[{\"@type\":\"SearchAction\",\"target\":{\"@type\":\"EntryPoint\",\"urlTemplate\":\"https:\/\/revistaautobus.com.br\/?s={search_term_string}\"},\"query-input\":{\"@type\":\"PropertyValueSpecification\",\"valueRequired\":true,\"valueName\":\"search_term_string\"}}],\"inLanguage\":\"pt-BR\"},{\"@type\":\"Organization\",\"@id\":\"https:\/\/revistaautobus.com.br\/#organization\",\"name\":\"Revista AutoBus\",\"url\":\"https:\/\/revistaautobus.com.br\/\",\"logo\":{\"@type\":\"ImageObject\",\"inLanguage\":\"pt-BR\",\"@id\":\"https:\/\/revistaautobus.com.br\/#\/schema\/logo\/image\/\",\"url\":\"https:\/\/revistaautobus.com.br\/wp-content\/uploads\/2024\/11\/logo_revista_autobus_fb.png\",\"contentUrl\":\"https:\/\/revistaautobus.com.br\/wp-content\/uploads\/2024\/11\/logo_revista_autobus_fb.png\",\"width\":836,\"height\":227,\"caption\":\"Revista AutoBus\"},\"image\":{\"@id\":\"https:\/\/revistaautobus.com.br\/#\/schema\/logo\/image\/\"},\"sameAs\":[\"https:\/\/www.facebook.com\/antonio.ferro.3150\",\"https:\/\/www.instagram.com\/revistaautobus\/\"]},{\"@type\":\"Person\",\"@id\":\"https:\/\/revistaautobus.com.br\/#\/schema\/person\/54af7c3eb83a310e42ef686ef6d16f50\",\"name\":\"Antonio Ferro\",\"image\":{\"@type\":\"ImageObject\",\"inLanguage\":\"pt-BR\",\"@id\":\"https:\/\/revistaautobus.com.br\/wp-content\/uploads\/2025\/12\/editor_antonio_ferro-150x150.jpg\",\"url\":\"https:\/\/revistaautobus.com.br\/wp-content\/uploads\/2025\/12\/editor_antonio_ferro-150x150.jpg\",\"contentUrl\":\"https:\/\/revistaautobus.com.br\/wp-content\/uploads\/2025\/12\/editor_antonio_ferro-150x150.jpg\",\"caption\":\"Antonio Ferro\"},\"description\":\"infobus@uol.com.br\",\"url\":\"https:\/\/revistaautobus.com.br\/?author=2\"}]}<\/script>\n<!-- \/ Yoast SEO plugin. -->","yoast_head_json":{"title":"O tango de Gardel e a Mercedes-Benz - Revista AutoBus","robots":{"index":"index","follow":"follow","max-snippet":"max-snippet:-1","max-image-preview":"max-image-preview:large","max-video-preview":"max-video-preview:-1"},"canonical":"https:\/\/revistaautobus.com.br\/?p=5541","og_locale":"pt_BR","og_type":"article","og_title":"O tango de Gardel e a Mercedes-Benz - Revista AutoBus","og_description":"Um t\u00edpico \u00f4nibus que participou do transporte coletivo de Buenos Aires \u00e9 a atra\u00e7\u00e3o do museu da Mercedes-Benz","og_url":"https:\/\/revistaautobus.com.br\/?p=5541","og_site_name":"Revista AutoBus","article_publisher":"https:\/\/www.facebook.com\/antonio.ferro.3150","article_published_time":"2022-01-28T12:10:29+00:00","article_modified_time":"2022-01-28T12:10:30+00:00","og_image":[{"width":1200,"height":800,"url":"https:\/\/revistaautobus.com.br\/wp-content\/uploads\/2022\/01\/22C0026_002-1.jpg","type":"image\/jpeg"}],"author":"Antonio Ferro","twitter_card":"summary_large_image","twitter_misc":{"Escrito por":"Antonio Ferro","Est. tempo de leitura":"1 minuto"},"schema":{"@context":"https:\/\/schema.org","@graph":[{"@type":"Article","@id":"https:\/\/revistaautobus.com.br\/?p=5541#article","isPartOf":{"@id":"https:\/\/revistaautobus.com.br\/?p=5541"},"author":{"name":"Antonio Ferro","@id":"https:\/\/revistaautobus.com.br\/#\/schema\/person\/54af7c3eb83a310e42ef686ef6d16f50"},"headline":"O tango de Gardel e a Mercedes-Benz","datePublished":"2022-01-28T12:10:29+00:00","dateModified":"2022-01-28T12:10:30+00:00","mainEntityOfPage":{"@id":"https:\/\/revistaautobus.com.br\/?p=5541"},"wordCount":299,"commentCount":0,"publisher":{"@id":"https:\/\/revistaautobus.com.br\/#organization"},"image":{"@id":"https:\/\/revistaautobus.com.br\/?p=5541#primaryimage"},"thumbnailUrl":"https:\/\/revistaautobus.com.br\/wp-content\/uploads\/2022\/01\/22C0026_002-1.jpg","keywords":["mercedes-benz"],"articleSection":["Das Antigas"],"inLanguage":"pt-BR","potentialAction":[{"@type":"CommentAction","name":"Comment","target":["https:\/\/revistaautobus.com.br\/?p=5541#respond"]}]},{"@type":"WebPage","@id":"https:\/\/revistaautobus.com.br\/?p=5541","url":"https:\/\/revistaautobus.com.br\/?p=5541","name":"O tango de Gardel e a Mercedes-Benz - Revista AutoBus","isPartOf":{"@id":"https:\/\/revistaautobus.com.br\/#website"},"primaryImageOfPage":{"@id":"https:\/\/revistaautobus.com.br\/?p=5541#primaryimage"},"image":{"@id":"https:\/\/revistaautobus.com.br\/?p=5541#primaryimage"},"thumbnailUrl":"https:\/\/revistaautobus.com.br\/wp-content\/uploads\/2022\/01\/22C0026_002-1.jpg","datePublished":"2022-01-28T12:10:29+00:00","dateModified":"2022-01-28T12:10:30+00:00","breadcrumb":{"@id":"https:\/\/revistaautobus.com.br\/?p=5541#breadcrumb"},"inLanguage":"pt-BR","potentialAction":[{"@type":"ReadAction","target":["https:\/\/revistaautobus.com.br\/?p=5541"]}]},{"@type":"ImageObject","inLanguage":"pt-BR","@id":"https:\/\/revistaautobus.com.br\/?p=5541#primaryimage","url":"https:\/\/revistaautobus.com.br\/wp-content\/uploads\/2022\/01\/22C0026_002-1.jpg","contentUrl":"https:\/\/revistaautobus.com.br\/wp-content\/uploads\/2022\/01\/22C0026_002-1.jpg","width":1200,"height":800,"caption":"Mercedes-Benz Museum, Raum Collection 1: Galerie der Reisen. Omnibus Mercedes-Benz LO 1112 aus dem Jahr 1969. In Buenos Aires, Argentinien, sind die reich verzierten \u201eColectivo\u201c-Busse \u00fcber Jahrzehnte wichtige Bestandteile des Personennahverkehrs. Ansicht von links vorn. Mercedes-Benz Museum, Collection Room 1: Gallery of Voyagers. Mercedes-Benz LO 1112 bus from 1969. In Buenos Aires, Argentina, the richly decorated \u201ccolectivo\u201d buses were an important part of local public transport for decades. Front left view."},{"@type":"BreadcrumbList","@id":"https:\/\/revistaautobus.com.br\/?p=5541#breadcrumb","itemListElement":[{"@type":"ListItem","position":1,"name":"In\u00edcio","item":"https:\/\/revistaautobus.com.br\/"},{"@type":"ListItem","position":2,"name":"O tango de Gardel e a Mercedes-Benz"}]},{"@type":"WebSite","@id":"https:\/\/revistaautobus.com.br\/#website","url":"https:\/\/revistaautobus.com.br\/","name":"Revista AutoBus","description":"","publisher":{"@id":"https:\/\/revistaautobus.com.br\/#organization"},"potentialAction":[{"@type":"SearchAction","target":{"@type":"EntryPoint","urlTemplate":"https:\/\/revistaautobus.com.br\/?s={search_term_string}"},"query-input":{"@type":"PropertyValueSpecification","valueRequired":true,"valueName":"search_term_string"}}],"inLanguage":"pt-BR"},{"@type":"Organization","@id":"https:\/\/revistaautobus.com.br\/#organization","name":"Revista AutoBus","url":"https:\/\/revistaautobus.com.br\/","logo":{"@type":"ImageObject","inLanguage":"pt-BR","@id":"https:\/\/revistaautobus.com.br\/#\/schema\/logo\/image\/","url":"https:\/\/revistaautobus.com.br\/wp-content\/uploads\/2024\/11\/logo_revista_autobus_fb.png","contentUrl":"https:\/\/revistaautobus.com.br\/wp-content\/uploads\/2024\/11\/logo_revista_autobus_fb.png","width":836,"height":227,"caption":"Revista AutoBus"},"image":{"@id":"https:\/\/revistaautobus.com.br\/#\/schema\/logo\/image\/"},"sameAs":["https:\/\/www.facebook.com\/antonio.ferro.3150","https:\/\/www.instagram.com\/revistaautobus\/"]},{"@type":"Person","@id":"https:\/\/revistaautobus.com.br\/#\/schema\/person\/54af7c3eb83a310e42ef686ef6d16f50","name":"Antonio Ferro","image":{"@type":"ImageObject","inLanguage":"pt-BR","@id":"https:\/\/revistaautobus.com.br\/wp-content\/uploads\/2025\/12\/editor_antonio_ferro-150x150.jpg","url":"https:\/\/revistaautobus.com.br\/wp-content\/uploads\/2025\/12\/editor_antonio_ferro-150x150.jpg","contentUrl":"https:\/\/revistaautobus.com.br\/wp-content\/uploads\/2025\/12\/editor_antonio_ferro-150x150.jpg","caption":"Antonio Ferro"},"description":"infobus@uol.com.br","url":"https:\/\/revistaautobus.com.br\/?author=2"}]}},"jetpack_featured_media_url":"https:\/\/revistaautobus.com.br\/wp-content\/uploads\/2022\/01\/22C0026_002-1.jpg","jetpack_sharing_enabled":true,"_links":{"self":[{"href":"https:\/\/revistaautobus.com.br\/index.php?rest_route=\/wp\/v2\/posts\/5541","targetHints":{"allow":["GET"]}}],"collection":[{"href":"https:\/\/revistaautobus.com.br\/index.php?rest_route=\/wp\/v2\/posts"}],"about":[{"href":"https:\/\/revistaautobus.com.br\/index.php?rest_route=\/wp\/v2\/types\/post"}],"author":[{"embeddable":true,"href":"https:\/\/revistaautobus.com.br\/index.php?rest_route=\/wp\/v2\/users\/2"}],"replies":[{"embeddable":true,"href":"https:\/\/revistaautobus.com.br\/index.php?rest_route=%2Fwp%2Fv2%2Fcomments&post=5541"}],"version-history":[{"count":2,"href":"https:\/\/revistaautobus.com.br\/index.php?rest_route=\/wp\/v2\/posts\/5541\/revisions"}],"predecessor-version":[{"id":5545,"href":"https:\/\/revistaautobus.com.br\/index.php?rest_route=\/wp\/v2\/posts\/5541\/revisions\/5545"}],"wp:featuredmedia":[{"embeddable":true,"href":"https:\/\/revistaautobus.com.br\/index.php?rest_route=\/wp\/v2\/media\/5542"}],"wp:attachment":[{"href":"https:\/\/revistaautobus.com.br\/index.php?rest_route=%2Fwp%2Fv2%2Fmedia&parent=5541"}],"wp:term":[{"taxonomy":"category","embeddable":true,"href":"https:\/\/revistaautobus.com.br\/index.php?rest_route=%2Fwp%2Fv2%2Fcategories&post=5541"},{"taxonomy":"post_tag","embeddable":true,"href":"https:\/\/revistaautobus.com.br\/index.php?rest_route=%2Fwp%2Fv2%2Ftags&post=5541"}],"curies":[{"name":"wp","href":"https:\/\/api.w.org\/{rel}","templated":true}]}}