{"id":5611,"date":"2022-02-08T14:27:28","date_gmt":"2022-02-08T17:27:28","guid":{"rendered":"https:\/\/revistaautobus.com.br\/?p=5611"},"modified":"2022-02-08T14:31:57","modified_gmt":"2022-02-08T17:31:57","slug":"a-eletromobilidade-na-visao-da-eletra","status":"publish","type":"post","link":"https:\/\/revistaautobus.com.br\/?p=5611","title":{"rendered":"A eletromobilidade na vis\u00e3o da Eletra"},"content":{"rendered":"\n<p class=\"has-drop-cap\">A revista AutoBus conversou com I\u00eada de Oliveira, diretora comercial da fabricante brasileira de \u00f4nibus el\u00e9tricos Eletra, sobre os pr\u00f3ximos acontecimentos a respeito da introdu\u00e7\u00e3o da tecnologia no mercado brasileiro do transporte coletivo de passageiros.<\/p>\n\n\n\n<p><strong><em><mark style=\"background-color:rgba(0, 0, 0, 0)\" class=\"has-inline-color has-vivid-cyan-blue-color\">Revista AutoBus<\/mark><\/em><\/strong> -Trace um panorama do que a Eletra tem desenvolvido a respeito do \u00f4nibus el\u00e9trico no Brasil em toda a sua hist\u00f3ria e o que ela est\u00e1 preparando para um futuro bem pr\u00f3ximo.<\/p>\n\n\n\n<p><strong><em><mark style=\"background-color:rgba(0, 0, 0, 0)\" class=\"has-inline-color has-vivid-cyan-blue-color\">I\u00eada<\/mark><\/em><\/strong> <strong><em><mark style=\"background-color:rgba(0, 0, 0, 0)\" class=\"has-inline-color has-vivid-cyan-blue-color\">de Oliveira<\/mark><\/em><\/strong> \u2013 A Eletra \u00e9 uma empresa brasileira pioneira em transporte p\u00fablico el\u00e9trico. A empresa foi criada em 1999, portanto tem mais de 20 anos de experi\u00eancia nesse mercado. Mas a sua equipe de tecnologia atua h\u00e1 30 anos em eletromobilidade. Foi respons\u00e1vel, por exemplo, pela produ\u00e7\u00e3o dos primeiros tr\u00f3lebus brasileiro, no come\u00e7o dos anos 80. A Eletra lan\u00e7ou o primeiro \u00f4nibus el\u00e9trico h\u00edbrido operacional do mundo, em 1999. Lan\u00e7ou o primeiro \u00f4nibus brasileiro 100% el\u00e9trico, em 2013. Fez o primeiro <em>retrofit <\/em>de caminh\u00e3o a diesel para el\u00e9trico do Brasil, em 2015.<\/p>\n\n\n\n<p>Hoje, o portf\u00f3lio da Eletra \u00e9 o mais diversificado do mercado nacional. Tem op\u00e7\u00f5es de \u00f4nibus articulados e \u00f4nibus de 15 metros. Inclui \u00f4nibus el\u00e9tricos 100% a bateria, \u00f4nibus el\u00e9tricos h\u00edbridos e tr\u00f3lebus de \u00faltima gera\u00e7\u00e3o, com um conjunto de baterias que permite autonomia mesmo sem contato com a rede a\u00e9rea. E tem uma in\u00e9dita solu\u00e7\u00e3o Dual Bus, que permite que um mesmo ve\u00edculo possa adotar as tr\u00eas op\u00e7\u00f5es acima, a crit\u00e9rio do operador e das caracter\u00edsticas da opera\u00e7\u00e3o. Nossos produtos circulam com efici\u00eancia e qualidade em todo o Grande ABC, no centro de S\u00e3o Paulo e at\u00e9 na distante Wellington, capital da Nova Zel\u00e2ndia.<\/p>\n\n\n\n<p>O desenvolvimento dessa tecnologia de tra\u00e7\u00e3o el\u00e9trica permitiu \u00e0 empresa entrar no mercado de <em>retrofit<\/em> de caminh\u00f5es. O e-Retrofit Eletra \u00e9 uma solu\u00e7\u00e3o ideal para empresas de transporte de carga que desejam converter suas frotas a diesel em frotas sustent\u00e1veis de baixa emiss\u00e3o, sem o custo de se desfazer de seus ve\u00edculos originais.<\/p>\n\n\n\n<p><strong><em><mark style=\"background-color:rgba(0, 0, 0, 0)\" class=\"has-inline-color has-vivid-cyan-blue-color\">AutoBus<\/mark><\/em><\/strong> &#8211; O que a Eletra est\u00e1 preparando para o futuro pr\u00f3ximo?<\/p>\n\n\n\n<p><strong><em><mark style=\"background-color:rgba(0, 0, 0, 0)\" class=\"has-inline-color has-vivid-cyan-blue-color\">I\u00eada<\/mark><\/em><\/strong> \u2013 Estamos na imin\u00eancia de homologar mais quatro modelos de \u00f4nibus el\u00e9tricos e h\u00edbridos, que atender\u00e3o as especifica\u00e7\u00f5es do programa de renova\u00e7\u00e3o da frota de transporte p\u00fablico da cidade de S\u00e3o Paulo. A Lei 16.802 de 2018 determina um prazo de 20 anos para que todos os \u00f4nibus paulistanos sejam de baixa emiss\u00e3o. Apesar do atraso no cronograma, por causa da pandemia, o prefeito Ricardo Nunes j\u00e1 se comprometeu em ter 2.600 \u00f4nibus el\u00e9tricos ou el\u00e9tricos h\u00edbridos em circula\u00e7\u00e3o em S\u00e3o Paulo at\u00e9 2024. A Eletra certamente estar\u00e1 entre eles \u2013 e com as op\u00e7\u00f5es mais vers\u00e1teis e seguras do mercado.<\/p>\n\n\n\n<p>Ao mesmo tempo, vamos avan\u00e7ar no e-Retrofit de frotas de carga. J\u00e1 temos caminh\u00f5es retrofitados pela Eletra no transporte de produtos da Ambev e Coca Cola, e teremos muito mais este ano. Em 2021, em parceria com a Protege e a WEG, fomos pioneiros no lan\u00e7amento do primeiro carro-forte totalmente el\u00e9trico do mundo. Esperamos colher no futuro pr\u00f3ximo os frutos de duas d\u00e9cadas de investimento em inova\u00e7\u00e3o e tecnologia de mobilidade el\u00e9trica totalmente nacional.<\/p>\n\n\n\n<div class=\"wp-block-image\"><figure class=\"alignright size-large is-resized\"><img loading=\"lazy\" decoding=\"async\" src=\"https:\/\/revistaautobus.com.br\/wp-content\/uploads\/2022\/02\/IMG_20190924_115239047-1024x768.jpg\" alt=\"\" class=\"wp-image-5613\" width=\"510\" height=\"383\" srcset=\"https:\/\/revistaautobus.com.br\/wp-content\/uploads\/2022\/02\/IMG_20190924_115239047-1024x768.jpg 1024w, https:\/\/revistaautobus.com.br\/wp-content\/uploads\/2022\/02\/IMG_20190924_115239047-300x225.jpg 300w, https:\/\/revistaautobus.com.br\/wp-content\/uploads\/2022\/02\/IMG_20190924_115239047-768x576.jpg 768w, https:\/\/revistaautobus.com.br\/wp-content\/uploads\/2022\/02\/IMG_20190924_115239047-1080x810.jpg 1080w, https:\/\/revistaautobus.com.br\/wp-content\/uploads\/2022\/02\/IMG_20190924_115239047.jpg 1200w\" sizes=\"(max-width: 510px) 100vw, 510px\" \/><figcaption><strong><em><mark style=\"background-color:rgba(0, 0, 0, 0)\" class=\"has-inline-color has-vivid-red-color\">I\u00eada de Oliveira, da Eletra<\/mark><\/em><\/strong><\/figcaption><\/figure><\/div>\n\n\n\n<p><strong><em><mark style=\"background-color:rgba(0, 0, 0, 0)\" class=\"has-inline-color has-vivid-cyan-blue-color\">AutoBus <\/mark><\/em><\/strong>&#8211; Sabemos que a eletricidade \u00e9 um caminho sem volta no setor do transporte coletivo. Por\u00e9m, para o Brasil alcan\u00e7ar tal fato, ainda precisa resolver s\u00e9rias e complexas quest\u00f5es relacionadas \u00e0 opera\u00e7\u00e3o dos \u00f4nibus urbanos, como as tarifas e o pre\u00e7o da tecnologia el\u00e9trica, que \u00e9 muito mais cara na compara\u00e7\u00e3o com os modelos a diesel. S\u00e3o desafios de ordem maior que devem ser avaliados antes de tudo, correto?<\/p>\n\n\n\n<p><strong><em><mark style=\"background-color:rgba(0, 0, 0, 0)\" class=\"has-inline-color has-vivid-cyan-blue-color\">I\u00eada<\/mark><\/em><\/strong> \u2013 A eletromobilidade n\u00e3o \u00e9 um caminho sem volta apenas por causa da tecnologia. Ela traz consigo novos desafios na gest\u00e3o p\u00fablica do transporte e nos modelos de neg\u00f3cio das empresas de \u00f4nibus. Ela abre oportunidades para novas formas de financiamento e de c\u00e1lculo das tarifas. Do ponto de vista dos operadores, o transporte limpo e sustent\u00e1vel \u00e9 a melhor estrat\u00e9gia para o setor recuperar a confian\u00e7a no usu\u00e1rio, que vem declinando nas \u00faltimas duas d\u00e9cadas. O \u00f4nibus el\u00e9trico significa um servi\u00e7o com um novo padr\u00e3o de qualidade para o passageiro, com ve\u00edculos modernos, n\u00e3o poluentes, silenciosos, confort\u00e1veis e de <em>design <\/em>avan\u00e7ado.<\/p>\n\n\n\n<p>Neste momento, o maior desafio talvez seja cultural, pois praticamente todas barreiras tecnol\u00f3gicas e econ\u00f4micas j\u00e1 est\u00e3o sendo superadas. \u00c9 preciso um pouco de paci\u00eancia apost\u00f3lica para superar a in\u00e9rcia natural de um sistema antigo, que vigorou durante d\u00e9cadas. Para muitas empres\u00e1rios e gestores p\u00fablicos, a eletromobilidade ainda \u00e9 um salto no escuro, da\u00ed a inseguran\u00e7a. Mas os atores do sistema de transporte j\u00e1 est\u00e3o fazendo contas e descobrindo que, no m\u00e9dio prazo, todos lucrar\u00e3o com o transporte el\u00e9trico.<\/p>\n\n\n\n<p><strong><em><mark style=\"background-color:rgba(0, 0, 0, 0)\" class=\"has-inline-color has-vivid-cyan-blue-color\">AutoBus<\/mark><\/em><\/strong> &#8211; Como fazer para que os valores de aquisi\u00e7\u00e3o do ve\u00edculo e da infraestrutura sejam compat\u00edveis e vi\u00e1veis para os operadores?<\/p>\n\n\n\n<p><strong><em><mark style=\"background-color:rgba(0, 0, 0, 0)\" class=\"has-inline-color has-vivid-cyan-blue-color\">I\u00eada <\/mark><\/em><\/strong>\u2013 Como disse, o modelo de neg\u00f3cio e de financiamento do transporte j\u00e1 est\u00e1 mudando. Os exemplos pioneiros na Austr\u00e1lia e, recentemente, do Chile e Col\u00f4mbia mostram que a separa\u00e7\u00e3o formal entre o propriet\u00e1rio dos ativos (\u00f4nibus, garagens e infraestrutura de recarga) e o operador de transporte acelera a transi\u00e7\u00e3o e traz seguran\u00e7a a todo o sistema, inclusive ao Poder P\u00fablico. Esses novos modelos tamb\u00e9m d\u00e3o mais seguran\u00e7a \u00e0s ag\u00eancias de fomento para financiar a eletromobilidade, como o Banco Mundial e o BNDES. Estamos vendo novos atores entrarem no mercado de transporte p\u00fablico sustent\u00e1vel, como empresas de energia e fundos de investimento.<\/p>\n\n\n\n<p>Isso tudo para n\u00e3o falar dos avan\u00e7os propriamente tecnol\u00f3gicos, que n\u00e3o param, tanto na arquitetura dos equipamentos quanto nos novos materiais empregados. H\u00e1 tr\u00eas anos, a consultoria Bloomberg New Energy Finance previa que o custo do kW\/hora das baterias cairia a menos de US$ 100 em 2026. Quando isto acontecesse, o pre\u00e7o do ve\u00edculo el\u00e9trico chegaria ao mesmo patamar do similar movido a combust\u00edvel f\u00f3ssil, seja ele um autom\u00f3vel ou um \u00f4nibus. Pois bem: a Bloomberg reviu sua previs\u00e3o. Mesmo com um pequeno aumento previsto para este ano, ela agora fala que o kW\/hora ficar\u00e1 abaixo de U$ 100 j\u00e1 em 2024. Ou seja: daqui a dois anos. Al\u00e9m disso, a autonomia das baterias tende a aumentar e o peso, a cair, superando os obst\u00e1culos na infraestrutura de carregamento dos \u00f4nibus. &nbsp;<\/p>\n\n\n\n<p><strong><em><mark style=\"background-color:rgba(0, 0, 0, 0)\" class=\"has-inline-color has-vivid-cyan-blue-color\">AutoBus<\/mark><\/em><\/strong> &#8211; Em mercados mais evolu\u00eddos, agendas e programas governamentais d\u00e3o suporte para a aquisi\u00e7\u00e3o dessa tecnologia. O poder p\u00fablico brasileiro atrelado ao transporte urbano n\u00e3o mostra iniciativas nesse sentido, n\u00e3o \u00e9 mesmo?<\/p>\n\n\n\n<p><strong><em><mark style=\"background-color:rgba(0, 0, 0, 0)\" class=\"has-inline-color has-vivid-cyan-blue-color\">I\u00eada<\/mark><\/em><\/strong> \u2013 Estamos confiantes de que esse cen\u00e1rio vai mudar a partir do pr\u00f3ximo ano. As elei\u00e7\u00f5es de 2022 ser\u00e3o uma grande oportunidade de colocar a agenda da eletromobilidade no transporte p\u00fablico nas prioridades dos principais candidatos a presidente, governador, deputado e senador.<\/p>\n\n\n\n<p>Sou tamb\u00e9m diretora da Associa\u00e7\u00e3o Brasileira do Ve\u00edculo El\u00e9trico. Uma das metas da ABVE para este ano \u00e9 recriar a Frente Parlamentar pela Eletromobilidade no Congresso Nacional. O objetivo \u00e9 dar suporte pol\u00edtico a uma Pol\u00edtica Nacional de Eletromobilidade, sob a coordena\u00e7\u00e3o do Governo Federal. Os pa\u00edses que avan\u00e7aram na eletromobilidade j\u00e1 t\u00eam esse tipo de pol\u00edtica nacional h\u00e1 v\u00e1rios anos e at\u00e9 d\u00e9cadas, conjugada \u00e0s diversas pol\u00edticas estaduais e municipais.<\/p>\n\n\n\n<p>No Brasil, temos tido v\u00e1rias iniciativas positivas de governadores e prefeitos. Falta uma participa\u00e7\u00e3o mais ativa do Governo Federal. Acreditamos que poderemos mudar isso a partir do pr\u00f3ximo governo. &nbsp;<\/p>\n\n\n\n<p><strong><em><mark style=\"background-color:rgba(0, 0, 0, 0)\" class=\"has-inline-color has-vivid-cyan-blue-color\">AutoBus<\/mark><\/em><\/strong> &#8211; Com toda a sua experi\u00eancia, voc\u00ea v\u00ea um mercado brasileiro adequado para o \u00f4nibus el\u00e9trico a partir de que ano? Os operadores se mostram interessados?<\/p>\n\n\n\n<p><strong><em><mark style=\"background-color:rgba(0, 0, 0, 0)\" class=\"has-inline-color has-vivid-cyan-blue-color\">I\u00eada<\/mark><\/em><\/strong> \u2013 A Lei 16.802 de S\u00e3o Paulo e a licita\u00e7\u00e3o que a ela se seguiu s\u00e3o divisores de \u00e1gua nesse debate. A frota paulistana de \u00f4nibus municipais, com 14.400 ve\u00edculos, \u00e9 a maior do Ocidente e a terceira maior do mundo. A lei e a licita\u00e7\u00e3o imp\u00f5em um cronograma obrigat\u00f3rio de troca dos \u00f4nibus a diesel por \u00f4nibus de baixa emiss\u00e3o.<\/p>\n\n\n\n<p>Depois dos atrasos causados principalmente pela pandemia, o cronograma foi retomado. Se n\u00e3o houver retrocessos, teremos mais de 2 mil \u00f4nibus el\u00e9trico, h\u00edbridos ou tr\u00f3lebus circulando em S\u00e3o Paulo at\u00e9 2024. Quando isso acontecer, j\u00e1 estaremos numa nova era no transporte p\u00fablico.<\/p>\n\n\n\n<p>Por fim, \u00e9 importante falar do interesse das empresas. Acredito que basta uma informa\u00e7\u00e3o. Em outubro de 2020, todos os operadores de transporte municipal enviaram \u00e0 SP Trans um relat\u00f3rio no qual diziam como iriam cumprir o cronograma anual de cortes de poluentes das respectivas frotas, previsto na lei 16.802 e na licita\u00e7\u00e3o. Pois bem, para surpresa da pr\u00f3pria SP Trans, praticamente todos os operadores conclu\u00edram que a melhor estrat\u00e9gia seria partir direto para a troca dos \u00f4nibus a diesel por \u00f4nibus el\u00e9tricos 100% a bateria, sem considerar estrat\u00e9gias de transi\u00e7\u00e3o, como g\u00e1s natural, Euro 6 ou 7 ou at\u00e9 \u00f4nibus el\u00e9tricos h\u00edbridos.<\/p>\n\n\n\n<p>Como disse, os empres\u00e1rios sabem fazer conta. Eles j\u00e1 conclu\u00edram que acelerar a eletrifica\u00e7\u00e3o das frotas \u00e9 a melhor alternativa para seus neg\u00f3cios. &nbsp;<\/p>\n\n\n\n<p>Imagens &#8211; Divulga\u00e7\u00e3o Eletra<\/p>\n","protected":false},"excerpt":{"rendered":"<p>A eletromobilidade n\u00e3o \u00e9 um caminho sem volta apenas por causa da tecnologia. Ela traz consigo novos desafios na gest\u00e3o p\u00fablica do transporte e nos modelos de neg\u00f3cio das empresas de \u00f4nibus<\/p>\n","protected":false},"author":2,"featured_media":5612,"comment_status":"open","ping_status":"open","sticky":false,"template":"","format":"standard","meta":{"_et_pb_use_builder":"off","_et_pb_old_content":"","_et_gb_content_width":"","_jetpack_memberships_contains_paid_content":false,"footnotes":""},"categories":[52],"tags":[211,29],"class_list":["post-5611","post","type-post","status-publish","format-standard","has-post-thumbnail","hentry","category-especialistas","tag-eletra","tag-onibus-eletrico","et-has-post-format-content","et_post_format-et-post-format-standard"],"yoast_head":"<!-- This site is optimized with the Yoast SEO plugin v27.2 - https:\/\/yoast.com\/product\/yoast-seo-wordpress\/ -->\n<title>A eletromobilidade na vis\u00e3o da Eletra - Revista AutoBus<\/title>\n<meta name=\"robots\" content=\"index, follow, max-snippet:-1, max-image-preview:large, max-video-preview:-1\" \/>\n<link rel=\"canonical\" href=\"https:\/\/revistaautobus.com.br\/?p=5611\" \/>\n<meta property=\"og:locale\" content=\"pt_BR\" \/>\n<meta property=\"og:type\" content=\"article\" \/>\n<meta property=\"og:title\" content=\"A eletromobilidade na vis\u00e3o da Eletra - Revista AutoBus\" \/>\n<meta property=\"og:description\" content=\"A eletromobilidade n\u00e3o \u00e9 um caminho sem volta apenas por causa da tecnologia. Ela traz consigo novos desafios na gest\u00e3o p\u00fablica do transporte e nos modelos de neg\u00f3cio das empresas de \u00f4nibus\" \/>\n<meta property=\"og:url\" content=\"https:\/\/revistaautobus.com.br\/?p=5611\" \/>\n<meta property=\"og:site_name\" content=\"Revista AutoBus\" \/>\n<meta property=\"article:publisher\" content=\"https:\/\/www.facebook.com\/antonio.ferro.3150\" \/>\n<meta property=\"article:published_time\" content=\"2022-02-08T17:27:28+00:00\" \/>\n<meta property=\"article:modified_time\" content=\"2022-02-08T17:31:57+00:00\" \/>\n<meta property=\"og:image\" content=\"https:\/\/revistaautobus.com.br\/wp-content\/uploads\/2022\/02\/novo_dual-bus_2021.jpeg\" \/>\n\t<meta property=\"og:image:width\" content=\"1280\" \/>\n\t<meta property=\"og:image:height\" content=\"960\" \/>\n\t<meta property=\"og:image:type\" content=\"image\/jpeg\" \/>\n<meta name=\"author\" content=\"Antonio Ferro\" \/>\n<meta name=\"twitter:card\" content=\"summary_large_image\" \/>\n<meta name=\"twitter:label1\" content=\"Escrito por\" \/>\n\t<meta name=\"twitter:data1\" content=\"Antonio Ferro\" \/>\n\t<meta name=\"twitter:label2\" content=\"Est. tempo de leitura\" \/>\n\t<meta name=\"twitter:data2\" content=\"8 minutos\" \/>\n<script type=\"application\/ld+json\" class=\"yoast-schema-graph\">{\"@context\":\"https:\/\/schema.org\",\"@graph\":[{\"@type\":\"Article\",\"@id\":\"https:\/\/revistaautobus.com.br\/?p=5611#article\",\"isPartOf\":{\"@id\":\"https:\/\/revistaautobus.com.br\/?p=5611\"},\"author\":{\"name\":\"Antonio Ferro\",\"@id\":\"https:\/\/revistaautobus.com.br\/#\/schema\/person\/54af7c3eb83a310e42ef686ef6d16f50\"},\"headline\":\"A eletromobilidade na vis\u00e3o da Eletra\",\"datePublished\":\"2022-02-08T17:27:28+00:00\",\"dateModified\":\"2022-02-08T17:31:57+00:00\",\"mainEntityOfPage\":{\"@id\":\"https:\/\/revistaautobus.com.br\/?p=5611\"},\"wordCount\":1628,\"commentCount\":0,\"publisher\":{\"@id\":\"https:\/\/revistaautobus.com.br\/#organization\"},\"image\":{\"@id\":\"https:\/\/revistaautobus.com.br\/?p=5611#primaryimage\"},\"thumbnailUrl\":\"https:\/\/revistaautobus.com.br\/wp-content\/uploads\/2022\/02\/novo_dual-bus_2021.jpeg\",\"keywords\":[\"Eletra\",\"\u00f4nibus el\u00e9trico\"],\"articleSection\":[\"Especialistas\"],\"inLanguage\":\"pt-BR\",\"potentialAction\":[{\"@type\":\"CommentAction\",\"name\":\"Comment\",\"target\":[\"https:\/\/revistaautobus.com.br\/?p=5611#respond\"]}]},{\"@type\":\"WebPage\",\"@id\":\"https:\/\/revistaautobus.com.br\/?p=5611\",\"url\":\"https:\/\/revistaautobus.com.br\/?p=5611\",\"name\":\"A eletromobilidade na vis\u00e3o da Eletra - Revista AutoBus\",\"isPartOf\":{\"@id\":\"https:\/\/revistaautobus.com.br\/#website\"},\"primaryImageOfPage\":{\"@id\":\"https:\/\/revistaautobus.com.br\/?p=5611#primaryimage\"},\"image\":{\"@id\":\"https:\/\/revistaautobus.com.br\/?p=5611#primaryimage\"},\"thumbnailUrl\":\"https:\/\/revistaautobus.com.br\/wp-content\/uploads\/2022\/02\/novo_dual-bus_2021.jpeg\",\"datePublished\":\"2022-02-08T17:27:28+00:00\",\"dateModified\":\"2022-02-08T17:31:57+00:00\",\"breadcrumb\":{\"@id\":\"https:\/\/revistaautobus.com.br\/?p=5611#breadcrumb\"},\"inLanguage\":\"pt-BR\",\"potentialAction\":[{\"@type\":\"ReadAction\",\"target\":[\"https:\/\/revistaautobus.com.br\/?p=5611\"]}]},{\"@type\":\"ImageObject\",\"inLanguage\":\"pt-BR\",\"@id\":\"https:\/\/revistaautobus.com.br\/?p=5611#primaryimage\",\"url\":\"https:\/\/revistaautobus.com.br\/wp-content\/uploads\/2022\/02\/novo_dual-bus_2021.jpeg\",\"contentUrl\":\"https:\/\/revistaautobus.com.br\/wp-content\/uploads\/2022\/02\/novo_dual-bus_2021.jpeg\",\"width\":1280,\"height\":960},{\"@type\":\"BreadcrumbList\",\"@id\":\"https:\/\/revistaautobus.com.br\/?p=5611#breadcrumb\",\"itemListElement\":[{\"@type\":\"ListItem\",\"position\":1,\"name\":\"In\u00edcio\",\"item\":\"https:\/\/revistaautobus.com.br\/\"},{\"@type\":\"ListItem\",\"position\":2,\"name\":\"A eletromobilidade na vis\u00e3o da Eletra\"}]},{\"@type\":\"WebSite\",\"@id\":\"https:\/\/revistaautobus.com.br\/#website\",\"url\":\"https:\/\/revistaautobus.com.br\/\",\"name\":\"Revista AutoBus\",\"description\":\"\",\"publisher\":{\"@id\":\"https:\/\/revistaautobus.com.br\/#organization\"},\"potentialAction\":[{\"@type\":\"SearchAction\",\"target\":{\"@type\":\"EntryPoint\",\"urlTemplate\":\"https:\/\/revistaautobus.com.br\/?s={search_term_string}\"},\"query-input\":{\"@type\":\"PropertyValueSpecification\",\"valueRequired\":true,\"valueName\":\"search_term_string\"}}],\"inLanguage\":\"pt-BR\"},{\"@type\":\"Organization\",\"@id\":\"https:\/\/revistaautobus.com.br\/#organization\",\"name\":\"Revista AutoBus\",\"url\":\"https:\/\/revistaautobus.com.br\/\",\"logo\":{\"@type\":\"ImageObject\",\"inLanguage\":\"pt-BR\",\"@id\":\"https:\/\/revistaautobus.com.br\/#\/schema\/logo\/image\/\",\"url\":\"https:\/\/revistaautobus.com.br\/wp-content\/uploads\/2024\/11\/logo_revista_autobus_fb.png\",\"contentUrl\":\"https:\/\/revistaautobus.com.br\/wp-content\/uploads\/2024\/11\/logo_revista_autobus_fb.png\",\"width\":836,\"height\":227,\"caption\":\"Revista AutoBus\"},\"image\":{\"@id\":\"https:\/\/revistaautobus.com.br\/#\/schema\/logo\/image\/\"},\"sameAs\":[\"https:\/\/www.facebook.com\/antonio.ferro.3150\",\"https:\/\/www.instagram.com\/revistaautobus\/\"]},{\"@type\":\"Person\",\"@id\":\"https:\/\/revistaautobus.com.br\/#\/schema\/person\/54af7c3eb83a310e42ef686ef6d16f50\",\"name\":\"Antonio Ferro\",\"image\":{\"@type\":\"ImageObject\",\"inLanguage\":\"pt-BR\",\"@id\":\"https:\/\/revistaautobus.com.br\/wp-content\/uploads\/2025\/12\/editor_antonio_ferro-150x150.jpg\",\"url\":\"https:\/\/revistaautobus.com.br\/wp-content\/uploads\/2025\/12\/editor_antonio_ferro-150x150.jpg\",\"contentUrl\":\"https:\/\/revistaautobus.com.br\/wp-content\/uploads\/2025\/12\/editor_antonio_ferro-150x150.jpg\",\"caption\":\"Antonio Ferro\"},\"description\":\"infobus@uol.com.br\",\"url\":\"https:\/\/revistaautobus.com.br\/?author=2\"}]}<\/script>\n<!-- \/ Yoast SEO plugin. -->","yoast_head_json":{"title":"A eletromobilidade na vis\u00e3o da Eletra - Revista AutoBus","robots":{"index":"index","follow":"follow","max-snippet":"max-snippet:-1","max-image-preview":"max-image-preview:large","max-video-preview":"max-video-preview:-1"},"canonical":"https:\/\/revistaautobus.com.br\/?p=5611","og_locale":"pt_BR","og_type":"article","og_title":"A eletromobilidade na vis\u00e3o da Eletra - Revista AutoBus","og_description":"A eletromobilidade n\u00e3o \u00e9 um caminho sem volta apenas por causa da tecnologia. Ela traz consigo novos desafios na gest\u00e3o p\u00fablica do transporte e nos modelos de neg\u00f3cio das empresas de \u00f4nibus","og_url":"https:\/\/revistaautobus.com.br\/?p=5611","og_site_name":"Revista AutoBus","article_publisher":"https:\/\/www.facebook.com\/antonio.ferro.3150","article_published_time":"2022-02-08T17:27:28+00:00","article_modified_time":"2022-02-08T17:31:57+00:00","og_image":[{"width":1280,"height":960,"url":"https:\/\/revistaautobus.com.br\/wp-content\/uploads\/2022\/02\/novo_dual-bus_2021.jpeg","type":"image\/jpeg"}],"author":"Antonio Ferro","twitter_card":"summary_large_image","twitter_misc":{"Escrito por":"Antonio Ferro","Est. tempo de leitura":"8 minutos"},"schema":{"@context":"https:\/\/schema.org","@graph":[{"@type":"Article","@id":"https:\/\/revistaautobus.com.br\/?p=5611#article","isPartOf":{"@id":"https:\/\/revistaautobus.com.br\/?p=5611"},"author":{"name":"Antonio Ferro","@id":"https:\/\/revistaautobus.com.br\/#\/schema\/person\/54af7c3eb83a310e42ef686ef6d16f50"},"headline":"A eletromobilidade na vis\u00e3o da Eletra","datePublished":"2022-02-08T17:27:28+00:00","dateModified":"2022-02-08T17:31:57+00:00","mainEntityOfPage":{"@id":"https:\/\/revistaautobus.com.br\/?p=5611"},"wordCount":1628,"commentCount":0,"publisher":{"@id":"https:\/\/revistaautobus.com.br\/#organization"},"image":{"@id":"https:\/\/revistaautobus.com.br\/?p=5611#primaryimage"},"thumbnailUrl":"https:\/\/revistaautobus.com.br\/wp-content\/uploads\/2022\/02\/novo_dual-bus_2021.jpeg","keywords":["Eletra","\u00f4nibus el\u00e9trico"],"articleSection":["Especialistas"],"inLanguage":"pt-BR","potentialAction":[{"@type":"CommentAction","name":"Comment","target":["https:\/\/revistaautobus.com.br\/?p=5611#respond"]}]},{"@type":"WebPage","@id":"https:\/\/revistaautobus.com.br\/?p=5611","url":"https:\/\/revistaautobus.com.br\/?p=5611","name":"A eletromobilidade na vis\u00e3o da Eletra - Revista AutoBus","isPartOf":{"@id":"https:\/\/revistaautobus.com.br\/#website"},"primaryImageOfPage":{"@id":"https:\/\/revistaautobus.com.br\/?p=5611#primaryimage"},"image":{"@id":"https:\/\/revistaautobus.com.br\/?p=5611#primaryimage"},"thumbnailUrl":"https:\/\/revistaautobus.com.br\/wp-content\/uploads\/2022\/02\/novo_dual-bus_2021.jpeg","datePublished":"2022-02-08T17:27:28+00:00","dateModified":"2022-02-08T17:31:57+00:00","breadcrumb":{"@id":"https:\/\/revistaautobus.com.br\/?p=5611#breadcrumb"},"inLanguage":"pt-BR","potentialAction":[{"@type":"ReadAction","target":["https:\/\/revistaautobus.com.br\/?p=5611"]}]},{"@type":"ImageObject","inLanguage":"pt-BR","@id":"https:\/\/revistaautobus.com.br\/?p=5611#primaryimage","url":"https:\/\/revistaautobus.com.br\/wp-content\/uploads\/2022\/02\/novo_dual-bus_2021.jpeg","contentUrl":"https:\/\/revistaautobus.com.br\/wp-content\/uploads\/2022\/02\/novo_dual-bus_2021.jpeg","width":1280,"height":960},{"@type":"BreadcrumbList","@id":"https:\/\/revistaautobus.com.br\/?p=5611#breadcrumb","itemListElement":[{"@type":"ListItem","position":1,"name":"In\u00edcio","item":"https:\/\/revistaautobus.com.br\/"},{"@type":"ListItem","position":2,"name":"A eletromobilidade na vis\u00e3o da Eletra"}]},{"@type":"WebSite","@id":"https:\/\/revistaautobus.com.br\/#website","url":"https:\/\/revistaautobus.com.br\/","name":"Revista AutoBus","description":"","publisher":{"@id":"https:\/\/revistaautobus.com.br\/#organization"},"potentialAction":[{"@type":"SearchAction","target":{"@type":"EntryPoint","urlTemplate":"https:\/\/revistaautobus.com.br\/?s={search_term_string}"},"query-input":{"@type":"PropertyValueSpecification","valueRequired":true,"valueName":"search_term_string"}}],"inLanguage":"pt-BR"},{"@type":"Organization","@id":"https:\/\/revistaautobus.com.br\/#organization","name":"Revista AutoBus","url":"https:\/\/revistaautobus.com.br\/","logo":{"@type":"ImageObject","inLanguage":"pt-BR","@id":"https:\/\/revistaautobus.com.br\/#\/schema\/logo\/image\/","url":"https:\/\/revistaautobus.com.br\/wp-content\/uploads\/2024\/11\/logo_revista_autobus_fb.png","contentUrl":"https:\/\/revistaautobus.com.br\/wp-content\/uploads\/2024\/11\/logo_revista_autobus_fb.png","width":836,"height":227,"caption":"Revista AutoBus"},"image":{"@id":"https:\/\/revistaautobus.com.br\/#\/schema\/logo\/image\/"},"sameAs":["https:\/\/www.facebook.com\/antonio.ferro.3150","https:\/\/www.instagram.com\/revistaautobus\/"]},{"@type":"Person","@id":"https:\/\/revistaautobus.com.br\/#\/schema\/person\/54af7c3eb83a310e42ef686ef6d16f50","name":"Antonio Ferro","image":{"@type":"ImageObject","inLanguage":"pt-BR","@id":"https:\/\/revistaautobus.com.br\/wp-content\/uploads\/2025\/12\/editor_antonio_ferro-150x150.jpg","url":"https:\/\/revistaautobus.com.br\/wp-content\/uploads\/2025\/12\/editor_antonio_ferro-150x150.jpg","contentUrl":"https:\/\/revistaautobus.com.br\/wp-content\/uploads\/2025\/12\/editor_antonio_ferro-150x150.jpg","caption":"Antonio Ferro"},"description":"infobus@uol.com.br","url":"https:\/\/revistaautobus.com.br\/?author=2"}]}},"jetpack_featured_media_url":"https:\/\/revistaautobus.com.br\/wp-content\/uploads\/2022\/02\/novo_dual-bus_2021.jpeg","jetpack_sharing_enabled":true,"_links":{"self":[{"href":"https:\/\/revistaautobus.com.br\/index.php?rest_route=\/wp\/v2\/posts\/5611","targetHints":{"allow":["GET"]}}],"collection":[{"href":"https:\/\/revistaautobus.com.br\/index.php?rest_route=\/wp\/v2\/posts"}],"about":[{"href":"https:\/\/revistaautobus.com.br\/index.php?rest_route=\/wp\/v2\/types\/post"}],"author":[{"embeddable":true,"href":"https:\/\/revistaautobus.com.br\/index.php?rest_route=\/wp\/v2\/users\/2"}],"replies":[{"embeddable":true,"href":"https:\/\/revistaautobus.com.br\/index.php?rest_route=%2Fwp%2Fv2%2Fcomments&post=5611"}],"version-history":[{"count":2,"href":"https:\/\/revistaautobus.com.br\/index.php?rest_route=\/wp\/v2\/posts\/5611\/revisions"}],"predecessor-version":[{"id":5616,"href":"https:\/\/revistaautobus.com.br\/index.php?rest_route=\/wp\/v2\/posts\/5611\/revisions\/5616"}],"wp:featuredmedia":[{"embeddable":true,"href":"https:\/\/revistaautobus.com.br\/index.php?rest_route=\/wp\/v2\/media\/5612"}],"wp:attachment":[{"href":"https:\/\/revistaautobus.com.br\/index.php?rest_route=%2Fwp%2Fv2%2Fmedia&parent=5611"}],"wp:term":[{"taxonomy":"category","embeddable":true,"href":"https:\/\/revistaautobus.com.br\/index.php?rest_route=%2Fwp%2Fv2%2Fcategories&post=5611"},{"taxonomy":"post_tag","embeddable":true,"href":"https:\/\/revistaautobus.com.br\/index.php?rest_route=%2Fwp%2Fv2%2Ftags&post=5611"}],"curies":[{"name":"wp","href":"https:\/\/api.w.org\/{rel}","templated":true}]}}