{"id":5763,"date":"2022-02-24T09:30:48","date_gmt":"2022-02-24T12:30:48","guid":{"rendered":"https:\/\/revistaautobus.com.br\/?p=5763"},"modified":"2022-02-24T09:30:50","modified_gmt":"2022-02-24T12:30:50","slug":"francisco-christovam-assume-a-presidencia-da-ntu","status":"publish","type":"post","link":"https:\/\/revistaautobus.com.br\/?p=5763","title":{"rendered":"Francisco Christovam assume a presid\u00eancia da NTU"},"content":{"rendered":"\n<p class=\"has-drop-cap\">Aguerrido, perseverante e conhecedor da causa (como poucos) do transporte, Francisco Christovam \u00e9 um nome conhecido por todos do segmento do transporte coletivo urbano brasileiro. O engenheiro civil, no alto de seus 69 anos e que atualmente \u00e9 presidente do SPUrbanuss, entidade associativa que re\u00fane as concession\u00e1rias do transporte coletivo realizado por \u00f4nibus na cidade de S\u00e3o Paulo, tem neste momento mais uma tarefa pela frente, que n\u00e3o foge do seu cotidiano em defesa do pleito do setor.<\/p>\n\n\n\n<p>A partir de agora, Christovam \u00e9 o novo presidente executivo da NTU (Associa\u00e7\u00e3o Nacional das Empresas de Transportes Urbanos), tendo grandes desafios no sentido de resgatar a imagem dos sistemas e promover o equil\u00edbrio econ\u00f4mico das opera\u00e7\u00f5es, como tamb\u00e9m a qualifica\u00e7\u00e3o dos servi\u00e7os. Ele assumiu a vaga de Ot\u00e1vio Cunha, falecido recentemente, e que representou, por muitos anos, a voz do segmento urbano junto aos outros poderes. &nbsp;<\/p>\n\n\n\n<p>Segundo ele, uma das prioridades da nova gest\u00e3o \u00e9 a aprova\u00e7\u00e3o de um novo marco legal para o transporte p\u00fablico, proposta defendida pela NTU junto com outras entidades e com apoio da Frente Nacional de Prefeitos (FNP). \u201cH\u00e1 a necessidade de um aparato jur\u00eddico-legal suficiente para dar sequ\u00eancia aos novos contratos de concess\u00e3o. Esses contratos dever\u00e3o ser elaborados dentro de outras bases, respeitando os pilares do novo marco legal do transporte p\u00fablico, que visam um transporte de qualidade, eficiente e com tarifa m\u00f3dica\u201d, destacou.<\/p>\n\n\n\n<p>Especialista em boas rela\u00e7\u00f5es com os envolvidos com o setor, Christovam reiterou o papel da NTU como refer\u00eancia nacional para o desenvolvimento sustent\u00e1vel do transporte coletivo urbano e reafirmou a miss\u00e3o de representa\u00e7\u00e3o das empresas de transporte coletivo perante a sociedade. \u201cMeu compromisso \u00e9 dedica\u00e7\u00e3o e envolvimento com os objetivos estrat\u00e9gicos da NTU, para que possamos dar consequ\u00eancia a todos os planos e programas em andamento\u201d, observou.<\/p>\n\n\n\n<p>Imagem &#8211; Divulga\u00e7\u00e3o<\/p>\n","protected":false},"excerpt":{"rendered":"<p>Novo presidente da associa\u00e7\u00e3o tem pela frente muitos desafios<\/p>\n","protected":false},"author":2,"featured_media":5764,"comment_status":"open","ping_status":"open","sticky":false,"template":"","format":"standard","meta":{"_et_pb_use_builder":"off","_et_pb_old_content":"","_et_gb_content_width":"","_jetpack_memberships_contains_paid_content":false,"footnotes":""},"categories":[90],"tags":[68,13],"class_list":["post-5763","post","type-post","status-publish","format-standard","has-post-thumbnail","hentry","category-noticias","tag-francisco-christovam","tag-ntu","et-has-post-format-content","et_post_format-et-post-format-standard"],"yoast_head":"<!-- This site is optimized with the Yoast SEO plugin v27.2 - https:\/\/yoast.com\/product\/yoast-seo-wordpress\/ -->\n<title>Francisco Christovam assume a presid\u00eancia da NTU - Revista AutoBus<\/title>\n<meta name=\"robots\" content=\"index, follow, max-snippet:-1, max-image-preview:large, max-video-preview:-1\" \/>\n<link rel=\"canonical\" href=\"https:\/\/revistaautobus.com.br\/?p=5763\" \/>\n<meta property=\"og:locale\" content=\"pt_BR\" \/>\n<meta property=\"og:type\" content=\"article\" \/>\n<meta property=\"og:title\" content=\"Francisco Christovam assume a presid\u00eancia da NTU - Revista AutoBus\" \/>\n<meta property=\"og:description\" content=\"Novo presidente da associa\u00e7\u00e3o tem pela frente muitos desafios\" \/>\n<meta property=\"og:url\" content=\"https:\/\/revistaautobus.com.br\/?p=5763\" \/>\n<meta property=\"og:site_name\" content=\"Revista AutoBus\" \/>\n<meta property=\"article:publisher\" content=\"https:\/\/www.facebook.com\/antonio.ferro.3150\" \/>\n<meta property=\"article:published_time\" content=\"2022-02-24T12:30:48+00:00\" \/>\n<meta property=\"article:modified_time\" content=\"2022-02-24T12:30:50+00:00\" \/>\n<meta property=\"og:image\" content=\"https:\/\/revistaautobus.com.br\/wp-content\/uploads\/2022\/02\/Confrat18_110_Setpesp_-Fotos-Edi-Pe\u00a6ere\u00a6ui\u00a6Cra-20.jpg\" \/>\n\t<meta property=\"og:image:width\" content=\"1200\" \/>\n\t<meta property=\"og:image:height\" content=\"628\" \/>\n\t<meta property=\"og:image:type\" content=\"image\/jpeg\" \/>\n<meta name=\"author\" content=\"Antonio Ferro\" \/>\n<meta name=\"twitter:card\" content=\"summary_large_image\" \/>\n<meta name=\"twitter:label1\" content=\"Escrito por\" \/>\n\t<meta name=\"twitter:data1\" content=\"Antonio Ferro\" \/>\n\t<meta name=\"twitter:label2\" content=\"Est. tempo de leitura\" \/>\n\t<meta name=\"twitter:data2\" content=\"2 minutos\" \/>\n<script type=\"application\/ld+json\" class=\"yoast-schema-graph\">{\"@context\":\"https:\/\/schema.org\",\"@graph\":[{\"@type\":\"Article\",\"@id\":\"https:\/\/revistaautobus.com.br\/?p=5763#article\",\"isPartOf\":{\"@id\":\"https:\/\/revistaautobus.com.br\/?p=5763\"},\"author\":{\"name\":\"Antonio Ferro\",\"@id\":\"https:\/\/revistaautobus.com.br\/#\/schema\/person\/54af7c3eb83a310e42ef686ef6d16f50\"},\"headline\":\"Francisco Christovam assume a presid\u00eancia da NTU\",\"datePublished\":\"2022-02-24T12:30:48+00:00\",\"dateModified\":\"2022-02-24T12:30:50+00:00\",\"mainEntityOfPage\":{\"@id\":\"https:\/\/revistaautobus.com.br\/?p=5763\"},\"wordCount\":332,\"commentCount\":0,\"publisher\":{\"@id\":\"https:\/\/revistaautobus.com.br\/#organization\"},\"image\":{\"@id\":\"https:\/\/revistaautobus.com.br\/?p=5763#primaryimage\"},\"thumbnailUrl\":\"https:\/\/revistaautobus.com.br\/wp-content\/uploads\/2022\/02\/Confrat18_110_Setpesp_-Fotos-Edi-Pe\u00a6ere\u00a6ui\u00a6Cra-20.jpg\",\"keywords\":[\"Francisco Christovam\",\"ntu\"],\"articleSection\":[\"Not\u00edcias\"],\"inLanguage\":\"pt-BR\",\"potentialAction\":[{\"@type\":\"CommentAction\",\"name\":\"Comment\",\"target\":[\"https:\/\/revistaautobus.com.br\/?p=5763#respond\"]}]},{\"@type\":\"WebPage\",\"@id\":\"https:\/\/revistaautobus.com.br\/?p=5763\",\"url\":\"https:\/\/revistaautobus.com.br\/?p=5763\",\"name\":\"Francisco Christovam assume a presid\u00eancia da NTU - Revista AutoBus\",\"isPartOf\":{\"@id\":\"https:\/\/revistaautobus.com.br\/#website\"},\"primaryImageOfPage\":{\"@id\":\"https:\/\/revistaautobus.com.br\/?p=5763#primaryimage\"},\"image\":{\"@id\":\"https:\/\/revistaautobus.com.br\/?p=5763#primaryimage\"},\"thumbnailUrl\":\"https:\/\/revistaautobus.com.br\/wp-content\/uploads\/2022\/02\/Confrat18_110_Setpesp_-Fotos-Edi-Pe\u00a6ere\u00a6ui\u00a6Cra-20.jpg\",\"datePublished\":\"2022-02-24T12:30:48+00:00\",\"dateModified\":\"2022-02-24T12:30:50+00:00\",\"breadcrumb\":{\"@id\":\"https:\/\/revistaautobus.com.br\/?p=5763#breadcrumb\"},\"inLanguage\":\"pt-BR\",\"potentialAction\":[{\"@type\":\"ReadAction\",\"target\":[\"https:\/\/revistaautobus.com.br\/?p=5763\"]}]},{\"@type\":\"ImageObject\",\"inLanguage\":\"pt-BR\",\"@id\":\"https:\/\/revistaautobus.com.br\/?p=5763#primaryimage\",\"url\":\"https:\/\/revistaautobus.com.br\/wp-content\/uploads\/2022\/02\/Confrat18_110_Setpesp_-Fotos-Edi-Pe\u00a6ere\u00a6ui\u00a6Cra-20.jpg\",\"contentUrl\":\"https:\/\/revistaautobus.com.br\/wp-content\/uploads\/2022\/02\/Confrat18_110_Setpesp_-Fotos-Edi-Pe\u00a6ere\u00a6ui\u00a6Cra-20.jpg\",\"width\":1200,\"height\":628},{\"@type\":\"BreadcrumbList\",\"@id\":\"https:\/\/revistaautobus.com.br\/?p=5763#breadcrumb\",\"itemListElement\":[{\"@type\":\"ListItem\",\"position\":1,\"name\":\"In\u00edcio\",\"item\":\"https:\/\/revistaautobus.com.br\/\"},{\"@type\":\"ListItem\",\"position\":2,\"name\":\"Francisco Christovam assume a presid\u00eancia da NTU\"}]},{\"@type\":\"WebSite\",\"@id\":\"https:\/\/revistaautobus.com.br\/#website\",\"url\":\"https:\/\/revistaautobus.com.br\/\",\"name\":\"Revista AutoBus\",\"description\":\"\",\"publisher\":{\"@id\":\"https:\/\/revistaautobus.com.br\/#organization\"},\"potentialAction\":[{\"@type\":\"SearchAction\",\"target\":{\"@type\":\"EntryPoint\",\"urlTemplate\":\"https:\/\/revistaautobus.com.br\/?s={search_term_string}\"},\"query-input\":{\"@type\":\"PropertyValueSpecification\",\"valueRequired\":true,\"valueName\":\"search_term_string\"}}],\"inLanguage\":\"pt-BR\"},{\"@type\":\"Organization\",\"@id\":\"https:\/\/revistaautobus.com.br\/#organization\",\"name\":\"Revista AutoBus\",\"url\":\"https:\/\/revistaautobus.com.br\/\",\"logo\":{\"@type\":\"ImageObject\",\"inLanguage\":\"pt-BR\",\"@id\":\"https:\/\/revistaautobus.com.br\/#\/schema\/logo\/image\/\",\"url\":\"https:\/\/revistaautobus.com.br\/wp-content\/uploads\/2024\/11\/logo_revista_autobus_fb.png\",\"contentUrl\":\"https:\/\/revistaautobus.com.br\/wp-content\/uploads\/2024\/11\/logo_revista_autobus_fb.png\",\"width\":836,\"height\":227,\"caption\":\"Revista AutoBus\"},\"image\":{\"@id\":\"https:\/\/revistaautobus.com.br\/#\/schema\/logo\/image\/\"},\"sameAs\":[\"https:\/\/www.facebook.com\/antonio.ferro.3150\",\"https:\/\/www.instagram.com\/revistaautobus\/\"]},{\"@type\":\"Person\",\"@id\":\"https:\/\/revistaautobus.com.br\/#\/schema\/person\/54af7c3eb83a310e42ef686ef6d16f50\",\"name\":\"Antonio Ferro\",\"image\":{\"@type\":\"ImageObject\",\"inLanguage\":\"pt-BR\",\"@id\":\"https:\/\/revistaautobus.com.br\/wp-content\/uploads\/2025\/12\/editor_antonio_ferro-150x150.jpg\",\"url\":\"https:\/\/revistaautobus.com.br\/wp-content\/uploads\/2025\/12\/editor_antonio_ferro-150x150.jpg\",\"contentUrl\":\"https:\/\/revistaautobus.com.br\/wp-content\/uploads\/2025\/12\/editor_antonio_ferro-150x150.jpg\",\"caption\":\"Antonio Ferro\"},\"description\":\"infobus@uol.com.br\",\"url\":\"https:\/\/revistaautobus.com.br\/?author=2\"}]}<\/script>\n<!-- \/ Yoast SEO plugin. -->","yoast_head_json":{"title":"Francisco Christovam assume a presid\u00eancia da NTU - Revista AutoBus","robots":{"index":"index","follow":"follow","max-snippet":"max-snippet:-1","max-image-preview":"max-image-preview:large","max-video-preview":"max-video-preview:-1"},"canonical":"https:\/\/revistaautobus.com.br\/?p=5763","og_locale":"pt_BR","og_type":"article","og_title":"Francisco Christovam assume a presid\u00eancia da NTU - Revista AutoBus","og_description":"Novo presidente da associa\u00e7\u00e3o tem pela frente muitos desafios","og_url":"https:\/\/revistaautobus.com.br\/?p=5763","og_site_name":"Revista AutoBus","article_publisher":"https:\/\/www.facebook.com\/antonio.ferro.3150","article_published_time":"2022-02-24T12:30:48+00:00","article_modified_time":"2022-02-24T12:30:50+00:00","og_image":[{"width":1200,"height":628,"url":"https:\/\/revistaautobus.com.br\/wp-content\/uploads\/2022\/02\/Confrat18_110_Setpesp_-Fotos-Edi-Pe\u00a6ere\u00a6ui\u00a6Cra-20.jpg","type":"image\/jpeg"}],"author":"Antonio Ferro","twitter_card":"summary_large_image","twitter_misc":{"Escrito por":"Antonio Ferro","Est. tempo de leitura":"2 minutos"},"schema":{"@context":"https:\/\/schema.org","@graph":[{"@type":"Article","@id":"https:\/\/revistaautobus.com.br\/?p=5763#article","isPartOf":{"@id":"https:\/\/revistaautobus.com.br\/?p=5763"},"author":{"name":"Antonio Ferro","@id":"https:\/\/revistaautobus.com.br\/#\/schema\/person\/54af7c3eb83a310e42ef686ef6d16f50"},"headline":"Francisco Christovam assume a presid\u00eancia da NTU","datePublished":"2022-02-24T12:30:48+00:00","dateModified":"2022-02-24T12:30:50+00:00","mainEntityOfPage":{"@id":"https:\/\/revistaautobus.com.br\/?p=5763"},"wordCount":332,"commentCount":0,"publisher":{"@id":"https:\/\/revistaautobus.com.br\/#organization"},"image":{"@id":"https:\/\/revistaautobus.com.br\/?p=5763#primaryimage"},"thumbnailUrl":"https:\/\/revistaautobus.com.br\/wp-content\/uploads\/2022\/02\/Confrat18_110_Setpesp_-Fotos-Edi-Pe\u00a6ere\u00a6ui\u00a6Cra-20.jpg","keywords":["Francisco Christovam","ntu"],"articleSection":["Not\u00edcias"],"inLanguage":"pt-BR","potentialAction":[{"@type":"CommentAction","name":"Comment","target":["https:\/\/revistaautobus.com.br\/?p=5763#respond"]}]},{"@type":"WebPage","@id":"https:\/\/revistaautobus.com.br\/?p=5763","url":"https:\/\/revistaautobus.com.br\/?p=5763","name":"Francisco Christovam assume a presid\u00eancia da NTU - Revista AutoBus","isPartOf":{"@id":"https:\/\/revistaautobus.com.br\/#website"},"primaryImageOfPage":{"@id":"https:\/\/revistaautobus.com.br\/?p=5763#primaryimage"},"image":{"@id":"https:\/\/revistaautobus.com.br\/?p=5763#primaryimage"},"thumbnailUrl":"https:\/\/revistaautobus.com.br\/wp-content\/uploads\/2022\/02\/Confrat18_110_Setpesp_-Fotos-Edi-Pe\u00a6ere\u00a6ui\u00a6Cra-20.jpg","datePublished":"2022-02-24T12:30:48+00:00","dateModified":"2022-02-24T12:30:50+00:00","breadcrumb":{"@id":"https:\/\/revistaautobus.com.br\/?p=5763#breadcrumb"},"inLanguage":"pt-BR","potentialAction":[{"@type":"ReadAction","target":["https:\/\/revistaautobus.com.br\/?p=5763"]}]},{"@type":"ImageObject","inLanguage":"pt-BR","@id":"https:\/\/revistaautobus.com.br\/?p=5763#primaryimage","url":"https:\/\/revistaautobus.com.br\/wp-content\/uploads\/2022\/02\/Confrat18_110_Setpesp_-Fotos-Edi-Pe\u00a6ere\u00a6ui\u00a6Cra-20.jpg","contentUrl":"https:\/\/revistaautobus.com.br\/wp-content\/uploads\/2022\/02\/Confrat18_110_Setpesp_-Fotos-Edi-Pe\u00a6ere\u00a6ui\u00a6Cra-20.jpg","width":1200,"height":628},{"@type":"BreadcrumbList","@id":"https:\/\/revistaautobus.com.br\/?p=5763#breadcrumb","itemListElement":[{"@type":"ListItem","position":1,"name":"In\u00edcio","item":"https:\/\/revistaautobus.com.br\/"},{"@type":"ListItem","position":2,"name":"Francisco Christovam assume a presid\u00eancia da NTU"}]},{"@type":"WebSite","@id":"https:\/\/revistaautobus.com.br\/#website","url":"https:\/\/revistaautobus.com.br\/","name":"Revista AutoBus","description":"","publisher":{"@id":"https:\/\/revistaautobus.com.br\/#organization"},"potentialAction":[{"@type":"SearchAction","target":{"@type":"EntryPoint","urlTemplate":"https:\/\/revistaautobus.com.br\/?s={search_term_string}"},"query-input":{"@type":"PropertyValueSpecification","valueRequired":true,"valueName":"search_term_string"}}],"inLanguage":"pt-BR"},{"@type":"Organization","@id":"https:\/\/revistaautobus.com.br\/#organization","name":"Revista AutoBus","url":"https:\/\/revistaautobus.com.br\/","logo":{"@type":"ImageObject","inLanguage":"pt-BR","@id":"https:\/\/revistaautobus.com.br\/#\/schema\/logo\/image\/","url":"https:\/\/revistaautobus.com.br\/wp-content\/uploads\/2024\/11\/logo_revista_autobus_fb.png","contentUrl":"https:\/\/revistaautobus.com.br\/wp-content\/uploads\/2024\/11\/logo_revista_autobus_fb.png","width":836,"height":227,"caption":"Revista AutoBus"},"image":{"@id":"https:\/\/revistaautobus.com.br\/#\/schema\/logo\/image\/"},"sameAs":["https:\/\/www.facebook.com\/antonio.ferro.3150","https:\/\/www.instagram.com\/revistaautobus\/"]},{"@type":"Person","@id":"https:\/\/revistaautobus.com.br\/#\/schema\/person\/54af7c3eb83a310e42ef686ef6d16f50","name":"Antonio Ferro","image":{"@type":"ImageObject","inLanguage":"pt-BR","@id":"https:\/\/revistaautobus.com.br\/wp-content\/uploads\/2025\/12\/editor_antonio_ferro-150x150.jpg","url":"https:\/\/revistaautobus.com.br\/wp-content\/uploads\/2025\/12\/editor_antonio_ferro-150x150.jpg","contentUrl":"https:\/\/revistaautobus.com.br\/wp-content\/uploads\/2025\/12\/editor_antonio_ferro-150x150.jpg","caption":"Antonio Ferro"},"description":"infobus@uol.com.br","url":"https:\/\/revistaautobus.com.br\/?author=2"}]}},"jetpack_featured_media_url":"https:\/\/revistaautobus.com.br\/wp-content\/uploads\/2022\/02\/Confrat18_110_Setpesp_-Fotos-Edi-Pe\u00a6ere\u00a6ui\u00a6Cra-20.jpg","jetpack_sharing_enabled":true,"_links":{"self":[{"href":"https:\/\/revistaautobus.com.br\/index.php?rest_route=\/wp\/v2\/posts\/5763","targetHints":{"allow":["GET"]}}],"collection":[{"href":"https:\/\/revistaautobus.com.br\/index.php?rest_route=\/wp\/v2\/posts"}],"about":[{"href":"https:\/\/revistaautobus.com.br\/index.php?rest_route=\/wp\/v2\/types\/post"}],"author":[{"embeddable":true,"href":"https:\/\/revistaautobus.com.br\/index.php?rest_route=\/wp\/v2\/users\/2"}],"replies":[{"embeddable":true,"href":"https:\/\/revistaautobus.com.br\/index.php?rest_route=%2Fwp%2Fv2%2Fcomments&post=5763"}],"version-history":[{"count":2,"href":"https:\/\/revistaautobus.com.br\/index.php?rest_route=\/wp\/v2\/posts\/5763\/revisions"}],"predecessor-version":[{"id":5766,"href":"https:\/\/revistaautobus.com.br\/index.php?rest_route=\/wp\/v2\/posts\/5763\/revisions\/5766"}],"wp:featuredmedia":[{"embeddable":true,"href":"https:\/\/revistaautobus.com.br\/index.php?rest_route=\/wp\/v2\/media\/5764"}],"wp:attachment":[{"href":"https:\/\/revistaautobus.com.br\/index.php?rest_route=%2Fwp%2Fv2%2Fmedia&parent=5763"}],"wp:term":[{"taxonomy":"category","embeddable":true,"href":"https:\/\/revistaautobus.com.br\/index.php?rest_route=%2Fwp%2Fv2%2Fcategories&post=5763"},{"taxonomy":"post_tag","embeddable":true,"href":"https:\/\/revistaautobus.com.br\/index.php?rest_route=%2Fwp%2Fv2%2Ftags&post=5763"}],"curies":[{"name":"wp","href":"https:\/\/api.w.org\/{rel}","templated":true}]}}