{"id":5812,"date":"2022-02-25T14:00:31","date_gmt":"2022-02-25T17:00:31","guid":{"rendered":"https:\/\/revistaautobus.com.br\/?p=5812"},"modified":"2022-02-25T14:20:17","modified_gmt":"2022-02-25T17:20:17","slug":"a-crise-do-transporte-coletivo-pare-de-procurar-culpados-e-comece-a-buscar-solucoes-que-garantam-as-crescentes-necessidades-dos-clientes","status":"publish","type":"post","link":"https:\/\/revistaautobus.com.br\/?p=5812","title":{"rendered":"A CRISE DO TRANSPORTE COLETIVO: PARE DE PROCURAR CULPADOS E COMECE A BUSCAR SOLUC\u00d5ES QUE GARANTAM \u00c0S CRESCENTES NECESSIDADES DOS CLIENTES"},"content":{"rendered":"\n<p><strong><em><mark style=\"background-color:rgba(0, 0, 0, 0)\" class=\"has-inline-color has-vivid-green-cyan-color\">Por Diego Buss de Oliveira<\/mark><\/em><\/strong><\/p>\n\n\n\n<p class=\"has-drop-cap\">O transporte coletivo passa por uma crise sem precedentes, com uma redu\u00e7\u00e3o de demanda jamais vista na sua hist\u00f3ria, com um preju\u00edzo estimado de R$22,4 bilh\u00f5es ao longo da pandemia. Como se isso n\u00e3o bastasse, a eleva\u00e7\u00e3o do pre\u00e7o do diesel de 70,8% nos \u00faltimos doze meses e o reajuste salarial da categoria, s\u00e3o outros ingredientes que refletem no equil\u00edbrio econ\u00f4mico dos contratos de concess\u00e3o pelo Brasil.<\/p>\n\n\n\n<p>A separa\u00e7\u00e3o da tarifa p\u00fablica da tarifa t\u00e9cnica e as alternativas de receitas extratarif\u00e1rias s\u00e3o objetos de estudo nas cidades brasileiras. Existe ainda uma expectativa de aprova\u00e7\u00e3o de um projeto de lei que obriga o governo federal a bancar gratuidade do idoso no transporte coletivo. Iniciativas, essas, que ir\u00e3o permitir \u00e0 manuten\u00e7\u00e3o equilibrada dos sistemas de transporte e as tarifas baixas aos clientes.<\/p>\n\n\n\n<p>Enquanto especialistas e t\u00e9cnicos da \u00e1rea tentam encontrar solu\u00e7\u00f5es para combater essa crise e para que o cliente tenha um servi\u00e7o digno, na esfera pol\u00edtica se observa uma briga entre todos atores envolvidos no processo. O poder p\u00fablico alega que o servi\u00e7o ofertado ao cliente \u00e9 de p\u00e9ssima qualidade, que existe m\u00e1 gest\u00e3o da opera\u00e7\u00e3o e in\u00e9rcia do setor frente aos novos desafios. Os operadores por sua vez alegam contratos desequilibrados, atendimentos deficit\u00e1rios, perda de passageiros ano ap\u00f3s ano e a inviabilidade de manter um servi\u00e7o de qualidade sem uma sa\u00fade financeira que permita tal pr\u00e1tica.<\/p>\n\n\n\n<p>A sociedade por sua vez, observa o tema com muita desconfian\u00e7a, acredita na exist\u00eancia de conluio entre governantes e operadores e que existe uma prote\u00e7\u00e3o contra a abertura do mercado. Normalmente se manifesta contra aportar recursos p\u00fablicos na opera\u00e7\u00e3o do transporte.<\/p>\n\n\n\n<p>Na pr\u00e1tica n\u00e3o h\u00e1 mocinho e vil\u00e3o nessa hist\u00f3ria. Governantes e concession\u00e1rios t\u00eam as suas parcelas de culpa. O concession\u00e1rio pelo seu ritmo lento de inova\u00e7\u00e3o e o governo por n\u00e3o impor limite, criar, nutrir e ajudar os operadores de transporte a crescer de maneira sustent\u00e1vel e de entregar um servi\u00e7o atrativo ao cliente.<\/p>\n\n\n\n<p>No meio desse fogo cruzado est\u00e1 o passageiro que convive diariamente com um servi\u00e7o de baixa qualidade, \u00f4nibus velhos, lotados, longos intervalos entre as viagens ou at\u00e9 mesmo vendo seu servi\u00e7o suspenso pela inexist\u00eancia de uma demanda razo\u00e1vel. \u00c9 o mais pobre dos pobres buscando uma forma de sair do sistema: \u201cQuem est\u00e1 dentro querendo sair e quem est\u00e1 fora pensando em nunca mais voltar\u201d.<\/p>\n\n\n\n<p>Se por um lado se v\u00ea a deteriora\u00e7\u00e3o do transporte coletivo, por outro se observa investimentos significativos em obras vi\u00e1rias para alargamento de vias, viadutos, pontes ou qualquer interven\u00e7\u00e3o que priorize o autom\u00f3vel.<\/p>\n\n\n\n<p>O transporte passou a ser formalmente reconhecido como um direito social, figurando a partir de 2015 no artigo 6\u00ba da Constitui\u00e7\u00e3o Federal, ao lado do direito \u00e0 educa\u00e7\u00e3o, \u00e0 sa\u00fade, \u00e0 seguran\u00e7a, \u00e0 previd\u00eancia social, \u00e0 prote\u00e7\u00e3o \u00e0 maternidade e \u00e0 inf\u00e2ncia e \u00e0 assist\u00eancia aos desamparados.<\/p>\n\n\n\n<p>A lei das concess\u00f5es determina que \u201ctoda concess\u00e3o ou permiss\u00e3o pressup\u00f5e a presta\u00e7\u00e3o de servi\u00e7o adequado ao pleno atendimento dos usu\u00e1rios\u201d e que \u201cservi\u00e7o adequado \u00e9 o que satisfaz as condi\u00e7\u00f5es de regularidade, continuidade, efici\u00eancia, seguran\u00e7a, atualidade, generalidade, cortesia na sua presta\u00e7\u00e3o e modicidade das tarifas\u201d. No entanto, na pr\u00e1tica as tarifas s\u00e3o sempre elevadas para os passageiros e baixas para sustentar um sistema que satisfa\u00e7a todas essas condi\u00e7\u00f5es.<\/p>\n\n\n\n<p>A pandemia pressionou o poder p\u00fablico e os operadores do transporte a resolver as necessidades dos clientes em constante mudan\u00e7a, fazer mais com menos, se reinventar e crescer. O momento n\u00e3o \u00e9 de achar culpados, mas de buscarmos, juntos, as solu\u00e7\u00f5es para manter e melhorar o n\u00edvel de servi\u00e7o do transporte coletivo, permitindo acesso aos espa\u00e7os urbanos a uma imensa parte da popula\u00e7\u00e3o, frequentemente desassistida por um servi\u00e7o insuficiente ou por n\u00e3o ter condi\u00e7\u00f5es de utiliza-lo.<\/p>\n\n\n\n<p>Imagem &#8211; Reproduo\u00e7\u00e3o<\/p>\n\n\n\n<p><strong><em><mark style=\"background-color:rgba(0, 0, 0, 0)\" class=\"has-inline-color has-black-color\">Diego Buss Oliveira \u00e9 engenheiro e Coordenador de Planejamento de Opera\u00e7\u00e3o de Transporte na EPTC &#8211; Empresa P\u00fablica de Transporte e Circula\u00e7\u00e3o<\/mark><\/em><\/strong><\/p>\n","protected":false},"excerpt":{"rendered":"<p>A pandemia pressionou o poder p\u00fablico e os operadores do transporte a resolver as necessidades dos clientes em constante mudan\u00e7a, fazer mais com menos, se reinventar e crescer<\/p>\n","protected":false},"author":2,"featured_media":5813,"comment_status":"open","ping_status":"open","sticky":false,"template":"","format":"standard","meta":{"_et_pb_use_builder":"off","_et_pb_old_content":"","_et_gb_content_width":"","_jetpack_memberships_contains_paid_content":false,"footnotes":""},"categories":[52],"tags":[19],"class_list":["post-5812","post","type-post","status-publish","format-standard","has-post-thumbnail","hentry","category-especialistas","tag-transporte-coletivo","et-has-post-format-content","et_post_format-et-post-format-standard"],"yoast_head":"<!-- This site is optimized with the Yoast SEO plugin v27.2 - https:\/\/yoast.com\/product\/yoast-seo-wordpress\/ -->\n<title>A CRISE DO TRANSPORTE COLETIVO: PARE DE PROCURAR CULPADOS E COMECE A BUSCAR SOLUC\u00d5ES QUE GARANTAM \u00c0S CRESCENTES NECESSIDADES DOS CLIENTES - Revista AutoBus<\/title>\n<meta name=\"robots\" content=\"index, follow, max-snippet:-1, max-image-preview:large, max-video-preview:-1\" \/>\n<link rel=\"canonical\" href=\"https:\/\/revistaautobus.com.br\/?p=5812\" \/>\n<meta property=\"og:locale\" content=\"pt_BR\" \/>\n<meta property=\"og:type\" content=\"article\" \/>\n<meta property=\"og:title\" content=\"A CRISE DO TRANSPORTE COLETIVO: PARE DE PROCURAR CULPADOS E COMECE A BUSCAR SOLUC\u00d5ES QUE GARANTAM \u00c0S CRESCENTES NECESSIDADES DOS CLIENTES - Revista AutoBus\" \/>\n<meta property=\"og:description\" content=\"A pandemia pressionou o poder p\u00fablico e os operadores do transporte a resolver as necessidades dos clientes em constante mudan\u00e7a, fazer mais com menos, se reinventar e crescer\" \/>\n<meta property=\"og:url\" content=\"https:\/\/revistaautobus.com.br\/?p=5812\" \/>\n<meta property=\"og:site_name\" content=\"Revista AutoBus\" \/>\n<meta property=\"article:publisher\" content=\"https:\/\/www.facebook.com\/antonio.ferro.3150\" \/>\n<meta property=\"article:published_time\" content=\"2022-02-25T17:00:31+00:00\" \/>\n<meta property=\"article:modified_time\" content=\"2022-02-25T17:20:17+00:00\" \/>\n<meta property=\"og:image\" content=\"https:\/\/revistaautobus.com.br\/wp-content\/uploads\/2022\/02\/Salao.jpg\" \/>\n\t<meta property=\"og:image:width\" content=\"1200\" \/>\n\t<meta property=\"og:image:height\" content=\"794\" \/>\n\t<meta property=\"og:image:type\" content=\"image\/jpeg\" \/>\n<meta name=\"author\" content=\"Antonio Ferro\" \/>\n<meta name=\"twitter:card\" content=\"summary_large_image\" \/>\n<meta name=\"twitter:label1\" content=\"Escrito por\" \/>\n\t<meta name=\"twitter:data1\" content=\"Antonio Ferro\" \/>\n\t<meta name=\"twitter:label2\" content=\"Est. tempo de leitura\" \/>\n\t<meta name=\"twitter:data2\" content=\"4 minutos\" \/>\n<script type=\"application\/ld+json\" class=\"yoast-schema-graph\">{\"@context\":\"https:\/\/schema.org\",\"@graph\":[{\"@type\":\"Article\",\"@id\":\"https:\/\/revistaautobus.com.br\/?p=5812#article\",\"isPartOf\":{\"@id\":\"https:\/\/revistaautobus.com.br\/?p=5812\"},\"author\":{\"name\":\"Antonio Ferro\",\"@id\":\"https:\/\/revistaautobus.com.br\/#\/schema\/person\/54af7c3eb83a310e42ef686ef6d16f50\"},\"headline\":\"A CRISE DO TRANSPORTE COLETIVO: PARE DE PROCURAR CULPADOS E COMECE A BUSCAR SOLUC\u00d5ES QUE GARANTAM \u00c0S CRESCENTES NECESSIDADES DOS CLIENTES\",\"datePublished\":\"2022-02-25T17:00:31+00:00\",\"dateModified\":\"2022-02-25T17:20:17+00:00\",\"mainEntityOfPage\":{\"@id\":\"https:\/\/revistaautobus.com.br\/?p=5812\"},\"wordCount\":743,\"commentCount\":0,\"publisher\":{\"@id\":\"https:\/\/revistaautobus.com.br\/#organization\"},\"image\":{\"@id\":\"https:\/\/revistaautobus.com.br\/?p=5812#primaryimage\"},\"thumbnailUrl\":\"https:\/\/revistaautobus.com.br\/wp-content\/uploads\/2022\/02\/Salao.jpg\",\"keywords\":[\"transporte coletivo\"],\"articleSection\":[\"Especialistas\"],\"inLanguage\":\"pt-BR\",\"potentialAction\":[{\"@type\":\"CommentAction\",\"name\":\"Comment\",\"target\":[\"https:\/\/revistaautobus.com.br\/?p=5812#respond\"]}]},{\"@type\":\"WebPage\",\"@id\":\"https:\/\/revistaautobus.com.br\/?p=5812\",\"url\":\"https:\/\/revistaautobus.com.br\/?p=5812\",\"name\":\"A CRISE DO TRANSPORTE COLETIVO: PARE DE PROCURAR CULPADOS E COMECE A BUSCAR SOLUC\u00d5ES QUE GARANTAM \u00c0S CRESCENTES NECESSIDADES DOS CLIENTES - Revista AutoBus\",\"isPartOf\":{\"@id\":\"https:\/\/revistaautobus.com.br\/#website\"},\"primaryImageOfPage\":{\"@id\":\"https:\/\/revistaautobus.com.br\/?p=5812#primaryimage\"},\"image\":{\"@id\":\"https:\/\/revistaautobus.com.br\/?p=5812#primaryimage\"},\"thumbnailUrl\":\"https:\/\/revistaautobus.com.br\/wp-content\/uploads\/2022\/02\/Salao.jpg\",\"datePublished\":\"2022-02-25T17:00:31+00:00\",\"dateModified\":\"2022-02-25T17:20:17+00:00\",\"breadcrumb\":{\"@id\":\"https:\/\/revistaautobus.com.br\/?p=5812#breadcrumb\"},\"inLanguage\":\"pt-BR\",\"potentialAction\":[{\"@type\":\"ReadAction\",\"target\":[\"https:\/\/revistaautobus.com.br\/?p=5812\"]}]},{\"@type\":\"ImageObject\",\"inLanguage\":\"pt-BR\",\"@id\":\"https:\/\/revistaautobus.com.br\/?p=5812#primaryimage\",\"url\":\"https:\/\/revistaautobus.com.br\/wp-content\/uploads\/2022\/02\/Salao.jpg\",\"contentUrl\":\"https:\/\/revistaautobus.com.br\/wp-content\/uploads\/2022\/02\/Salao.jpg\",\"width\":1200,\"height\":794},{\"@type\":\"BreadcrumbList\",\"@id\":\"https:\/\/revistaautobus.com.br\/?p=5812#breadcrumb\",\"itemListElement\":[{\"@type\":\"ListItem\",\"position\":1,\"name\":\"In\u00edcio\",\"item\":\"https:\/\/revistaautobus.com.br\/\"},{\"@type\":\"ListItem\",\"position\":2,\"name\":\"A CRISE DO TRANSPORTE COLETIVO: PARE DE PROCURAR CULPADOS E COMECE A BUSCAR SOLUC\u00d5ES QUE GARANTAM \u00c0S CRESCENTES NECESSIDADES DOS CLIENTES\"}]},{\"@type\":\"WebSite\",\"@id\":\"https:\/\/revistaautobus.com.br\/#website\",\"url\":\"https:\/\/revistaautobus.com.br\/\",\"name\":\"Revista AutoBus\",\"description\":\"\",\"publisher\":{\"@id\":\"https:\/\/revistaautobus.com.br\/#organization\"},\"potentialAction\":[{\"@type\":\"SearchAction\",\"target\":{\"@type\":\"EntryPoint\",\"urlTemplate\":\"https:\/\/revistaautobus.com.br\/?s={search_term_string}\"},\"query-input\":{\"@type\":\"PropertyValueSpecification\",\"valueRequired\":true,\"valueName\":\"search_term_string\"}}],\"inLanguage\":\"pt-BR\"},{\"@type\":\"Organization\",\"@id\":\"https:\/\/revistaautobus.com.br\/#organization\",\"name\":\"Revista AutoBus\",\"url\":\"https:\/\/revistaautobus.com.br\/\",\"logo\":{\"@type\":\"ImageObject\",\"inLanguage\":\"pt-BR\",\"@id\":\"https:\/\/revistaautobus.com.br\/#\/schema\/logo\/image\/\",\"url\":\"https:\/\/revistaautobus.com.br\/wp-content\/uploads\/2024\/11\/logo_revista_autobus_fb.png\",\"contentUrl\":\"https:\/\/revistaautobus.com.br\/wp-content\/uploads\/2024\/11\/logo_revista_autobus_fb.png\",\"width\":836,\"height\":227,\"caption\":\"Revista AutoBus\"},\"image\":{\"@id\":\"https:\/\/revistaautobus.com.br\/#\/schema\/logo\/image\/\"},\"sameAs\":[\"https:\/\/www.facebook.com\/antonio.ferro.3150\",\"https:\/\/www.instagram.com\/revistaautobus\/\"]},{\"@type\":\"Person\",\"@id\":\"https:\/\/revistaautobus.com.br\/#\/schema\/person\/54af7c3eb83a310e42ef686ef6d16f50\",\"name\":\"Antonio Ferro\",\"image\":{\"@type\":\"ImageObject\",\"inLanguage\":\"pt-BR\",\"@id\":\"https:\/\/revistaautobus.com.br\/wp-content\/uploads\/2025\/12\/editor_antonio_ferro-150x150.jpg\",\"url\":\"https:\/\/revistaautobus.com.br\/wp-content\/uploads\/2025\/12\/editor_antonio_ferro-150x150.jpg\",\"contentUrl\":\"https:\/\/revistaautobus.com.br\/wp-content\/uploads\/2025\/12\/editor_antonio_ferro-150x150.jpg\",\"caption\":\"Antonio Ferro\"},\"description\":\"infobus@uol.com.br\",\"url\":\"https:\/\/revistaautobus.com.br\/?author=2\"}]}<\/script>\n<!-- \/ Yoast SEO plugin. -->","yoast_head_json":{"title":"A CRISE DO TRANSPORTE COLETIVO: PARE DE PROCURAR CULPADOS E COMECE A BUSCAR SOLUC\u00d5ES QUE GARANTAM \u00c0S CRESCENTES NECESSIDADES DOS CLIENTES - Revista AutoBus","robots":{"index":"index","follow":"follow","max-snippet":"max-snippet:-1","max-image-preview":"max-image-preview:large","max-video-preview":"max-video-preview:-1"},"canonical":"https:\/\/revistaautobus.com.br\/?p=5812","og_locale":"pt_BR","og_type":"article","og_title":"A CRISE DO TRANSPORTE COLETIVO: PARE DE PROCURAR CULPADOS E COMECE A BUSCAR SOLUC\u00d5ES QUE GARANTAM \u00c0S CRESCENTES NECESSIDADES DOS CLIENTES - Revista AutoBus","og_description":"A pandemia pressionou o poder p\u00fablico e os operadores do transporte a resolver as necessidades dos clientes em constante mudan\u00e7a, fazer mais com menos, se reinventar e crescer","og_url":"https:\/\/revistaautobus.com.br\/?p=5812","og_site_name":"Revista AutoBus","article_publisher":"https:\/\/www.facebook.com\/antonio.ferro.3150","article_published_time":"2022-02-25T17:00:31+00:00","article_modified_time":"2022-02-25T17:20:17+00:00","og_image":[{"width":1200,"height":794,"url":"https:\/\/revistaautobus.com.br\/wp-content\/uploads\/2022\/02\/Salao.jpg","type":"image\/jpeg"}],"author":"Antonio Ferro","twitter_card":"summary_large_image","twitter_misc":{"Escrito por":"Antonio Ferro","Est. tempo de leitura":"4 minutos"},"schema":{"@context":"https:\/\/schema.org","@graph":[{"@type":"Article","@id":"https:\/\/revistaautobus.com.br\/?p=5812#article","isPartOf":{"@id":"https:\/\/revistaautobus.com.br\/?p=5812"},"author":{"name":"Antonio Ferro","@id":"https:\/\/revistaautobus.com.br\/#\/schema\/person\/54af7c3eb83a310e42ef686ef6d16f50"},"headline":"A CRISE DO TRANSPORTE COLETIVO: PARE DE PROCURAR CULPADOS E COMECE A BUSCAR SOLUC\u00d5ES QUE GARANTAM \u00c0S CRESCENTES NECESSIDADES DOS CLIENTES","datePublished":"2022-02-25T17:00:31+00:00","dateModified":"2022-02-25T17:20:17+00:00","mainEntityOfPage":{"@id":"https:\/\/revistaautobus.com.br\/?p=5812"},"wordCount":743,"commentCount":0,"publisher":{"@id":"https:\/\/revistaautobus.com.br\/#organization"},"image":{"@id":"https:\/\/revistaautobus.com.br\/?p=5812#primaryimage"},"thumbnailUrl":"https:\/\/revistaautobus.com.br\/wp-content\/uploads\/2022\/02\/Salao.jpg","keywords":["transporte coletivo"],"articleSection":["Especialistas"],"inLanguage":"pt-BR","potentialAction":[{"@type":"CommentAction","name":"Comment","target":["https:\/\/revistaautobus.com.br\/?p=5812#respond"]}]},{"@type":"WebPage","@id":"https:\/\/revistaautobus.com.br\/?p=5812","url":"https:\/\/revistaautobus.com.br\/?p=5812","name":"A CRISE DO TRANSPORTE COLETIVO: PARE DE PROCURAR CULPADOS E COMECE A BUSCAR SOLUC\u00d5ES QUE GARANTAM \u00c0S CRESCENTES NECESSIDADES DOS CLIENTES - Revista AutoBus","isPartOf":{"@id":"https:\/\/revistaautobus.com.br\/#website"},"primaryImageOfPage":{"@id":"https:\/\/revistaautobus.com.br\/?p=5812#primaryimage"},"image":{"@id":"https:\/\/revistaautobus.com.br\/?p=5812#primaryimage"},"thumbnailUrl":"https:\/\/revistaautobus.com.br\/wp-content\/uploads\/2022\/02\/Salao.jpg","datePublished":"2022-02-25T17:00:31+00:00","dateModified":"2022-02-25T17:20:17+00:00","breadcrumb":{"@id":"https:\/\/revistaautobus.com.br\/?p=5812#breadcrumb"},"inLanguage":"pt-BR","potentialAction":[{"@type":"ReadAction","target":["https:\/\/revistaautobus.com.br\/?p=5812"]}]},{"@type":"ImageObject","inLanguage":"pt-BR","@id":"https:\/\/revistaautobus.com.br\/?p=5812#primaryimage","url":"https:\/\/revistaautobus.com.br\/wp-content\/uploads\/2022\/02\/Salao.jpg","contentUrl":"https:\/\/revistaautobus.com.br\/wp-content\/uploads\/2022\/02\/Salao.jpg","width":1200,"height":794},{"@type":"BreadcrumbList","@id":"https:\/\/revistaautobus.com.br\/?p=5812#breadcrumb","itemListElement":[{"@type":"ListItem","position":1,"name":"In\u00edcio","item":"https:\/\/revistaautobus.com.br\/"},{"@type":"ListItem","position":2,"name":"A CRISE DO TRANSPORTE COLETIVO: PARE DE PROCURAR CULPADOS E COMECE A BUSCAR SOLUC\u00d5ES QUE GARANTAM \u00c0S CRESCENTES NECESSIDADES DOS CLIENTES"}]},{"@type":"WebSite","@id":"https:\/\/revistaautobus.com.br\/#website","url":"https:\/\/revistaautobus.com.br\/","name":"Revista AutoBus","description":"","publisher":{"@id":"https:\/\/revistaautobus.com.br\/#organization"},"potentialAction":[{"@type":"SearchAction","target":{"@type":"EntryPoint","urlTemplate":"https:\/\/revistaautobus.com.br\/?s={search_term_string}"},"query-input":{"@type":"PropertyValueSpecification","valueRequired":true,"valueName":"search_term_string"}}],"inLanguage":"pt-BR"},{"@type":"Organization","@id":"https:\/\/revistaautobus.com.br\/#organization","name":"Revista AutoBus","url":"https:\/\/revistaautobus.com.br\/","logo":{"@type":"ImageObject","inLanguage":"pt-BR","@id":"https:\/\/revistaautobus.com.br\/#\/schema\/logo\/image\/","url":"https:\/\/revistaautobus.com.br\/wp-content\/uploads\/2024\/11\/logo_revista_autobus_fb.png","contentUrl":"https:\/\/revistaautobus.com.br\/wp-content\/uploads\/2024\/11\/logo_revista_autobus_fb.png","width":836,"height":227,"caption":"Revista AutoBus"},"image":{"@id":"https:\/\/revistaautobus.com.br\/#\/schema\/logo\/image\/"},"sameAs":["https:\/\/www.facebook.com\/antonio.ferro.3150","https:\/\/www.instagram.com\/revistaautobus\/"]},{"@type":"Person","@id":"https:\/\/revistaautobus.com.br\/#\/schema\/person\/54af7c3eb83a310e42ef686ef6d16f50","name":"Antonio Ferro","image":{"@type":"ImageObject","inLanguage":"pt-BR","@id":"https:\/\/revistaautobus.com.br\/wp-content\/uploads\/2025\/12\/editor_antonio_ferro-150x150.jpg","url":"https:\/\/revistaautobus.com.br\/wp-content\/uploads\/2025\/12\/editor_antonio_ferro-150x150.jpg","contentUrl":"https:\/\/revistaautobus.com.br\/wp-content\/uploads\/2025\/12\/editor_antonio_ferro-150x150.jpg","caption":"Antonio Ferro"},"description":"infobus@uol.com.br","url":"https:\/\/revistaautobus.com.br\/?author=2"}]}},"jetpack_featured_media_url":"https:\/\/revistaautobus.com.br\/wp-content\/uploads\/2022\/02\/Salao.jpg","jetpack_sharing_enabled":true,"_links":{"self":[{"href":"https:\/\/revistaautobus.com.br\/index.php?rest_route=\/wp\/v2\/posts\/5812","targetHints":{"allow":["GET"]}}],"collection":[{"href":"https:\/\/revistaautobus.com.br\/index.php?rest_route=\/wp\/v2\/posts"}],"about":[{"href":"https:\/\/revistaautobus.com.br\/index.php?rest_route=\/wp\/v2\/types\/post"}],"author":[{"embeddable":true,"href":"https:\/\/revistaautobus.com.br\/index.php?rest_route=\/wp\/v2\/users\/2"}],"replies":[{"embeddable":true,"href":"https:\/\/revistaautobus.com.br\/index.php?rest_route=%2Fwp%2Fv2%2Fcomments&post=5812"}],"version-history":[{"count":2,"href":"https:\/\/revistaautobus.com.br\/index.php?rest_route=\/wp\/v2\/posts\/5812\/revisions"}],"predecessor-version":[{"id":5816,"href":"https:\/\/revistaautobus.com.br\/index.php?rest_route=\/wp\/v2\/posts\/5812\/revisions\/5816"}],"wp:featuredmedia":[{"embeddable":true,"href":"https:\/\/revistaautobus.com.br\/index.php?rest_route=\/wp\/v2\/media\/5813"}],"wp:attachment":[{"href":"https:\/\/revistaautobus.com.br\/index.php?rest_route=%2Fwp%2Fv2%2Fmedia&parent=5812"}],"wp:term":[{"taxonomy":"category","embeddable":true,"href":"https:\/\/revistaautobus.com.br\/index.php?rest_route=%2Fwp%2Fv2%2Fcategories&post=5812"},{"taxonomy":"post_tag","embeddable":true,"href":"https:\/\/revistaautobus.com.br\/index.php?rest_route=%2Fwp%2Fv2%2Ftags&post=5812"}],"curies":[{"name":"wp","href":"https:\/\/api.w.org\/{rel}","templated":true}]}}