{"id":5900,"date":"2022-03-11T09:03:05","date_gmt":"2022-03-11T12:03:05","guid":{"rendered":"https:\/\/revistaautobus.com.br\/?p=5900"},"modified":"2022-03-11T09:03:08","modified_gmt":"2022-03-11T12:03:08","slug":"eletromobilidade-na-ile-de-france","status":"publish","type":"post","link":"https:\/\/revistaautobus.com.br\/?p=5900","title":{"rendered":"Eletromobilidade na \u00cele de France"},"content":{"rendered":"\n<p class=\"has-drop-cap\">A regi\u00e3o metropolitana de Paris, conhecida por \u00cele de France, com ambiciosas iniciativas de mobilidade sustent\u00e1vel, representada pela autoridade de transporte \u00cele de France Mobilit\u00e9s, ir\u00e1 investir numa solu\u00e7\u00e3o inovadora de transporte coletivo ao solicitar para o cons\u00f3rcio Van Hool &#8211; Kiepe Electric \u2013 Alstom 56 novos \u00f4nibus biarticulados 100% el\u00e9tricos, com 24 metros de comprimento, produzidos pela marca belga Van Hool, com o modelo Exqui.City. Os ve\u00edculos ter\u00e3o baterias com alta pot\u00eancia e sistema de tra\u00e7\u00e3o (em dois eixos) da fabricante Kiepe Electric.<\/p>\n\n\n\n<p>J\u00e1 sistema de recarga el\u00e9trica ser\u00e1 do modelo est\u00e1tico condutivo terrestre da Alstom (SRS). Trata-se de uma tecnologia inovadora e interoper\u00e1vel para o transporte eletrificado de todas as marcas e tamanhos. A solu\u00e7\u00e3o, implantada no pavimento, \u00e9 compacta, integrando-se, de forma invis\u00edvel, na paisagem urbana, garantindo assim uma recarga el\u00e9trica de alta pot\u00eancia, segura, automatizada e r\u00e1pida em paradas e terminais de linha.<\/p>\n\n\n\n<div class=\"wp-block-image\"><figure class=\"alignright size-full is-resized\"><img loading=\"lazy\" decoding=\"async\" src=\"https:\/\/revistaautobus.com.br\/wp-content\/uploads\/2022\/03\/ALSTOM-Bus-SRS-Malaga.00_00_41_00.Still004.jpg\" alt=\"\" class=\"wp-image-5902\" width=\"481\" height=\"270\" srcset=\"https:\/\/revistaautobus.com.br\/wp-content\/uploads\/2022\/03\/ALSTOM-Bus-SRS-Malaga.00_00_41_00.Still004.jpg 999w, https:\/\/revistaautobus.com.br\/wp-content\/uploads\/2022\/03\/ALSTOM-Bus-SRS-Malaga.00_00_41_00.Still004-300x169.jpg 300w, https:\/\/revistaautobus.com.br\/wp-content\/uploads\/2022\/03\/ALSTOM-Bus-SRS-Malaga.00_00_41_00.Still004-768x432.jpg 768w\" sizes=\"(max-width: 481px) 100vw, 481px\" \/><figcaption><strong><em><mark style=\"background-color:rgba(0, 0, 0, 0)\" class=\"has-inline-color has-vivid-green-cyan-color\">Tecnologia SRS da Alstom permite uma recarga el\u00e9trica por baixo do \u00f4nibus<\/mark><\/em><\/strong><\/figcaption><\/figure><\/div>\n\n\n\n<p>Os novos \u00f4nibus, constru\u00eddos pela Van Hool, atendem \u00e0s altas expectativas em termos de conforto dos passageiros, al\u00e9m da facilidade de opera\u00e7\u00e3o. Eles t\u00eam capacidade para 140 passageiros em \u00f3timas condi\u00e7\u00f5es de conforto interno, com uma configura\u00e7\u00e3o moderna composta por espa\u00e7o harm\u00f4nico, ilumina\u00e7\u00e3o, ar-condicionado, monitoramento real e informa\u00e7\u00f5es de \u00e1udio para os passageiros. Gra\u00e7as \u00e0s amplas portas de correr e piso baixo, os passageiros encontram embarque e desembarque facilitados. \u201cEstamos orgulhosos que a Van Hool, em colabora\u00e7\u00e3o com os parceiros Kiepe Electric e Alstom, tenha sido selecionada pela \u00cele de France Mobilit\u00e9s para a realiza\u00e7\u00e3o deste projeto de mobilidade \u00fanico. O futuro do transporte p\u00fablico \u00e9 com ve\u00edculos de emiss\u00e3o zero. Esta solu\u00e7\u00e3o, in\u00e9dita no mundo, atende totalmente \u00e0s altas expectativas da autoridade de transporte, dos motoristas e da equipe de manuten\u00e7\u00e3o e dos passageiros, para um transporte p\u00fablico de qualidade, sustent\u00e1vel e economicamente respons\u00e1vel&#8221;, ressaltou Filip Van Hool, CEO da Van Hool.<\/p>\n\n\n\n<p>Imagens &#8211; Divulga\u00e7\u00e3o Alstom<\/p>\n","protected":false},"excerpt":{"rendered":"<p>Os novos \u00f4nibus, constru\u00eddos pela Van Hool, atendem \u00e0s altas expectativas em termos de conforto dos passageiros, al\u00e9m da facilidade de opera\u00e7\u00e3o<\/p>\n","protected":false},"author":2,"featured_media":5901,"comment_status":"open","ping_status":"open","sticky":false,"template":"","format":"standard","meta":{"_et_pb_use_builder":"off","_et_pb_old_content":"","_et_gb_content_width":"","_jetpack_memberships_contains_paid_content":false,"footnotes":""},"categories":[53],"tags":[236,235,159],"class_list":["post-5900","post","type-post","status-publish","format-standard","has-post-thumbnail","hentry","category-internacional","tag-asltom","tag-srs","tag-van-hool","et-has-post-format-content","et_post_format-et-post-format-standard"],"yoast_head":"<!-- This site is optimized with the Yoast SEO plugin v27.2 - https:\/\/yoast.com\/product\/yoast-seo-wordpress\/ -->\n<title>Eletromobilidade na \u00cele de France - Revista AutoBus<\/title>\n<meta name=\"robots\" content=\"index, follow, max-snippet:-1, max-image-preview:large, max-video-preview:-1\" \/>\n<link rel=\"canonical\" href=\"https:\/\/revistaautobus.com.br\/?p=5900\" \/>\n<meta property=\"og:locale\" content=\"pt_BR\" \/>\n<meta property=\"og:type\" content=\"article\" \/>\n<meta property=\"og:title\" content=\"Eletromobilidade na \u00cele de France - Revista AutoBus\" \/>\n<meta property=\"og:description\" content=\"Os novos \u00f4nibus, constru\u00eddos pela Van Hool, atendem \u00e0s altas expectativas em termos de conforto dos passageiros, al\u00e9m da facilidade de opera\u00e7\u00e3o\" \/>\n<meta property=\"og:url\" content=\"https:\/\/revistaautobus.com.br\/?p=5900\" \/>\n<meta property=\"og:site_name\" content=\"Revista AutoBus\" \/>\n<meta property=\"article:publisher\" content=\"https:\/\/www.facebook.com\/antonio.ferro.3150\" \/>\n<meta property=\"article:published_time\" content=\"2022-03-11T12:03:05+00:00\" \/>\n<meta property=\"article:modified_time\" content=\"2022-03-11T12:03:08+00:00\" \/>\n<meta property=\"og:image\" content=\"https:\/\/revistaautobus.com.br\/wp-content\/uploads\/2022\/03\/TZEN_Without-logos_Press.jpg\" \/>\n\t<meta property=\"og:image:width\" content=\"999\" \/>\n\t<meta property=\"og:image:height\" content=\"562\" \/>\n\t<meta property=\"og:image:type\" content=\"image\/jpeg\" \/>\n<meta name=\"author\" content=\"Antonio Ferro\" \/>\n<meta name=\"twitter:card\" content=\"summary_large_image\" \/>\n<meta name=\"twitter:label1\" content=\"Escrito por\" \/>\n\t<meta name=\"twitter:data1\" content=\"Antonio Ferro\" \/>\n\t<meta name=\"twitter:label2\" content=\"Est. tempo de leitura\" \/>\n\t<meta name=\"twitter:data2\" content=\"2 minutos\" \/>\n<script type=\"application\/ld+json\" class=\"yoast-schema-graph\">{\"@context\":\"https:\/\/schema.org\",\"@graph\":[{\"@type\":\"Article\",\"@id\":\"https:\/\/revistaautobus.com.br\/?p=5900#article\",\"isPartOf\":{\"@id\":\"https:\/\/revistaautobus.com.br\/?p=5900\"},\"author\":{\"name\":\"Antonio Ferro\",\"@id\":\"https:\/\/revistaautobus.com.br\/#\/schema\/person\/54af7c3eb83a310e42ef686ef6d16f50\"},\"headline\":\"Eletromobilidade na \u00cele de France\",\"datePublished\":\"2022-03-11T12:03:05+00:00\",\"dateModified\":\"2022-03-11T12:03:08+00:00\",\"mainEntityOfPage\":{\"@id\":\"https:\/\/revistaautobus.com.br\/?p=5900\"},\"wordCount\":358,\"commentCount\":0,\"publisher\":{\"@id\":\"https:\/\/revistaautobus.com.br\/#organization\"},\"image\":{\"@id\":\"https:\/\/revistaautobus.com.br\/?p=5900#primaryimage\"},\"thumbnailUrl\":\"https:\/\/revistaautobus.com.br\/wp-content\/uploads\/2022\/03\/TZEN_Without-logos_Press.jpg\",\"keywords\":[\"asltom\",\"SRS\",\"Van Hool\"],\"articleSection\":[\"Internacional\"],\"inLanguage\":\"pt-BR\",\"potentialAction\":[{\"@type\":\"CommentAction\",\"name\":\"Comment\",\"target\":[\"https:\/\/revistaautobus.com.br\/?p=5900#respond\"]}]},{\"@type\":\"WebPage\",\"@id\":\"https:\/\/revistaautobus.com.br\/?p=5900\",\"url\":\"https:\/\/revistaautobus.com.br\/?p=5900\",\"name\":\"Eletromobilidade na \u00cele de France - Revista AutoBus\",\"isPartOf\":{\"@id\":\"https:\/\/revistaautobus.com.br\/#website\"},\"primaryImageOfPage\":{\"@id\":\"https:\/\/revistaautobus.com.br\/?p=5900#primaryimage\"},\"image\":{\"@id\":\"https:\/\/revistaautobus.com.br\/?p=5900#primaryimage\"},\"thumbnailUrl\":\"https:\/\/revistaautobus.com.br\/wp-content\/uploads\/2022\/03\/TZEN_Without-logos_Press.jpg\",\"datePublished\":\"2022-03-11T12:03:05+00:00\",\"dateModified\":\"2022-03-11T12:03:08+00:00\",\"breadcrumb\":{\"@id\":\"https:\/\/revistaautobus.com.br\/?p=5900#breadcrumb\"},\"inLanguage\":\"pt-BR\",\"potentialAction\":[{\"@type\":\"ReadAction\",\"target\":[\"https:\/\/revistaautobus.com.br\/?p=5900\"]}]},{\"@type\":\"ImageObject\",\"inLanguage\":\"pt-BR\",\"@id\":\"https:\/\/revistaautobus.com.br\/?p=5900#primaryimage\",\"url\":\"https:\/\/revistaautobus.com.br\/wp-content\/uploads\/2022\/03\/TZEN_Without-logos_Press.jpg\",\"contentUrl\":\"https:\/\/revistaautobus.com.br\/wp-content\/uploads\/2022\/03\/TZEN_Without-logos_Press.jpg\",\"width\":999,\"height\":562},{\"@type\":\"BreadcrumbList\",\"@id\":\"https:\/\/revistaautobus.com.br\/?p=5900#breadcrumb\",\"itemListElement\":[{\"@type\":\"ListItem\",\"position\":1,\"name\":\"In\u00edcio\",\"item\":\"https:\/\/revistaautobus.com.br\/\"},{\"@type\":\"ListItem\",\"position\":2,\"name\":\"Eletromobilidade na \u00cele de France\"}]},{\"@type\":\"WebSite\",\"@id\":\"https:\/\/revistaautobus.com.br\/#website\",\"url\":\"https:\/\/revistaautobus.com.br\/\",\"name\":\"Revista AutoBus\",\"description\":\"\",\"publisher\":{\"@id\":\"https:\/\/revistaautobus.com.br\/#organization\"},\"potentialAction\":[{\"@type\":\"SearchAction\",\"target\":{\"@type\":\"EntryPoint\",\"urlTemplate\":\"https:\/\/revistaautobus.com.br\/?s={search_term_string}\"},\"query-input\":{\"@type\":\"PropertyValueSpecification\",\"valueRequired\":true,\"valueName\":\"search_term_string\"}}],\"inLanguage\":\"pt-BR\"},{\"@type\":\"Organization\",\"@id\":\"https:\/\/revistaautobus.com.br\/#organization\",\"name\":\"Revista AutoBus\",\"url\":\"https:\/\/revistaautobus.com.br\/\",\"logo\":{\"@type\":\"ImageObject\",\"inLanguage\":\"pt-BR\",\"@id\":\"https:\/\/revistaautobus.com.br\/#\/schema\/logo\/image\/\",\"url\":\"https:\/\/revistaautobus.com.br\/wp-content\/uploads\/2024\/11\/logo_revista_autobus_fb.png\",\"contentUrl\":\"https:\/\/revistaautobus.com.br\/wp-content\/uploads\/2024\/11\/logo_revista_autobus_fb.png\",\"width\":836,\"height\":227,\"caption\":\"Revista AutoBus\"},\"image\":{\"@id\":\"https:\/\/revistaautobus.com.br\/#\/schema\/logo\/image\/\"},\"sameAs\":[\"https:\/\/www.facebook.com\/antonio.ferro.3150\",\"https:\/\/www.instagram.com\/revistaautobus\/\"]},{\"@type\":\"Person\",\"@id\":\"https:\/\/revistaautobus.com.br\/#\/schema\/person\/54af7c3eb83a310e42ef686ef6d16f50\",\"name\":\"Antonio Ferro\",\"image\":{\"@type\":\"ImageObject\",\"inLanguage\":\"pt-BR\",\"@id\":\"https:\/\/revistaautobus.com.br\/wp-content\/uploads\/2025\/12\/editor_antonio_ferro-150x150.jpg\",\"url\":\"https:\/\/revistaautobus.com.br\/wp-content\/uploads\/2025\/12\/editor_antonio_ferro-150x150.jpg\",\"contentUrl\":\"https:\/\/revistaautobus.com.br\/wp-content\/uploads\/2025\/12\/editor_antonio_ferro-150x150.jpg\",\"caption\":\"Antonio Ferro\"},\"description\":\"infobus@uol.com.br\",\"url\":\"https:\/\/revistaautobus.com.br\/?author=2\"}]}<\/script>\n<!-- \/ Yoast SEO plugin. -->","yoast_head_json":{"title":"Eletromobilidade na \u00cele de France - Revista AutoBus","robots":{"index":"index","follow":"follow","max-snippet":"max-snippet:-1","max-image-preview":"max-image-preview:large","max-video-preview":"max-video-preview:-1"},"canonical":"https:\/\/revistaautobus.com.br\/?p=5900","og_locale":"pt_BR","og_type":"article","og_title":"Eletromobilidade na \u00cele de France - Revista AutoBus","og_description":"Os novos \u00f4nibus, constru\u00eddos pela Van Hool, atendem \u00e0s altas expectativas em termos de conforto dos passageiros, al\u00e9m da facilidade de opera\u00e7\u00e3o","og_url":"https:\/\/revistaautobus.com.br\/?p=5900","og_site_name":"Revista AutoBus","article_publisher":"https:\/\/www.facebook.com\/antonio.ferro.3150","article_published_time":"2022-03-11T12:03:05+00:00","article_modified_time":"2022-03-11T12:03:08+00:00","og_image":[{"width":999,"height":562,"url":"https:\/\/revistaautobus.com.br\/wp-content\/uploads\/2022\/03\/TZEN_Without-logos_Press.jpg","type":"image\/jpeg"}],"author":"Antonio Ferro","twitter_card":"summary_large_image","twitter_misc":{"Escrito por":"Antonio Ferro","Est. tempo de leitura":"2 minutos"},"schema":{"@context":"https:\/\/schema.org","@graph":[{"@type":"Article","@id":"https:\/\/revistaautobus.com.br\/?p=5900#article","isPartOf":{"@id":"https:\/\/revistaautobus.com.br\/?p=5900"},"author":{"name":"Antonio Ferro","@id":"https:\/\/revistaautobus.com.br\/#\/schema\/person\/54af7c3eb83a310e42ef686ef6d16f50"},"headline":"Eletromobilidade na \u00cele de France","datePublished":"2022-03-11T12:03:05+00:00","dateModified":"2022-03-11T12:03:08+00:00","mainEntityOfPage":{"@id":"https:\/\/revistaautobus.com.br\/?p=5900"},"wordCount":358,"commentCount":0,"publisher":{"@id":"https:\/\/revistaautobus.com.br\/#organization"},"image":{"@id":"https:\/\/revistaautobus.com.br\/?p=5900#primaryimage"},"thumbnailUrl":"https:\/\/revistaautobus.com.br\/wp-content\/uploads\/2022\/03\/TZEN_Without-logos_Press.jpg","keywords":["asltom","SRS","Van Hool"],"articleSection":["Internacional"],"inLanguage":"pt-BR","potentialAction":[{"@type":"CommentAction","name":"Comment","target":["https:\/\/revistaautobus.com.br\/?p=5900#respond"]}]},{"@type":"WebPage","@id":"https:\/\/revistaautobus.com.br\/?p=5900","url":"https:\/\/revistaautobus.com.br\/?p=5900","name":"Eletromobilidade na \u00cele de France - Revista AutoBus","isPartOf":{"@id":"https:\/\/revistaautobus.com.br\/#website"},"primaryImageOfPage":{"@id":"https:\/\/revistaautobus.com.br\/?p=5900#primaryimage"},"image":{"@id":"https:\/\/revistaautobus.com.br\/?p=5900#primaryimage"},"thumbnailUrl":"https:\/\/revistaautobus.com.br\/wp-content\/uploads\/2022\/03\/TZEN_Without-logos_Press.jpg","datePublished":"2022-03-11T12:03:05+00:00","dateModified":"2022-03-11T12:03:08+00:00","breadcrumb":{"@id":"https:\/\/revistaautobus.com.br\/?p=5900#breadcrumb"},"inLanguage":"pt-BR","potentialAction":[{"@type":"ReadAction","target":["https:\/\/revistaautobus.com.br\/?p=5900"]}]},{"@type":"ImageObject","inLanguage":"pt-BR","@id":"https:\/\/revistaautobus.com.br\/?p=5900#primaryimage","url":"https:\/\/revistaautobus.com.br\/wp-content\/uploads\/2022\/03\/TZEN_Without-logos_Press.jpg","contentUrl":"https:\/\/revistaautobus.com.br\/wp-content\/uploads\/2022\/03\/TZEN_Without-logos_Press.jpg","width":999,"height":562},{"@type":"BreadcrumbList","@id":"https:\/\/revistaautobus.com.br\/?p=5900#breadcrumb","itemListElement":[{"@type":"ListItem","position":1,"name":"In\u00edcio","item":"https:\/\/revistaautobus.com.br\/"},{"@type":"ListItem","position":2,"name":"Eletromobilidade na \u00cele de France"}]},{"@type":"WebSite","@id":"https:\/\/revistaautobus.com.br\/#website","url":"https:\/\/revistaautobus.com.br\/","name":"Revista AutoBus","description":"","publisher":{"@id":"https:\/\/revistaautobus.com.br\/#organization"},"potentialAction":[{"@type":"SearchAction","target":{"@type":"EntryPoint","urlTemplate":"https:\/\/revistaautobus.com.br\/?s={search_term_string}"},"query-input":{"@type":"PropertyValueSpecification","valueRequired":true,"valueName":"search_term_string"}}],"inLanguage":"pt-BR"},{"@type":"Organization","@id":"https:\/\/revistaautobus.com.br\/#organization","name":"Revista AutoBus","url":"https:\/\/revistaautobus.com.br\/","logo":{"@type":"ImageObject","inLanguage":"pt-BR","@id":"https:\/\/revistaautobus.com.br\/#\/schema\/logo\/image\/","url":"https:\/\/revistaautobus.com.br\/wp-content\/uploads\/2024\/11\/logo_revista_autobus_fb.png","contentUrl":"https:\/\/revistaautobus.com.br\/wp-content\/uploads\/2024\/11\/logo_revista_autobus_fb.png","width":836,"height":227,"caption":"Revista AutoBus"},"image":{"@id":"https:\/\/revistaautobus.com.br\/#\/schema\/logo\/image\/"},"sameAs":["https:\/\/www.facebook.com\/antonio.ferro.3150","https:\/\/www.instagram.com\/revistaautobus\/"]},{"@type":"Person","@id":"https:\/\/revistaautobus.com.br\/#\/schema\/person\/54af7c3eb83a310e42ef686ef6d16f50","name":"Antonio Ferro","image":{"@type":"ImageObject","inLanguage":"pt-BR","@id":"https:\/\/revistaautobus.com.br\/wp-content\/uploads\/2025\/12\/editor_antonio_ferro-150x150.jpg","url":"https:\/\/revistaautobus.com.br\/wp-content\/uploads\/2025\/12\/editor_antonio_ferro-150x150.jpg","contentUrl":"https:\/\/revistaautobus.com.br\/wp-content\/uploads\/2025\/12\/editor_antonio_ferro-150x150.jpg","caption":"Antonio Ferro"},"description":"infobus@uol.com.br","url":"https:\/\/revistaautobus.com.br\/?author=2"}]}},"jetpack_featured_media_url":"https:\/\/revistaautobus.com.br\/wp-content\/uploads\/2022\/03\/TZEN_Without-logos_Press.jpg","jetpack_sharing_enabled":true,"_links":{"self":[{"href":"https:\/\/revistaautobus.com.br\/index.php?rest_route=\/wp\/v2\/posts\/5900","targetHints":{"allow":["GET"]}}],"collection":[{"href":"https:\/\/revistaautobus.com.br\/index.php?rest_route=\/wp\/v2\/posts"}],"about":[{"href":"https:\/\/revistaautobus.com.br\/index.php?rest_route=\/wp\/v2\/types\/post"}],"author":[{"embeddable":true,"href":"https:\/\/revistaautobus.com.br\/index.php?rest_route=\/wp\/v2\/users\/2"}],"replies":[{"embeddable":true,"href":"https:\/\/revistaautobus.com.br\/index.php?rest_route=%2Fwp%2Fv2%2Fcomments&post=5900"}],"version-history":[{"count":2,"href":"https:\/\/revistaautobus.com.br\/index.php?rest_route=\/wp\/v2\/posts\/5900\/revisions"}],"predecessor-version":[{"id":5904,"href":"https:\/\/revistaautobus.com.br\/index.php?rest_route=\/wp\/v2\/posts\/5900\/revisions\/5904"}],"wp:featuredmedia":[{"embeddable":true,"href":"https:\/\/revistaautobus.com.br\/index.php?rest_route=\/wp\/v2\/media\/5901"}],"wp:attachment":[{"href":"https:\/\/revistaautobus.com.br\/index.php?rest_route=%2Fwp%2Fv2%2Fmedia&parent=5900"}],"wp:term":[{"taxonomy":"category","embeddable":true,"href":"https:\/\/revistaautobus.com.br\/index.php?rest_route=%2Fwp%2Fv2%2Fcategories&post=5900"},{"taxonomy":"post_tag","embeddable":true,"href":"https:\/\/revistaautobus.com.br\/index.php?rest_route=%2Fwp%2Fv2%2Ftags&post=5900"}],"curies":[{"name":"wp","href":"https:\/\/api.w.org\/{rel}","templated":true}]}}