{"id":5909,"date":"2022-03-11T09:09:24","date_gmt":"2022-03-11T12:09:24","guid":{"rendered":"https:\/\/revistaautobus.com.br\/?p=5909"},"modified":"2022-03-11T09:09:26","modified_gmt":"2022-03-11T12:09:26","slug":"grupo-garcia-brasil-sul-evolui-em-oito-anos","status":"publish","type":"post","link":"https:\/\/revistaautobus.com.br\/?p=5909","title":{"rendered":"Grupo Garcia Brasil Sul evolui em oito anos"},"content":{"rendered":"\n<p class=\"has-drop-cap\">Ap\u00f3s oito anos de fus\u00e3o, o grupo paranaense de transporte de passageiros, um dos mais renomados do setor, destaca a uni\u00e3o entre duas grandes empresas de \u00f4nibus \u2013 a Via\u00e7\u00e3o Garcia e a Brasil Sul. Tal a\u00e7\u00e3o se deu em 2014, quando ent\u00e3o, a Garcia completava 80 anos em meio a uma grave crise financeira e a Brasil Sul, criada em 2004, estava em franca ascens\u00e3o. Foi algo inusitado, pois a empresa de menor porte adquiriu a sua maior concorrente e o resultado que se v\u00ea agora \u00e9 uma s\u00f3lida companhia reinventada a partir dessa sinergia, unindo a tradi\u00e7\u00e3o de uma \u00e0 modernidade da outra.<\/p>\n\n\n\n<p>Para o vice-presidente do Grupo GBS, Estefano Boiko Jr, os desafios da fus\u00e3o foram, antes de mais nada, equacionar as finan\u00e7as da empresa, j\u00e1 que a Garcia tinha um passivo elevado naquele momento. \u201cTamb\u00e9m foi um grande obst\u00e1culo integrar as culturas das duas empresas, at\u00e9 ent\u00e3o concorrentes. Tivemos que vencer uma certa resist\u00eancia entre os colaboradores para compatibilizar a gest\u00e3o\u201d, relembrou.<\/p>\n\n\n\n<p>Ap\u00f3s um profundo processo de saneamento financeiro, a nova administra\u00e7\u00e3o teve participa\u00e7\u00e3o fundamental na recupera\u00e7\u00e3o da empresa, com a ado\u00e7\u00e3o de medidas para a redu\u00e7\u00e3o de custos, corte de desperd\u00edcios e otimiza\u00e7\u00e3o da frota. Hoje, o Grupo possui 2,5 mil colaboradores, atuando em sete Estados, transportando mais de 22 milh\u00f5es de passageiros por ano. De 2014 at\u00e9 o momento, as empresas adquiriram 675 \u00f4nibus, com investimento de R$ 440 milh\u00f5es e uma moderna sede come\u00e7ar\u00e1 a ser constru\u00edda em Londrina, sendo uma obra de 16 mil m\u00b2 ao custo de R$ 40 milh\u00f5es.<\/p>\n\n\n\n<p>A recente renova\u00e7\u00e3o da frota (ano passado) envolveu 118 \u00f4nibus de \u00faltima gera\u00e7\u00e3o (G8 Marcopolo com chassi Mercedes-Benz), com um investimento que superou R$ 111 milh\u00f5es. Dos novos \u00f4nibus, 31 j\u00e1 est\u00e3o em opera\u00e7\u00e3o e, em um prazo de tr\u00eas meses, outros 87 passar\u00e3o a rodar nas estradas. S\u00e3o modelos Paradiso 1800 Double Decker, Viaggio e Torino Plus, produzidos pela encarro\u00e7adora Marcopolo. \u201cMuito al\u00e9m de uma quest\u00e3o est\u00e9tica, a nova frota traz mais seguran\u00e7a \u00e0s viagens. Os \u00f4nibus contam com sensores de acompanhamento das faixas da rodovia, rastreamento em tempo real, sistema autom\u00e1tico de frenagem. Os motoristas s\u00e3o treinados e capacitados permanentemente para conduzir estes ve\u00edculos de nov\u00edssima gera\u00e7\u00e3o\u201d, enfatizou Jos\u00e9 Boiko, presidente do Grupo.<\/p>\n\n\n\n<p>Imagem &#8211; Divulga\u00e7\u00e3o<\/p>\n","protected":false},"excerpt":{"rendered":"<p>Ap\u00f3s um profundo processo de saneamento financeiro, a nova administra\u00e7\u00e3o teve participa\u00e7\u00e3o fundamental na recupera\u00e7\u00e3o da empresa, com a ado\u00e7\u00e3o de medidas para a redu\u00e7\u00e3o de custos<\/p>\n","protected":false},"author":2,"featured_media":5910,"comment_status":"open","ping_status":"open","sticky":false,"template":"","format":"standard","meta":{"_et_pb_use_builder":"off","_et_pb_old_content":"","_et_gb_content_width":"","_jetpack_memberships_contains_paid_content":false,"footnotes":""},"categories":[90],"tags":[237,84,156],"class_list":["post-5909","post","type-post","status-publish","format-standard","has-post-thumbnail","hentry","category-noticias","tag-brasil-sul","tag-marcopolo","tag-viacao-garcia","et-has-post-format-content","et_post_format-et-post-format-standard"],"yoast_head":"<!-- This site is optimized with the Yoast SEO plugin v27.2 - https:\/\/yoast.com\/product\/yoast-seo-wordpress\/ -->\n<title>Grupo Garcia Brasil Sul evolui em oito anos - Revista AutoBus<\/title>\n<meta name=\"robots\" content=\"index, follow, max-snippet:-1, max-image-preview:large, max-video-preview:-1\" \/>\n<link rel=\"canonical\" href=\"https:\/\/revistaautobus.com.br\/?p=5909\" \/>\n<meta property=\"og:locale\" content=\"pt_BR\" \/>\n<meta property=\"og:type\" content=\"article\" \/>\n<meta property=\"og:title\" content=\"Grupo Garcia Brasil Sul evolui em oito anos - Revista AutoBus\" \/>\n<meta property=\"og:description\" content=\"Ap\u00f3s um profundo processo de saneamento financeiro, a nova administra\u00e7\u00e3o teve participa\u00e7\u00e3o fundamental na recupera\u00e7\u00e3o da empresa, com a ado\u00e7\u00e3o de medidas para a redu\u00e7\u00e3o de custos\" \/>\n<meta property=\"og:url\" content=\"https:\/\/revistaautobus.com.br\/?p=5909\" \/>\n<meta property=\"og:site_name\" content=\"Revista AutoBus\" \/>\n<meta property=\"article:publisher\" content=\"https:\/\/www.facebook.com\/antonio.ferro.3150\" \/>\n<meta property=\"article:published_time\" content=\"2022-03-11T12:09:24+00:00\" \/>\n<meta property=\"article:modified_time\" content=\"2022-03-11T12:09:26+00:00\" \/>\n<meta property=\"og:image\" content=\"https:\/\/revistaautobus.com.br\/wp-content\/uploads\/2022\/03\/release_VG_BS_01.jpg\" \/>\n\t<meta property=\"og:image:width\" content=\"1000\" \/>\n\t<meta property=\"og:image:height\" content=\"267\" \/>\n\t<meta property=\"og:image:type\" content=\"image\/jpeg\" \/>\n<meta name=\"author\" content=\"Antonio Ferro\" \/>\n<meta name=\"twitter:card\" content=\"summary_large_image\" \/>\n<meta name=\"twitter:label1\" content=\"Escrito por\" \/>\n\t<meta name=\"twitter:data1\" content=\"Antonio Ferro\" \/>\n\t<meta name=\"twitter:label2\" content=\"Est. tempo de leitura\" \/>\n\t<meta name=\"twitter:data2\" content=\"2 minutos\" \/>\n<script type=\"application\/ld+json\" class=\"yoast-schema-graph\">{\"@context\":\"https:\/\/schema.org\",\"@graph\":[{\"@type\":\"Article\",\"@id\":\"https:\/\/revistaautobus.com.br\/?p=5909#article\",\"isPartOf\":{\"@id\":\"https:\/\/revistaautobus.com.br\/?p=5909\"},\"author\":{\"name\":\"Antonio Ferro\",\"@id\":\"https:\/\/revistaautobus.com.br\/#\/schema\/person\/54af7c3eb83a310e42ef686ef6d16f50\"},\"headline\":\"Grupo Garcia Brasil Sul evolui em oito anos\",\"datePublished\":\"2022-03-11T12:09:24+00:00\",\"dateModified\":\"2022-03-11T12:09:26+00:00\",\"mainEntityOfPage\":{\"@id\":\"https:\/\/revistaautobus.com.br\/?p=5909\"},\"wordCount\":415,\"commentCount\":0,\"publisher\":{\"@id\":\"https:\/\/revistaautobus.com.br\/#organization\"},\"image\":{\"@id\":\"https:\/\/revistaautobus.com.br\/?p=5909#primaryimage\"},\"thumbnailUrl\":\"https:\/\/revistaautobus.com.br\/wp-content\/uploads\/2022\/03\/release_VG_BS_01.jpg\",\"keywords\":[\"Brasil Sul\",\"Marcopolo\",\"Via\u00e7\u00e3o Garcia\"],\"articleSection\":[\"Not\u00edcias\"],\"inLanguage\":\"pt-BR\",\"potentialAction\":[{\"@type\":\"CommentAction\",\"name\":\"Comment\",\"target\":[\"https:\/\/revistaautobus.com.br\/?p=5909#respond\"]}]},{\"@type\":\"WebPage\",\"@id\":\"https:\/\/revistaautobus.com.br\/?p=5909\",\"url\":\"https:\/\/revistaautobus.com.br\/?p=5909\",\"name\":\"Grupo Garcia Brasil Sul evolui em oito anos - Revista AutoBus\",\"isPartOf\":{\"@id\":\"https:\/\/revistaautobus.com.br\/#website\"},\"primaryImageOfPage\":{\"@id\":\"https:\/\/revistaautobus.com.br\/?p=5909#primaryimage\"},\"image\":{\"@id\":\"https:\/\/revistaautobus.com.br\/?p=5909#primaryimage\"},\"thumbnailUrl\":\"https:\/\/revistaautobus.com.br\/wp-content\/uploads\/2022\/03\/release_VG_BS_01.jpg\",\"datePublished\":\"2022-03-11T12:09:24+00:00\",\"dateModified\":\"2022-03-11T12:09:26+00:00\",\"breadcrumb\":{\"@id\":\"https:\/\/revistaautobus.com.br\/?p=5909#breadcrumb\"},\"inLanguage\":\"pt-BR\",\"potentialAction\":[{\"@type\":\"ReadAction\",\"target\":[\"https:\/\/revistaautobus.com.br\/?p=5909\"]}]},{\"@type\":\"ImageObject\",\"inLanguage\":\"pt-BR\",\"@id\":\"https:\/\/revistaautobus.com.br\/?p=5909#primaryimage\",\"url\":\"https:\/\/revistaautobus.com.br\/wp-content\/uploads\/2022\/03\/release_VG_BS_01.jpg\",\"contentUrl\":\"https:\/\/revistaautobus.com.br\/wp-content\/uploads\/2022\/03\/release_VG_BS_01.jpg\",\"width\":1000,\"height\":267},{\"@type\":\"BreadcrumbList\",\"@id\":\"https:\/\/revistaautobus.com.br\/?p=5909#breadcrumb\",\"itemListElement\":[{\"@type\":\"ListItem\",\"position\":1,\"name\":\"In\u00edcio\",\"item\":\"https:\/\/revistaautobus.com.br\/\"},{\"@type\":\"ListItem\",\"position\":2,\"name\":\"Grupo Garcia Brasil Sul evolui em oito anos\"}]},{\"@type\":\"WebSite\",\"@id\":\"https:\/\/revistaautobus.com.br\/#website\",\"url\":\"https:\/\/revistaautobus.com.br\/\",\"name\":\"Revista AutoBus\",\"description\":\"\",\"publisher\":{\"@id\":\"https:\/\/revistaautobus.com.br\/#organization\"},\"potentialAction\":[{\"@type\":\"SearchAction\",\"target\":{\"@type\":\"EntryPoint\",\"urlTemplate\":\"https:\/\/revistaautobus.com.br\/?s={search_term_string}\"},\"query-input\":{\"@type\":\"PropertyValueSpecification\",\"valueRequired\":true,\"valueName\":\"search_term_string\"}}],\"inLanguage\":\"pt-BR\"},{\"@type\":\"Organization\",\"@id\":\"https:\/\/revistaautobus.com.br\/#organization\",\"name\":\"Revista AutoBus\",\"url\":\"https:\/\/revistaautobus.com.br\/\",\"logo\":{\"@type\":\"ImageObject\",\"inLanguage\":\"pt-BR\",\"@id\":\"https:\/\/revistaautobus.com.br\/#\/schema\/logo\/image\/\",\"url\":\"https:\/\/revistaautobus.com.br\/wp-content\/uploads\/2024\/11\/logo_revista_autobus_fb.png\",\"contentUrl\":\"https:\/\/revistaautobus.com.br\/wp-content\/uploads\/2024\/11\/logo_revista_autobus_fb.png\",\"width\":836,\"height\":227,\"caption\":\"Revista AutoBus\"},\"image\":{\"@id\":\"https:\/\/revistaautobus.com.br\/#\/schema\/logo\/image\/\"},\"sameAs\":[\"https:\/\/www.facebook.com\/antonio.ferro.3150\",\"https:\/\/www.instagram.com\/revistaautobus\/\"]},{\"@type\":\"Person\",\"@id\":\"https:\/\/revistaautobus.com.br\/#\/schema\/person\/54af7c3eb83a310e42ef686ef6d16f50\",\"name\":\"Antonio Ferro\",\"image\":{\"@type\":\"ImageObject\",\"inLanguage\":\"pt-BR\",\"@id\":\"https:\/\/revistaautobus.com.br\/wp-content\/uploads\/2025\/12\/editor_antonio_ferro-150x150.jpg\",\"url\":\"https:\/\/revistaautobus.com.br\/wp-content\/uploads\/2025\/12\/editor_antonio_ferro-150x150.jpg\",\"contentUrl\":\"https:\/\/revistaautobus.com.br\/wp-content\/uploads\/2025\/12\/editor_antonio_ferro-150x150.jpg\",\"caption\":\"Antonio Ferro\"},\"description\":\"infobus@uol.com.br\",\"url\":\"https:\/\/revistaautobus.com.br\/?author=2\"}]}<\/script>\n<!-- \/ Yoast SEO plugin. -->","yoast_head_json":{"title":"Grupo Garcia Brasil Sul evolui em oito anos - Revista AutoBus","robots":{"index":"index","follow":"follow","max-snippet":"max-snippet:-1","max-image-preview":"max-image-preview:large","max-video-preview":"max-video-preview:-1"},"canonical":"https:\/\/revistaautobus.com.br\/?p=5909","og_locale":"pt_BR","og_type":"article","og_title":"Grupo Garcia Brasil Sul evolui em oito anos - Revista AutoBus","og_description":"Ap\u00f3s um profundo processo de saneamento financeiro, a nova administra\u00e7\u00e3o teve participa\u00e7\u00e3o fundamental na recupera\u00e7\u00e3o da empresa, com a ado\u00e7\u00e3o de medidas para a redu\u00e7\u00e3o de custos","og_url":"https:\/\/revistaautobus.com.br\/?p=5909","og_site_name":"Revista AutoBus","article_publisher":"https:\/\/www.facebook.com\/antonio.ferro.3150","article_published_time":"2022-03-11T12:09:24+00:00","article_modified_time":"2022-03-11T12:09:26+00:00","og_image":[{"width":1000,"height":267,"url":"https:\/\/revistaautobus.com.br\/wp-content\/uploads\/2022\/03\/release_VG_BS_01.jpg","type":"image\/jpeg"}],"author":"Antonio Ferro","twitter_card":"summary_large_image","twitter_misc":{"Escrito por":"Antonio Ferro","Est. tempo de leitura":"2 minutos"},"schema":{"@context":"https:\/\/schema.org","@graph":[{"@type":"Article","@id":"https:\/\/revistaautobus.com.br\/?p=5909#article","isPartOf":{"@id":"https:\/\/revistaautobus.com.br\/?p=5909"},"author":{"name":"Antonio Ferro","@id":"https:\/\/revistaautobus.com.br\/#\/schema\/person\/54af7c3eb83a310e42ef686ef6d16f50"},"headline":"Grupo Garcia Brasil Sul evolui em oito anos","datePublished":"2022-03-11T12:09:24+00:00","dateModified":"2022-03-11T12:09:26+00:00","mainEntityOfPage":{"@id":"https:\/\/revistaautobus.com.br\/?p=5909"},"wordCount":415,"commentCount":0,"publisher":{"@id":"https:\/\/revistaautobus.com.br\/#organization"},"image":{"@id":"https:\/\/revistaautobus.com.br\/?p=5909#primaryimage"},"thumbnailUrl":"https:\/\/revistaautobus.com.br\/wp-content\/uploads\/2022\/03\/release_VG_BS_01.jpg","keywords":["Brasil Sul","Marcopolo","Via\u00e7\u00e3o Garcia"],"articleSection":["Not\u00edcias"],"inLanguage":"pt-BR","potentialAction":[{"@type":"CommentAction","name":"Comment","target":["https:\/\/revistaautobus.com.br\/?p=5909#respond"]}]},{"@type":"WebPage","@id":"https:\/\/revistaautobus.com.br\/?p=5909","url":"https:\/\/revistaautobus.com.br\/?p=5909","name":"Grupo Garcia Brasil Sul evolui em oito anos - Revista AutoBus","isPartOf":{"@id":"https:\/\/revistaautobus.com.br\/#website"},"primaryImageOfPage":{"@id":"https:\/\/revistaautobus.com.br\/?p=5909#primaryimage"},"image":{"@id":"https:\/\/revistaautobus.com.br\/?p=5909#primaryimage"},"thumbnailUrl":"https:\/\/revistaautobus.com.br\/wp-content\/uploads\/2022\/03\/release_VG_BS_01.jpg","datePublished":"2022-03-11T12:09:24+00:00","dateModified":"2022-03-11T12:09:26+00:00","breadcrumb":{"@id":"https:\/\/revistaautobus.com.br\/?p=5909#breadcrumb"},"inLanguage":"pt-BR","potentialAction":[{"@type":"ReadAction","target":["https:\/\/revistaautobus.com.br\/?p=5909"]}]},{"@type":"ImageObject","inLanguage":"pt-BR","@id":"https:\/\/revistaautobus.com.br\/?p=5909#primaryimage","url":"https:\/\/revistaautobus.com.br\/wp-content\/uploads\/2022\/03\/release_VG_BS_01.jpg","contentUrl":"https:\/\/revistaautobus.com.br\/wp-content\/uploads\/2022\/03\/release_VG_BS_01.jpg","width":1000,"height":267},{"@type":"BreadcrumbList","@id":"https:\/\/revistaautobus.com.br\/?p=5909#breadcrumb","itemListElement":[{"@type":"ListItem","position":1,"name":"In\u00edcio","item":"https:\/\/revistaautobus.com.br\/"},{"@type":"ListItem","position":2,"name":"Grupo Garcia Brasil Sul evolui em oito anos"}]},{"@type":"WebSite","@id":"https:\/\/revistaautobus.com.br\/#website","url":"https:\/\/revistaautobus.com.br\/","name":"Revista AutoBus","description":"","publisher":{"@id":"https:\/\/revistaautobus.com.br\/#organization"},"potentialAction":[{"@type":"SearchAction","target":{"@type":"EntryPoint","urlTemplate":"https:\/\/revistaautobus.com.br\/?s={search_term_string}"},"query-input":{"@type":"PropertyValueSpecification","valueRequired":true,"valueName":"search_term_string"}}],"inLanguage":"pt-BR"},{"@type":"Organization","@id":"https:\/\/revistaautobus.com.br\/#organization","name":"Revista AutoBus","url":"https:\/\/revistaautobus.com.br\/","logo":{"@type":"ImageObject","inLanguage":"pt-BR","@id":"https:\/\/revistaautobus.com.br\/#\/schema\/logo\/image\/","url":"https:\/\/revistaautobus.com.br\/wp-content\/uploads\/2024\/11\/logo_revista_autobus_fb.png","contentUrl":"https:\/\/revistaautobus.com.br\/wp-content\/uploads\/2024\/11\/logo_revista_autobus_fb.png","width":836,"height":227,"caption":"Revista AutoBus"},"image":{"@id":"https:\/\/revistaautobus.com.br\/#\/schema\/logo\/image\/"},"sameAs":["https:\/\/www.facebook.com\/antonio.ferro.3150","https:\/\/www.instagram.com\/revistaautobus\/"]},{"@type":"Person","@id":"https:\/\/revistaautobus.com.br\/#\/schema\/person\/54af7c3eb83a310e42ef686ef6d16f50","name":"Antonio Ferro","image":{"@type":"ImageObject","inLanguage":"pt-BR","@id":"https:\/\/revistaautobus.com.br\/wp-content\/uploads\/2025\/12\/editor_antonio_ferro-150x150.jpg","url":"https:\/\/revistaautobus.com.br\/wp-content\/uploads\/2025\/12\/editor_antonio_ferro-150x150.jpg","contentUrl":"https:\/\/revistaautobus.com.br\/wp-content\/uploads\/2025\/12\/editor_antonio_ferro-150x150.jpg","caption":"Antonio Ferro"},"description":"infobus@uol.com.br","url":"https:\/\/revistaautobus.com.br\/?author=2"}]}},"jetpack_featured_media_url":"https:\/\/revistaautobus.com.br\/wp-content\/uploads\/2022\/03\/release_VG_BS_01.jpg","jetpack_sharing_enabled":true,"_links":{"self":[{"href":"https:\/\/revistaautobus.com.br\/index.php?rest_route=\/wp\/v2\/posts\/5909","targetHints":{"allow":["GET"]}}],"collection":[{"href":"https:\/\/revistaautobus.com.br\/index.php?rest_route=\/wp\/v2\/posts"}],"about":[{"href":"https:\/\/revistaautobus.com.br\/index.php?rest_route=\/wp\/v2\/types\/post"}],"author":[{"embeddable":true,"href":"https:\/\/revistaautobus.com.br\/index.php?rest_route=\/wp\/v2\/users\/2"}],"replies":[{"embeddable":true,"href":"https:\/\/revistaautobus.com.br\/index.php?rest_route=%2Fwp%2Fv2%2Fcomments&post=5909"}],"version-history":[{"count":2,"href":"https:\/\/revistaautobus.com.br\/index.php?rest_route=\/wp\/v2\/posts\/5909\/revisions"}],"predecessor-version":[{"id":5912,"href":"https:\/\/revistaautobus.com.br\/index.php?rest_route=\/wp\/v2\/posts\/5909\/revisions\/5912"}],"wp:featuredmedia":[{"embeddable":true,"href":"https:\/\/revistaautobus.com.br\/index.php?rest_route=\/wp\/v2\/media\/5910"}],"wp:attachment":[{"href":"https:\/\/revistaautobus.com.br\/index.php?rest_route=%2Fwp%2Fv2%2Fmedia&parent=5909"}],"wp:term":[{"taxonomy":"category","embeddable":true,"href":"https:\/\/revistaautobus.com.br\/index.php?rest_route=%2Fwp%2Fv2%2Fcategories&post=5909"},{"taxonomy":"post_tag","embeddable":true,"href":"https:\/\/revistaautobus.com.br\/index.php?rest_route=%2Fwp%2Fv2%2Ftags&post=5909"}],"curies":[{"name":"wp","href":"https:\/\/api.w.org\/{rel}","templated":true}]}}