{"id":5948,"date":"2022-03-18T09:45:46","date_gmt":"2022-03-18T12:45:46","guid":{"rendered":"https:\/\/revistaautobus.com.br\/?p=5948"},"modified":"2022-03-18T09:45:49","modified_gmt":"2022-03-18T12:45:49","slug":"do-fundo-do-bau","status":"publish","type":"post","link":"https:\/\/revistaautobus.com.br\/?p=5948","title":{"rendered":"Do fundo do ba\u00fa"},"content":{"rendered":"\n<p class=\"has-drop-cap\">Em meados da d\u00e9cada de 1960, a Mercedes-Benz, j\u00e1 consagrada no mercado brasileiro de ve\u00edculos comerciais, tem, em sua gama de produtos para \u00f4nibus o chassi LP 321 e o monobloco O-321, com vers\u00f5es estradeira e urbana. Eram modelos equipados com motores de 120 cv de pot\u00eancia e idealizados para opera\u00e7\u00f5es em rotas de curtas e m\u00e9dias dist\u00e2ncias. Por\u00e9m, isso n\u00e3o queria dizer que n\u00e3o estavam aptos para as aplica\u00e7\u00f5es em linhas de longas dist\u00e2ncias. Pelo contr\u00e1rio, pois os ve\u00edculos Mercedes-Benz eram reconhecidos pela confiabilidade e desempenho.<\/p>\n\n\n\n<p>Contudo, a montadora resolveu investir em um novo modelo de chassi naquele per\u00edodo, visando ampliar sua linha de produtos para o transporte de passageiros e se igualar \u00e0 concorr\u00eancia, que dispunha de um ve\u00edculo pesado, com uma configura\u00e7\u00e3o ideal para as opera\u00e7\u00f5es estradeiras. Com isso, surge o modelo LPO 331, derivado do caminh\u00e3o de mesma sigla, dotado de um motor maior, com mais pot\u00eancia \u2013 200 cv -, seis marchas, freio motor a ar comprimido e comprimento de 10,35 metros.<\/p>\n\n\n\n<p>Mas, desculpe-me a Mercedes-Benz, ela cometeu um pecado com o seu, ent\u00e3o, novo chassi, pois n\u00e3o observava os princ\u00edpios construtivos visando o conceito para o transporte de passageiros \u2013 suspens\u00e3o macia, transmiss\u00e3o suave, motor silencioso e altura mais baixa do quadro do chassi. O LPO 331 praticamente era o caminh\u00e3o sem a sua cabine, pronto para receber a carro\u00e7aria de um \u00f4nibus.<\/p>\n\n\n\n<p>Se o objetivo foi alinhar-se com a sua principal concorrente &#8211; a Scania e seu chassi B75 -, na pr\u00e1tica, isso n\u00e3o teve resultado, pois o ve\u00edculo da marca sueca j\u00e1 nascera sob a orienta\u00e7\u00e3o do projeto para ser um \u00f4nibus e n\u00e3o simplesmente um modelo para transportar cargas.<\/p>\n\n\n\n<p>Claro que a concep\u00e7\u00e3o do chassi n\u00e3o deve receber apenas cr\u00edticas, pois marcou a introdu\u00e7\u00e3o de motor maior e de alta pot\u00eancia nos \u00f4nibus da marca, para a \u00e9poca, precedendo outro modelo que alcan\u00e7aria grande sucesso no mercado \u2013 o monobloco O-326. Com certeza foi um per\u00edodo em que Mercedes-Benz pode tirar uma li\u00e7\u00e3o positiva com o seu produto.<\/p>\n\n\n\n<p>Imagem &#8211; Acervo Tony Belviso<\/p>\n","protected":false},"excerpt":{"rendered":"<p>Com o objetivo de alinhar-se com a sua principal concorrente &#8211; a Scania e seu chassi B75 &#8211; a Mercedes- Benz tinha o modelo LPO 331 <\/p>\n","protected":false},"author":2,"featured_media":5949,"comment_status":"open","ping_status":"open","sticky":false,"template":"","format":"standard","meta":{"_et_pb_use_builder":"off","_et_pb_old_content":"","_et_gb_content_width":"","_jetpack_memberships_contains_paid_content":false,"footnotes":""},"categories":[6],"tags":[17],"class_list":["post-5948","post","type-post","status-publish","format-standard","has-post-thumbnail","hentry","category-das-antigas","tag-mercedes-benz","et-has-post-format-content","et_post_format-et-post-format-standard"],"yoast_head":"<!-- This site is optimized with the Yoast SEO plugin v27.2 - https:\/\/yoast.com\/product\/yoast-seo-wordpress\/ -->\n<title>Do fundo do ba\u00fa - Revista AutoBus<\/title>\n<meta name=\"robots\" content=\"index, follow, max-snippet:-1, max-image-preview:large, max-video-preview:-1\" \/>\n<link rel=\"canonical\" href=\"https:\/\/revistaautobus.com.br\/?p=5948\" \/>\n<meta property=\"og:locale\" content=\"pt_BR\" \/>\n<meta property=\"og:type\" content=\"article\" \/>\n<meta property=\"og:title\" content=\"Do fundo do ba\u00fa - Revista AutoBus\" \/>\n<meta property=\"og:description\" content=\"Com o objetivo de alinhar-se com a sua principal concorrente - a Scania e seu chassi B75 - a Mercedes- Benz tinha o modelo LPO 331\" \/>\n<meta property=\"og:url\" content=\"https:\/\/revistaautobus.com.br\/?p=5948\" \/>\n<meta property=\"og:site_name\" content=\"Revista AutoBus\" \/>\n<meta property=\"article:publisher\" content=\"https:\/\/www.facebook.com\/antonio.ferro.3150\" \/>\n<meta property=\"article:published_time\" content=\"2022-03-18T12:45:46+00:00\" \/>\n<meta property=\"article:modified_time\" content=\"2022-03-18T12:45:49+00:00\" \/>\n<meta property=\"og:image\" content=\"https:\/\/revistaautobus.com.br\/wp-content\/uploads\/2022\/03\/Chassi-LPO-331-MB.jpg\" \/>\n\t<meta property=\"og:image:width\" content=\"1000\" \/>\n\t<meta property=\"og:image:height\" content=\"1332\" \/>\n\t<meta property=\"og:image:type\" content=\"image\/jpeg\" \/>\n<meta name=\"author\" content=\"Antonio Ferro\" \/>\n<meta name=\"twitter:card\" content=\"summary_large_image\" \/>\n<meta name=\"twitter:label1\" content=\"Escrito por\" \/>\n\t<meta name=\"twitter:data1\" content=\"Antonio Ferro\" \/>\n\t<meta name=\"twitter:label2\" content=\"Est. tempo de leitura\" \/>\n\t<meta name=\"twitter:data2\" content=\"2 minutos\" \/>\n<script type=\"application\/ld+json\" class=\"yoast-schema-graph\">{\"@context\":\"https:\/\/schema.org\",\"@graph\":[{\"@type\":\"Article\",\"@id\":\"https:\/\/revistaautobus.com.br\/?p=5948#article\",\"isPartOf\":{\"@id\":\"https:\/\/revistaautobus.com.br\/?p=5948\"},\"author\":{\"name\":\"Antonio Ferro\",\"@id\":\"https:\/\/revistaautobus.com.br\/#\/schema\/person\/54af7c3eb83a310e42ef686ef6d16f50\"},\"headline\":\"Do fundo do ba\u00fa\",\"datePublished\":\"2022-03-18T12:45:46+00:00\",\"dateModified\":\"2022-03-18T12:45:49+00:00\",\"mainEntityOfPage\":{\"@id\":\"https:\/\/revistaautobus.com.br\/?p=5948\"},\"wordCount\":376,\"commentCount\":0,\"publisher\":{\"@id\":\"https:\/\/revistaautobus.com.br\/#organization\"},\"image\":{\"@id\":\"https:\/\/revistaautobus.com.br\/?p=5948#primaryimage\"},\"thumbnailUrl\":\"https:\/\/revistaautobus.com.br\/wp-content\/uploads\/2022\/03\/Chassi-LPO-331-MB.jpg\",\"keywords\":[\"mercedes-benz\"],\"articleSection\":[\"Das Antigas\"],\"inLanguage\":\"pt-BR\",\"potentialAction\":[{\"@type\":\"CommentAction\",\"name\":\"Comment\",\"target\":[\"https:\/\/revistaautobus.com.br\/?p=5948#respond\"]}]},{\"@type\":\"WebPage\",\"@id\":\"https:\/\/revistaautobus.com.br\/?p=5948\",\"url\":\"https:\/\/revistaautobus.com.br\/?p=5948\",\"name\":\"Do fundo do ba\u00fa - Revista AutoBus\",\"isPartOf\":{\"@id\":\"https:\/\/revistaautobus.com.br\/#website\"},\"primaryImageOfPage\":{\"@id\":\"https:\/\/revistaautobus.com.br\/?p=5948#primaryimage\"},\"image\":{\"@id\":\"https:\/\/revistaautobus.com.br\/?p=5948#primaryimage\"},\"thumbnailUrl\":\"https:\/\/revistaautobus.com.br\/wp-content\/uploads\/2022\/03\/Chassi-LPO-331-MB.jpg\",\"datePublished\":\"2022-03-18T12:45:46+00:00\",\"dateModified\":\"2022-03-18T12:45:49+00:00\",\"breadcrumb\":{\"@id\":\"https:\/\/revistaautobus.com.br\/?p=5948#breadcrumb\"},\"inLanguage\":\"pt-BR\",\"potentialAction\":[{\"@type\":\"ReadAction\",\"target\":[\"https:\/\/revistaautobus.com.br\/?p=5948\"]}]},{\"@type\":\"ImageObject\",\"inLanguage\":\"pt-BR\",\"@id\":\"https:\/\/revistaautobus.com.br\/?p=5948#primaryimage\",\"url\":\"https:\/\/revistaautobus.com.br\/wp-content\/uploads\/2022\/03\/Chassi-LPO-331-MB.jpg\",\"contentUrl\":\"https:\/\/revistaautobus.com.br\/wp-content\/uploads\/2022\/03\/Chassi-LPO-331-MB.jpg\",\"width\":1000,\"height\":1332},{\"@type\":\"BreadcrumbList\",\"@id\":\"https:\/\/revistaautobus.com.br\/?p=5948#breadcrumb\",\"itemListElement\":[{\"@type\":\"ListItem\",\"position\":1,\"name\":\"In\u00edcio\",\"item\":\"https:\/\/revistaautobus.com.br\/\"},{\"@type\":\"ListItem\",\"position\":2,\"name\":\"Do fundo do ba\u00fa\"}]},{\"@type\":\"WebSite\",\"@id\":\"https:\/\/revistaautobus.com.br\/#website\",\"url\":\"https:\/\/revistaautobus.com.br\/\",\"name\":\"Revista AutoBus\",\"description\":\"\",\"publisher\":{\"@id\":\"https:\/\/revistaautobus.com.br\/#organization\"},\"potentialAction\":[{\"@type\":\"SearchAction\",\"target\":{\"@type\":\"EntryPoint\",\"urlTemplate\":\"https:\/\/revistaautobus.com.br\/?s={search_term_string}\"},\"query-input\":{\"@type\":\"PropertyValueSpecification\",\"valueRequired\":true,\"valueName\":\"search_term_string\"}}],\"inLanguage\":\"pt-BR\"},{\"@type\":\"Organization\",\"@id\":\"https:\/\/revistaautobus.com.br\/#organization\",\"name\":\"Revista AutoBus\",\"url\":\"https:\/\/revistaautobus.com.br\/\",\"logo\":{\"@type\":\"ImageObject\",\"inLanguage\":\"pt-BR\",\"@id\":\"https:\/\/revistaautobus.com.br\/#\/schema\/logo\/image\/\",\"url\":\"https:\/\/revistaautobus.com.br\/wp-content\/uploads\/2024\/11\/logo_revista_autobus_fb.png\",\"contentUrl\":\"https:\/\/revistaautobus.com.br\/wp-content\/uploads\/2024\/11\/logo_revista_autobus_fb.png\",\"width\":836,\"height\":227,\"caption\":\"Revista AutoBus\"},\"image\":{\"@id\":\"https:\/\/revistaautobus.com.br\/#\/schema\/logo\/image\/\"},\"sameAs\":[\"https:\/\/www.facebook.com\/antonio.ferro.3150\",\"https:\/\/www.instagram.com\/revistaautobus\/\"]},{\"@type\":\"Person\",\"@id\":\"https:\/\/revistaautobus.com.br\/#\/schema\/person\/54af7c3eb83a310e42ef686ef6d16f50\",\"name\":\"Antonio Ferro\",\"image\":{\"@type\":\"ImageObject\",\"inLanguage\":\"pt-BR\",\"@id\":\"https:\/\/revistaautobus.com.br\/wp-content\/uploads\/2025\/12\/editor_antonio_ferro-150x150.jpg\",\"url\":\"https:\/\/revistaautobus.com.br\/wp-content\/uploads\/2025\/12\/editor_antonio_ferro-150x150.jpg\",\"contentUrl\":\"https:\/\/revistaautobus.com.br\/wp-content\/uploads\/2025\/12\/editor_antonio_ferro-150x150.jpg\",\"caption\":\"Antonio Ferro\"},\"description\":\"infobus@uol.com.br\",\"url\":\"https:\/\/revistaautobus.com.br\/?author=2\"}]}<\/script>\n<!-- \/ Yoast SEO plugin. -->","yoast_head_json":{"title":"Do fundo do ba\u00fa - Revista AutoBus","robots":{"index":"index","follow":"follow","max-snippet":"max-snippet:-1","max-image-preview":"max-image-preview:large","max-video-preview":"max-video-preview:-1"},"canonical":"https:\/\/revistaautobus.com.br\/?p=5948","og_locale":"pt_BR","og_type":"article","og_title":"Do fundo do ba\u00fa - Revista AutoBus","og_description":"Com o objetivo de alinhar-se com a sua principal concorrente - a Scania e seu chassi B75 - a Mercedes- Benz tinha o modelo LPO 331","og_url":"https:\/\/revistaautobus.com.br\/?p=5948","og_site_name":"Revista AutoBus","article_publisher":"https:\/\/www.facebook.com\/antonio.ferro.3150","article_published_time":"2022-03-18T12:45:46+00:00","article_modified_time":"2022-03-18T12:45:49+00:00","og_image":[{"width":1000,"height":1332,"url":"https:\/\/revistaautobus.com.br\/wp-content\/uploads\/2022\/03\/Chassi-LPO-331-MB.jpg","type":"image\/jpeg"}],"author":"Antonio Ferro","twitter_card":"summary_large_image","twitter_misc":{"Escrito por":"Antonio Ferro","Est. tempo de leitura":"2 minutos"},"schema":{"@context":"https:\/\/schema.org","@graph":[{"@type":"Article","@id":"https:\/\/revistaautobus.com.br\/?p=5948#article","isPartOf":{"@id":"https:\/\/revistaautobus.com.br\/?p=5948"},"author":{"name":"Antonio Ferro","@id":"https:\/\/revistaautobus.com.br\/#\/schema\/person\/54af7c3eb83a310e42ef686ef6d16f50"},"headline":"Do fundo do ba\u00fa","datePublished":"2022-03-18T12:45:46+00:00","dateModified":"2022-03-18T12:45:49+00:00","mainEntityOfPage":{"@id":"https:\/\/revistaautobus.com.br\/?p=5948"},"wordCount":376,"commentCount":0,"publisher":{"@id":"https:\/\/revistaautobus.com.br\/#organization"},"image":{"@id":"https:\/\/revistaautobus.com.br\/?p=5948#primaryimage"},"thumbnailUrl":"https:\/\/revistaautobus.com.br\/wp-content\/uploads\/2022\/03\/Chassi-LPO-331-MB.jpg","keywords":["mercedes-benz"],"articleSection":["Das Antigas"],"inLanguage":"pt-BR","potentialAction":[{"@type":"CommentAction","name":"Comment","target":["https:\/\/revistaautobus.com.br\/?p=5948#respond"]}]},{"@type":"WebPage","@id":"https:\/\/revistaautobus.com.br\/?p=5948","url":"https:\/\/revistaautobus.com.br\/?p=5948","name":"Do fundo do ba\u00fa - Revista AutoBus","isPartOf":{"@id":"https:\/\/revistaautobus.com.br\/#website"},"primaryImageOfPage":{"@id":"https:\/\/revistaautobus.com.br\/?p=5948#primaryimage"},"image":{"@id":"https:\/\/revistaautobus.com.br\/?p=5948#primaryimage"},"thumbnailUrl":"https:\/\/revistaautobus.com.br\/wp-content\/uploads\/2022\/03\/Chassi-LPO-331-MB.jpg","datePublished":"2022-03-18T12:45:46+00:00","dateModified":"2022-03-18T12:45:49+00:00","breadcrumb":{"@id":"https:\/\/revistaautobus.com.br\/?p=5948#breadcrumb"},"inLanguage":"pt-BR","potentialAction":[{"@type":"ReadAction","target":["https:\/\/revistaautobus.com.br\/?p=5948"]}]},{"@type":"ImageObject","inLanguage":"pt-BR","@id":"https:\/\/revistaautobus.com.br\/?p=5948#primaryimage","url":"https:\/\/revistaautobus.com.br\/wp-content\/uploads\/2022\/03\/Chassi-LPO-331-MB.jpg","contentUrl":"https:\/\/revistaautobus.com.br\/wp-content\/uploads\/2022\/03\/Chassi-LPO-331-MB.jpg","width":1000,"height":1332},{"@type":"BreadcrumbList","@id":"https:\/\/revistaautobus.com.br\/?p=5948#breadcrumb","itemListElement":[{"@type":"ListItem","position":1,"name":"In\u00edcio","item":"https:\/\/revistaautobus.com.br\/"},{"@type":"ListItem","position":2,"name":"Do fundo do ba\u00fa"}]},{"@type":"WebSite","@id":"https:\/\/revistaautobus.com.br\/#website","url":"https:\/\/revistaautobus.com.br\/","name":"Revista AutoBus","description":"","publisher":{"@id":"https:\/\/revistaautobus.com.br\/#organization"},"potentialAction":[{"@type":"SearchAction","target":{"@type":"EntryPoint","urlTemplate":"https:\/\/revistaautobus.com.br\/?s={search_term_string}"},"query-input":{"@type":"PropertyValueSpecification","valueRequired":true,"valueName":"search_term_string"}}],"inLanguage":"pt-BR"},{"@type":"Organization","@id":"https:\/\/revistaautobus.com.br\/#organization","name":"Revista AutoBus","url":"https:\/\/revistaautobus.com.br\/","logo":{"@type":"ImageObject","inLanguage":"pt-BR","@id":"https:\/\/revistaautobus.com.br\/#\/schema\/logo\/image\/","url":"https:\/\/revistaautobus.com.br\/wp-content\/uploads\/2024\/11\/logo_revista_autobus_fb.png","contentUrl":"https:\/\/revistaautobus.com.br\/wp-content\/uploads\/2024\/11\/logo_revista_autobus_fb.png","width":836,"height":227,"caption":"Revista AutoBus"},"image":{"@id":"https:\/\/revistaautobus.com.br\/#\/schema\/logo\/image\/"},"sameAs":["https:\/\/www.facebook.com\/antonio.ferro.3150","https:\/\/www.instagram.com\/revistaautobus\/"]},{"@type":"Person","@id":"https:\/\/revistaautobus.com.br\/#\/schema\/person\/54af7c3eb83a310e42ef686ef6d16f50","name":"Antonio Ferro","image":{"@type":"ImageObject","inLanguage":"pt-BR","@id":"https:\/\/revistaautobus.com.br\/wp-content\/uploads\/2025\/12\/editor_antonio_ferro-150x150.jpg","url":"https:\/\/revistaautobus.com.br\/wp-content\/uploads\/2025\/12\/editor_antonio_ferro-150x150.jpg","contentUrl":"https:\/\/revistaautobus.com.br\/wp-content\/uploads\/2025\/12\/editor_antonio_ferro-150x150.jpg","caption":"Antonio Ferro"},"description":"infobus@uol.com.br","url":"https:\/\/revistaautobus.com.br\/?author=2"}]}},"jetpack_featured_media_url":"https:\/\/revistaautobus.com.br\/wp-content\/uploads\/2022\/03\/Chassi-LPO-331-MB.jpg","jetpack_sharing_enabled":true,"_links":{"self":[{"href":"https:\/\/revistaautobus.com.br\/index.php?rest_route=\/wp\/v2\/posts\/5948","targetHints":{"allow":["GET"]}}],"collection":[{"href":"https:\/\/revistaautobus.com.br\/index.php?rest_route=\/wp\/v2\/posts"}],"about":[{"href":"https:\/\/revistaautobus.com.br\/index.php?rest_route=\/wp\/v2\/types\/post"}],"author":[{"embeddable":true,"href":"https:\/\/revistaautobus.com.br\/index.php?rest_route=\/wp\/v2\/users\/2"}],"replies":[{"embeddable":true,"href":"https:\/\/revistaautobus.com.br\/index.php?rest_route=%2Fwp%2Fv2%2Fcomments&post=5948"}],"version-history":[{"count":2,"href":"https:\/\/revistaautobus.com.br\/index.php?rest_route=\/wp\/v2\/posts\/5948\/revisions"}],"predecessor-version":[{"id":5951,"href":"https:\/\/revistaautobus.com.br\/index.php?rest_route=\/wp\/v2\/posts\/5948\/revisions\/5951"}],"wp:featuredmedia":[{"embeddable":true,"href":"https:\/\/revistaautobus.com.br\/index.php?rest_route=\/wp\/v2\/media\/5949"}],"wp:attachment":[{"href":"https:\/\/revistaautobus.com.br\/index.php?rest_route=%2Fwp%2Fv2%2Fmedia&parent=5948"}],"wp:term":[{"taxonomy":"category","embeddable":true,"href":"https:\/\/revistaautobus.com.br\/index.php?rest_route=%2Fwp%2Fv2%2Fcategories&post=5948"},{"taxonomy":"post_tag","embeddable":true,"href":"https:\/\/revistaautobus.com.br\/index.php?rest_route=%2Fwp%2Fv2%2Ftags&post=5948"}],"curies":[{"name":"wp","href":"https:\/\/api.w.org\/{rel}","templated":true}]}}