{"id":5952,"date":"2022-03-18T09:47:43","date_gmt":"2022-03-18T12:47:43","guid":{"rendered":"https:\/\/revistaautobus.com.br\/?p=5952"},"modified":"2022-03-18T09:47:45","modified_gmt":"2022-03-18T12:47:45","slug":"bogota-lidera-a-eletromobilidade-na-america-latina","status":"publish","type":"post","link":"https:\/\/revistaautobus.com.br\/?p=5952","title":{"rendered":"Bogot\u00e1 lidera a eletromobilidade na Am\u00e9rica Latina"},"content":{"rendered":"\n<p class=\"has-drop-cap\">At\u00e9 o final de 2022, a capital colombiana contar\u00e1 com 1.002 novos \u00f4nibus el\u00e9tricos em seu sistema de transporte coletivo. Assim, a cidade ter\u00e1 um total de 1.485 ve\u00edculos, a segunda maior frota de \u00f4nibus el\u00e9trico fora da China. E, cinco garagens equipadas com sistemas de recargas el\u00e9tricas j\u00e1 est\u00e3o dispon\u00edveis.<\/p>\n\n\n\n<p>Bogot\u00e1 tem se destacado pela ado\u00e7\u00e3o de um amplo programa governamental que visa a introdu\u00e7\u00e3o do transporte limpo em seu ambiente urbano. De acordo com a prefeita Claudia L\u00f3pez, a chegada de novos e modernos \u00f4nibus representa ter um transporte limpo, sustent\u00e1vel, atencioso, oportuno, de qualidade, seguro e digno para os bogotanos. \u201cEsse \u00e9 o esfor\u00e7o de muitas pessoas, especialmente de n\u00f3s que pagamos impostos na cidade. E isso trar\u00e1 um impacto muito positivo \u00e0 cidade\u201d, comentou ela.<\/p>\n\n\n\n<p>Os \u00f4nibus el\u00e9tricos s\u00e3o equipados com elementos tecnol\u00f3gicos para melhorar a experi\u00eancia de viagem dos cidad\u00e3os, como a redu\u00e7\u00e3o de ru\u00eddo, acesso de internet via Wi-Fi, portas USB para recarregar o celular, telas com informa\u00e7\u00f5es sobre as rotas, GPS, alto-falantes e microfones que possuem comunica\u00e7\u00e3o direta com a Central de Controle, plataformas acess\u00edveis para pessoas com defici\u00eancia, recarga r\u00e1pida de energia e controle autom\u00e1tico de inc\u00eandio.<\/p>\n\n\n\n<p>Para os passageiros, o aplicativo TransMiApp mostra novidades, not\u00edcias e outras informa\u00e7\u00f5es sobre o sistema, o que lhes permitir\u00e1 tomar as decis\u00f5es certas de viagem e circular confortavelmente.<\/p>\n\n\n\n<p>A nova frota de \u00f4nibus dos cinco lotes que entrar\u00e3o em opera\u00e7\u00e3o conta com uma nova gera\u00e7\u00e3o de baterias, que possuem melhor densidade energ\u00e9tica (menor peso e volume por unidade de energia), o que significa maior autonomia para os requisitos do SITP (sistema zonal), por onde \u00f4nibus operam.<\/p>\n\n\n\n<p>Em termos ambientais, quando os 1.485 \u00f4nibus el\u00e9tricos estiverem operando eles deixar\u00e3o de emitir cerca de 94.300 toneladas de CO2 por ano, o equivalente ao que 42.000 carros particulares podem produzir neste mesmo per\u00edodo.<\/p>\n\n\n\n<p>Imagem &#8211; TransMilenio<\/p>\n","protected":false},"excerpt":{"rendered":"<p>Em termos ambientais, quando os 1.485 \u00f4nibus el\u00e9tricos estiverem operando eles deixar\u00e3o de emitir cerca de 94.300 toneladas de CO2 por ano<\/p>\n","protected":false},"author":2,"featured_media":5953,"comment_status":"open","ping_status":"open","sticky":false,"template":"","format":"standard","meta":{"_et_pb_use_builder":"off","_et_pb_old_content":"","_et_gb_content_width":"","_jetpack_memberships_contains_paid_content":false,"footnotes":""},"categories":[53,90],"tags":[29,139],"class_list":["post-5952","post","type-post","status-publish","format-standard","has-post-thumbnail","hentry","category-internacional","category-noticias","tag-onibus-eletrico","tag-transmilenio","et-has-post-format-content","et_post_format-et-post-format-standard"],"yoast_head":"<!-- This site is optimized with the Yoast SEO plugin v27.2 - https:\/\/yoast.com\/product\/yoast-seo-wordpress\/ -->\n<title>Bogot\u00e1 lidera a eletromobilidade na Am\u00e9rica Latina - Revista AutoBus<\/title>\n<meta name=\"robots\" content=\"index, follow, max-snippet:-1, max-image-preview:large, max-video-preview:-1\" \/>\n<link rel=\"canonical\" href=\"https:\/\/revistaautobus.com.br\/?p=5952\" \/>\n<meta property=\"og:locale\" content=\"pt_BR\" \/>\n<meta property=\"og:type\" content=\"article\" \/>\n<meta property=\"og:title\" content=\"Bogot\u00e1 lidera a eletromobilidade na Am\u00e9rica Latina - Revista AutoBus\" \/>\n<meta property=\"og:description\" content=\"Em termos ambientais, quando os 1.485 \u00f4nibus el\u00e9tricos estiverem operando eles deixar\u00e3o de emitir cerca de 94.300 toneladas de CO2 por ano\" \/>\n<meta property=\"og:url\" content=\"https:\/\/revistaautobus.com.br\/?p=5952\" \/>\n<meta property=\"og:site_name\" content=\"Revista AutoBus\" \/>\n<meta property=\"article:publisher\" content=\"https:\/\/www.facebook.com\/antonio.ferro.3150\" \/>\n<meta property=\"article:published_time\" content=\"2022-03-18T12:47:43+00:00\" \/>\n<meta property=\"article:modified_time\" content=\"2022-03-18T12:47:45+00:00\" \/>\n<meta property=\"og:image\" content=\"https:\/\/revistaautobus.com.br\/wp-content\/uploads\/2022\/03\/galeria292578.jpg\" \/>\n\t<meta property=\"og:image:width\" content=\"1000\" \/>\n\t<meta property=\"og:image:height\" content=\"750\" \/>\n\t<meta property=\"og:image:type\" content=\"image\/jpeg\" \/>\n<meta name=\"author\" content=\"Antonio Ferro\" \/>\n<meta name=\"twitter:card\" content=\"summary_large_image\" \/>\n<meta name=\"twitter:label1\" content=\"Escrito por\" \/>\n\t<meta name=\"twitter:data1\" content=\"Antonio Ferro\" \/>\n\t<meta name=\"twitter:label2\" content=\"Est. tempo de leitura\" \/>\n\t<meta name=\"twitter:data2\" content=\"2 minutos\" \/>\n<script type=\"application\/ld+json\" class=\"yoast-schema-graph\">{\"@context\":\"https:\/\/schema.org\",\"@graph\":[{\"@type\":\"Article\",\"@id\":\"https:\/\/revistaautobus.com.br\/?p=5952#article\",\"isPartOf\":{\"@id\":\"https:\/\/revistaautobus.com.br\/?p=5952\"},\"author\":{\"name\":\"Antonio Ferro\",\"@id\":\"https:\/\/revistaautobus.com.br\/#\/schema\/person\/54af7c3eb83a310e42ef686ef6d16f50\"},\"headline\":\"Bogot\u00e1 lidera a eletromobilidade na Am\u00e9rica Latina\",\"datePublished\":\"2022-03-18T12:47:43+00:00\",\"dateModified\":\"2022-03-18T12:47:45+00:00\",\"mainEntityOfPage\":{\"@id\":\"https:\/\/revistaautobus.com.br\/?p=5952\"},\"wordCount\":344,\"commentCount\":0,\"publisher\":{\"@id\":\"https:\/\/revistaautobus.com.br\/#organization\"},\"image\":{\"@id\":\"https:\/\/revistaautobus.com.br\/?p=5952#primaryimage\"},\"thumbnailUrl\":\"https:\/\/revistaautobus.com.br\/wp-content\/uploads\/2022\/03\/galeria292578.jpg\",\"keywords\":[\"\u00f4nibus el\u00e9trico\",\"TransMilenio\"],\"articleSection\":[\"Internacional\",\"Not\u00edcias\"],\"inLanguage\":\"pt-BR\",\"potentialAction\":[{\"@type\":\"CommentAction\",\"name\":\"Comment\",\"target\":[\"https:\/\/revistaautobus.com.br\/?p=5952#respond\"]}]},{\"@type\":\"WebPage\",\"@id\":\"https:\/\/revistaautobus.com.br\/?p=5952\",\"url\":\"https:\/\/revistaautobus.com.br\/?p=5952\",\"name\":\"Bogot\u00e1 lidera a eletromobilidade na Am\u00e9rica Latina - Revista AutoBus\",\"isPartOf\":{\"@id\":\"https:\/\/revistaautobus.com.br\/#website\"},\"primaryImageOfPage\":{\"@id\":\"https:\/\/revistaautobus.com.br\/?p=5952#primaryimage\"},\"image\":{\"@id\":\"https:\/\/revistaautobus.com.br\/?p=5952#primaryimage\"},\"thumbnailUrl\":\"https:\/\/revistaautobus.com.br\/wp-content\/uploads\/2022\/03\/galeria292578.jpg\",\"datePublished\":\"2022-03-18T12:47:43+00:00\",\"dateModified\":\"2022-03-18T12:47:45+00:00\",\"breadcrumb\":{\"@id\":\"https:\/\/revistaautobus.com.br\/?p=5952#breadcrumb\"},\"inLanguage\":\"pt-BR\",\"potentialAction\":[{\"@type\":\"ReadAction\",\"target\":[\"https:\/\/revistaautobus.com.br\/?p=5952\"]}]},{\"@type\":\"ImageObject\",\"inLanguage\":\"pt-BR\",\"@id\":\"https:\/\/revistaautobus.com.br\/?p=5952#primaryimage\",\"url\":\"https:\/\/revistaautobus.com.br\/wp-content\/uploads\/2022\/03\/galeria292578.jpg\",\"contentUrl\":\"https:\/\/revistaautobus.com.br\/wp-content\/uploads\/2022\/03\/galeria292578.jpg\",\"width\":1000,\"height\":750},{\"@type\":\"BreadcrumbList\",\"@id\":\"https:\/\/revistaautobus.com.br\/?p=5952#breadcrumb\",\"itemListElement\":[{\"@type\":\"ListItem\",\"position\":1,\"name\":\"In\u00edcio\",\"item\":\"https:\/\/revistaautobus.com.br\/\"},{\"@type\":\"ListItem\",\"position\":2,\"name\":\"Bogot\u00e1 lidera a eletromobilidade na Am\u00e9rica Latina\"}]},{\"@type\":\"WebSite\",\"@id\":\"https:\/\/revistaautobus.com.br\/#website\",\"url\":\"https:\/\/revistaautobus.com.br\/\",\"name\":\"Revista AutoBus\",\"description\":\"\",\"publisher\":{\"@id\":\"https:\/\/revistaautobus.com.br\/#organization\"},\"potentialAction\":[{\"@type\":\"SearchAction\",\"target\":{\"@type\":\"EntryPoint\",\"urlTemplate\":\"https:\/\/revistaautobus.com.br\/?s={search_term_string}\"},\"query-input\":{\"@type\":\"PropertyValueSpecification\",\"valueRequired\":true,\"valueName\":\"search_term_string\"}}],\"inLanguage\":\"pt-BR\"},{\"@type\":\"Organization\",\"@id\":\"https:\/\/revistaautobus.com.br\/#organization\",\"name\":\"Revista AutoBus\",\"url\":\"https:\/\/revistaautobus.com.br\/\",\"logo\":{\"@type\":\"ImageObject\",\"inLanguage\":\"pt-BR\",\"@id\":\"https:\/\/revistaautobus.com.br\/#\/schema\/logo\/image\/\",\"url\":\"https:\/\/revistaautobus.com.br\/wp-content\/uploads\/2024\/11\/logo_revista_autobus_fb.png\",\"contentUrl\":\"https:\/\/revistaautobus.com.br\/wp-content\/uploads\/2024\/11\/logo_revista_autobus_fb.png\",\"width\":836,\"height\":227,\"caption\":\"Revista AutoBus\"},\"image\":{\"@id\":\"https:\/\/revistaautobus.com.br\/#\/schema\/logo\/image\/\"},\"sameAs\":[\"https:\/\/www.facebook.com\/antonio.ferro.3150\",\"https:\/\/www.instagram.com\/revistaautobus\/\"]},{\"@type\":\"Person\",\"@id\":\"https:\/\/revistaautobus.com.br\/#\/schema\/person\/54af7c3eb83a310e42ef686ef6d16f50\",\"name\":\"Antonio Ferro\",\"image\":{\"@type\":\"ImageObject\",\"inLanguage\":\"pt-BR\",\"@id\":\"https:\/\/revistaautobus.com.br\/wp-content\/uploads\/2025\/12\/editor_antonio_ferro-150x150.jpg\",\"url\":\"https:\/\/revistaautobus.com.br\/wp-content\/uploads\/2025\/12\/editor_antonio_ferro-150x150.jpg\",\"contentUrl\":\"https:\/\/revistaautobus.com.br\/wp-content\/uploads\/2025\/12\/editor_antonio_ferro-150x150.jpg\",\"caption\":\"Antonio Ferro\"},\"description\":\"infobus@uol.com.br\",\"url\":\"https:\/\/revistaautobus.com.br\/?author=2\"}]}<\/script>\n<!-- \/ Yoast SEO plugin. -->","yoast_head_json":{"title":"Bogot\u00e1 lidera a eletromobilidade na Am\u00e9rica Latina - Revista AutoBus","robots":{"index":"index","follow":"follow","max-snippet":"max-snippet:-1","max-image-preview":"max-image-preview:large","max-video-preview":"max-video-preview:-1"},"canonical":"https:\/\/revistaautobus.com.br\/?p=5952","og_locale":"pt_BR","og_type":"article","og_title":"Bogot\u00e1 lidera a eletromobilidade na Am\u00e9rica Latina - Revista AutoBus","og_description":"Em termos ambientais, quando os 1.485 \u00f4nibus el\u00e9tricos estiverem operando eles deixar\u00e3o de emitir cerca de 94.300 toneladas de CO2 por ano","og_url":"https:\/\/revistaautobus.com.br\/?p=5952","og_site_name":"Revista AutoBus","article_publisher":"https:\/\/www.facebook.com\/antonio.ferro.3150","article_published_time":"2022-03-18T12:47:43+00:00","article_modified_time":"2022-03-18T12:47:45+00:00","og_image":[{"width":1000,"height":750,"url":"https:\/\/revistaautobus.com.br\/wp-content\/uploads\/2022\/03\/galeria292578.jpg","type":"image\/jpeg"}],"author":"Antonio Ferro","twitter_card":"summary_large_image","twitter_misc":{"Escrito por":"Antonio Ferro","Est. tempo de leitura":"2 minutos"},"schema":{"@context":"https:\/\/schema.org","@graph":[{"@type":"Article","@id":"https:\/\/revistaautobus.com.br\/?p=5952#article","isPartOf":{"@id":"https:\/\/revistaautobus.com.br\/?p=5952"},"author":{"name":"Antonio Ferro","@id":"https:\/\/revistaautobus.com.br\/#\/schema\/person\/54af7c3eb83a310e42ef686ef6d16f50"},"headline":"Bogot\u00e1 lidera a eletromobilidade na Am\u00e9rica Latina","datePublished":"2022-03-18T12:47:43+00:00","dateModified":"2022-03-18T12:47:45+00:00","mainEntityOfPage":{"@id":"https:\/\/revistaautobus.com.br\/?p=5952"},"wordCount":344,"commentCount":0,"publisher":{"@id":"https:\/\/revistaautobus.com.br\/#organization"},"image":{"@id":"https:\/\/revistaautobus.com.br\/?p=5952#primaryimage"},"thumbnailUrl":"https:\/\/revistaautobus.com.br\/wp-content\/uploads\/2022\/03\/galeria292578.jpg","keywords":["\u00f4nibus el\u00e9trico","TransMilenio"],"articleSection":["Internacional","Not\u00edcias"],"inLanguage":"pt-BR","potentialAction":[{"@type":"CommentAction","name":"Comment","target":["https:\/\/revistaautobus.com.br\/?p=5952#respond"]}]},{"@type":"WebPage","@id":"https:\/\/revistaautobus.com.br\/?p=5952","url":"https:\/\/revistaautobus.com.br\/?p=5952","name":"Bogot\u00e1 lidera a eletromobilidade na Am\u00e9rica Latina - Revista AutoBus","isPartOf":{"@id":"https:\/\/revistaautobus.com.br\/#website"},"primaryImageOfPage":{"@id":"https:\/\/revistaautobus.com.br\/?p=5952#primaryimage"},"image":{"@id":"https:\/\/revistaautobus.com.br\/?p=5952#primaryimage"},"thumbnailUrl":"https:\/\/revistaautobus.com.br\/wp-content\/uploads\/2022\/03\/galeria292578.jpg","datePublished":"2022-03-18T12:47:43+00:00","dateModified":"2022-03-18T12:47:45+00:00","breadcrumb":{"@id":"https:\/\/revistaautobus.com.br\/?p=5952#breadcrumb"},"inLanguage":"pt-BR","potentialAction":[{"@type":"ReadAction","target":["https:\/\/revistaautobus.com.br\/?p=5952"]}]},{"@type":"ImageObject","inLanguage":"pt-BR","@id":"https:\/\/revistaautobus.com.br\/?p=5952#primaryimage","url":"https:\/\/revistaautobus.com.br\/wp-content\/uploads\/2022\/03\/galeria292578.jpg","contentUrl":"https:\/\/revistaautobus.com.br\/wp-content\/uploads\/2022\/03\/galeria292578.jpg","width":1000,"height":750},{"@type":"BreadcrumbList","@id":"https:\/\/revistaautobus.com.br\/?p=5952#breadcrumb","itemListElement":[{"@type":"ListItem","position":1,"name":"In\u00edcio","item":"https:\/\/revistaautobus.com.br\/"},{"@type":"ListItem","position":2,"name":"Bogot\u00e1 lidera a eletromobilidade na Am\u00e9rica Latina"}]},{"@type":"WebSite","@id":"https:\/\/revistaautobus.com.br\/#website","url":"https:\/\/revistaautobus.com.br\/","name":"Revista AutoBus","description":"","publisher":{"@id":"https:\/\/revistaautobus.com.br\/#organization"},"potentialAction":[{"@type":"SearchAction","target":{"@type":"EntryPoint","urlTemplate":"https:\/\/revistaautobus.com.br\/?s={search_term_string}"},"query-input":{"@type":"PropertyValueSpecification","valueRequired":true,"valueName":"search_term_string"}}],"inLanguage":"pt-BR"},{"@type":"Organization","@id":"https:\/\/revistaautobus.com.br\/#organization","name":"Revista AutoBus","url":"https:\/\/revistaautobus.com.br\/","logo":{"@type":"ImageObject","inLanguage":"pt-BR","@id":"https:\/\/revistaautobus.com.br\/#\/schema\/logo\/image\/","url":"https:\/\/revistaautobus.com.br\/wp-content\/uploads\/2024\/11\/logo_revista_autobus_fb.png","contentUrl":"https:\/\/revistaautobus.com.br\/wp-content\/uploads\/2024\/11\/logo_revista_autobus_fb.png","width":836,"height":227,"caption":"Revista AutoBus"},"image":{"@id":"https:\/\/revistaautobus.com.br\/#\/schema\/logo\/image\/"},"sameAs":["https:\/\/www.facebook.com\/antonio.ferro.3150","https:\/\/www.instagram.com\/revistaautobus\/"]},{"@type":"Person","@id":"https:\/\/revistaautobus.com.br\/#\/schema\/person\/54af7c3eb83a310e42ef686ef6d16f50","name":"Antonio Ferro","image":{"@type":"ImageObject","inLanguage":"pt-BR","@id":"https:\/\/revistaautobus.com.br\/wp-content\/uploads\/2025\/12\/editor_antonio_ferro-150x150.jpg","url":"https:\/\/revistaautobus.com.br\/wp-content\/uploads\/2025\/12\/editor_antonio_ferro-150x150.jpg","contentUrl":"https:\/\/revistaautobus.com.br\/wp-content\/uploads\/2025\/12\/editor_antonio_ferro-150x150.jpg","caption":"Antonio Ferro"},"description":"infobus@uol.com.br","url":"https:\/\/revistaautobus.com.br\/?author=2"}]}},"jetpack_featured_media_url":"https:\/\/revistaautobus.com.br\/wp-content\/uploads\/2022\/03\/galeria292578.jpg","jetpack_sharing_enabled":true,"_links":{"self":[{"href":"https:\/\/revistaautobus.com.br\/index.php?rest_route=\/wp\/v2\/posts\/5952","targetHints":{"allow":["GET"]}}],"collection":[{"href":"https:\/\/revistaautobus.com.br\/index.php?rest_route=\/wp\/v2\/posts"}],"about":[{"href":"https:\/\/revistaautobus.com.br\/index.php?rest_route=\/wp\/v2\/types\/post"}],"author":[{"embeddable":true,"href":"https:\/\/revistaautobus.com.br\/index.php?rest_route=\/wp\/v2\/users\/2"}],"replies":[{"embeddable":true,"href":"https:\/\/revistaautobus.com.br\/index.php?rest_route=%2Fwp%2Fv2%2Fcomments&post=5952"}],"version-history":[{"count":2,"href":"https:\/\/revistaautobus.com.br\/index.php?rest_route=\/wp\/v2\/posts\/5952\/revisions"}],"predecessor-version":[{"id":5955,"href":"https:\/\/revistaautobus.com.br\/index.php?rest_route=\/wp\/v2\/posts\/5952\/revisions\/5955"}],"wp:featuredmedia":[{"embeddable":true,"href":"https:\/\/revistaautobus.com.br\/index.php?rest_route=\/wp\/v2\/media\/5953"}],"wp:attachment":[{"href":"https:\/\/revistaautobus.com.br\/index.php?rest_route=%2Fwp%2Fv2%2Fmedia&parent=5952"}],"wp:term":[{"taxonomy":"category","embeddable":true,"href":"https:\/\/revistaautobus.com.br\/index.php?rest_route=%2Fwp%2Fv2%2Fcategories&post=5952"},{"taxonomy":"post_tag","embeddable":true,"href":"https:\/\/revistaautobus.com.br\/index.php?rest_route=%2Fwp%2Fv2%2Ftags&post=5952"}],"curies":[{"name":"wp","href":"https:\/\/api.w.org\/{rel}","templated":true}]}}