{"id":6162,"date":"2022-04-18T09:35:29","date_gmt":"2022-04-18T12:35:29","guid":{"rendered":"https:\/\/revistaautobus.com.br\/?p=6162"},"modified":"2022-04-18T09:35:31","modified_gmt":"2022-04-18T12:35:31","slug":"operadora-paulistana-opta-por-onibus-volksbus","status":"publish","type":"post","link":"https:\/\/revistaautobus.com.br\/?p=6162","title":{"rendered":"Operadora paulistana opta por \u00f4nibus Volksbus"},"content":{"rendered":"\n<p class=\"has-drop-cap\">Atuando em 26 linhas do transporte coletivo nas regi\u00f5es Oeste e Sudoeste da cidade de S\u00e3o Paulo, a transportadora Auto Via\u00e7\u00e3o Transcap acaba de receber 44 novos \u00f4nibus, com chassis 15.190 OD, para a renova\u00e7\u00e3o de sua frota. Os ve\u00edculos s\u00e3o equipados com recursos para oferecer maior conforto para os passageiros, como ar-condicionado, tomadas USB e Wi-Fi.<\/p>\n\n\n\n<p>A prefer\u00eancia pelos chassis da marca Volkswagen se deve \u00e0 qualidade e ao custo-benef\u00edcio oferecidos pela marca. Claudiana Souza, diretora de Planejamento Estrat\u00e9gico e Controles da operadora, disse que metade da frota de \u00f4nibus \u00e9 da marca. \u201cEscolhemos os ve\u00edculos da marca porque a VWCO tem pe\u00e7as com um custo mais vantajoso em compara\u00e7\u00e3o com as outras no mercado, al\u00e9m dos ve\u00edculos oferecerem muita estabilidade e confian\u00e7a em p\u00f3s-vendas\u201d, observou.<\/p>\n\n\n\n<p>J\u00e1 Jorge Carrer, diretor de Vendas de \u00d4nibus da Volkswagen Caminh\u00f5es e \u00d4nibus, ressaltou que a escolha dos operadores pelos chassis VW tamb\u00e9m \u00e9 resultado de uma an\u00e1lise minuciosa das necessidades dos clientes. \u201cSempre acompanhamos de perto aqueles que adquirem os \u00f4nibus da nossa marca, pois queremos entender quais s\u00e3o as demandas dos passageiros e dos frotistas. Assim, conseguimos oferecer uma solu\u00e7\u00e3o completa de transporte\u201d, disse.<\/p>\n\n\n\n<p>Para a Volkswagen, seu modelo 15.190 OD \u00e9 ideal para o transporte urbano em linhas alimentadoras, operando como <em>midibus<\/em> ou fretamento de curtas e m\u00e9dias dist\u00e2ncias, sendo indicado para carro\u00e7arias com at\u00e9 11 metros de comprimento e PBT de 15 toneladas.<\/p>\n\n\n\n<p>Imagem &#8211; Divulga\u00e7\u00e3o<\/p>\n","protected":false},"excerpt":{"rendered":"<p>Para a Volkswagen, seu modelo 15.190 OD \u00e9 ideal para o transporte urbano em linhas alimentadoras, operando como midibus ou fretamento de curtas e m\u00e9dias dist\u00e2ncias<\/p>\n","protected":false},"author":2,"featured_media":6163,"comment_status":"open","ping_status":"open","sticky":false,"template":"","format":"standard","meta":{"_et_pb_use_builder":"off","_et_pb_old_content":"","_et_gb_content_width":"","_jetpack_memberships_contains_paid_content":false,"footnotes":""},"categories":[10],"tags":[62],"class_list":["post-6162","post","type-post","status-publish","format-standard","has-post-thumbnail","hentry","category-montadoras","tag-volksbus","et-has-post-format-content","et_post_format-et-post-format-standard"],"yoast_head":"<!-- This site is optimized with the Yoast SEO plugin v27.2 - https:\/\/yoast.com\/product\/yoast-seo-wordpress\/ -->\n<title>Operadora paulistana opta por \u00f4nibus Volksbus - Revista AutoBus<\/title>\n<meta name=\"robots\" content=\"index, follow, max-snippet:-1, max-image-preview:large, max-video-preview:-1\" \/>\n<link rel=\"canonical\" href=\"https:\/\/revistaautobus.com.br\/?p=6162\" \/>\n<meta property=\"og:locale\" content=\"pt_BR\" \/>\n<meta property=\"og:type\" content=\"article\" \/>\n<meta property=\"og:title\" content=\"Operadora paulistana opta por \u00f4nibus Volksbus - Revista AutoBus\" \/>\n<meta property=\"og:description\" content=\"Para a Volkswagen, seu modelo 15.190 OD \u00e9 ideal para o transporte urbano em linhas alimentadoras, operando como midibus ou fretamento de curtas e m\u00e9dias dist\u00e2ncias\" \/>\n<meta property=\"og:url\" content=\"https:\/\/revistaautobus.com.br\/?p=6162\" \/>\n<meta property=\"og:site_name\" content=\"Revista AutoBus\" \/>\n<meta property=\"article:publisher\" content=\"https:\/\/www.facebook.com\/antonio.ferro.3150\" \/>\n<meta property=\"article:published_time\" content=\"2022-04-18T12:35:29+00:00\" \/>\n<meta property=\"article:modified_time\" content=\"2022-04-18T12:35:31+00:00\" \/>\n<meta property=\"og:image\" content=\"https:\/\/revistaautobus.com.br\/wp-content\/uploads\/2022\/04\/G_Transcap-1.jpg\" \/>\n\t<meta property=\"og:image:width\" content=\"1500\" \/>\n\t<meta property=\"og:image:height\" content=\"1128\" \/>\n\t<meta property=\"og:image:type\" content=\"image\/jpeg\" \/>\n<meta name=\"author\" content=\"Antonio Ferro\" \/>\n<meta name=\"twitter:card\" content=\"summary_large_image\" \/>\n<meta name=\"twitter:label1\" content=\"Escrito por\" \/>\n\t<meta name=\"twitter:data1\" content=\"Antonio Ferro\" \/>\n\t<meta name=\"twitter:label2\" content=\"Est. tempo de leitura\" \/>\n\t<meta name=\"twitter:data2\" content=\"1 minuto\" \/>\n<script type=\"application\/ld+json\" class=\"yoast-schema-graph\">{\"@context\":\"https:\/\/schema.org\",\"@graph\":[{\"@type\":\"Article\",\"@id\":\"https:\/\/revistaautobus.com.br\/?p=6162#article\",\"isPartOf\":{\"@id\":\"https:\/\/revistaautobus.com.br\/?p=6162\"},\"author\":{\"name\":\"Antonio Ferro\",\"@id\":\"https:\/\/revistaautobus.com.br\/#\/schema\/person\/54af7c3eb83a310e42ef686ef6d16f50\"},\"headline\":\"Operadora paulistana opta por \u00f4nibus Volksbus\",\"datePublished\":\"2022-04-18T12:35:29+00:00\",\"dateModified\":\"2022-04-18T12:35:31+00:00\",\"mainEntityOfPage\":{\"@id\":\"https:\/\/revistaautobus.com.br\/?p=6162\"},\"wordCount\":258,\"commentCount\":0,\"publisher\":{\"@id\":\"https:\/\/revistaautobus.com.br\/#organization\"},\"image\":{\"@id\":\"https:\/\/revistaautobus.com.br\/?p=6162#primaryimage\"},\"thumbnailUrl\":\"https:\/\/revistaautobus.com.br\/wp-content\/uploads\/2022\/04\/G_Transcap-1.jpg\",\"keywords\":[\"Volksbus\"],\"articleSection\":[\"Montadoras\"],\"inLanguage\":\"pt-BR\",\"potentialAction\":[{\"@type\":\"CommentAction\",\"name\":\"Comment\",\"target\":[\"https:\/\/revistaautobus.com.br\/?p=6162#respond\"]}]},{\"@type\":\"WebPage\",\"@id\":\"https:\/\/revistaautobus.com.br\/?p=6162\",\"url\":\"https:\/\/revistaautobus.com.br\/?p=6162\",\"name\":\"Operadora paulistana opta por \u00f4nibus Volksbus - Revista AutoBus\",\"isPartOf\":{\"@id\":\"https:\/\/revistaautobus.com.br\/#website\"},\"primaryImageOfPage\":{\"@id\":\"https:\/\/revistaautobus.com.br\/?p=6162#primaryimage\"},\"image\":{\"@id\":\"https:\/\/revistaautobus.com.br\/?p=6162#primaryimage\"},\"thumbnailUrl\":\"https:\/\/revistaautobus.com.br\/wp-content\/uploads\/2022\/04\/G_Transcap-1.jpg\",\"datePublished\":\"2022-04-18T12:35:29+00:00\",\"dateModified\":\"2022-04-18T12:35:31+00:00\",\"breadcrumb\":{\"@id\":\"https:\/\/revistaautobus.com.br\/?p=6162#breadcrumb\"},\"inLanguage\":\"pt-BR\",\"potentialAction\":[{\"@type\":\"ReadAction\",\"target\":[\"https:\/\/revistaautobus.com.br\/?p=6162\"]}]},{\"@type\":\"ImageObject\",\"inLanguage\":\"pt-BR\",\"@id\":\"https:\/\/revistaautobus.com.br\/?p=6162#primaryimage\",\"url\":\"https:\/\/revistaautobus.com.br\/wp-content\/uploads\/2022\/04\/G_Transcap-1.jpg\",\"contentUrl\":\"https:\/\/revistaautobus.com.br\/wp-content\/uploads\/2022\/04\/G_Transcap-1.jpg\",\"width\":1500,\"height\":1128},{\"@type\":\"BreadcrumbList\",\"@id\":\"https:\/\/revistaautobus.com.br\/?p=6162#breadcrumb\",\"itemListElement\":[{\"@type\":\"ListItem\",\"position\":1,\"name\":\"In\u00edcio\",\"item\":\"https:\/\/revistaautobus.com.br\/\"},{\"@type\":\"ListItem\",\"position\":2,\"name\":\"Operadora paulistana opta por \u00f4nibus Volksbus\"}]},{\"@type\":\"WebSite\",\"@id\":\"https:\/\/revistaautobus.com.br\/#website\",\"url\":\"https:\/\/revistaautobus.com.br\/\",\"name\":\"Revista AutoBus\",\"description\":\"\",\"publisher\":{\"@id\":\"https:\/\/revistaautobus.com.br\/#organization\"},\"potentialAction\":[{\"@type\":\"SearchAction\",\"target\":{\"@type\":\"EntryPoint\",\"urlTemplate\":\"https:\/\/revistaautobus.com.br\/?s={search_term_string}\"},\"query-input\":{\"@type\":\"PropertyValueSpecification\",\"valueRequired\":true,\"valueName\":\"search_term_string\"}}],\"inLanguage\":\"pt-BR\"},{\"@type\":\"Organization\",\"@id\":\"https:\/\/revistaautobus.com.br\/#organization\",\"name\":\"Revista AutoBus\",\"url\":\"https:\/\/revistaautobus.com.br\/\",\"logo\":{\"@type\":\"ImageObject\",\"inLanguage\":\"pt-BR\",\"@id\":\"https:\/\/revistaautobus.com.br\/#\/schema\/logo\/image\/\",\"url\":\"https:\/\/revistaautobus.com.br\/wp-content\/uploads\/2024\/11\/logo_revista_autobus_fb.png\",\"contentUrl\":\"https:\/\/revistaautobus.com.br\/wp-content\/uploads\/2024\/11\/logo_revista_autobus_fb.png\",\"width\":836,\"height\":227,\"caption\":\"Revista AutoBus\"},\"image\":{\"@id\":\"https:\/\/revistaautobus.com.br\/#\/schema\/logo\/image\/\"},\"sameAs\":[\"https:\/\/www.facebook.com\/antonio.ferro.3150\",\"https:\/\/www.instagram.com\/revistaautobus\/\"]},{\"@type\":\"Person\",\"@id\":\"https:\/\/revistaautobus.com.br\/#\/schema\/person\/54af7c3eb83a310e42ef686ef6d16f50\",\"name\":\"Antonio Ferro\",\"image\":{\"@type\":\"ImageObject\",\"inLanguage\":\"pt-BR\",\"@id\":\"https:\/\/revistaautobus.com.br\/wp-content\/uploads\/2025\/12\/editor_antonio_ferro-150x150.jpg\",\"url\":\"https:\/\/revistaautobus.com.br\/wp-content\/uploads\/2025\/12\/editor_antonio_ferro-150x150.jpg\",\"contentUrl\":\"https:\/\/revistaautobus.com.br\/wp-content\/uploads\/2025\/12\/editor_antonio_ferro-150x150.jpg\",\"caption\":\"Antonio Ferro\"},\"description\":\"infobus@uol.com.br\",\"url\":\"https:\/\/revistaautobus.com.br\/?author=2\"}]}<\/script>\n<!-- \/ Yoast SEO plugin. -->","yoast_head_json":{"title":"Operadora paulistana opta por \u00f4nibus Volksbus - Revista AutoBus","robots":{"index":"index","follow":"follow","max-snippet":"max-snippet:-1","max-image-preview":"max-image-preview:large","max-video-preview":"max-video-preview:-1"},"canonical":"https:\/\/revistaautobus.com.br\/?p=6162","og_locale":"pt_BR","og_type":"article","og_title":"Operadora paulistana opta por \u00f4nibus Volksbus - Revista AutoBus","og_description":"Para a Volkswagen, seu modelo 15.190 OD \u00e9 ideal para o transporte urbano em linhas alimentadoras, operando como midibus ou fretamento de curtas e m\u00e9dias dist\u00e2ncias","og_url":"https:\/\/revistaautobus.com.br\/?p=6162","og_site_name":"Revista AutoBus","article_publisher":"https:\/\/www.facebook.com\/antonio.ferro.3150","article_published_time":"2022-04-18T12:35:29+00:00","article_modified_time":"2022-04-18T12:35:31+00:00","og_image":[{"width":1500,"height":1128,"url":"https:\/\/revistaautobus.com.br\/wp-content\/uploads\/2022\/04\/G_Transcap-1.jpg","type":"image\/jpeg"}],"author":"Antonio Ferro","twitter_card":"summary_large_image","twitter_misc":{"Escrito por":"Antonio Ferro","Est. tempo de leitura":"1 minuto"},"schema":{"@context":"https:\/\/schema.org","@graph":[{"@type":"Article","@id":"https:\/\/revistaautobus.com.br\/?p=6162#article","isPartOf":{"@id":"https:\/\/revistaautobus.com.br\/?p=6162"},"author":{"name":"Antonio Ferro","@id":"https:\/\/revistaautobus.com.br\/#\/schema\/person\/54af7c3eb83a310e42ef686ef6d16f50"},"headline":"Operadora paulistana opta por \u00f4nibus Volksbus","datePublished":"2022-04-18T12:35:29+00:00","dateModified":"2022-04-18T12:35:31+00:00","mainEntityOfPage":{"@id":"https:\/\/revistaautobus.com.br\/?p=6162"},"wordCount":258,"commentCount":0,"publisher":{"@id":"https:\/\/revistaautobus.com.br\/#organization"},"image":{"@id":"https:\/\/revistaautobus.com.br\/?p=6162#primaryimage"},"thumbnailUrl":"https:\/\/revistaautobus.com.br\/wp-content\/uploads\/2022\/04\/G_Transcap-1.jpg","keywords":["Volksbus"],"articleSection":["Montadoras"],"inLanguage":"pt-BR","potentialAction":[{"@type":"CommentAction","name":"Comment","target":["https:\/\/revistaautobus.com.br\/?p=6162#respond"]}]},{"@type":"WebPage","@id":"https:\/\/revistaautobus.com.br\/?p=6162","url":"https:\/\/revistaautobus.com.br\/?p=6162","name":"Operadora paulistana opta por \u00f4nibus Volksbus - Revista AutoBus","isPartOf":{"@id":"https:\/\/revistaautobus.com.br\/#website"},"primaryImageOfPage":{"@id":"https:\/\/revistaautobus.com.br\/?p=6162#primaryimage"},"image":{"@id":"https:\/\/revistaautobus.com.br\/?p=6162#primaryimage"},"thumbnailUrl":"https:\/\/revistaautobus.com.br\/wp-content\/uploads\/2022\/04\/G_Transcap-1.jpg","datePublished":"2022-04-18T12:35:29+00:00","dateModified":"2022-04-18T12:35:31+00:00","breadcrumb":{"@id":"https:\/\/revistaautobus.com.br\/?p=6162#breadcrumb"},"inLanguage":"pt-BR","potentialAction":[{"@type":"ReadAction","target":["https:\/\/revistaautobus.com.br\/?p=6162"]}]},{"@type":"ImageObject","inLanguage":"pt-BR","@id":"https:\/\/revistaautobus.com.br\/?p=6162#primaryimage","url":"https:\/\/revistaautobus.com.br\/wp-content\/uploads\/2022\/04\/G_Transcap-1.jpg","contentUrl":"https:\/\/revistaautobus.com.br\/wp-content\/uploads\/2022\/04\/G_Transcap-1.jpg","width":1500,"height":1128},{"@type":"BreadcrumbList","@id":"https:\/\/revistaautobus.com.br\/?p=6162#breadcrumb","itemListElement":[{"@type":"ListItem","position":1,"name":"In\u00edcio","item":"https:\/\/revistaautobus.com.br\/"},{"@type":"ListItem","position":2,"name":"Operadora paulistana opta por \u00f4nibus Volksbus"}]},{"@type":"WebSite","@id":"https:\/\/revistaautobus.com.br\/#website","url":"https:\/\/revistaautobus.com.br\/","name":"Revista AutoBus","description":"","publisher":{"@id":"https:\/\/revistaautobus.com.br\/#organization"},"potentialAction":[{"@type":"SearchAction","target":{"@type":"EntryPoint","urlTemplate":"https:\/\/revistaautobus.com.br\/?s={search_term_string}"},"query-input":{"@type":"PropertyValueSpecification","valueRequired":true,"valueName":"search_term_string"}}],"inLanguage":"pt-BR"},{"@type":"Organization","@id":"https:\/\/revistaautobus.com.br\/#organization","name":"Revista AutoBus","url":"https:\/\/revistaautobus.com.br\/","logo":{"@type":"ImageObject","inLanguage":"pt-BR","@id":"https:\/\/revistaautobus.com.br\/#\/schema\/logo\/image\/","url":"https:\/\/revistaautobus.com.br\/wp-content\/uploads\/2024\/11\/logo_revista_autobus_fb.png","contentUrl":"https:\/\/revistaautobus.com.br\/wp-content\/uploads\/2024\/11\/logo_revista_autobus_fb.png","width":836,"height":227,"caption":"Revista AutoBus"},"image":{"@id":"https:\/\/revistaautobus.com.br\/#\/schema\/logo\/image\/"},"sameAs":["https:\/\/www.facebook.com\/antonio.ferro.3150","https:\/\/www.instagram.com\/revistaautobus\/"]},{"@type":"Person","@id":"https:\/\/revistaautobus.com.br\/#\/schema\/person\/54af7c3eb83a310e42ef686ef6d16f50","name":"Antonio Ferro","image":{"@type":"ImageObject","inLanguage":"pt-BR","@id":"https:\/\/revistaautobus.com.br\/wp-content\/uploads\/2025\/12\/editor_antonio_ferro-150x150.jpg","url":"https:\/\/revistaautobus.com.br\/wp-content\/uploads\/2025\/12\/editor_antonio_ferro-150x150.jpg","contentUrl":"https:\/\/revistaautobus.com.br\/wp-content\/uploads\/2025\/12\/editor_antonio_ferro-150x150.jpg","caption":"Antonio Ferro"},"description":"infobus@uol.com.br","url":"https:\/\/revistaautobus.com.br\/?author=2"}]}},"jetpack_featured_media_url":"https:\/\/revistaautobus.com.br\/wp-content\/uploads\/2022\/04\/G_Transcap-1.jpg","jetpack_sharing_enabled":true,"_links":{"self":[{"href":"https:\/\/revistaautobus.com.br\/index.php?rest_route=\/wp\/v2\/posts\/6162","targetHints":{"allow":["GET"]}}],"collection":[{"href":"https:\/\/revistaautobus.com.br\/index.php?rest_route=\/wp\/v2\/posts"}],"about":[{"href":"https:\/\/revistaautobus.com.br\/index.php?rest_route=\/wp\/v2\/types\/post"}],"author":[{"embeddable":true,"href":"https:\/\/revistaautobus.com.br\/index.php?rest_route=\/wp\/v2\/users\/2"}],"replies":[{"embeddable":true,"href":"https:\/\/revistaautobus.com.br\/index.php?rest_route=%2Fwp%2Fv2%2Fcomments&post=6162"}],"version-history":[{"count":2,"href":"https:\/\/revistaautobus.com.br\/index.php?rest_route=\/wp\/v2\/posts\/6162\/revisions"}],"predecessor-version":[{"id":6165,"href":"https:\/\/revistaautobus.com.br\/index.php?rest_route=\/wp\/v2\/posts\/6162\/revisions\/6165"}],"wp:featuredmedia":[{"embeddable":true,"href":"https:\/\/revistaautobus.com.br\/index.php?rest_route=\/wp\/v2\/media\/6163"}],"wp:attachment":[{"href":"https:\/\/revistaautobus.com.br\/index.php?rest_route=%2Fwp%2Fv2%2Fmedia&parent=6162"}],"wp:term":[{"taxonomy":"category","embeddable":true,"href":"https:\/\/revistaautobus.com.br\/index.php?rest_route=%2Fwp%2Fv2%2Fcategories&post=6162"},{"taxonomy":"post_tag","embeddable":true,"href":"https:\/\/revistaautobus.com.br\/index.php?rest_route=%2Fwp%2Fv2%2Ftags&post=6162"}],"curies":[{"name":"wp","href":"https:\/\/api.w.org\/{rel}","templated":true}]}}