{"id":6166,"date":"2022-04-18T09:37:43","date_gmt":"2022-04-18T12:37:43","guid":{"rendered":"https:\/\/revistaautobus.com.br\/?p=6166"},"modified":"2022-04-18T09:37:45","modified_gmt":"2022-04-18T12:37:45","slug":"parceria-exporta-onibus-para-a-africa","status":"publish","type":"post","link":"https:\/\/revistaautobus.com.br\/?p=6166","title":{"rendered":"Parceria exporta \u00f4nibus para a \u00c1frica"},"content":{"rendered":"\n<p class=\"has-drop-cap\">O transporte coletivo de G\u00e2mbia, pa\u00eds da \u00c1frica Ocidental, por interm\u00e9dio da G\u00e2mbia Transport Service Company (GTSC), ir\u00e1 receber 10 novos \u00f4nibus produzidos no Brasil. Os ve\u00edculos, com chassi OF-1730 da Mercedes-Benz e carro\u00e7aria Svelto da Comil, s\u00e3o os primeiros a serem exportados \u00e0quele pa\u00eds.<\/p>\n\n\n\n<p>O modelo OF-1730 conta com motor OM 926 LA eletr\u00f4nico, entre eixos de 5.950 mm, 17 toneladas de PBT e c\u00e2mbio autom\u00e1tico, al\u00e9m de freio ABS. J\u00e1 a carro\u00e7aria Svelto, possui 36 poltronas, cabine para o cobrador, itiner\u00e1rio eletr\u00f4nico, lumin\u00e1rias de LED, unidades USB instaladas ao longo do \u00f4nibus, duas telas de 15 polegadas e duas portas de acesso, sendo uma frontal e outra no centro do ve\u00edculo.&nbsp;<\/p>\n\n\n\n<p>Rog\u00e9rio Sousa, gerente de Vendas e P\u00f3s-Vendas para Exporta\u00e7\u00e3o de Ve\u00edculos, Pe\u00e7as e Servi\u00e7os Caminh\u00f5es e \u00d4nibus da Mercedes-Benz do Brasil, comentou que, cada vez mais, a montadora segue expandindo os seus neg\u00f3cios de \u00f4nibus em diversas regi\u00f5es do mundo, como a \u00c1frica, atendendo \u00e0s necessidades dos clientes de acordo com a realidade local. \u201cAl\u00e9m disso, por meio da parceria com a Comil, estamos levando solu\u00e7\u00f5es para as demandas de novos clientes, assegurando toda a qualidade, conforto e robustez que os produtos da nossa marca podem proporcionar\u201d, afirmou.<\/p>\n\n\n\n<p>Para a encarro\u00e7adora ga\u00facha Comil, o mercado da \u00c1frica vem dando sinais claros de prefer\u00eancia pelo produto brasileiro, refor\u00e7ando a qualidade da ind\u00fastria nacional. \u201cG\u00e2mbia \u00e9 o quarto pa\u00eds em que a Comil inaugura suas vendas nos \u00faltimos meses. Essa parceira comercial assegura toda a qualidade e conforto para garantir o melhor desempenho operacional em condi\u00e7\u00f5es severas que exige o transporte p\u00fablico\u201d, disse Leonardo Soares, gerente Comercial da Comil e respons\u00e1vel pelas vendas no continente.<\/p>\n\n\n\n<p>Imagem &#8211; Divulga\u00e7\u00e3o<\/p>\n","protected":false},"excerpt":{"rendered":"<p>Os novos \u00f4nibus possuem o chassi OF-1730 e a carro\u00e7aria Svelto<\/p>\n","protected":false},"author":2,"featured_media":6167,"comment_status":"open","ping_status":"open","sticky":false,"template":"","format":"standard","meta":{"_et_pb_use_builder":"off","_et_pb_old_content":"","_et_gb_content_width":"","_jetpack_memberships_contains_paid_content":false,"footnotes":""},"categories":[53],"tags":[251,17],"class_list":["post-6166","post","type-post","status-publish","format-standard","has-post-thumbnail","hentry","category-internacional","tag-comil","tag-mercedes-benz","et-has-post-format-content","et_post_format-et-post-format-standard"],"yoast_head":"<!-- This site is optimized with the Yoast SEO plugin v27.2 - https:\/\/yoast.com\/product\/yoast-seo-wordpress\/ -->\n<title>Parceria exporta \u00f4nibus para a \u00c1frica - Revista AutoBus<\/title>\n<meta name=\"robots\" content=\"index, follow, max-snippet:-1, max-image-preview:large, max-video-preview:-1\" \/>\n<link rel=\"canonical\" href=\"https:\/\/revistaautobus.com.br\/?p=6166\" \/>\n<meta property=\"og:locale\" content=\"pt_BR\" \/>\n<meta property=\"og:type\" content=\"article\" \/>\n<meta property=\"og:title\" content=\"Parceria exporta \u00f4nibus para a \u00c1frica - Revista AutoBus\" \/>\n<meta property=\"og:description\" content=\"Os novos \u00f4nibus possuem o chassi OF-1730 e a carro\u00e7aria Svelto\" \/>\n<meta property=\"og:url\" content=\"https:\/\/revistaautobus.com.br\/?p=6166\" \/>\n<meta property=\"og:site_name\" content=\"Revista AutoBus\" \/>\n<meta property=\"article:publisher\" content=\"https:\/\/www.facebook.com\/antonio.ferro.3150\" \/>\n<meta property=\"article:published_time\" content=\"2022-04-18T12:37:43+00:00\" \/>\n<meta property=\"article:modified_time\" content=\"2022-04-18T12:37:45+00:00\" \/>\n<meta property=\"og:image\" content=\"https:\/\/revistaautobus.com.br\/wp-content\/uploads\/2022\/04\/IMG_2013.jpg\" \/>\n\t<meta property=\"og:image:width\" content=\"1100\" \/>\n\t<meta property=\"og:image:height\" content=\"825\" \/>\n\t<meta property=\"og:image:type\" content=\"image\/jpeg\" \/>\n<meta name=\"author\" content=\"Antonio Ferro\" \/>\n<meta name=\"twitter:card\" content=\"summary_large_image\" \/>\n<meta name=\"twitter:label1\" content=\"Escrito por\" \/>\n\t<meta name=\"twitter:data1\" content=\"Antonio Ferro\" \/>\n\t<meta name=\"twitter:label2\" content=\"Est. tempo de leitura\" \/>\n\t<meta name=\"twitter:data2\" content=\"2 minutos\" \/>\n<script type=\"application\/ld+json\" class=\"yoast-schema-graph\">{\"@context\":\"https:\/\/schema.org\",\"@graph\":[{\"@type\":\"Article\",\"@id\":\"https:\/\/revistaautobus.com.br\/?p=6166#article\",\"isPartOf\":{\"@id\":\"https:\/\/revistaautobus.com.br\/?p=6166\"},\"author\":{\"name\":\"Antonio Ferro\",\"@id\":\"https:\/\/revistaautobus.com.br\/#\/schema\/person\/54af7c3eb83a310e42ef686ef6d16f50\"},\"headline\":\"Parceria exporta \u00f4nibus para a \u00c1frica\",\"datePublished\":\"2022-04-18T12:37:43+00:00\",\"dateModified\":\"2022-04-18T12:37:45+00:00\",\"mainEntityOfPage\":{\"@id\":\"https:\/\/revistaautobus.com.br\/?p=6166\"},\"wordCount\":318,\"commentCount\":0,\"publisher\":{\"@id\":\"https:\/\/revistaautobus.com.br\/#organization\"},\"image\":{\"@id\":\"https:\/\/revistaautobus.com.br\/?p=6166#primaryimage\"},\"thumbnailUrl\":\"https:\/\/revistaautobus.com.br\/wp-content\/uploads\/2022\/04\/IMG_2013.jpg\",\"keywords\":[\"Comil\",\"mercedes-benz\"],\"articleSection\":[\"Internacional\"],\"inLanguage\":\"pt-BR\",\"potentialAction\":[{\"@type\":\"CommentAction\",\"name\":\"Comment\",\"target\":[\"https:\/\/revistaautobus.com.br\/?p=6166#respond\"]}]},{\"@type\":\"WebPage\",\"@id\":\"https:\/\/revistaautobus.com.br\/?p=6166\",\"url\":\"https:\/\/revistaautobus.com.br\/?p=6166\",\"name\":\"Parceria exporta \u00f4nibus para a \u00c1frica - Revista AutoBus\",\"isPartOf\":{\"@id\":\"https:\/\/revistaautobus.com.br\/#website\"},\"primaryImageOfPage\":{\"@id\":\"https:\/\/revistaautobus.com.br\/?p=6166#primaryimage\"},\"image\":{\"@id\":\"https:\/\/revistaautobus.com.br\/?p=6166#primaryimage\"},\"thumbnailUrl\":\"https:\/\/revistaautobus.com.br\/wp-content\/uploads\/2022\/04\/IMG_2013.jpg\",\"datePublished\":\"2022-04-18T12:37:43+00:00\",\"dateModified\":\"2022-04-18T12:37:45+00:00\",\"breadcrumb\":{\"@id\":\"https:\/\/revistaautobus.com.br\/?p=6166#breadcrumb\"},\"inLanguage\":\"pt-BR\",\"potentialAction\":[{\"@type\":\"ReadAction\",\"target\":[\"https:\/\/revistaautobus.com.br\/?p=6166\"]}]},{\"@type\":\"ImageObject\",\"inLanguage\":\"pt-BR\",\"@id\":\"https:\/\/revistaautobus.com.br\/?p=6166#primaryimage\",\"url\":\"https:\/\/revistaautobus.com.br\/wp-content\/uploads\/2022\/04\/IMG_2013.jpg\",\"contentUrl\":\"https:\/\/revistaautobus.com.br\/wp-content\/uploads\/2022\/04\/IMG_2013.jpg\",\"width\":1100,\"height\":825},{\"@type\":\"BreadcrumbList\",\"@id\":\"https:\/\/revistaautobus.com.br\/?p=6166#breadcrumb\",\"itemListElement\":[{\"@type\":\"ListItem\",\"position\":1,\"name\":\"In\u00edcio\",\"item\":\"https:\/\/revistaautobus.com.br\/\"},{\"@type\":\"ListItem\",\"position\":2,\"name\":\"Parceria exporta \u00f4nibus para a \u00c1frica\"}]},{\"@type\":\"WebSite\",\"@id\":\"https:\/\/revistaautobus.com.br\/#website\",\"url\":\"https:\/\/revistaautobus.com.br\/\",\"name\":\"Revista AutoBus\",\"description\":\"\",\"publisher\":{\"@id\":\"https:\/\/revistaautobus.com.br\/#organization\"},\"potentialAction\":[{\"@type\":\"SearchAction\",\"target\":{\"@type\":\"EntryPoint\",\"urlTemplate\":\"https:\/\/revistaautobus.com.br\/?s={search_term_string}\"},\"query-input\":{\"@type\":\"PropertyValueSpecification\",\"valueRequired\":true,\"valueName\":\"search_term_string\"}}],\"inLanguage\":\"pt-BR\"},{\"@type\":\"Organization\",\"@id\":\"https:\/\/revistaautobus.com.br\/#organization\",\"name\":\"Revista AutoBus\",\"url\":\"https:\/\/revistaautobus.com.br\/\",\"logo\":{\"@type\":\"ImageObject\",\"inLanguage\":\"pt-BR\",\"@id\":\"https:\/\/revistaautobus.com.br\/#\/schema\/logo\/image\/\",\"url\":\"https:\/\/revistaautobus.com.br\/wp-content\/uploads\/2024\/11\/logo_revista_autobus_fb.png\",\"contentUrl\":\"https:\/\/revistaautobus.com.br\/wp-content\/uploads\/2024\/11\/logo_revista_autobus_fb.png\",\"width\":836,\"height\":227,\"caption\":\"Revista AutoBus\"},\"image\":{\"@id\":\"https:\/\/revistaautobus.com.br\/#\/schema\/logo\/image\/\"},\"sameAs\":[\"https:\/\/www.facebook.com\/antonio.ferro.3150\",\"https:\/\/www.instagram.com\/revistaautobus\/\"]},{\"@type\":\"Person\",\"@id\":\"https:\/\/revistaautobus.com.br\/#\/schema\/person\/54af7c3eb83a310e42ef686ef6d16f50\",\"name\":\"Antonio Ferro\",\"image\":{\"@type\":\"ImageObject\",\"inLanguage\":\"pt-BR\",\"@id\":\"https:\/\/revistaautobus.com.br\/wp-content\/uploads\/2025\/12\/editor_antonio_ferro-150x150.jpg\",\"url\":\"https:\/\/revistaautobus.com.br\/wp-content\/uploads\/2025\/12\/editor_antonio_ferro-150x150.jpg\",\"contentUrl\":\"https:\/\/revistaautobus.com.br\/wp-content\/uploads\/2025\/12\/editor_antonio_ferro-150x150.jpg\",\"caption\":\"Antonio Ferro\"},\"description\":\"infobus@uol.com.br\",\"url\":\"https:\/\/revistaautobus.com.br\/?author=2\"}]}<\/script>\n<!-- \/ Yoast SEO plugin. -->","yoast_head_json":{"title":"Parceria exporta \u00f4nibus para a \u00c1frica - Revista AutoBus","robots":{"index":"index","follow":"follow","max-snippet":"max-snippet:-1","max-image-preview":"max-image-preview:large","max-video-preview":"max-video-preview:-1"},"canonical":"https:\/\/revistaautobus.com.br\/?p=6166","og_locale":"pt_BR","og_type":"article","og_title":"Parceria exporta \u00f4nibus para a \u00c1frica - Revista AutoBus","og_description":"Os novos \u00f4nibus possuem o chassi OF-1730 e a carro\u00e7aria Svelto","og_url":"https:\/\/revistaautobus.com.br\/?p=6166","og_site_name":"Revista AutoBus","article_publisher":"https:\/\/www.facebook.com\/antonio.ferro.3150","article_published_time":"2022-04-18T12:37:43+00:00","article_modified_time":"2022-04-18T12:37:45+00:00","og_image":[{"width":1100,"height":825,"url":"https:\/\/revistaautobus.com.br\/wp-content\/uploads\/2022\/04\/IMG_2013.jpg","type":"image\/jpeg"}],"author":"Antonio Ferro","twitter_card":"summary_large_image","twitter_misc":{"Escrito por":"Antonio Ferro","Est. tempo de leitura":"2 minutos"},"schema":{"@context":"https:\/\/schema.org","@graph":[{"@type":"Article","@id":"https:\/\/revistaautobus.com.br\/?p=6166#article","isPartOf":{"@id":"https:\/\/revistaautobus.com.br\/?p=6166"},"author":{"name":"Antonio Ferro","@id":"https:\/\/revistaautobus.com.br\/#\/schema\/person\/54af7c3eb83a310e42ef686ef6d16f50"},"headline":"Parceria exporta \u00f4nibus para a \u00c1frica","datePublished":"2022-04-18T12:37:43+00:00","dateModified":"2022-04-18T12:37:45+00:00","mainEntityOfPage":{"@id":"https:\/\/revistaautobus.com.br\/?p=6166"},"wordCount":318,"commentCount":0,"publisher":{"@id":"https:\/\/revistaautobus.com.br\/#organization"},"image":{"@id":"https:\/\/revistaautobus.com.br\/?p=6166#primaryimage"},"thumbnailUrl":"https:\/\/revistaautobus.com.br\/wp-content\/uploads\/2022\/04\/IMG_2013.jpg","keywords":["Comil","mercedes-benz"],"articleSection":["Internacional"],"inLanguage":"pt-BR","potentialAction":[{"@type":"CommentAction","name":"Comment","target":["https:\/\/revistaautobus.com.br\/?p=6166#respond"]}]},{"@type":"WebPage","@id":"https:\/\/revistaautobus.com.br\/?p=6166","url":"https:\/\/revistaautobus.com.br\/?p=6166","name":"Parceria exporta \u00f4nibus para a \u00c1frica - Revista AutoBus","isPartOf":{"@id":"https:\/\/revistaautobus.com.br\/#website"},"primaryImageOfPage":{"@id":"https:\/\/revistaautobus.com.br\/?p=6166#primaryimage"},"image":{"@id":"https:\/\/revistaautobus.com.br\/?p=6166#primaryimage"},"thumbnailUrl":"https:\/\/revistaautobus.com.br\/wp-content\/uploads\/2022\/04\/IMG_2013.jpg","datePublished":"2022-04-18T12:37:43+00:00","dateModified":"2022-04-18T12:37:45+00:00","breadcrumb":{"@id":"https:\/\/revistaautobus.com.br\/?p=6166#breadcrumb"},"inLanguage":"pt-BR","potentialAction":[{"@type":"ReadAction","target":["https:\/\/revistaautobus.com.br\/?p=6166"]}]},{"@type":"ImageObject","inLanguage":"pt-BR","@id":"https:\/\/revistaautobus.com.br\/?p=6166#primaryimage","url":"https:\/\/revistaautobus.com.br\/wp-content\/uploads\/2022\/04\/IMG_2013.jpg","contentUrl":"https:\/\/revistaautobus.com.br\/wp-content\/uploads\/2022\/04\/IMG_2013.jpg","width":1100,"height":825},{"@type":"BreadcrumbList","@id":"https:\/\/revistaautobus.com.br\/?p=6166#breadcrumb","itemListElement":[{"@type":"ListItem","position":1,"name":"In\u00edcio","item":"https:\/\/revistaautobus.com.br\/"},{"@type":"ListItem","position":2,"name":"Parceria exporta \u00f4nibus para a \u00c1frica"}]},{"@type":"WebSite","@id":"https:\/\/revistaautobus.com.br\/#website","url":"https:\/\/revistaautobus.com.br\/","name":"Revista AutoBus","description":"","publisher":{"@id":"https:\/\/revistaautobus.com.br\/#organization"},"potentialAction":[{"@type":"SearchAction","target":{"@type":"EntryPoint","urlTemplate":"https:\/\/revistaautobus.com.br\/?s={search_term_string}"},"query-input":{"@type":"PropertyValueSpecification","valueRequired":true,"valueName":"search_term_string"}}],"inLanguage":"pt-BR"},{"@type":"Organization","@id":"https:\/\/revistaautobus.com.br\/#organization","name":"Revista AutoBus","url":"https:\/\/revistaautobus.com.br\/","logo":{"@type":"ImageObject","inLanguage":"pt-BR","@id":"https:\/\/revistaautobus.com.br\/#\/schema\/logo\/image\/","url":"https:\/\/revistaautobus.com.br\/wp-content\/uploads\/2024\/11\/logo_revista_autobus_fb.png","contentUrl":"https:\/\/revistaautobus.com.br\/wp-content\/uploads\/2024\/11\/logo_revista_autobus_fb.png","width":836,"height":227,"caption":"Revista AutoBus"},"image":{"@id":"https:\/\/revistaautobus.com.br\/#\/schema\/logo\/image\/"},"sameAs":["https:\/\/www.facebook.com\/antonio.ferro.3150","https:\/\/www.instagram.com\/revistaautobus\/"]},{"@type":"Person","@id":"https:\/\/revistaautobus.com.br\/#\/schema\/person\/54af7c3eb83a310e42ef686ef6d16f50","name":"Antonio Ferro","image":{"@type":"ImageObject","inLanguage":"pt-BR","@id":"https:\/\/revistaautobus.com.br\/wp-content\/uploads\/2025\/12\/editor_antonio_ferro-150x150.jpg","url":"https:\/\/revistaautobus.com.br\/wp-content\/uploads\/2025\/12\/editor_antonio_ferro-150x150.jpg","contentUrl":"https:\/\/revistaautobus.com.br\/wp-content\/uploads\/2025\/12\/editor_antonio_ferro-150x150.jpg","caption":"Antonio Ferro"},"description":"infobus@uol.com.br","url":"https:\/\/revistaautobus.com.br\/?author=2"}]}},"jetpack_featured_media_url":"https:\/\/revistaautobus.com.br\/wp-content\/uploads\/2022\/04\/IMG_2013.jpg","jetpack_sharing_enabled":true,"_links":{"self":[{"href":"https:\/\/revistaautobus.com.br\/index.php?rest_route=\/wp\/v2\/posts\/6166","targetHints":{"allow":["GET"]}}],"collection":[{"href":"https:\/\/revistaautobus.com.br\/index.php?rest_route=\/wp\/v2\/posts"}],"about":[{"href":"https:\/\/revistaautobus.com.br\/index.php?rest_route=\/wp\/v2\/types\/post"}],"author":[{"embeddable":true,"href":"https:\/\/revistaautobus.com.br\/index.php?rest_route=\/wp\/v2\/users\/2"}],"replies":[{"embeddable":true,"href":"https:\/\/revistaautobus.com.br\/index.php?rest_route=%2Fwp%2Fv2%2Fcomments&post=6166"}],"version-history":[{"count":2,"href":"https:\/\/revistaautobus.com.br\/index.php?rest_route=\/wp\/v2\/posts\/6166\/revisions"}],"predecessor-version":[{"id":6169,"href":"https:\/\/revistaautobus.com.br\/index.php?rest_route=\/wp\/v2\/posts\/6166\/revisions\/6169"}],"wp:featuredmedia":[{"embeddable":true,"href":"https:\/\/revistaautobus.com.br\/index.php?rest_route=\/wp\/v2\/media\/6167"}],"wp:attachment":[{"href":"https:\/\/revistaautobus.com.br\/index.php?rest_route=%2Fwp%2Fv2%2Fmedia&parent=6166"}],"wp:term":[{"taxonomy":"category","embeddable":true,"href":"https:\/\/revistaautobus.com.br\/index.php?rest_route=%2Fwp%2Fv2%2Fcategories&post=6166"},{"taxonomy":"post_tag","embeddable":true,"href":"https:\/\/revistaautobus.com.br\/index.php?rest_route=%2Fwp%2Fv2%2Ftags&post=6166"}],"curies":[{"name":"wp","href":"https:\/\/api.w.org\/{rel}","templated":true}]}}