{"id":6170,"date":"2022-04-18T09:40:57","date_gmt":"2022-04-18T12:40:57","guid":{"rendered":"https:\/\/revistaautobus.com.br\/?p=6170"},"modified":"2022-04-18T09:51:59","modified_gmt":"2022-04-18T12:51:59","slug":"no-aniversario-da-catarinense-quem-ganha-e-o-passageiro","status":"publish","type":"post","link":"https:\/\/revistaautobus.com.br\/?p=6170","title":{"rendered":"No anivers\u00e1rio da Catarinense quem ganha \u00e9 o passageiro"},"content":{"rendered":"\n<p class=\"has-drop-cap\">Em 2022, uma das mais longevas operadoras brasileiras de \u00f4nibus rodovi\u00e1rios completa 94 anos. A Auto Via\u00e7\u00e3o Catarinense \u00e9 um emblema no segmento e ao longo dos \u00faltimos tr\u00eas anos, percorreu mais de 92 milh\u00f5es de quil\u00f4metros de estrada para transportar mais de 7,5 milh\u00f5es de passageiros entre as 161 cidades em que opera nas regi\u00f5es Sul e Sudeste brasileiras, totalizando mais de 213 mil viagens realizadas.<\/p>\n\n\n\n<p>Para Anuar Helayel, diretor da transportadora, ela permanece com o mesmo foco &#8211; oferecer ao cliente seguran\u00e7a e a melhor experi\u00eancia em viagens. \u201cProporcionar uma experi\u00eancia completa para os nossos passageiros, com seguran\u00e7a, conforto, inova\u00e7\u00e3o e uma ampla variedade de destinos seguem sendo os pilares da Catarinense, que tem muito orgulho de fazer parte da hist\u00f3ria de Santa Catarina\u201d, disse ele.<\/p>\n\n\n\n<p>Fundada como \u201cEmpreza Auto Via\u00e7\u00e3o Catarinense\u201d, em 13 de abril de 1928, \u00e9 considerada a primeira empresa de transporte intermunicipal de passageiros do Brasil. O princ\u00edpio de tudo se deu na rota entre Blumenau e Florian\u00f3polis, ambas cidades catarinenses. O trajeto tinha dura\u00e7\u00e3o de 12 horas, feito por antigas jardineiras. Hoje, ele \u00e9 realizado em aproximadamente 2 horas.<\/p>\n\n\n\n<div class=\"wp-block-image\"><figure class=\"alignright size-full is-resized\"><img loading=\"lazy\" decoding=\"async\" src=\"https:\/\/revistaautobus.com.br\/wp-content\/uploads\/2022\/04\/Decada-de-30.jpg\" alt=\"\" class=\"wp-image-6172\" width=\"479\" height=\"315\" srcset=\"https:\/\/revistaautobus.com.br\/wp-content\/uploads\/2022\/04\/Decada-de-30.jpg 1024w, https:\/\/revistaautobus.com.br\/wp-content\/uploads\/2022\/04\/Decada-de-30-300x197.jpg 300w, https:\/\/revistaautobus.com.br\/wp-content\/uploads\/2022\/04\/Decada-de-30-768x506.jpg 768w\" sizes=\"(max-width: 479px) 100vw, 479px\" \/><figcaption><strong><em><mark style=\"background-color:rgba(0, 0, 0, 0)\" class=\"has-inline-color has-vivid-cyan-blue-color\">Um dos primeiros \u00f4nibus da empresa, l\u00e1 na d\u00e9cada de 1930<\/mark><\/em><\/strong><\/figcaption><\/figure><\/div>\n\n\n\n<p>Depois de ter sido incorporada pelo Grupo JCA, em 1995, dois anos depois, a operadora compra a Cia. Rex de Transportes e maximiza suas opera\u00e7\u00f5es. Hoje, sua frota \u00e9 composta por 270 \u00f4nibus, de diversos modelos, e conta com mais de 860 colaboradores, que v\u00e3o de motoristas, mec\u00e2nicos e atendentes a cargos administrativos, de tecnologia e de lideran\u00e7a.<\/p>\n\n\n\n<p>E, para comemorar seu anivers\u00e1rio, ela passou a disponibilizar desconto de 20% na compra de passagens de rotas interestaduais, para viagens a serem realizadas entre 25\/04 e 31\/05. Basta aplicar o cupom SEMPRECOMVOCE ao final do fluxo de compra. Com a promo\u00e7\u00e3o, trechos bastantes procurados, como Balne\u00e1rio Cambori\u00fa x Curitiba e Florian\u00f3polis x Curitiba custam, respectivamente, R$ 45,99 e R$ 55,99.<\/p>\n\n\n\n<p>Imagens &#8211; Divulga\u00e7\u00e3o<\/p>\n","protected":false},"excerpt":{"rendered":"<p>E, para comemorar seu anivers\u00e1rio, ela passou a disponibilizar desconto de 20% na compra de passagens de rotas interestaduais<\/p>\n","protected":false},"author":2,"featured_media":6171,"comment_status":"open","ping_status":"open","sticky":false,"template":"","format":"standard","meta":{"_et_pb_use_builder":"off","_et_pb_old_content":"","_et_gb_content_width":"","_jetpack_memberships_contains_paid_content":false,"footnotes":""},"categories":[90],"tags":[265],"class_list":["post-6170","post","type-post","status-publish","format-standard","has-post-thumbnail","hentry","category-noticias","tag-catarinense","et-has-post-format-content","et_post_format-et-post-format-standard"],"yoast_head":"<!-- This site is optimized with the Yoast SEO plugin v27.2 - https:\/\/yoast.com\/product\/yoast-seo-wordpress\/ -->\n<title>No anivers\u00e1rio da Catarinense quem ganha \u00e9 o passageiro - Revista AutoBus<\/title>\n<meta name=\"robots\" content=\"index, follow, max-snippet:-1, max-image-preview:large, max-video-preview:-1\" \/>\n<link rel=\"canonical\" href=\"https:\/\/revistaautobus.com.br\/?p=6170\" \/>\n<meta property=\"og:locale\" content=\"pt_BR\" \/>\n<meta property=\"og:type\" content=\"article\" \/>\n<meta property=\"og:title\" content=\"No anivers\u00e1rio da Catarinense quem ganha \u00e9 o passageiro - Revista AutoBus\" \/>\n<meta property=\"og:description\" content=\"E, para comemorar seu anivers\u00e1rio, ela passou a disponibilizar desconto de 20% na compra de passagens de rotas interestaduais\" \/>\n<meta property=\"og:url\" content=\"https:\/\/revistaautobus.com.br\/?p=6170\" \/>\n<meta property=\"og:site_name\" content=\"Revista AutoBus\" \/>\n<meta property=\"article:publisher\" content=\"https:\/\/www.facebook.com\/antonio.ferro.3150\" \/>\n<meta property=\"article:published_time\" content=\"2022-04-18T12:40:57+00:00\" \/>\n<meta property=\"article:modified_time\" content=\"2022-04-18T12:51:59+00:00\" \/>\n<meta property=\"og:image\" content=\"https:\/\/revistaautobus.com.br\/wp-content\/uploads\/2022\/04\/159baa64b5008962d3bbf3e8b066f520.jpeg\" \/>\n\t<meta property=\"og:image:width\" content=\"1100\" \/>\n\t<meta property=\"og:image:height\" content=\"733\" \/>\n\t<meta property=\"og:image:type\" content=\"image\/jpeg\" \/>\n<meta name=\"author\" content=\"Antonio Ferro\" \/>\n<meta name=\"twitter:card\" content=\"summary_large_image\" \/>\n<meta name=\"twitter:label1\" content=\"Escrito por\" \/>\n\t<meta name=\"twitter:data1\" content=\"Antonio Ferro\" \/>\n\t<meta name=\"twitter:label2\" content=\"Est. tempo de leitura\" \/>\n\t<meta name=\"twitter:data2\" content=\"2 minutos\" \/>\n<script type=\"application\/ld+json\" class=\"yoast-schema-graph\">{\"@context\":\"https:\/\/schema.org\",\"@graph\":[{\"@type\":\"Article\",\"@id\":\"https:\/\/revistaautobus.com.br\/?p=6170#article\",\"isPartOf\":{\"@id\":\"https:\/\/revistaautobus.com.br\/?p=6170\"},\"author\":{\"name\":\"Antonio Ferro\",\"@id\":\"https:\/\/revistaautobus.com.br\/#\/schema\/person\/54af7c3eb83a310e42ef686ef6d16f50\"},\"headline\":\"No anivers\u00e1rio da Catarinense quem ganha \u00e9 o passageiro\",\"datePublished\":\"2022-04-18T12:40:57+00:00\",\"dateModified\":\"2022-04-18T12:51:59+00:00\",\"mainEntityOfPage\":{\"@id\":\"https:\/\/revistaautobus.com.br\/?p=6170\"},\"wordCount\":332,\"commentCount\":0,\"publisher\":{\"@id\":\"https:\/\/revistaautobus.com.br\/#organization\"},\"image\":{\"@id\":\"https:\/\/revistaautobus.com.br\/?p=6170#primaryimage\"},\"thumbnailUrl\":\"https:\/\/revistaautobus.com.br\/wp-content\/uploads\/2022\/04\/159baa64b5008962d3bbf3e8b066f520.jpeg\",\"keywords\":[\"Catarinense\"],\"articleSection\":[\"Not\u00edcias\"],\"inLanguage\":\"pt-BR\",\"potentialAction\":[{\"@type\":\"CommentAction\",\"name\":\"Comment\",\"target\":[\"https:\/\/revistaautobus.com.br\/?p=6170#respond\"]}]},{\"@type\":\"WebPage\",\"@id\":\"https:\/\/revistaautobus.com.br\/?p=6170\",\"url\":\"https:\/\/revistaautobus.com.br\/?p=6170\",\"name\":\"No anivers\u00e1rio da Catarinense quem ganha \u00e9 o passageiro - Revista AutoBus\",\"isPartOf\":{\"@id\":\"https:\/\/revistaautobus.com.br\/#website\"},\"primaryImageOfPage\":{\"@id\":\"https:\/\/revistaautobus.com.br\/?p=6170#primaryimage\"},\"image\":{\"@id\":\"https:\/\/revistaautobus.com.br\/?p=6170#primaryimage\"},\"thumbnailUrl\":\"https:\/\/revistaautobus.com.br\/wp-content\/uploads\/2022\/04\/159baa64b5008962d3bbf3e8b066f520.jpeg\",\"datePublished\":\"2022-04-18T12:40:57+00:00\",\"dateModified\":\"2022-04-18T12:51:59+00:00\",\"breadcrumb\":{\"@id\":\"https:\/\/revistaautobus.com.br\/?p=6170#breadcrumb\"},\"inLanguage\":\"pt-BR\",\"potentialAction\":[{\"@type\":\"ReadAction\",\"target\":[\"https:\/\/revistaautobus.com.br\/?p=6170\"]}]},{\"@type\":\"ImageObject\",\"inLanguage\":\"pt-BR\",\"@id\":\"https:\/\/revistaautobus.com.br\/?p=6170#primaryimage\",\"url\":\"https:\/\/revistaautobus.com.br\/wp-content\/uploads\/2022\/04\/159baa64b5008962d3bbf3e8b066f520.jpeg\",\"contentUrl\":\"https:\/\/revistaautobus.com.br\/wp-content\/uploads\/2022\/04\/159baa64b5008962d3bbf3e8b066f520.jpeg\",\"width\":1100,\"height\":733},{\"@type\":\"BreadcrumbList\",\"@id\":\"https:\/\/revistaautobus.com.br\/?p=6170#breadcrumb\",\"itemListElement\":[{\"@type\":\"ListItem\",\"position\":1,\"name\":\"In\u00edcio\",\"item\":\"https:\/\/revistaautobus.com.br\/\"},{\"@type\":\"ListItem\",\"position\":2,\"name\":\"No anivers\u00e1rio da Catarinense quem ganha \u00e9 o passageiro\"}]},{\"@type\":\"WebSite\",\"@id\":\"https:\/\/revistaautobus.com.br\/#website\",\"url\":\"https:\/\/revistaautobus.com.br\/\",\"name\":\"Revista AutoBus\",\"description\":\"\",\"publisher\":{\"@id\":\"https:\/\/revistaautobus.com.br\/#organization\"},\"potentialAction\":[{\"@type\":\"SearchAction\",\"target\":{\"@type\":\"EntryPoint\",\"urlTemplate\":\"https:\/\/revistaautobus.com.br\/?s={search_term_string}\"},\"query-input\":{\"@type\":\"PropertyValueSpecification\",\"valueRequired\":true,\"valueName\":\"search_term_string\"}}],\"inLanguage\":\"pt-BR\"},{\"@type\":\"Organization\",\"@id\":\"https:\/\/revistaautobus.com.br\/#organization\",\"name\":\"Revista AutoBus\",\"url\":\"https:\/\/revistaautobus.com.br\/\",\"logo\":{\"@type\":\"ImageObject\",\"inLanguage\":\"pt-BR\",\"@id\":\"https:\/\/revistaautobus.com.br\/#\/schema\/logo\/image\/\",\"url\":\"https:\/\/revistaautobus.com.br\/wp-content\/uploads\/2024\/11\/logo_revista_autobus_fb.png\",\"contentUrl\":\"https:\/\/revistaautobus.com.br\/wp-content\/uploads\/2024\/11\/logo_revista_autobus_fb.png\",\"width\":836,\"height\":227,\"caption\":\"Revista AutoBus\"},\"image\":{\"@id\":\"https:\/\/revistaautobus.com.br\/#\/schema\/logo\/image\/\"},\"sameAs\":[\"https:\/\/www.facebook.com\/antonio.ferro.3150\",\"https:\/\/www.instagram.com\/revistaautobus\/\"]},{\"@type\":\"Person\",\"@id\":\"https:\/\/revistaautobus.com.br\/#\/schema\/person\/54af7c3eb83a310e42ef686ef6d16f50\",\"name\":\"Antonio Ferro\",\"image\":{\"@type\":\"ImageObject\",\"inLanguage\":\"pt-BR\",\"@id\":\"https:\/\/revistaautobus.com.br\/wp-content\/uploads\/2025\/12\/editor_antonio_ferro-150x150.jpg\",\"url\":\"https:\/\/revistaautobus.com.br\/wp-content\/uploads\/2025\/12\/editor_antonio_ferro-150x150.jpg\",\"contentUrl\":\"https:\/\/revistaautobus.com.br\/wp-content\/uploads\/2025\/12\/editor_antonio_ferro-150x150.jpg\",\"caption\":\"Antonio Ferro\"},\"description\":\"infobus@uol.com.br\",\"url\":\"https:\/\/revistaautobus.com.br\/?author=2\"}]}<\/script>\n<!-- \/ Yoast SEO plugin. -->","yoast_head_json":{"title":"No anivers\u00e1rio da Catarinense quem ganha \u00e9 o passageiro - Revista AutoBus","robots":{"index":"index","follow":"follow","max-snippet":"max-snippet:-1","max-image-preview":"max-image-preview:large","max-video-preview":"max-video-preview:-1"},"canonical":"https:\/\/revistaautobus.com.br\/?p=6170","og_locale":"pt_BR","og_type":"article","og_title":"No anivers\u00e1rio da Catarinense quem ganha \u00e9 o passageiro - Revista AutoBus","og_description":"E, para comemorar seu anivers\u00e1rio, ela passou a disponibilizar desconto de 20% na compra de passagens de rotas interestaduais","og_url":"https:\/\/revistaautobus.com.br\/?p=6170","og_site_name":"Revista AutoBus","article_publisher":"https:\/\/www.facebook.com\/antonio.ferro.3150","article_published_time":"2022-04-18T12:40:57+00:00","article_modified_time":"2022-04-18T12:51:59+00:00","og_image":[{"width":1100,"height":733,"url":"https:\/\/revistaautobus.com.br\/wp-content\/uploads\/2022\/04\/159baa64b5008962d3bbf3e8b066f520.jpeg","type":"image\/jpeg"}],"author":"Antonio Ferro","twitter_card":"summary_large_image","twitter_misc":{"Escrito por":"Antonio Ferro","Est. tempo de leitura":"2 minutos"},"schema":{"@context":"https:\/\/schema.org","@graph":[{"@type":"Article","@id":"https:\/\/revistaautobus.com.br\/?p=6170#article","isPartOf":{"@id":"https:\/\/revistaautobus.com.br\/?p=6170"},"author":{"name":"Antonio Ferro","@id":"https:\/\/revistaautobus.com.br\/#\/schema\/person\/54af7c3eb83a310e42ef686ef6d16f50"},"headline":"No anivers\u00e1rio da Catarinense quem ganha \u00e9 o passageiro","datePublished":"2022-04-18T12:40:57+00:00","dateModified":"2022-04-18T12:51:59+00:00","mainEntityOfPage":{"@id":"https:\/\/revistaautobus.com.br\/?p=6170"},"wordCount":332,"commentCount":0,"publisher":{"@id":"https:\/\/revistaautobus.com.br\/#organization"},"image":{"@id":"https:\/\/revistaautobus.com.br\/?p=6170#primaryimage"},"thumbnailUrl":"https:\/\/revistaautobus.com.br\/wp-content\/uploads\/2022\/04\/159baa64b5008962d3bbf3e8b066f520.jpeg","keywords":["Catarinense"],"articleSection":["Not\u00edcias"],"inLanguage":"pt-BR","potentialAction":[{"@type":"CommentAction","name":"Comment","target":["https:\/\/revistaautobus.com.br\/?p=6170#respond"]}]},{"@type":"WebPage","@id":"https:\/\/revistaautobus.com.br\/?p=6170","url":"https:\/\/revistaautobus.com.br\/?p=6170","name":"No anivers\u00e1rio da Catarinense quem ganha \u00e9 o passageiro - Revista AutoBus","isPartOf":{"@id":"https:\/\/revistaautobus.com.br\/#website"},"primaryImageOfPage":{"@id":"https:\/\/revistaautobus.com.br\/?p=6170#primaryimage"},"image":{"@id":"https:\/\/revistaautobus.com.br\/?p=6170#primaryimage"},"thumbnailUrl":"https:\/\/revistaautobus.com.br\/wp-content\/uploads\/2022\/04\/159baa64b5008962d3bbf3e8b066f520.jpeg","datePublished":"2022-04-18T12:40:57+00:00","dateModified":"2022-04-18T12:51:59+00:00","breadcrumb":{"@id":"https:\/\/revistaautobus.com.br\/?p=6170#breadcrumb"},"inLanguage":"pt-BR","potentialAction":[{"@type":"ReadAction","target":["https:\/\/revistaautobus.com.br\/?p=6170"]}]},{"@type":"ImageObject","inLanguage":"pt-BR","@id":"https:\/\/revistaautobus.com.br\/?p=6170#primaryimage","url":"https:\/\/revistaautobus.com.br\/wp-content\/uploads\/2022\/04\/159baa64b5008962d3bbf3e8b066f520.jpeg","contentUrl":"https:\/\/revistaautobus.com.br\/wp-content\/uploads\/2022\/04\/159baa64b5008962d3bbf3e8b066f520.jpeg","width":1100,"height":733},{"@type":"BreadcrumbList","@id":"https:\/\/revistaautobus.com.br\/?p=6170#breadcrumb","itemListElement":[{"@type":"ListItem","position":1,"name":"In\u00edcio","item":"https:\/\/revistaautobus.com.br\/"},{"@type":"ListItem","position":2,"name":"No anivers\u00e1rio da Catarinense quem ganha \u00e9 o passageiro"}]},{"@type":"WebSite","@id":"https:\/\/revistaautobus.com.br\/#website","url":"https:\/\/revistaautobus.com.br\/","name":"Revista AutoBus","description":"","publisher":{"@id":"https:\/\/revistaautobus.com.br\/#organization"},"potentialAction":[{"@type":"SearchAction","target":{"@type":"EntryPoint","urlTemplate":"https:\/\/revistaautobus.com.br\/?s={search_term_string}"},"query-input":{"@type":"PropertyValueSpecification","valueRequired":true,"valueName":"search_term_string"}}],"inLanguage":"pt-BR"},{"@type":"Organization","@id":"https:\/\/revistaautobus.com.br\/#organization","name":"Revista AutoBus","url":"https:\/\/revistaautobus.com.br\/","logo":{"@type":"ImageObject","inLanguage":"pt-BR","@id":"https:\/\/revistaautobus.com.br\/#\/schema\/logo\/image\/","url":"https:\/\/revistaautobus.com.br\/wp-content\/uploads\/2024\/11\/logo_revista_autobus_fb.png","contentUrl":"https:\/\/revistaautobus.com.br\/wp-content\/uploads\/2024\/11\/logo_revista_autobus_fb.png","width":836,"height":227,"caption":"Revista AutoBus"},"image":{"@id":"https:\/\/revistaautobus.com.br\/#\/schema\/logo\/image\/"},"sameAs":["https:\/\/www.facebook.com\/antonio.ferro.3150","https:\/\/www.instagram.com\/revistaautobus\/"]},{"@type":"Person","@id":"https:\/\/revistaautobus.com.br\/#\/schema\/person\/54af7c3eb83a310e42ef686ef6d16f50","name":"Antonio Ferro","image":{"@type":"ImageObject","inLanguage":"pt-BR","@id":"https:\/\/revistaautobus.com.br\/wp-content\/uploads\/2025\/12\/editor_antonio_ferro-150x150.jpg","url":"https:\/\/revistaautobus.com.br\/wp-content\/uploads\/2025\/12\/editor_antonio_ferro-150x150.jpg","contentUrl":"https:\/\/revistaautobus.com.br\/wp-content\/uploads\/2025\/12\/editor_antonio_ferro-150x150.jpg","caption":"Antonio Ferro"},"description":"infobus@uol.com.br","url":"https:\/\/revistaautobus.com.br\/?author=2"}]}},"jetpack_featured_media_url":"https:\/\/revistaautobus.com.br\/wp-content\/uploads\/2022\/04\/159baa64b5008962d3bbf3e8b066f520.jpeg","jetpack_sharing_enabled":true,"_links":{"self":[{"href":"https:\/\/revistaautobus.com.br\/index.php?rest_route=\/wp\/v2\/posts\/6170","targetHints":{"allow":["GET"]}}],"collection":[{"href":"https:\/\/revistaautobus.com.br\/index.php?rest_route=\/wp\/v2\/posts"}],"about":[{"href":"https:\/\/revistaautobus.com.br\/index.php?rest_route=\/wp\/v2\/types\/post"}],"author":[{"embeddable":true,"href":"https:\/\/revistaautobus.com.br\/index.php?rest_route=\/wp\/v2\/users\/2"}],"replies":[{"embeddable":true,"href":"https:\/\/revistaautobus.com.br\/index.php?rest_route=%2Fwp%2Fv2%2Fcomments&post=6170"}],"version-history":[{"count":1,"href":"https:\/\/revistaautobus.com.br\/index.php?rest_route=\/wp\/v2\/posts\/6170\/revisions"}],"predecessor-version":[{"id":6173,"href":"https:\/\/revistaautobus.com.br\/index.php?rest_route=\/wp\/v2\/posts\/6170\/revisions\/6173"}],"wp:featuredmedia":[{"embeddable":true,"href":"https:\/\/revistaautobus.com.br\/index.php?rest_route=\/wp\/v2\/media\/6171"}],"wp:attachment":[{"href":"https:\/\/revistaautobus.com.br\/index.php?rest_route=%2Fwp%2Fv2%2Fmedia&parent=6170"}],"wp:term":[{"taxonomy":"category","embeddable":true,"href":"https:\/\/revistaautobus.com.br\/index.php?rest_route=%2Fwp%2Fv2%2Fcategories&post=6170"},{"taxonomy":"post_tag","embeddable":true,"href":"https:\/\/revistaautobus.com.br\/index.php?rest_route=%2Fwp%2Fv2%2Ftags&post=6170"}],"curies":[{"name":"wp","href":"https:\/\/api.w.org\/{rel}","templated":true}]}}