{"id":6204,"date":"2022-04-22T08:34:35","date_gmt":"2022-04-22T11:34:35","guid":{"rendered":"https:\/\/revistaautobus.com.br\/?p=6204"},"modified":"2022-04-22T08:34:37","modified_gmt":"2022-04-22T11:34:37","slug":"vix-logistica-amplia-mercados","status":"publish","type":"post","link":"https:\/\/revistaautobus.com.br\/?p=6204","title":{"rendered":"VIX Log\u00edstica amplia mercados"},"content":{"rendered":"\n<p class=\"has-drop-cap\">A empresa capixaba VIX Log\u00edstica tem uma hist\u00f3ria interessante. Come\u00e7ou suas atividades em 1971, quando o Grupo \u00c1guia Branca, refer\u00eancia brasileira no transporte rodovi\u00e1rio de passageiros, deu in\u00edcio \u00e0s suas opera\u00e7\u00f5es de fretamento. Com o passar dos anos, a operadora sentiu seu crescimento com o in\u00edcio das atividades de loca\u00e7\u00e3o e log\u00edstica dedicada, sobretudo no segmento de celulose.<\/p>\n\n\n\n<p>Reconhecida, hoje, por disponibilizar solu\u00e7\u00f5es log\u00edsticas customizadas, com atua\u00e7\u00e3o em todo o Brasil e Mercosul, h\u00e1 poucos dias se transformou na maior transportadora de chassis de \u00f4nibus do Brasil, com a aquisi\u00e7\u00e3o da empresa Servicarga Transportes e Servi\u00e7os, que atua desde 1990 no transporte de \u00f4nibus, autom\u00f3veis, utilit\u00e1rios, cont\u00eainer, pe\u00e7as e componentes, transportes especiais e pesados, assim como na remontagem de chassis e caminh\u00f5es.<\/p>\n\n\n\n<p>Kaumer Chieppe, vice-presidente do Grupo \u00c1guia Branca \u2013 Divis\u00e3o Log\u00edstica -, disse que, com esse passo a Companhia est\u00e1 fortalecendo ainda mais sua presen\u00e7a no transporte de ve\u00edculos pesados, tornando-se a maior transportadora de chassis de \u00f4nibus do Brasil. \u201cA Servicarga \u00e9 uma empresa s\u00f3lida, altamente conceituada e com \u00f3tima gest\u00e3o conduzida pelos ent\u00e3o propriet\u00e1rios e diretores Ronaldo Jos\u00e9 Bidese e Lu\u00eds Carlos Minuscoli. O Ronaldo, inclusive, permanece conosco para contribuir na transi\u00e7\u00e3o da opera\u00e7\u00e3o. Tamb\u00e9m permanece conosco o time Servicarga, agora em sinergia total com o conglomerado de empresas do Grupo \u00c1guia Branca, que tem sede no Esp\u00edrito Santo e do qual a VIX Log\u00edstica faz parte\u201d, observou o executivo.<\/p>\n\n\n\n<p>J\u00e1 Patr\u00edcia Chieppe, CEO da VIX Log\u00edstica, ressaltou que, com a Servicarga, a empresa refor\u00e7a sua aposta no mercado de pesados, altamente resiliente e em crescimento, assim como mira a expans\u00e3o da atua\u00e7\u00e3o da Companhia. \u201cTrata-se de um movimento para nos consolidar entre as maiores em log\u00edstica automotiva no Brasil e ampliar nossa presen\u00e7a na regi\u00e3o Sul. Seguimos atentos a outras oportunidades de mercado, em especial ativos relevantes e que tenham valores alinhados aos nossos, assim como o respeito \u00e0s pessoas, a \u00e9tica nos nossos neg\u00f3cios, o compromisso com os clientes e a inova\u00e7\u00e3o\u201d, explicou ela.<\/p>\n\n\n\n<p>Imagem &#8211; Divulga\u00e7\u00e3o<\/p>\n","protected":false},"excerpt":{"rendered":"<p>Uma das mais importantes empresas de transporte expande seus neg\u00f3cios na \u00e1rea de movimenta\u00e7\u00e3o de ve\u00edculos<\/p>\n","protected":false},"author":2,"featured_media":6205,"comment_status":"open","ping_status":"open","sticky":false,"template":"","format":"standard","meta":{"_et_pb_use_builder":"off","_et_pb_old_content":"","_et_gb_content_width":"","_jetpack_memberships_contains_paid_content":false,"footnotes":""},"categories":[90],"tags":[269],"class_list":["post-6204","post","type-post","status-publish","format-standard","has-post-thumbnail","hentry","category-noticias","tag-vix-logistica","et-has-post-format-content","et_post_format-et-post-format-standard"],"yoast_head":"<!-- This site is optimized with the Yoast SEO plugin v27.2 - https:\/\/yoast.com\/product\/yoast-seo-wordpress\/ -->\n<title>VIX Log\u00edstica amplia mercados - Revista AutoBus<\/title>\n<meta name=\"robots\" content=\"index, follow, max-snippet:-1, max-image-preview:large, max-video-preview:-1\" \/>\n<link rel=\"canonical\" href=\"https:\/\/revistaautobus.com.br\/?p=6204\" \/>\n<meta property=\"og:locale\" content=\"pt_BR\" \/>\n<meta property=\"og:type\" content=\"article\" \/>\n<meta property=\"og:title\" content=\"VIX Log\u00edstica amplia mercados - Revista AutoBus\" \/>\n<meta property=\"og:description\" content=\"Uma das mais importantes empresas de transporte expande seus neg\u00f3cios na \u00e1rea de movimenta\u00e7\u00e3o de ve\u00edculos\" \/>\n<meta property=\"og:url\" content=\"https:\/\/revistaautobus.com.br\/?p=6204\" \/>\n<meta property=\"og:site_name\" content=\"Revista AutoBus\" \/>\n<meta property=\"article:publisher\" content=\"https:\/\/www.facebook.com\/antonio.ferro.3150\" \/>\n<meta property=\"article:published_time\" content=\"2022-04-22T11:34:35+00:00\" \/>\n<meta property=\"article:modified_time\" content=\"2022-04-22T11:34:37+00:00\" \/>\n<meta property=\"og:image\" content=\"https:\/\/revistaautobus.com.br\/wp-content\/uploads\/2022\/04\/ViewImage.jpg\" \/>\n\t<meta property=\"og:image:width\" content=\"1089\" \/>\n\t<meta property=\"og:image:height\" content=\"818\" \/>\n\t<meta property=\"og:image:type\" content=\"image\/jpeg\" \/>\n<meta name=\"author\" content=\"Antonio Ferro\" \/>\n<meta name=\"twitter:card\" content=\"summary_large_image\" \/>\n<meta name=\"twitter:label1\" content=\"Escrito por\" \/>\n\t<meta name=\"twitter:data1\" content=\"Antonio Ferro\" \/>\n\t<meta name=\"twitter:label2\" content=\"Est. tempo de leitura\" \/>\n\t<meta name=\"twitter:data2\" content=\"2 minutos\" \/>\n<script type=\"application\/ld+json\" class=\"yoast-schema-graph\">{\"@context\":\"https:\/\/schema.org\",\"@graph\":[{\"@type\":\"Article\",\"@id\":\"https:\/\/revistaautobus.com.br\/?p=6204#article\",\"isPartOf\":{\"@id\":\"https:\/\/revistaautobus.com.br\/?p=6204\"},\"author\":{\"name\":\"Antonio Ferro\",\"@id\":\"https:\/\/revistaautobus.com.br\/#\/schema\/person\/54af7c3eb83a310e42ef686ef6d16f50\"},\"headline\":\"VIX Log\u00edstica amplia mercados\",\"datePublished\":\"2022-04-22T11:34:35+00:00\",\"dateModified\":\"2022-04-22T11:34:37+00:00\",\"mainEntityOfPage\":{\"@id\":\"https:\/\/revistaautobus.com.br\/?p=6204\"},\"wordCount\":378,\"commentCount\":0,\"publisher\":{\"@id\":\"https:\/\/revistaautobus.com.br\/#organization\"},\"image\":{\"@id\":\"https:\/\/revistaautobus.com.br\/?p=6204#primaryimage\"},\"thumbnailUrl\":\"https:\/\/revistaautobus.com.br\/wp-content\/uploads\/2022\/04\/ViewImage.jpg\",\"keywords\":[\"VIX log\u00edstica\"],\"articleSection\":[\"Not\u00edcias\"],\"inLanguage\":\"pt-BR\",\"potentialAction\":[{\"@type\":\"CommentAction\",\"name\":\"Comment\",\"target\":[\"https:\/\/revistaautobus.com.br\/?p=6204#respond\"]}]},{\"@type\":\"WebPage\",\"@id\":\"https:\/\/revistaautobus.com.br\/?p=6204\",\"url\":\"https:\/\/revistaautobus.com.br\/?p=6204\",\"name\":\"VIX Log\u00edstica amplia mercados - Revista AutoBus\",\"isPartOf\":{\"@id\":\"https:\/\/revistaautobus.com.br\/#website\"},\"primaryImageOfPage\":{\"@id\":\"https:\/\/revistaautobus.com.br\/?p=6204#primaryimage\"},\"image\":{\"@id\":\"https:\/\/revistaautobus.com.br\/?p=6204#primaryimage\"},\"thumbnailUrl\":\"https:\/\/revistaautobus.com.br\/wp-content\/uploads\/2022\/04\/ViewImage.jpg\",\"datePublished\":\"2022-04-22T11:34:35+00:00\",\"dateModified\":\"2022-04-22T11:34:37+00:00\",\"breadcrumb\":{\"@id\":\"https:\/\/revistaautobus.com.br\/?p=6204#breadcrumb\"},\"inLanguage\":\"pt-BR\",\"potentialAction\":[{\"@type\":\"ReadAction\",\"target\":[\"https:\/\/revistaautobus.com.br\/?p=6204\"]}]},{\"@type\":\"ImageObject\",\"inLanguage\":\"pt-BR\",\"@id\":\"https:\/\/revistaautobus.com.br\/?p=6204#primaryimage\",\"url\":\"https:\/\/revistaautobus.com.br\/wp-content\/uploads\/2022\/04\/ViewImage.jpg\",\"contentUrl\":\"https:\/\/revistaautobus.com.br\/wp-content\/uploads\/2022\/04\/ViewImage.jpg\",\"width\":1089,\"height\":818},{\"@type\":\"BreadcrumbList\",\"@id\":\"https:\/\/revistaautobus.com.br\/?p=6204#breadcrumb\",\"itemListElement\":[{\"@type\":\"ListItem\",\"position\":1,\"name\":\"In\u00edcio\",\"item\":\"https:\/\/revistaautobus.com.br\/\"},{\"@type\":\"ListItem\",\"position\":2,\"name\":\"VIX Log\u00edstica amplia mercados\"}]},{\"@type\":\"WebSite\",\"@id\":\"https:\/\/revistaautobus.com.br\/#website\",\"url\":\"https:\/\/revistaautobus.com.br\/\",\"name\":\"Revista AutoBus\",\"description\":\"\",\"publisher\":{\"@id\":\"https:\/\/revistaautobus.com.br\/#organization\"},\"potentialAction\":[{\"@type\":\"SearchAction\",\"target\":{\"@type\":\"EntryPoint\",\"urlTemplate\":\"https:\/\/revistaautobus.com.br\/?s={search_term_string}\"},\"query-input\":{\"@type\":\"PropertyValueSpecification\",\"valueRequired\":true,\"valueName\":\"search_term_string\"}}],\"inLanguage\":\"pt-BR\"},{\"@type\":\"Organization\",\"@id\":\"https:\/\/revistaautobus.com.br\/#organization\",\"name\":\"Revista AutoBus\",\"url\":\"https:\/\/revistaautobus.com.br\/\",\"logo\":{\"@type\":\"ImageObject\",\"inLanguage\":\"pt-BR\",\"@id\":\"https:\/\/revistaautobus.com.br\/#\/schema\/logo\/image\/\",\"url\":\"https:\/\/revistaautobus.com.br\/wp-content\/uploads\/2024\/11\/logo_revista_autobus_fb.png\",\"contentUrl\":\"https:\/\/revistaautobus.com.br\/wp-content\/uploads\/2024\/11\/logo_revista_autobus_fb.png\",\"width\":836,\"height\":227,\"caption\":\"Revista AutoBus\"},\"image\":{\"@id\":\"https:\/\/revistaautobus.com.br\/#\/schema\/logo\/image\/\"},\"sameAs\":[\"https:\/\/www.facebook.com\/antonio.ferro.3150\",\"https:\/\/www.instagram.com\/revistaautobus\/\"]},{\"@type\":\"Person\",\"@id\":\"https:\/\/revistaautobus.com.br\/#\/schema\/person\/54af7c3eb83a310e42ef686ef6d16f50\",\"name\":\"Antonio Ferro\",\"image\":{\"@type\":\"ImageObject\",\"inLanguage\":\"pt-BR\",\"@id\":\"https:\/\/revistaautobus.com.br\/wp-content\/uploads\/2025\/12\/editor_antonio_ferro-150x150.jpg\",\"url\":\"https:\/\/revistaautobus.com.br\/wp-content\/uploads\/2025\/12\/editor_antonio_ferro-150x150.jpg\",\"contentUrl\":\"https:\/\/revistaautobus.com.br\/wp-content\/uploads\/2025\/12\/editor_antonio_ferro-150x150.jpg\",\"caption\":\"Antonio Ferro\"},\"description\":\"infobus@uol.com.br\",\"url\":\"https:\/\/revistaautobus.com.br\/?author=2\"}]}<\/script>\n<!-- \/ Yoast SEO plugin. -->","yoast_head_json":{"title":"VIX Log\u00edstica amplia mercados - Revista AutoBus","robots":{"index":"index","follow":"follow","max-snippet":"max-snippet:-1","max-image-preview":"max-image-preview:large","max-video-preview":"max-video-preview:-1"},"canonical":"https:\/\/revistaautobus.com.br\/?p=6204","og_locale":"pt_BR","og_type":"article","og_title":"VIX Log\u00edstica amplia mercados - Revista AutoBus","og_description":"Uma das mais importantes empresas de transporte expande seus neg\u00f3cios na \u00e1rea de movimenta\u00e7\u00e3o de ve\u00edculos","og_url":"https:\/\/revistaautobus.com.br\/?p=6204","og_site_name":"Revista AutoBus","article_publisher":"https:\/\/www.facebook.com\/antonio.ferro.3150","article_published_time":"2022-04-22T11:34:35+00:00","article_modified_time":"2022-04-22T11:34:37+00:00","og_image":[{"width":1089,"height":818,"url":"https:\/\/revistaautobus.com.br\/wp-content\/uploads\/2022\/04\/ViewImage.jpg","type":"image\/jpeg"}],"author":"Antonio Ferro","twitter_card":"summary_large_image","twitter_misc":{"Escrito por":"Antonio Ferro","Est. tempo de leitura":"2 minutos"},"schema":{"@context":"https:\/\/schema.org","@graph":[{"@type":"Article","@id":"https:\/\/revistaautobus.com.br\/?p=6204#article","isPartOf":{"@id":"https:\/\/revistaautobus.com.br\/?p=6204"},"author":{"name":"Antonio Ferro","@id":"https:\/\/revistaautobus.com.br\/#\/schema\/person\/54af7c3eb83a310e42ef686ef6d16f50"},"headline":"VIX Log\u00edstica amplia mercados","datePublished":"2022-04-22T11:34:35+00:00","dateModified":"2022-04-22T11:34:37+00:00","mainEntityOfPage":{"@id":"https:\/\/revistaautobus.com.br\/?p=6204"},"wordCount":378,"commentCount":0,"publisher":{"@id":"https:\/\/revistaautobus.com.br\/#organization"},"image":{"@id":"https:\/\/revistaautobus.com.br\/?p=6204#primaryimage"},"thumbnailUrl":"https:\/\/revistaautobus.com.br\/wp-content\/uploads\/2022\/04\/ViewImage.jpg","keywords":["VIX log\u00edstica"],"articleSection":["Not\u00edcias"],"inLanguage":"pt-BR","potentialAction":[{"@type":"CommentAction","name":"Comment","target":["https:\/\/revistaautobus.com.br\/?p=6204#respond"]}]},{"@type":"WebPage","@id":"https:\/\/revistaautobus.com.br\/?p=6204","url":"https:\/\/revistaautobus.com.br\/?p=6204","name":"VIX Log\u00edstica amplia mercados - Revista AutoBus","isPartOf":{"@id":"https:\/\/revistaautobus.com.br\/#website"},"primaryImageOfPage":{"@id":"https:\/\/revistaautobus.com.br\/?p=6204#primaryimage"},"image":{"@id":"https:\/\/revistaautobus.com.br\/?p=6204#primaryimage"},"thumbnailUrl":"https:\/\/revistaautobus.com.br\/wp-content\/uploads\/2022\/04\/ViewImage.jpg","datePublished":"2022-04-22T11:34:35+00:00","dateModified":"2022-04-22T11:34:37+00:00","breadcrumb":{"@id":"https:\/\/revistaautobus.com.br\/?p=6204#breadcrumb"},"inLanguage":"pt-BR","potentialAction":[{"@type":"ReadAction","target":["https:\/\/revistaautobus.com.br\/?p=6204"]}]},{"@type":"ImageObject","inLanguage":"pt-BR","@id":"https:\/\/revistaautobus.com.br\/?p=6204#primaryimage","url":"https:\/\/revistaautobus.com.br\/wp-content\/uploads\/2022\/04\/ViewImage.jpg","contentUrl":"https:\/\/revistaautobus.com.br\/wp-content\/uploads\/2022\/04\/ViewImage.jpg","width":1089,"height":818},{"@type":"BreadcrumbList","@id":"https:\/\/revistaautobus.com.br\/?p=6204#breadcrumb","itemListElement":[{"@type":"ListItem","position":1,"name":"In\u00edcio","item":"https:\/\/revistaautobus.com.br\/"},{"@type":"ListItem","position":2,"name":"VIX Log\u00edstica amplia mercados"}]},{"@type":"WebSite","@id":"https:\/\/revistaautobus.com.br\/#website","url":"https:\/\/revistaautobus.com.br\/","name":"Revista AutoBus","description":"","publisher":{"@id":"https:\/\/revistaautobus.com.br\/#organization"},"potentialAction":[{"@type":"SearchAction","target":{"@type":"EntryPoint","urlTemplate":"https:\/\/revistaautobus.com.br\/?s={search_term_string}"},"query-input":{"@type":"PropertyValueSpecification","valueRequired":true,"valueName":"search_term_string"}}],"inLanguage":"pt-BR"},{"@type":"Organization","@id":"https:\/\/revistaautobus.com.br\/#organization","name":"Revista AutoBus","url":"https:\/\/revistaautobus.com.br\/","logo":{"@type":"ImageObject","inLanguage":"pt-BR","@id":"https:\/\/revistaautobus.com.br\/#\/schema\/logo\/image\/","url":"https:\/\/revistaautobus.com.br\/wp-content\/uploads\/2024\/11\/logo_revista_autobus_fb.png","contentUrl":"https:\/\/revistaautobus.com.br\/wp-content\/uploads\/2024\/11\/logo_revista_autobus_fb.png","width":836,"height":227,"caption":"Revista AutoBus"},"image":{"@id":"https:\/\/revistaautobus.com.br\/#\/schema\/logo\/image\/"},"sameAs":["https:\/\/www.facebook.com\/antonio.ferro.3150","https:\/\/www.instagram.com\/revistaautobus\/"]},{"@type":"Person","@id":"https:\/\/revistaautobus.com.br\/#\/schema\/person\/54af7c3eb83a310e42ef686ef6d16f50","name":"Antonio Ferro","image":{"@type":"ImageObject","inLanguage":"pt-BR","@id":"https:\/\/revistaautobus.com.br\/wp-content\/uploads\/2025\/12\/editor_antonio_ferro-150x150.jpg","url":"https:\/\/revistaautobus.com.br\/wp-content\/uploads\/2025\/12\/editor_antonio_ferro-150x150.jpg","contentUrl":"https:\/\/revistaautobus.com.br\/wp-content\/uploads\/2025\/12\/editor_antonio_ferro-150x150.jpg","caption":"Antonio Ferro"},"description":"infobus@uol.com.br","url":"https:\/\/revistaautobus.com.br\/?author=2"}]}},"jetpack_featured_media_url":"https:\/\/revistaautobus.com.br\/wp-content\/uploads\/2022\/04\/ViewImage.jpg","jetpack_sharing_enabled":true,"_links":{"self":[{"href":"https:\/\/revistaautobus.com.br\/index.php?rest_route=\/wp\/v2\/posts\/6204","targetHints":{"allow":["GET"]}}],"collection":[{"href":"https:\/\/revistaautobus.com.br\/index.php?rest_route=\/wp\/v2\/posts"}],"about":[{"href":"https:\/\/revistaautobus.com.br\/index.php?rest_route=\/wp\/v2\/types\/post"}],"author":[{"embeddable":true,"href":"https:\/\/revistaautobus.com.br\/index.php?rest_route=\/wp\/v2\/users\/2"}],"replies":[{"embeddable":true,"href":"https:\/\/revistaautobus.com.br\/index.php?rest_route=%2Fwp%2Fv2%2Fcomments&post=6204"}],"version-history":[{"count":2,"href":"https:\/\/revistaautobus.com.br\/index.php?rest_route=\/wp\/v2\/posts\/6204\/revisions"}],"predecessor-version":[{"id":6207,"href":"https:\/\/revistaautobus.com.br\/index.php?rest_route=\/wp\/v2\/posts\/6204\/revisions\/6207"}],"wp:featuredmedia":[{"embeddable":true,"href":"https:\/\/revistaautobus.com.br\/index.php?rest_route=\/wp\/v2\/media\/6205"}],"wp:attachment":[{"href":"https:\/\/revistaautobus.com.br\/index.php?rest_route=%2Fwp%2Fv2%2Fmedia&parent=6204"}],"wp:term":[{"taxonomy":"category","embeddable":true,"href":"https:\/\/revistaautobus.com.br\/index.php?rest_route=%2Fwp%2Fv2%2Fcategories&post=6204"},{"taxonomy":"post_tag","embeddable":true,"href":"https:\/\/revistaautobus.com.br\/index.php?rest_route=%2Fwp%2Fv2%2Ftags&post=6204"}],"curies":[{"name":"wp","href":"https:\/\/api.w.org\/{rel}","templated":true}]}}