{"id":6260,"date":"2022-05-03T15:54:21","date_gmt":"2022-05-03T18:54:21","guid":{"rendered":"https:\/\/revistaautobus.com.br\/?p=6260"},"modified":"2022-05-03T15:54:24","modified_gmt":"2022-05-03T18:54:24","slug":"lembrancas-de-um-passado-focado-na-evolucao-do-onibus-urbano","status":"publish","type":"post","link":"https:\/\/revistaautobus.com.br\/?p=6260","title":{"rendered":"<strong><em>Lembran\u00e7as de um passado focado na evolu\u00e7\u00e3o do \u00f4nibus urbano<\/em><\/strong>"},"content":{"rendered":"\n<p class=\"has-drop-cap\">O transporte urbano feito pelo \u00f4nibus no Brasil da atualidade teve a oportunidade de evoluir e se desenvolver com conceitos promovidos em momentos espec\u00edficos que objetivaram a expans\u00e3o e consolida\u00e7\u00e3o do modal como um dos principais meios de deslocamento sustent\u00e1vel e eficiente no Pa\u00eds. Foi durante as d\u00e9cadas de 1970 e 1980 que muitos ideais, propostas, projetos e a\u00e7\u00f5es foram determinantes para a transi\u00e7\u00e3o e o estabelecimento de um cont\u00ednuo processo de evolu\u00e7\u00e3o que colocaria o \u00f4nibus num patamar de modernidade.<\/p>\n\n\n\n<p>Mas, infelizmente, tudo isso acabou ficando pelo caminho, sem a justa valoriza\u00e7\u00e3o e investimento, revelando a falta de compromisso governamental com o transporte frente aos desafios da mobilidade. \u00c9 o que mostra o livro <em>Desafios, Propostas e Frustra\u00e7\u00f5es<\/em>, escrito pelo <em>publisher<\/em> Antonio Ferro, editor do portal e da revista AutoBus, numa viagem no tempo em que se pode conhecer todas as influ\u00eancias proporcionadas e nem sempre aproveitadas naquelas duas d\u00e9cadas do transporte coletivo.<\/p>\n\n\n\n<p>Com uma vis\u00e3o direta sobre os acontecimentos em 20 anos de desenvolvimento do \u00f4nibus e dos sistemas correlatos, a obra traz um retrato iconogr\u00e1fico que exp\u00f5e a evolu\u00e7\u00e3o tecnol\u00f3gica veicular, apresentada pela ind\u00fastria local como forma de atender o que o mercado necessitava, <mark style=\"background-color:rgba(0, 0, 0, 0)\" class=\"has-inline-color has-black-color\"><a>e tamb\u00e9m da concep\u00e7\u00e3o estrutural adotada que pretendeu dar um novo sentido ao fluxo dos \u00f4nibus.<\/a> \u00a0<\/mark><\/p>\n\n\n\n<p>Aliado a isso, o conte\u00fado salienta o papel de um especialista no setor, reconhecido como uma das figuras mais importantes do transporte rodovi\u00e1rio e sua incans\u00e1vel luta para melhorar a mobilidade urbana em nosso Pa\u00eds.<\/p>\n\n\n\n<p>Para os mais saudosistas, o livro \u00e9 a oportunidade de recordar os principais acontecimentos que envolveram o \u00f4nibus no desenvolvimento das cidades. E para os mais jovens, revela-se um trabalho apropriado para que conhe\u00e7am a hist\u00f3ria e como ela poderia ter mudado, para melhor, o transporte coletivo urbano nacional.<\/p>\n\n\n\n<p>Para mais informa\u00e7\u00f5es, entre em contato pelo e-mail <a href=\"mailto:infobus@uol.com.br\">infobus@uol.com.br<\/a> &nbsp;<\/p>\n","protected":false},"excerpt":{"rendered":"<p>Para os mais saudosistas, o livro \u00e9 a oportunidade de recordar os principais acontecimentos que envolveram o \u00f4nibus no desenvolvimento das cidades<\/p>\n","protected":false},"author":2,"featured_media":6261,"comment_status":"open","ping_status":"open","sticky":false,"template":"","format":"standard","meta":{"_et_pb_use_builder":"off","_et_pb_old_content":"","_et_gb_content_width":"","_jetpack_memberships_contains_paid_content":false,"footnotes":""},"categories":[5],"tags":[276],"class_list":["post-6260","post","type-post","status-publish","format-standard","has-post-thumbnail","hentry","category-conexao-mobilidade","tag-livro-desafios-propostas-e-frustracoes","et-has-post-format-content","et_post_format-et-post-format-standard"],"yoast_head":"<!-- This site is optimized with the Yoast SEO plugin v27.2 - https:\/\/yoast.com\/product\/yoast-seo-wordpress\/ -->\n<title>Lembran\u00e7as de um passado focado na evolu\u00e7\u00e3o do \u00f4nibus urbano - Revista AutoBus<\/title>\n<meta name=\"robots\" content=\"index, follow, max-snippet:-1, max-image-preview:large, max-video-preview:-1\" \/>\n<link rel=\"canonical\" href=\"https:\/\/revistaautobus.com.br\/?p=6260\" \/>\n<meta property=\"og:locale\" content=\"pt_BR\" \/>\n<meta property=\"og:type\" content=\"article\" \/>\n<meta property=\"og:title\" content=\"Lembran\u00e7as de um passado focado na evolu\u00e7\u00e3o do \u00f4nibus urbano - Revista AutoBus\" \/>\n<meta property=\"og:description\" content=\"Para os mais saudosistas, o livro \u00e9 a oportunidade de recordar os principais acontecimentos que envolveram o \u00f4nibus no desenvolvimento das cidades\" \/>\n<meta property=\"og:url\" content=\"https:\/\/revistaautobus.com.br\/?p=6260\" \/>\n<meta property=\"og:site_name\" content=\"Revista AutoBus\" \/>\n<meta property=\"article:publisher\" content=\"https:\/\/www.facebook.com\/antonio.ferro.3150\" \/>\n<meta property=\"article:published_time\" content=\"2022-05-03T18:54:21+00:00\" \/>\n<meta property=\"article:modified_time\" content=\"2022-05-03T18:54:24+00:00\" \/>\n<meta property=\"og:image\" content=\"https:\/\/revistaautobus.com.br\/wp-content\/uploads\/2022\/05\/midias_sociais_1080-x-1350-Livro-Dasafios-Propostas-e-Frustracoes.png\" \/>\n\t<meta property=\"og:image:width\" content=\"1080\" \/>\n\t<meta property=\"og:image:height\" content=\"1350\" \/>\n\t<meta property=\"og:image:type\" content=\"image\/png\" \/>\n<meta name=\"author\" content=\"Antonio Ferro\" \/>\n<meta name=\"twitter:card\" content=\"summary_large_image\" \/>\n<meta name=\"twitter:label1\" content=\"Escrito por\" \/>\n\t<meta name=\"twitter:data1\" content=\"Antonio Ferro\" \/>\n\t<meta name=\"twitter:label2\" content=\"Est. tempo de leitura\" \/>\n\t<meta name=\"twitter:data2\" content=\"2 minutos\" \/>\n<script type=\"application\/ld+json\" class=\"yoast-schema-graph\">{\"@context\":\"https:\/\/schema.org\",\"@graph\":[{\"@type\":\"Article\",\"@id\":\"https:\/\/revistaautobus.com.br\/?p=6260#article\",\"isPartOf\":{\"@id\":\"https:\/\/revistaautobus.com.br\/?p=6260\"},\"author\":{\"name\":\"Antonio Ferro\",\"@id\":\"https:\/\/revistaautobus.com.br\/#\/schema\/person\/54af7c3eb83a310e42ef686ef6d16f50\"},\"headline\":\"Lembran\u00e7as de um passado focado na evolu\u00e7\u00e3o do \u00f4nibus urbano\",\"datePublished\":\"2022-05-03T18:54:21+00:00\",\"dateModified\":\"2022-05-03T18:54:24+00:00\",\"mainEntityOfPage\":{\"@id\":\"https:\/\/revistaautobus.com.br\/?p=6260\"},\"wordCount\":346,\"commentCount\":0,\"publisher\":{\"@id\":\"https:\/\/revistaautobus.com.br\/#organization\"},\"image\":{\"@id\":\"https:\/\/revistaautobus.com.br\/?p=6260#primaryimage\"},\"thumbnailUrl\":\"https:\/\/revistaautobus.com.br\/wp-content\/uploads\/2022\/05\/midias_sociais_1080-x-1350-Livro-Dasafios-Propostas-e-Frustracoes.png\",\"keywords\":[\"Livro Desafios Propostas e Frustra\u00e7\u00f5es\"],\"articleSection\":[\"Conex\u00e3o Mobilidade\"],\"inLanguage\":\"pt-BR\",\"potentialAction\":[{\"@type\":\"CommentAction\",\"name\":\"Comment\",\"target\":[\"https:\/\/revistaautobus.com.br\/?p=6260#respond\"]}]},{\"@type\":\"WebPage\",\"@id\":\"https:\/\/revistaautobus.com.br\/?p=6260\",\"url\":\"https:\/\/revistaautobus.com.br\/?p=6260\",\"name\":\"Lembran\u00e7as de um passado focado na evolu\u00e7\u00e3o do \u00f4nibus urbano - Revista AutoBus\",\"isPartOf\":{\"@id\":\"https:\/\/revistaautobus.com.br\/#website\"},\"primaryImageOfPage\":{\"@id\":\"https:\/\/revistaautobus.com.br\/?p=6260#primaryimage\"},\"image\":{\"@id\":\"https:\/\/revistaautobus.com.br\/?p=6260#primaryimage\"},\"thumbnailUrl\":\"https:\/\/revistaautobus.com.br\/wp-content\/uploads\/2022\/05\/midias_sociais_1080-x-1350-Livro-Dasafios-Propostas-e-Frustracoes.png\",\"datePublished\":\"2022-05-03T18:54:21+00:00\",\"dateModified\":\"2022-05-03T18:54:24+00:00\",\"breadcrumb\":{\"@id\":\"https:\/\/revistaautobus.com.br\/?p=6260#breadcrumb\"},\"inLanguage\":\"pt-BR\",\"potentialAction\":[{\"@type\":\"ReadAction\",\"target\":[\"https:\/\/revistaautobus.com.br\/?p=6260\"]}]},{\"@type\":\"ImageObject\",\"inLanguage\":\"pt-BR\",\"@id\":\"https:\/\/revistaautobus.com.br\/?p=6260#primaryimage\",\"url\":\"https:\/\/revistaautobus.com.br\/wp-content\/uploads\/2022\/05\/midias_sociais_1080-x-1350-Livro-Dasafios-Propostas-e-Frustracoes.png\",\"contentUrl\":\"https:\/\/revistaautobus.com.br\/wp-content\/uploads\/2022\/05\/midias_sociais_1080-x-1350-Livro-Dasafios-Propostas-e-Frustracoes.png\",\"width\":1080,\"height\":1350},{\"@type\":\"BreadcrumbList\",\"@id\":\"https:\/\/revistaautobus.com.br\/?p=6260#breadcrumb\",\"itemListElement\":[{\"@type\":\"ListItem\",\"position\":1,\"name\":\"In\u00edcio\",\"item\":\"https:\/\/revistaautobus.com.br\/\"},{\"@type\":\"ListItem\",\"position\":2,\"name\":\"Lembran\u00e7as de um passado focado na evolu\u00e7\u00e3o do \u00f4nibus urbano\"}]},{\"@type\":\"WebSite\",\"@id\":\"https:\/\/revistaautobus.com.br\/#website\",\"url\":\"https:\/\/revistaautobus.com.br\/\",\"name\":\"Revista AutoBus\",\"description\":\"\",\"publisher\":{\"@id\":\"https:\/\/revistaautobus.com.br\/#organization\"},\"potentialAction\":[{\"@type\":\"SearchAction\",\"target\":{\"@type\":\"EntryPoint\",\"urlTemplate\":\"https:\/\/revistaautobus.com.br\/?s={search_term_string}\"},\"query-input\":{\"@type\":\"PropertyValueSpecification\",\"valueRequired\":true,\"valueName\":\"search_term_string\"}}],\"inLanguage\":\"pt-BR\"},{\"@type\":\"Organization\",\"@id\":\"https:\/\/revistaautobus.com.br\/#organization\",\"name\":\"Revista AutoBus\",\"url\":\"https:\/\/revistaautobus.com.br\/\",\"logo\":{\"@type\":\"ImageObject\",\"inLanguage\":\"pt-BR\",\"@id\":\"https:\/\/revistaautobus.com.br\/#\/schema\/logo\/image\/\",\"url\":\"https:\/\/revistaautobus.com.br\/wp-content\/uploads\/2024\/11\/logo_revista_autobus_fb.png\",\"contentUrl\":\"https:\/\/revistaautobus.com.br\/wp-content\/uploads\/2024\/11\/logo_revista_autobus_fb.png\",\"width\":836,\"height\":227,\"caption\":\"Revista AutoBus\"},\"image\":{\"@id\":\"https:\/\/revistaautobus.com.br\/#\/schema\/logo\/image\/\"},\"sameAs\":[\"https:\/\/www.facebook.com\/antonio.ferro.3150\",\"https:\/\/www.instagram.com\/revistaautobus\/\"]},{\"@type\":\"Person\",\"@id\":\"https:\/\/revistaautobus.com.br\/#\/schema\/person\/54af7c3eb83a310e42ef686ef6d16f50\",\"name\":\"Antonio Ferro\",\"image\":{\"@type\":\"ImageObject\",\"inLanguage\":\"pt-BR\",\"@id\":\"https:\/\/revistaautobus.com.br\/wp-content\/uploads\/2025\/12\/editor_antonio_ferro-150x150.jpg\",\"url\":\"https:\/\/revistaautobus.com.br\/wp-content\/uploads\/2025\/12\/editor_antonio_ferro-150x150.jpg\",\"contentUrl\":\"https:\/\/revistaautobus.com.br\/wp-content\/uploads\/2025\/12\/editor_antonio_ferro-150x150.jpg\",\"caption\":\"Antonio Ferro\"},\"description\":\"infobus@uol.com.br\",\"url\":\"https:\/\/revistaautobus.com.br\/?author=2\"}]}<\/script>\n<!-- \/ Yoast SEO plugin. -->","yoast_head_json":{"title":"Lembran\u00e7as de um passado focado na evolu\u00e7\u00e3o do \u00f4nibus urbano - Revista AutoBus","robots":{"index":"index","follow":"follow","max-snippet":"max-snippet:-1","max-image-preview":"max-image-preview:large","max-video-preview":"max-video-preview:-1"},"canonical":"https:\/\/revistaautobus.com.br\/?p=6260","og_locale":"pt_BR","og_type":"article","og_title":"Lembran\u00e7as de um passado focado na evolu\u00e7\u00e3o do \u00f4nibus urbano - Revista AutoBus","og_description":"Para os mais saudosistas, o livro \u00e9 a oportunidade de recordar os principais acontecimentos que envolveram o \u00f4nibus no desenvolvimento das cidades","og_url":"https:\/\/revistaautobus.com.br\/?p=6260","og_site_name":"Revista AutoBus","article_publisher":"https:\/\/www.facebook.com\/antonio.ferro.3150","article_published_time":"2022-05-03T18:54:21+00:00","article_modified_time":"2022-05-03T18:54:24+00:00","og_image":[{"width":1080,"height":1350,"url":"https:\/\/revistaautobus.com.br\/wp-content\/uploads\/2022\/05\/midias_sociais_1080-x-1350-Livro-Dasafios-Propostas-e-Frustracoes.png","type":"image\/png"}],"author":"Antonio Ferro","twitter_card":"summary_large_image","twitter_misc":{"Escrito por":"Antonio Ferro","Est. tempo de leitura":"2 minutos"},"schema":{"@context":"https:\/\/schema.org","@graph":[{"@type":"Article","@id":"https:\/\/revistaautobus.com.br\/?p=6260#article","isPartOf":{"@id":"https:\/\/revistaautobus.com.br\/?p=6260"},"author":{"name":"Antonio Ferro","@id":"https:\/\/revistaautobus.com.br\/#\/schema\/person\/54af7c3eb83a310e42ef686ef6d16f50"},"headline":"Lembran\u00e7as de um passado focado na evolu\u00e7\u00e3o do \u00f4nibus urbano","datePublished":"2022-05-03T18:54:21+00:00","dateModified":"2022-05-03T18:54:24+00:00","mainEntityOfPage":{"@id":"https:\/\/revistaautobus.com.br\/?p=6260"},"wordCount":346,"commentCount":0,"publisher":{"@id":"https:\/\/revistaautobus.com.br\/#organization"},"image":{"@id":"https:\/\/revistaautobus.com.br\/?p=6260#primaryimage"},"thumbnailUrl":"https:\/\/revistaautobus.com.br\/wp-content\/uploads\/2022\/05\/midias_sociais_1080-x-1350-Livro-Dasafios-Propostas-e-Frustracoes.png","keywords":["Livro Desafios Propostas e Frustra\u00e7\u00f5es"],"articleSection":["Conex\u00e3o Mobilidade"],"inLanguage":"pt-BR","potentialAction":[{"@type":"CommentAction","name":"Comment","target":["https:\/\/revistaautobus.com.br\/?p=6260#respond"]}]},{"@type":"WebPage","@id":"https:\/\/revistaautobus.com.br\/?p=6260","url":"https:\/\/revistaautobus.com.br\/?p=6260","name":"Lembran\u00e7as de um passado focado na evolu\u00e7\u00e3o do \u00f4nibus urbano - Revista AutoBus","isPartOf":{"@id":"https:\/\/revistaautobus.com.br\/#website"},"primaryImageOfPage":{"@id":"https:\/\/revistaautobus.com.br\/?p=6260#primaryimage"},"image":{"@id":"https:\/\/revistaautobus.com.br\/?p=6260#primaryimage"},"thumbnailUrl":"https:\/\/revistaautobus.com.br\/wp-content\/uploads\/2022\/05\/midias_sociais_1080-x-1350-Livro-Dasafios-Propostas-e-Frustracoes.png","datePublished":"2022-05-03T18:54:21+00:00","dateModified":"2022-05-03T18:54:24+00:00","breadcrumb":{"@id":"https:\/\/revistaautobus.com.br\/?p=6260#breadcrumb"},"inLanguage":"pt-BR","potentialAction":[{"@type":"ReadAction","target":["https:\/\/revistaautobus.com.br\/?p=6260"]}]},{"@type":"ImageObject","inLanguage":"pt-BR","@id":"https:\/\/revistaautobus.com.br\/?p=6260#primaryimage","url":"https:\/\/revistaautobus.com.br\/wp-content\/uploads\/2022\/05\/midias_sociais_1080-x-1350-Livro-Dasafios-Propostas-e-Frustracoes.png","contentUrl":"https:\/\/revistaautobus.com.br\/wp-content\/uploads\/2022\/05\/midias_sociais_1080-x-1350-Livro-Dasafios-Propostas-e-Frustracoes.png","width":1080,"height":1350},{"@type":"BreadcrumbList","@id":"https:\/\/revistaautobus.com.br\/?p=6260#breadcrumb","itemListElement":[{"@type":"ListItem","position":1,"name":"In\u00edcio","item":"https:\/\/revistaautobus.com.br\/"},{"@type":"ListItem","position":2,"name":"Lembran\u00e7as de um passado focado na evolu\u00e7\u00e3o do \u00f4nibus urbano"}]},{"@type":"WebSite","@id":"https:\/\/revistaautobus.com.br\/#website","url":"https:\/\/revistaautobus.com.br\/","name":"Revista AutoBus","description":"","publisher":{"@id":"https:\/\/revistaautobus.com.br\/#organization"},"potentialAction":[{"@type":"SearchAction","target":{"@type":"EntryPoint","urlTemplate":"https:\/\/revistaautobus.com.br\/?s={search_term_string}"},"query-input":{"@type":"PropertyValueSpecification","valueRequired":true,"valueName":"search_term_string"}}],"inLanguage":"pt-BR"},{"@type":"Organization","@id":"https:\/\/revistaautobus.com.br\/#organization","name":"Revista AutoBus","url":"https:\/\/revistaautobus.com.br\/","logo":{"@type":"ImageObject","inLanguage":"pt-BR","@id":"https:\/\/revistaautobus.com.br\/#\/schema\/logo\/image\/","url":"https:\/\/revistaautobus.com.br\/wp-content\/uploads\/2024\/11\/logo_revista_autobus_fb.png","contentUrl":"https:\/\/revistaautobus.com.br\/wp-content\/uploads\/2024\/11\/logo_revista_autobus_fb.png","width":836,"height":227,"caption":"Revista AutoBus"},"image":{"@id":"https:\/\/revistaautobus.com.br\/#\/schema\/logo\/image\/"},"sameAs":["https:\/\/www.facebook.com\/antonio.ferro.3150","https:\/\/www.instagram.com\/revistaautobus\/"]},{"@type":"Person","@id":"https:\/\/revistaautobus.com.br\/#\/schema\/person\/54af7c3eb83a310e42ef686ef6d16f50","name":"Antonio Ferro","image":{"@type":"ImageObject","inLanguage":"pt-BR","@id":"https:\/\/revistaautobus.com.br\/wp-content\/uploads\/2025\/12\/editor_antonio_ferro-150x150.jpg","url":"https:\/\/revistaautobus.com.br\/wp-content\/uploads\/2025\/12\/editor_antonio_ferro-150x150.jpg","contentUrl":"https:\/\/revistaautobus.com.br\/wp-content\/uploads\/2025\/12\/editor_antonio_ferro-150x150.jpg","caption":"Antonio Ferro"},"description":"infobus@uol.com.br","url":"https:\/\/revistaautobus.com.br\/?author=2"}]}},"jetpack_featured_media_url":"https:\/\/revistaautobus.com.br\/wp-content\/uploads\/2022\/05\/midias_sociais_1080-x-1350-Livro-Dasafios-Propostas-e-Frustracoes.png","jetpack_sharing_enabled":true,"_links":{"self":[{"href":"https:\/\/revistaautobus.com.br\/index.php?rest_route=\/wp\/v2\/posts\/6260","targetHints":{"allow":["GET"]}}],"collection":[{"href":"https:\/\/revistaautobus.com.br\/index.php?rest_route=\/wp\/v2\/posts"}],"about":[{"href":"https:\/\/revistaautobus.com.br\/index.php?rest_route=\/wp\/v2\/types\/post"}],"author":[{"embeddable":true,"href":"https:\/\/revistaautobus.com.br\/index.php?rest_route=\/wp\/v2\/users\/2"}],"replies":[{"embeddable":true,"href":"https:\/\/revistaautobus.com.br\/index.php?rest_route=%2Fwp%2Fv2%2Fcomments&post=6260"}],"version-history":[{"count":2,"href":"https:\/\/revistaautobus.com.br\/index.php?rest_route=\/wp\/v2\/posts\/6260\/revisions"}],"predecessor-version":[{"id":6263,"href":"https:\/\/revistaautobus.com.br\/index.php?rest_route=\/wp\/v2\/posts\/6260\/revisions\/6263"}],"wp:featuredmedia":[{"embeddable":true,"href":"https:\/\/revistaautobus.com.br\/index.php?rest_route=\/wp\/v2\/media\/6261"}],"wp:attachment":[{"href":"https:\/\/revistaautobus.com.br\/index.php?rest_route=%2Fwp%2Fv2%2Fmedia&parent=6260"}],"wp:term":[{"taxonomy":"category","embeddable":true,"href":"https:\/\/revistaautobus.com.br\/index.php?rest_route=%2Fwp%2Fv2%2Fcategories&post=6260"},{"taxonomy":"post_tag","embeddable":true,"href":"https:\/\/revistaautobus.com.br\/index.php?rest_route=%2Fwp%2Fv2%2Ftags&post=6260"}],"curies":[{"name":"wp","href":"https:\/\/api.w.org\/{rel}","templated":true}]}}