{"id":6311,"date":"2022-05-06T11:09:35","date_gmt":"2022-05-06T14:09:35","guid":{"rendered":"https:\/\/revistaautobus.com.br\/?p=6311"},"modified":"2022-05-06T11:09:37","modified_gmt":"2022-05-06T14:09:37","slug":"de-passivo-a-ativo-ambiental","status":"publish","type":"post","link":"https:\/\/revistaautobus.com.br\/?p=6311","title":{"rendered":"De passivo a ativo ambiental"},"content":{"rendered":"\n<p class=\"has-drop-cap\">A transi\u00e7\u00e3o tecnol\u00f3gica da atual tra\u00e7\u00e3o a diesel por modelos mais sustent\u00e1veis no setor brasileiro de \u00f4nibus tem sido a t\u00f4nica de um debate que envolve diversos setores e especialistas. Tanto eletricidade, como biocombust\u00edveis, s\u00e3o fatores energ\u00e9ticos defendidos para atuar no futuro do transporte urbano.<\/p>\n\n\n\n<p>Num cen\u00e1rio de curto e m\u00e9dio prazo, as cidades poder\u00e3o contar com a tecnologia a g\u00e1s natural\/biometano que a montadora brasileira Agrale est\u00e1 disponibilizando no mercado como forma de contribuir com o incentivo aos ambientes livres da polui\u00e7\u00e3o. A fabricante ga\u00facha ressalta, neste momento, o desenvolvimento de seu chassi MA 11.000, que em combina\u00e7\u00e3o com a carro\u00e7aria Volare (marca Marcopolo), forma um ve\u00edculo adequado para centros urbanos que estabelecem programas de transporte limpo.<\/p>\n\n\n\n<p>O diretor-comercial e de marketing da Agrale, Edson Martins, faz quest\u00e3o de ressaltar que o Brasil tem um potencial muito grande em termos de g\u00e1s natural ou mesmo o biometano, este \u00faltimo respondendo por resolver os problemas ambientais causados por aterros sanit\u00e1rios, que emitem gases t\u00f3xicos continuamente. \u201cO Brasil tem metade de seus munic\u00edpios numa situa\u00e7\u00e3o desfavor\u00e1vel, com grandes problemas relacionados aos seus aterros. Com isso, estamos desperdi\u00e7ando o conte\u00fado energ\u00e9tico dessas \u00e1reas, que poderia se transformar em combust\u00edvel para o transporte escolar e urbano\u201d, observou.<\/p>\n\n\n\n<p>Ainda, segundo o executivo, outras fontes geradoras de biog\u00e1s tamb\u00e9m est\u00e3o localizadas em \u00e1reas rurais, com a transforma\u00e7\u00e3o dos dejetos animais em energia. \u201cToda essa polui\u00e7\u00e3o pode ser transformada em oportunidade energ\u00e9tica e em adubo para a agricultura\u201d, comentou.<\/p>\n\n\n\n<div class=\"wp-block-image\"><figure class=\"alignright size-full is-resized\"><img loading=\"lazy\" decoding=\"async\" src=\"https:\/\/revistaautobus.com.br\/wp-content\/uploads\/2022\/05\/Chassi-GNV_2022-1.jpg\" alt=\"\" class=\"wp-image-6315\" width=\"470\" height=\"207\" srcset=\"https:\/\/revistaautobus.com.br\/wp-content\/uploads\/2022\/05\/Chassi-GNV_2022-1.jpg 1017w, https:\/\/revistaautobus.com.br\/wp-content\/uploads\/2022\/05\/Chassi-GNV_2022-1-300x132.jpg 300w, https:\/\/revistaautobus.com.br\/wp-content\/uploads\/2022\/05\/Chassi-GNV_2022-1-768x338.jpg 768w\" sizes=\"(max-width: 470px) 100vw, 470px\" \/><figcaption><em><strong><mark style=\"background-color:rgba(0, 0, 0, 0)\" class=\"has-inline-color has-vivid-green-cyan-color\">Chassi MA 11.000 com propulsor a g\u00e1s natural\/biometano<\/mark><\/strong><\/em><\/figcaption><\/figure><\/div>\n\n\n\n<p>A Agrale quer construir um projeto-piloto que envolva uma usina produtora de biometano e a opera\u00e7\u00e3o de uma pequena frota de \u00f4nibus com tra\u00e7\u00e3o espec\u00edfica para mostrar essa solu\u00e7\u00e3o ambiental e a tecnol\u00f3gica. \u201cQueremos uma a\u00e7\u00e3o ambiental para melhorar a qualidade de vida e das cidades. Na pr\u00e1tica, isso poder\u00e1 gerar cr\u00e9ditos de carbono e reduzir a pegada de carbono. \u00c9 importante para revelarmos a viabilidade da solu\u00e7\u00e3o proposta\u201d, disse Martins.<\/p>\n\n\n\n<p>No quesito custo operacional, o diretor da Agrale falou que, no passado, essa quest\u00e3o do uso do g\u00e1s natural j\u00e1 apresentava uma grande vantagem em termos de valor do quil\u00f4metro rodado, numa compara\u00e7\u00e3o com o diesel, em terno de 40% a 50% menor, o que pode proporcionar equil\u00edbrio financeiro ao transportador.<\/p>\n\n\n\n<p>Quanto ao novo produto, Martins revelou que est\u00e1 reunindo dados envolvidos no custo do quil\u00f4metro rodado para fazer uma compara\u00e7\u00e3o entre o g\u00e1s natural e a vers\u00e3o a diesel. \u201cTamb\u00e9m vou utilizar informa\u00e7\u00f5es relacionadas com o biometano para fazer um comparativo com o diesel. Tenho a expectativa que haver\u00e1 redu\u00e7\u00e3o do custo operacional, bem significativa, ali\u00e1s\u201d.<\/p>\n\n\n\n<p>Em 2001, a Agrale iniciou o desenvolvimento de seu primeiro chassi de micro-\u00f4nibus movido a g\u00e1s natural do Brasil. Em 2003, foi apresentado oficialmente, como toda a homologa\u00e7\u00e3o necess\u00e1ria para ser um diferencial no mercado. Por\u00e9m, a falta de continu\u00edsmo de planos governamentais (na \u00e9poca a Petrobr\u00e1s incentivou a cria\u00e7\u00e3o desse ve\u00edculo) acabou deixando de lado essa proposta ambiental.<\/p>\n\n\n\n<div class=\"wp-block-image\"><figure class=\"alignleft size-large is-resized\"><img loading=\"lazy\" decoding=\"async\" src=\"https:\/\/revistaautobus.com.br\/wp-content\/uploads\/2022\/05\/WhatsApp-Image-2022-04-28-at-10.03.11-1-1024x768.jpeg\" alt=\"\" class=\"wp-image-6316\" width=\"481\" height=\"361\" srcset=\"https:\/\/revistaautobus.com.br\/wp-content\/uploads\/2022\/05\/WhatsApp-Image-2022-04-28-at-10.03.11-1-1024x768.jpeg 1024w, https:\/\/revistaautobus.com.br\/wp-content\/uploads\/2022\/05\/WhatsApp-Image-2022-04-28-at-10.03.11-1-300x225.jpeg 300w, https:\/\/revistaautobus.com.br\/wp-content\/uploads\/2022\/05\/WhatsApp-Image-2022-04-28-at-10.03.11-1-768x576.jpeg 768w, https:\/\/revistaautobus.com.br\/wp-content\/uploads\/2022\/05\/WhatsApp-Image-2022-04-28-at-10.03.11-1-1536x1152.jpeg 1536w, https:\/\/revistaautobus.com.br\/wp-content\/uploads\/2022\/05\/WhatsApp-Image-2022-04-28-at-10.03.11-1-1080x810.jpeg 1080w, https:\/\/revistaautobus.com.br\/wp-content\/uploads\/2022\/05\/WhatsApp-Image-2022-04-28-at-10.03.11-1.jpeg 1600w\" sizes=\"(max-width: 481px) 100vw, 481px\" \/><figcaption><em><strong><mark style=\"background-color:rgba(0, 0, 0, 0)\" class=\"has-inline-color has-vivid-green-cyan-color\">O projeto ga\u00facho de sustentabilidade ambiental tamb\u00e9m conta com a parceria da fabricante Volare<\/mark><\/strong><\/em><\/figcaption><\/figure><\/div>\n\n\n\n<p>Para Edson Martins, o momento ambiental \u00e9 prop\u00edcio para o surgimento de novas tecnologias de tra\u00e7\u00e3o dos \u00f4nibus urbanos e o conceito tecnol\u00f3gico da montadora ga\u00facha est\u00e1 \u00e0 disposi\u00e7\u00e3o do mercado. \u201cN\u00e3o h\u00e1 solu\u00e7\u00e3o \u00fanica que resolver\u00e1 os problemas ambientais do transporte. H\u00e1 espa\u00e7o para todas as tecnologias, dependendo das condi\u00e7\u00f5es locais e das necessidades operacionais. Tanto o g\u00e1s natural, como o biometano, s\u00e3o combust\u00edveis que ainda ter\u00e3o seus momentos certos no segmento, com investimentos e apoio\u201d, afirmou.<\/p>\n\n\n\n<p>O respectivo chassi MA 11.000 tem o motor importado FPT NEF 6, com 200 cv de pot\u00eancia, 600 Nm de torque, seis cilindros, transmiss\u00e3o com seis marchas e tanque para acomodar 380 litros de g\u00e1s. \u00a0<\/p>\n\n\n\n<p>Imagens &#8211; Divulga\u00e7\u00e3o<\/p>\n","protected":false},"excerpt":{"rendered":"<p>N\u00e3o custa nada lembrar que o biometano \u00e9 uma rica oportunidade para um modelo limpo de tra\u00e7\u00e3o visando a opera\u00e7\u00e3o urbana<\/p>\n","protected":false},"author":2,"featured_media":6312,"comment_status":"open","ping_status":"open","sticky":false,"template":"","format":"standard","meta":{"_et_pb_use_builder":"off","_et_pb_old_content":"","_et_gb_content_width":"","_jetpack_memberships_contains_paid_content":false,"footnotes":""},"categories":[8],"tags":[279,157],"class_list":["post-6311","post","type-post","status-publish","format-standard","has-post-thumbnail","hentry","category-gas-natural","tag-agrale","tag-volare","et-has-post-format-content","et_post_format-et-post-format-standard"],"yoast_head":"<!-- This site is optimized with the Yoast SEO plugin v27.2 - https:\/\/yoast.com\/product\/yoast-seo-wordpress\/ -->\n<title>De passivo a ativo ambiental - Revista AutoBus<\/title>\n<meta name=\"robots\" content=\"index, follow, max-snippet:-1, max-image-preview:large, max-video-preview:-1\" \/>\n<link rel=\"canonical\" href=\"https:\/\/revistaautobus.com.br\/?p=6311\" \/>\n<meta property=\"og:locale\" content=\"pt_BR\" \/>\n<meta property=\"og:type\" content=\"article\" \/>\n<meta property=\"og:title\" content=\"De passivo a ativo ambiental - Revista AutoBus\" \/>\n<meta property=\"og:description\" content=\"N\u00e3o custa nada lembrar que o biometano \u00e9 uma rica oportunidade para um modelo limpo de tra\u00e7\u00e3o visando a opera\u00e7\u00e3o urbana\" \/>\n<meta property=\"og:url\" content=\"https:\/\/revistaautobus.com.br\/?p=6311\" \/>\n<meta property=\"og:site_name\" content=\"Revista AutoBus\" \/>\n<meta property=\"article:publisher\" content=\"https:\/\/www.facebook.com\/antonio.ferro.3150\" \/>\n<meta property=\"article:published_time\" content=\"2022-05-06T14:09:35+00:00\" \/>\n<meta property=\"article:modified_time\" content=\"2022-05-06T14:09:37+00:00\" \/>\n<meta property=\"og:image\" content=\"https:\/\/revistaautobus.com.br\/wp-content\/uploads\/2022\/05\/Volare-gas.jpg\" \/>\n\t<meta property=\"og:image:width\" content=\"1100\" \/>\n\t<meta property=\"og:image:height\" content=\"619\" \/>\n\t<meta property=\"og:image:type\" content=\"image\/jpeg\" \/>\n<meta name=\"author\" content=\"Antonio Ferro\" \/>\n<meta name=\"twitter:card\" content=\"summary_large_image\" \/>\n<meta name=\"twitter:label1\" content=\"Escrito por\" \/>\n\t<meta name=\"twitter:data1\" content=\"Antonio Ferro\" \/>\n\t<meta name=\"twitter:label2\" content=\"Est. tempo de leitura\" \/>\n\t<meta name=\"twitter:data2\" content=\"3 minutos\" \/>\n<script type=\"application\/ld+json\" class=\"yoast-schema-graph\">{\"@context\":\"https:\/\/schema.org\",\"@graph\":[{\"@type\":\"Article\",\"@id\":\"https:\/\/revistaautobus.com.br\/?p=6311#article\",\"isPartOf\":{\"@id\":\"https:\/\/revistaautobus.com.br\/?p=6311\"},\"author\":{\"name\":\"Antonio Ferro\",\"@id\":\"https:\/\/revistaautobus.com.br\/#\/schema\/person\/54af7c3eb83a310e42ef686ef6d16f50\"},\"headline\":\"De passivo a ativo ambiental\",\"datePublished\":\"2022-05-06T14:09:35+00:00\",\"dateModified\":\"2022-05-06T14:09:37+00:00\",\"mainEntityOfPage\":{\"@id\":\"https:\/\/revistaautobus.com.br\/?p=6311\"},\"wordCount\":696,\"commentCount\":0,\"publisher\":{\"@id\":\"https:\/\/revistaautobus.com.br\/#organization\"},\"image\":{\"@id\":\"https:\/\/revistaautobus.com.br\/?p=6311#primaryimage\"},\"thumbnailUrl\":\"https:\/\/revistaautobus.com.br\/wp-content\/uploads\/2022\/05\/Volare-gas.jpg\",\"keywords\":[\"Agrale\",\"Volare\"],\"articleSection\":[\"G\u00e1s Natural\"],\"inLanguage\":\"pt-BR\",\"potentialAction\":[{\"@type\":\"CommentAction\",\"name\":\"Comment\",\"target\":[\"https:\/\/revistaautobus.com.br\/?p=6311#respond\"]}]},{\"@type\":\"WebPage\",\"@id\":\"https:\/\/revistaautobus.com.br\/?p=6311\",\"url\":\"https:\/\/revistaautobus.com.br\/?p=6311\",\"name\":\"De passivo a ativo ambiental - Revista AutoBus\",\"isPartOf\":{\"@id\":\"https:\/\/revistaautobus.com.br\/#website\"},\"primaryImageOfPage\":{\"@id\":\"https:\/\/revistaautobus.com.br\/?p=6311#primaryimage\"},\"image\":{\"@id\":\"https:\/\/revistaautobus.com.br\/?p=6311#primaryimage\"},\"thumbnailUrl\":\"https:\/\/revistaautobus.com.br\/wp-content\/uploads\/2022\/05\/Volare-gas.jpg\",\"datePublished\":\"2022-05-06T14:09:35+00:00\",\"dateModified\":\"2022-05-06T14:09:37+00:00\",\"breadcrumb\":{\"@id\":\"https:\/\/revistaautobus.com.br\/?p=6311#breadcrumb\"},\"inLanguage\":\"pt-BR\",\"potentialAction\":[{\"@type\":\"ReadAction\",\"target\":[\"https:\/\/revistaautobus.com.br\/?p=6311\"]}]},{\"@type\":\"ImageObject\",\"inLanguage\":\"pt-BR\",\"@id\":\"https:\/\/revistaautobus.com.br\/?p=6311#primaryimage\",\"url\":\"https:\/\/revistaautobus.com.br\/wp-content\/uploads\/2022\/05\/Volare-gas.jpg\",\"contentUrl\":\"https:\/\/revistaautobus.com.br\/wp-content\/uploads\/2022\/05\/Volare-gas.jpg\",\"width\":1100,\"height\":619},{\"@type\":\"BreadcrumbList\",\"@id\":\"https:\/\/revistaautobus.com.br\/?p=6311#breadcrumb\",\"itemListElement\":[{\"@type\":\"ListItem\",\"position\":1,\"name\":\"In\u00edcio\",\"item\":\"https:\/\/revistaautobus.com.br\/\"},{\"@type\":\"ListItem\",\"position\":2,\"name\":\"De passivo a ativo ambiental\"}]},{\"@type\":\"WebSite\",\"@id\":\"https:\/\/revistaautobus.com.br\/#website\",\"url\":\"https:\/\/revistaautobus.com.br\/\",\"name\":\"Revista AutoBus\",\"description\":\"\",\"publisher\":{\"@id\":\"https:\/\/revistaautobus.com.br\/#organization\"},\"potentialAction\":[{\"@type\":\"SearchAction\",\"target\":{\"@type\":\"EntryPoint\",\"urlTemplate\":\"https:\/\/revistaautobus.com.br\/?s={search_term_string}\"},\"query-input\":{\"@type\":\"PropertyValueSpecification\",\"valueRequired\":true,\"valueName\":\"search_term_string\"}}],\"inLanguage\":\"pt-BR\"},{\"@type\":\"Organization\",\"@id\":\"https:\/\/revistaautobus.com.br\/#organization\",\"name\":\"Revista AutoBus\",\"url\":\"https:\/\/revistaautobus.com.br\/\",\"logo\":{\"@type\":\"ImageObject\",\"inLanguage\":\"pt-BR\",\"@id\":\"https:\/\/revistaautobus.com.br\/#\/schema\/logo\/image\/\",\"url\":\"https:\/\/revistaautobus.com.br\/wp-content\/uploads\/2024\/11\/logo_revista_autobus_fb.png\",\"contentUrl\":\"https:\/\/revistaautobus.com.br\/wp-content\/uploads\/2024\/11\/logo_revista_autobus_fb.png\",\"width\":836,\"height\":227,\"caption\":\"Revista AutoBus\"},\"image\":{\"@id\":\"https:\/\/revistaautobus.com.br\/#\/schema\/logo\/image\/\"},\"sameAs\":[\"https:\/\/www.facebook.com\/antonio.ferro.3150\",\"https:\/\/www.instagram.com\/revistaautobus\/\"]},{\"@type\":\"Person\",\"@id\":\"https:\/\/revistaautobus.com.br\/#\/schema\/person\/54af7c3eb83a310e42ef686ef6d16f50\",\"name\":\"Antonio Ferro\",\"image\":{\"@type\":\"ImageObject\",\"inLanguage\":\"pt-BR\",\"@id\":\"https:\/\/revistaautobus.com.br\/wp-content\/uploads\/2025\/12\/editor_antonio_ferro-150x150.jpg\",\"url\":\"https:\/\/revistaautobus.com.br\/wp-content\/uploads\/2025\/12\/editor_antonio_ferro-150x150.jpg\",\"contentUrl\":\"https:\/\/revistaautobus.com.br\/wp-content\/uploads\/2025\/12\/editor_antonio_ferro-150x150.jpg\",\"caption\":\"Antonio Ferro\"},\"description\":\"infobus@uol.com.br\",\"url\":\"https:\/\/revistaautobus.com.br\/?author=2\"}]}<\/script>\n<!-- \/ Yoast SEO plugin. -->","yoast_head_json":{"title":"De passivo a ativo ambiental - Revista AutoBus","robots":{"index":"index","follow":"follow","max-snippet":"max-snippet:-1","max-image-preview":"max-image-preview:large","max-video-preview":"max-video-preview:-1"},"canonical":"https:\/\/revistaautobus.com.br\/?p=6311","og_locale":"pt_BR","og_type":"article","og_title":"De passivo a ativo ambiental - Revista AutoBus","og_description":"N\u00e3o custa nada lembrar que o biometano \u00e9 uma rica oportunidade para um modelo limpo de tra\u00e7\u00e3o visando a opera\u00e7\u00e3o urbana","og_url":"https:\/\/revistaautobus.com.br\/?p=6311","og_site_name":"Revista AutoBus","article_publisher":"https:\/\/www.facebook.com\/antonio.ferro.3150","article_published_time":"2022-05-06T14:09:35+00:00","article_modified_time":"2022-05-06T14:09:37+00:00","og_image":[{"width":1100,"height":619,"url":"https:\/\/revistaautobus.com.br\/wp-content\/uploads\/2022\/05\/Volare-gas.jpg","type":"image\/jpeg"}],"author":"Antonio Ferro","twitter_card":"summary_large_image","twitter_misc":{"Escrito por":"Antonio Ferro","Est. tempo de leitura":"3 minutos"},"schema":{"@context":"https:\/\/schema.org","@graph":[{"@type":"Article","@id":"https:\/\/revistaautobus.com.br\/?p=6311#article","isPartOf":{"@id":"https:\/\/revistaautobus.com.br\/?p=6311"},"author":{"name":"Antonio Ferro","@id":"https:\/\/revistaautobus.com.br\/#\/schema\/person\/54af7c3eb83a310e42ef686ef6d16f50"},"headline":"De passivo a ativo ambiental","datePublished":"2022-05-06T14:09:35+00:00","dateModified":"2022-05-06T14:09:37+00:00","mainEntityOfPage":{"@id":"https:\/\/revistaautobus.com.br\/?p=6311"},"wordCount":696,"commentCount":0,"publisher":{"@id":"https:\/\/revistaautobus.com.br\/#organization"},"image":{"@id":"https:\/\/revistaautobus.com.br\/?p=6311#primaryimage"},"thumbnailUrl":"https:\/\/revistaautobus.com.br\/wp-content\/uploads\/2022\/05\/Volare-gas.jpg","keywords":["Agrale","Volare"],"articleSection":["G\u00e1s Natural"],"inLanguage":"pt-BR","potentialAction":[{"@type":"CommentAction","name":"Comment","target":["https:\/\/revistaautobus.com.br\/?p=6311#respond"]}]},{"@type":"WebPage","@id":"https:\/\/revistaautobus.com.br\/?p=6311","url":"https:\/\/revistaautobus.com.br\/?p=6311","name":"De passivo a ativo ambiental - Revista AutoBus","isPartOf":{"@id":"https:\/\/revistaautobus.com.br\/#website"},"primaryImageOfPage":{"@id":"https:\/\/revistaautobus.com.br\/?p=6311#primaryimage"},"image":{"@id":"https:\/\/revistaautobus.com.br\/?p=6311#primaryimage"},"thumbnailUrl":"https:\/\/revistaautobus.com.br\/wp-content\/uploads\/2022\/05\/Volare-gas.jpg","datePublished":"2022-05-06T14:09:35+00:00","dateModified":"2022-05-06T14:09:37+00:00","breadcrumb":{"@id":"https:\/\/revistaautobus.com.br\/?p=6311#breadcrumb"},"inLanguage":"pt-BR","potentialAction":[{"@type":"ReadAction","target":["https:\/\/revistaautobus.com.br\/?p=6311"]}]},{"@type":"ImageObject","inLanguage":"pt-BR","@id":"https:\/\/revistaautobus.com.br\/?p=6311#primaryimage","url":"https:\/\/revistaautobus.com.br\/wp-content\/uploads\/2022\/05\/Volare-gas.jpg","contentUrl":"https:\/\/revistaautobus.com.br\/wp-content\/uploads\/2022\/05\/Volare-gas.jpg","width":1100,"height":619},{"@type":"BreadcrumbList","@id":"https:\/\/revistaautobus.com.br\/?p=6311#breadcrumb","itemListElement":[{"@type":"ListItem","position":1,"name":"In\u00edcio","item":"https:\/\/revistaautobus.com.br\/"},{"@type":"ListItem","position":2,"name":"De passivo a ativo ambiental"}]},{"@type":"WebSite","@id":"https:\/\/revistaautobus.com.br\/#website","url":"https:\/\/revistaautobus.com.br\/","name":"Revista AutoBus","description":"","publisher":{"@id":"https:\/\/revistaautobus.com.br\/#organization"},"potentialAction":[{"@type":"SearchAction","target":{"@type":"EntryPoint","urlTemplate":"https:\/\/revistaautobus.com.br\/?s={search_term_string}"},"query-input":{"@type":"PropertyValueSpecification","valueRequired":true,"valueName":"search_term_string"}}],"inLanguage":"pt-BR"},{"@type":"Organization","@id":"https:\/\/revistaautobus.com.br\/#organization","name":"Revista AutoBus","url":"https:\/\/revistaautobus.com.br\/","logo":{"@type":"ImageObject","inLanguage":"pt-BR","@id":"https:\/\/revistaautobus.com.br\/#\/schema\/logo\/image\/","url":"https:\/\/revistaautobus.com.br\/wp-content\/uploads\/2024\/11\/logo_revista_autobus_fb.png","contentUrl":"https:\/\/revistaautobus.com.br\/wp-content\/uploads\/2024\/11\/logo_revista_autobus_fb.png","width":836,"height":227,"caption":"Revista AutoBus"},"image":{"@id":"https:\/\/revistaautobus.com.br\/#\/schema\/logo\/image\/"},"sameAs":["https:\/\/www.facebook.com\/antonio.ferro.3150","https:\/\/www.instagram.com\/revistaautobus\/"]},{"@type":"Person","@id":"https:\/\/revistaautobus.com.br\/#\/schema\/person\/54af7c3eb83a310e42ef686ef6d16f50","name":"Antonio Ferro","image":{"@type":"ImageObject","inLanguage":"pt-BR","@id":"https:\/\/revistaautobus.com.br\/wp-content\/uploads\/2025\/12\/editor_antonio_ferro-150x150.jpg","url":"https:\/\/revistaautobus.com.br\/wp-content\/uploads\/2025\/12\/editor_antonio_ferro-150x150.jpg","contentUrl":"https:\/\/revistaautobus.com.br\/wp-content\/uploads\/2025\/12\/editor_antonio_ferro-150x150.jpg","caption":"Antonio Ferro"},"description":"infobus@uol.com.br","url":"https:\/\/revistaautobus.com.br\/?author=2"}]}},"jetpack_featured_media_url":"https:\/\/revistaautobus.com.br\/wp-content\/uploads\/2022\/05\/Volare-gas.jpg","jetpack_sharing_enabled":true,"_links":{"self":[{"href":"https:\/\/revistaautobus.com.br\/index.php?rest_route=\/wp\/v2\/posts\/6311","targetHints":{"allow":["GET"]}}],"collection":[{"href":"https:\/\/revistaautobus.com.br\/index.php?rest_route=\/wp\/v2\/posts"}],"about":[{"href":"https:\/\/revistaautobus.com.br\/index.php?rest_route=\/wp\/v2\/types\/post"}],"author":[{"embeddable":true,"href":"https:\/\/revistaautobus.com.br\/index.php?rest_route=\/wp\/v2\/users\/2"}],"replies":[{"embeddable":true,"href":"https:\/\/revistaautobus.com.br\/index.php?rest_route=%2Fwp%2Fv2%2Fcomments&post=6311"}],"version-history":[{"count":2,"href":"https:\/\/revistaautobus.com.br\/index.php?rest_route=\/wp\/v2\/posts\/6311\/revisions"}],"predecessor-version":[{"id":6318,"href":"https:\/\/revistaautobus.com.br\/index.php?rest_route=\/wp\/v2\/posts\/6311\/revisions\/6318"}],"wp:featuredmedia":[{"embeddable":true,"href":"https:\/\/revistaautobus.com.br\/index.php?rest_route=\/wp\/v2\/media\/6312"}],"wp:attachment":[{"href":"https:\/\/revistaautobus.com.br\/index.php?rest_route=%2Fwp%2Fv2%2Fmedia&parent=6311"}],"wp:term":[{"taxonomy":"category","embeddable":true,"href":"https:\/\/revistaautobus.com.br\/index.php?rest_route=%2Fwp%2Fv2%2Fcategories&post=6311"},{"taxonomy":"post_tag","embeddable":true,"href":"https:\/\/revistaautobus.com.br\/index.php?rest_route=%2Fwp%2Fv2%2Ftags&post=6311"}],"curies":[{"name":"wp","href":"https:\/\/api.w.org\/{rel}","templated":true}]}}