{"id":6444,"date":"2022-05-26T16:24:19","date_gmt":"2022-05-26T19:24:19","guid":{"rendered":"https:\/\/revistaautobus.com.br\/?p=6444"},"modified":"2022-05-26T16:24:21","modified_gmt":"2022-05-26T19:24:21","slug":"abrindo-a-tampa-do-bau-de-memorias","status":"publish","type":"post","link":"https:\/\/revistaautobus.com.br\/?p=6444","title":{"rendered":"Abrindo a tampa do ba\u00fa de mem\u00f3rias"},"content":{"rendered":"\n<p>Logo ap\u00f3s a Segunda Guerra Mundial, o Brasil viveu um momento intenso em dire\u00e7\u00e3o ao seu desenvolvimento, com programas governamentais que visaram expandir a infraestrutura essencial para a sua sustentabilidade econ\u00f4mica (energia, transporte e implanta\u00e7\u00e3o do parque industrial). Em termos de transporte, houve significativos investimentos para a cria\u00e7\u00e3o de uma rede de liga\u00e7\u00e3o entre as regi\u00f5es brasileiras por interm\u00e9dio da abertura de estradas e da cria\u00e7\u00e3o de servi\u00e7os para a mobilidade de passageiros. Os \u00f4nibus, de ent\u00e3o, passam a ter import\u00e2ncia no contexto de integra\u00e7\u00e3o nacional.<\/p>\n\n\n\n<p>Contudo, houve um longo processo de amadurecimento do sistema de transporte de passageiros sobre pneus, a come\u00e7ar pelo pr\u00f3prio ve\u00edculo, que ainda estava numa fase de transforma\u00e7\u00e3o, conforme podemos ver nesta imagem, em que um modelo de caminh\u00e3o Chevrolet recebeu uma carro\u00e7aria e foi modificado para realizar os servi\u00e7os de leva e traz de pessoas e, tamb\u00e9m, de encomendas (observar o bagageiro sobre o teto).<\/p>\n\n\n\n<p>Eram tempos dif\u00edceis, onde as estradas eram de terra, acompanhadas dos buracos, da poeira e do barro, desafiando os corajosos precursores em que enveredaram na atividade da opera\u00e7\u00e3o entre os munic\u00edpios. O ve\u00edculo da foto (Chevrolet 6500 1955 apelidado de Martha Rocha, Miss Brasil que concorreu ao concurso Miss Universo em 1954) pertencia \u00e0 empresa mineira Irm\u00e3os Teixeira (um dos primeiros \u00f4nibus da frota), que at\u00e9 hoje opera no estado, ligando Divin\u00f3polis a Belo Horizonte e \u00e0 outras cidades. Tal modelo n\u00e3o oferecia muito conforto aos passageiros, mas cumpria, com muito vigor, a miss\u00e3o de locomover um p\u00fablico cada vez mais crescente nas regi\u00f5es por onde atuava. Sua carro\u00e7aria era da pr\u00f3pria General Motors do Brasil.<\/p>\n\n\n\n<p>Outras \u00e9pocas, de forma\u00e7\u00e3o de um sistema que s\u00f3 evoluiu com o passar dos anos, chegando ao momento atual, com \u00f4nibus de \u00faltima gera\u00e7\u00e3o que oferecem o maior conforto, a necess\u00e1ria seguran\u00e7a e as melhores viagens.<\/p>\n\n\n\n<p>Em tempo. O apelido dado ao caminh\u00e3o Chevrolet, Martha Rocha, se deveu ao fato de o ve\u00edculo ter um desenho curvil\u00edneo ressaltado, com refer\u00eancia ao charme e a beleza da miss baiana, que representou muito bem o Pa\u00eds l\u00e1 fora.<\/p>\n\n\n\n<p>Imagem &#8211; Irm\u00e3os Teixeira<\/p>\n","protected":false},"excerpt":{"rendered":"<p>Recordar \u00e9 imaginar outros tempos que n\u00e3o voltam mais<\/p>\n","protected":false},"author":2,"featured_media":6445,"comment_status":"open","ping_status":"open","sticky":false,"template":"","format":"standard","meta":{"_et_pb_use_builder":"off","_et_pb_old_content":"","_et_gb_content_width":"","_jetpack_memberships_contains_paid_content":false,"footnotes":""},"categories":[6],"tags":[],"class_list":["post-6444","post","type-post","status-publish","format-standard","has-post-thumbnail","hentry","category-das-antigas","et-has-post-format-content","et_post_format-et-post-format-standard"],"yoast_head":"<!-- This site is optimized with the Yoast SEO plugin v27.2 - https:\/\/yoast.com\/product\/yoast-seo-wordpress\/ -->\n<title>Abrindo a tampa do ba\u00fa de mem\u00f3rias - Revista AutoBus<\/title>\n<meta name=\"robots\" content=\"index, follow, max-snippet:-1, max-image-preview:large, max-video-preview:-1\" \/>\n<link rel=\"canonical\" href=\"https:\/\/revistaautobus.com.br\/?p=6444\" \/>\n<meta property=\"og:locale\" content=\"pt_BR\" \/>\n<meta property=\"og:type\" content=\"article\" \/>\n<meta property=\"og:title\" content=\"Abrindo a tampa do ba\u00fa de mem\u00f3rias - Revista AutoBus\" \/>\n<meta property=\"og:description\" content=\"Recordar \u00e9 imaginar outros tempos que n\u00e3o voltam mais\" \/>\n<meta property=\"og:url\" content=\"https:\/\/revistaautobus.com.br\/?p=6444\" \/>\n<meta property=\"og:site_name\" content=\"Revista AutoBus\" \/>\n<meta property=\"article:publisher\" content=\"https:\/\/www.facebook.com\/antonio.ferro.3150\" \/>\n<meta property=\"article:published_time\" content=\"2022-05-26T19:24:19+00:00\" \/>\n<meta property=\"article:modified_time\" content=\"2022-05-26T19:24:21+00:00\" \/>\n<meta property=\"og:image\" content=\"https:\/\/revistaautobus.com.br\/wp-content\/uploads\/2022\/05\/Onibus-Chevrolet.jpg\" \/>\n\t<meta property=\"og:image:width\" content=\"860\" \/>\n\t<meta property=\"og:image:height\" content=\"641\" \/>\n\t<meta property=\"og:image:type\" content=\"image\/jpeg\" \/>\n<meta name=\"author\" content=\"Antonio Ferro\" \/>\n<meta name=\"twitter:card\" content=\"summary_large_image\" \/>\n<meta name=\"twitter:label1\" content=\"Escrito por\" \/>\n\t<meta name=\"twitter:data1\" content=\"Antonio Ferro\" \/>\n\t<meta name=\"twitter:label2\" content=\"Est. tempo de leitura\" \/>\n\t<meta name=\"twitter:data2\" content=\"2 minutos\" \/>\n<script type=\"application\/ld+json\" class=\"yoast-schema-graph\">{\"@context\":\"https:\/\/schema.org\",\"@graph\":[{\"@type\":\"Article\",\"@id\":\"https:\/\/revistaautobus.com.br\/?p=6444#article\",\"isPartOf\":{\"@id\":\"https:\/\/revistaautobus.com.br\/?p=6444\"},\"author\":{\"name\":\"Antonio Ferro\",\"@id\":\"https:\/\/revistaautobus.com.br\/#\/schema\/person\/54af7c3eb83a310e42ef686ef6d16f50\"},\"headline\":\"Abrindo a tampa do ba\u00fa de mem\u00f3rias\",\"datePublished\":\"2022-05-26T19:24:19+00:00\",\"dateModified\":\"2022-05-26T19:24:21+00:00\",\"mainEntityOfPage\":{\"@id\":\"https:\/\/revistaautobus.com.br\/?p=6444\"},\"wordCount\":393,\"commentCount\":0,\"publisher\":{\"@id\":\"https:\/\/revistaautobus.com.br\/#organization\"},\"image\":{\"@id\":\"https:\/\/revistaautobus.com.br\/?p=6444#primaryimage\"},\"thumbnailUrl\":\"https:\/\/revistaautobus.com.br\/wp-content\/uploads\/2022\/05\/Onibus-Chevrolet.jpg\",\"articleSection\":[\"Das Antigas\"],\"inLanguage\":\"pt-BR\",\"potentialAction\":[{\"@type\":\"CommentAction\",\"name\":\"Comment\",\"target\":[\"https:\/\/revistaautobus.com.br\/?p=6444#respond\"]}]},{\"@type\":\"WebPage\",\"@id\":\"https:\/\/revistaautobus.com.br\/?p=6444\",\"url\":\"https:\/\/revistaautobus.com.br\/?p=6444\",\"name\":\"Abrindo a tampa do ba\u00fa de mem\u00f3rias - Revista AutoBus\",\"isPartOf\":{\"@id\":\"https:\/\/revistaautobus.com.br\/#website\"},\"primaryImageOfPage\":{\"@id\":\"https:\/\/revistaautobus.com.br\/?p=6444#primaryimage\"},\"image\":{\"@id\":\"https:\/\/revistaautobus.com.br\/?p=6444#primaryimage\"},\"thumbnailUrl\":\"https:\/\/revistaautobus.com.br\/wp-content\/uploads\/2022\/05\/Onibus-Chevrolet.jpg\",\"datePublished\":\"2022-05-26T19:24:19+00:00\",\"dateModified\":\"2022-05-26T19:24:21+00:00\",\"breadcrumb\":{\"@id\":\"https:\/\/revistaautobus.com.br\/?p=6444#breadcrumb\"},\"inLanguage\":\"pt-BR\",\"potentialAction\":[{\"@type\":\"ReadAction\",\"target\":[\"https:\/\/revistaautobus.com.br\/?p=6444\"]}]},{\"@type\":\"ImageObject\",\"inLanguage\":\"pt-BR\",\"@id\":\"https:\/\/revistaautobus.com.br\/?p=6444#primaryimage\",\"url\":\"https:\/\/revistaautobus.com.br\/wp-content\/uploads\/2022\/05\/Onibus-Chevrolet.jpg\",\"contentUrl\":\"https:\/\/revistaautobus.com.br\/wp-content\/uploads\/2022\/05\/Onibus-Chevrolet.jpg\",\"width\":860,\"height\":641},{\"@type\":\"BreadcrumbList\",\"@id\":\"https:\/\/revistaautobus.com.br\/?p=6444#breadcrumb\",\"itemListElement\":[{\"@type\":\"ListItem\",\"position\":1,\"name\":\"In\u00edcio\",\"item\":\"https:\/\/revistaautobus.com.br\/\"},{\"@type\":\"ListItem\",\"position\":2,\"name\":\"Abrindo a tampa do ba\u00fa de mem\u00f3rias\"}]},{\"@type\":\"WebSite\",\"@id\":\"https:\/\/revistaautobus.com.br\/#website\",\"url\":\"https:\/\/revistaautobus.com.br\/\",\"name\":\"Revista AutoBus\",\"description\":\"\",\"publisher\":{\"@id\":\"https:\/\/revistaautobus.com.br\/#organization\"},\"potentialAction\":[{\"@type\":\"SearchAction\",\"target\":{\"@type\":\"EntryPoint\",\"urlTemplate\":\"https:\/\/revistaautobus.com.br\/?s={search_term_string}\"},\"query-input\":{\"@type\":\"PropertyValueSpecification\",\"valueRequired\":true,\"valueName\":\"search_term_string\"}}],\"inLanguage\":\"pt-BR\"},{\"@type\":\"Organization\",\"@id\":\"https:\/\/revistaautobus.com.br\/#organization\",\"name\":\"Revista AutoBus\",\"url\":\"https:\/\/revistaautobus.com.br\/\",\"logo\":{\"@type\":\"ImageObject\",\"inLanguage\":\"pt-BR\",\"@id\":\"https:\/\/revistaautobus.com.br\/#\/schema\/logo\/image\/\",\"url\":\"https:\/\/revistaautobus.com.br\/wp-content\/uploads\/2024\/11\/logo_revista_autobus_fb.png\",\"contentUrl\":\"https:\/\/revistaautobus.com.br\/wp-content\/uploads\/2024\/11\/logo_revista_autobus_fb.png\",\"width\":836,\"height\":227,\"caption\":\"Revista AutoBus\"},\"image\":{\"@id\":\"https:\/\/revistaautobus.com.br\/#\/schema\/logo\/image\/\"},\"sameAs\":[\"https:\/\/www.facebook.com\/antonio.ferro.3150\",\"https:\/\/www.instagram.com\/revistaautobus\/\"]},{\"@type\":\"Person\",\"@id\":\"https:\/\/revistaautobus.com.br\/#\/schema\/person\/54af7c3eb83a310e42ef686ef6d16f50\",\"name\":\"Antonio Ferro\",\"image\":{\"@type\":\"ImageObject\",\"inLanguage\":\"pt-BR\",\"@id\":\"https:\/\/revistaautobus.com.br\/wp-content\/uploads\/2025\/12\/editor_antonio_ferro-150x150.jpg\",\"url\":\"https:\/\/revistaautobus.com.br\/wp-content\/uploads\/2025\/12\/editor_antonio_ferro-150x150.jpg\",\"contentUrl\":\"https:\/\/revistaautobus.com.br\/wp-content\/uploads\/2025\/12\/editor_antonio_ferro-150x150.jpg\",\"caption\":\"Antonio Ferro\"},\"description\":\"infobus@uol.com.br\",\"url\":\"https:\/\/revistaautobus.com.br\/?author=2\"}]}<\/script>\n<!-- \/ Yoast SEO plugin. -->","yoast_head_json":{"title":"Abrindo a tampa do ba\u00fa de mem\u00f3rias - Revista AutoBus","robots":{"index":"index","follow":"follow","max-snippet":"max-snippet:-1","max-image-preview":"max-image-preview:large","max-video-preview":"max-video-preview:-1"},"canonical":"https:\/\/revistaautobus.com.br\/?p=6444","og_locale":"pt_BR","og_type":"article","og_title":"Abrindo a tampa do ba\u00fa de mem\u00f3rias - Revista AutoBus","og_description":"Recordar \u00e9 imaginar outros tempos que n\u00e3o voltam mais","og_url":"https:\/\/revistaautobus.com.br\/?p=6444","og_site_name":"Revista AutoBus","article_publisher":"https:\/\/www.facebook.com\/antonio.ferro.3150","article_published_time":"2022-05-26T19:24:19+00:00","article_modified_time":"2022-05-26T19:24:21+00:00","og_image":[{"width":860,"height":641,"url":"https:\/\/revistaautobus.com.br\/wp-content\/uploads\/2022\/05\/Onibus-Chevrolet.jpg","type":"image\/jpeg"}],"author":"Antonio Ferro","twitter_card":"summary_large_image","twitter_misc":{"Escrito por":"Antonio Ferro","Est. tempo de leitura":"2 minutos"},"schema":{"@context":"https:\/\/schema.org","@graph":[{"@type":"Article","@id":"https:\/\/revistaautobus.com.br\/?p=6444#article","isPartOf":{"@id":"https:\/\/revistaautobus.com.br\/?p=6444"},"author":{"name":"Antonio Ferro","@id":"https:\/\/revistaautobus.com.br\/#\/schema\/person\/54af7c3eb83a310e42ef686ef6d16f50"},"headline":"Abrindo a tampa do ba\u00fa de mem\u00f3rias","datePublished":"2022-05-26T19:24:19+00:00","dateModified":"2022-05-26T19:24:21+00:00","mainEntityOfPage":{"@id":"https:\/\/revistaautobus.com.br\/?p=6444"},"wordCount":393,"commentCount":0,"publisher":{"@id":"https:\/\/revistaautobus.com.br\/#organization"},"image":{"@id":"https:\/\/revistaautobus.com.br\/?p=6444#primaryimage"},"thumbnailUrl":"https:\/\/revistaautobus.com.br\/wp-content\/uploads\/2022\/05\/Onibus-Chevrolet.jpg","articleSection":["Das Antigas"],"inLanguage":"pt-BR","potentialAction":[{"@type":"CommentAction","name":"Comment","target":["https:\/\/revistaautobus.com.br\/?p=6444#respond"]}]},{"@type":"WebPage","@id":"https:\/\/revistaautobus.com.br\/?p=6444","url":"https:\/\/revistaautobus.com.br\/?p=6444","name":"Abrindo a tampa do ba\u00fa de mem\u00f3rias - Revista AutoBus","isPartOf":{"@id":"https:\/\/revistaautobus.com.br\/#website"},"primaryImageOfPage":{"@id":"https:\/\/revistaautobus.com.br\/?p=6444#primaryimage"},"image":{"@id":"https:\/\/revistaautobus.com.br\/?p=6444#primaryimage"},"thumbnailUrl":"https:\/\/revistaautobus.com.br\/wp-content\/uploads\/2022\/05\/Onibus-Chevrolet.jpg","datePublished":"2022-05-26T19:24:19+00:00","dateModified":"2022-05-26T19:24:21+00:00","breadcrumb":{"@id":"https:\/\/revistaautobus.com.br\/?p=6444#breadcrumb"},"inLanguage":"pt-BR","potentialAction":[{"@type":"ReadAction","target":["https:\/\/revistaautobus.com.br\/?p=6444"]}]},{"@type":"ImageObject","inLanguage":"pt-BR","@id":"https:\/\/revistaautobus.com.br\/?p=6444#primaryimage","url":"https:\/\/revistaautobus.com.br\/wp-content\/uploads\/2022\/05\/Onibus-Chevrolet.jpg","contentUrl":"https:\/\/revistaautobus.com.br\/wp-content\/uploads\/2022\/05\/Onibus-Chevrolet.jpg","width":860,"height":641},{"@type":"BreadcrumbList","@id":"https:\/\/revistaautobus.com.br\/?p=6444#breadcrumb","itemListElement":[{"@type":"ListItem","position":1,"name":"In\u00edcio","item":"https:\/\/revistaautobus.com.br\/"},{"@type":"ListItem","position":2,"name":"Abrindo a tampa do ba\u00fa de mem\u00f3rias"}]},{"@type":"WebSite","@id":"https:\/\/revistaautobus.com.br\/#website","url":"https:\/\/revistaautobus.com.br\/","name":"Revista AutoBus","description":"","publisher":{"@id":"https:\/\/revistaautobus.com.br\/#organization"},"potentialAction":[{"@type":"SearchAction","target":{"@type":"EntryPoint","urlTemplate":"https:\/\/revistaautobus.com.br\/?s={search_term_string}"},"query-input":{"@type":"PropertyValueSpecification","valueRequired":true,"valueName":"search_term_string"}}],"inLanguage":"pt-BR"},{"@type":"Organization","@id":"https:\/\/revistaautobus.com.br\/#organization","name":"Revista AutoBus","url":"https:\/\/revistaautobus.com.br\/","logo":{"@type":"ImageObject","inLanguage":"pt-BR","@id":"https:\/\/revistaautobus.com.br\/#\/schema\/logo\/image\/","url":"https:\/\/revistaautobus.com.br\/wp-content\/uploads\/2024\/11\/logo_revista_autobus_fb.png","contentUrl":"https:\/\/revistaautobus.com.br\/wp-content\/uploads\/2024\/11\/logo_revista_autobus_fb.png","width":836,"height":227,"caption":"Revista AutoBus"},"image":{"@id":"https:\/\/revistaautobus.com.br\/#\/schema\/logo\/image\/"},"sameAs":["https:\/\/www.facebook.com\/antonio.ferro.3150","https:\/\/www.instagram.com\/revistaautobus\/"]},{"@type":"Person","@id":"https:\/\/revistaautobus.com.br\/#\/schema\/person\/54af7c3eb83a310e42ef686ef6d16f50","name":"Antonio Ferro","image":{"@type":"ImageObject","inLanguage":"pt-BR","@id":"https:\/\/revistaautobus.com.br\/wp-content\/uploads\/2025\/12\/editor_antonio_ferro-150x150.jpg","url":"https:\/\/revistaautobus.com.br\/wp-content\/uploads\/2025\/12\/editor_antonio_ferro-150x150.jpg","contentUrl":"https:\/\/revistaautobus.com.br\/wp-content\/uploads\/2025\/12\/editor_antonio_ferro-150x150.jpg","caption":"Antonio Ferro"},"description":"infobus@uol.com.br","url":"https:\/\/revistaautobus.com.br\/?author=2"}]}},"jetpack_featured_media_url":"https:\/\/revistaautobus.com.br\/wp-content\/uploads\/2022\/05\/Onibus-Chevrolet.jpg","jetpack_sharing_enabled":true,"_links":{"self":[{"href":"https:\/\/revistaautobus.com.br\/index.php?rest_route=\/wp\/v2\/posts\/6444","targetHints":{"allow":["GET"]}}],"collection":[{"href":"https:\/\/revistaautobus.com.br\/index.php?rest_route=\/wp\/v2\/posts"}],"about":[{"href":"https:\/\/revistaautobus.com.br\/index.php?rest_route=\/wp\/v2\/types\/post"}],"author":[{"embeddable":true,"href":"https:\/\/revistaautobus.com.br\/index.php?rest_route=\/wp\/v2\/users\/2"}],"replies":[{"embeddable":true,"href":"https:\/\/revistaautobus.com.br\/index.php?rest_route=%2Fwp%2Fv2%2Fcomments&post=6444"}],"version-history":[{"count":2,"href":"https:\/\/revistaautobus.com.br\/index.php?rest_route=\/wp\/v2\/posts\/6444\/revisions"}],"predecessor-version":[{"id":6447,"href":"https:\/\/revistaautobus.com.br\/index.php?rest_route=\/wp\/v2\/posts\/6444\/revisions\/6447"}],"wp:featuredmedia":[{"embeddable":true,"href":"https:\/\/revistaautobus.com.br\/index.php?rest_route=\/wp\/v2\/media\/6445"}],"wp:attachment":[{"href":"https:\/\/revistaautobus.com.br\/index.php?rest_route=%2Fwp%2Fv2%2Fmedia&parent=6444"}],"wp:term":[{"taxonomy":"category","embeddable":true,"href":"https:\/\/revistaautobus.com.br\/index.php?rest_route=%2Fwp%2Fv2%2Fcategories&post=6444"},{"taxonomy":"post_tag","embeddable":true,"href":"https:\/\/revistaautobus.com.br\/index.php?rest_route=%2Fwp%2Fv2%2Ftags&post=6444"}],"curies":[{"name":"wp","href":"https:\/\/api.w.org\/{rel}","templated":true}]}}