{"id":6800,"date":"2022-07-15T09:33:41","date_gmt":"2022-07-15T12:33:41","guid":{"rendered":"https:\/\/revistaautobus.com.br\/?p=6800"},"modified":"2022-07-15T09:33:44","modified_gmt":"2022-07-15T12:33:44","slug":"o-mercado-no-primeiro-semestre","status":"publish","type":"post","link":"https:\/\/revistaautobus.com.br\/?p=6800","title":{"rendered":"O mercado no primeiro semestre"},"content":{"rendered":"\n<p>Para a Mercedes-Benz, l\u00edder do segmento brasileiro de \u00f4nibus, o momento do setor de transporte rodovi\u00e1rio de passageiros traz um enorme desafio de recuperar a demanda perdida ao longo da pandemia, que ainda est\u00e1 prejudicando o mercado, mas que aos poucos tem sido repelida.<\/p>\n\n\n\n<p>N\u00e3o \u00e9 f\u00e1cil, mas tamb\u00e9m o pessimismo tem que ser deixado de lado visando a adequa\u00e7\u00e3o dos servi\u00e7os e do modelo de neg\u00f3cios quanto ao futuro que j\u00e1 bate \u00e0 porta nos sistemas de transporte. E, ap\u00f3s um significativo processo de vacina\u00e7\u00e3o contra a Covid, pode-se ver que o transporte tem visto os passageiros voltarem, com especial aten\u00e7\u00e3o \u00e0s viagens rodovi\u00e1rias. No caso da mobilidade urbana, o modelo do <em>home office<\/em> e o desemprego ainda n\u00e3o permitem uma recupera\u00e7\u00e3o significativa do p\u00fablico.<\/p>\n\n\n\n<p>Num balan\u00e7o relacionado com o primeiro semestre de 2022 no segmento de \u00f4nibus, a montadora salientou duas condi\u00e7\u00f5es prop\u00edcias \u2013 desafios e oportunidades -, que afetam diretamente os neg\u00f3cios, tanto da ind\u00fastria, como dos operadores. Walter Barbosa, diretor de Vendas e Marketing \u00d4nibus da Mercedes-Benz do Brasil, elencou alguns aspectos, como os custos operacionais, a falta de semicondutores, como tamb\u00e9m um descompasso na log\u00edstica mundial, os aumentos dos valores das mat\u00e9rias-primas, o apoio \u00e0 renova\u00e7\u00e3o da imagem do transporte coletivo com propostas junto aos poderes p\u00fablicos para uma mudan\u00e7a expressiva visando uma qualifica\u00e7\u00e3o dos sistemas. \u201cN\u00e3o teremos uma retomada 100% do volume de passageiros transportados. Por\u00e9m, esse \u00edndice pode estar entre 80 e 90%, algo que nos anima frente ao que a pandemia causou nos \u00faltimos dois anos. Al\u00e9m disso, precisamos solucionar os problemas da cadeia log\u00edstica para que n\u00e3o impactem negativamente na produ\u00e7\u00e3o de nossos \u00f4nibus\u201d, observou o executivo.<\/p>\n\n\n\n<p>Walter tamb\u00e9m comentou que a disponibilidade de cr\u00e9dito favor\u00e1vel ao transportador, a renegocia\u00e7\u00e3o dos empr\u00e9stimos feitos pelos mesmos, os constantes aumentos do \u00f3leo diesel, a antecipa\u00e7\u00e3o de compra de chassis em virtude da chegada da norma Euro VI, o ano eleitoral e a chegada da eletromobilidade s\u00e3o fatores que prejudicam ou favorecem todo o contexto do mercado at\u00e9 o final do ano. \u201cO \u00f3leo diesel teve um aumento que est\u00e1 na casa de 99,98%, somente neste ano. Tamb\u00e9m temos a expectativa para que os clientes antecipem suas renova\u00e7\u00f5es de frota com ve\u00edculos Euro V, ainda em 2022\u201d, disse.<\/p>\n\n\n\n<p>No mercado total, este ano foram emplacados 7.297 \u00f4nibus, uma redu\u00e7\u00e3o de 2,6% em rela\u00e7\u00e3o a 2021. Contudo, os \u00f4nibus rodovi\u00e1rios e urbanos mostraram crescimento, de 159% e 6%, respectivamente. A marca participou do segmento nacional com 3.656 chassis emplacados (pouco mais de 50% do total), sendo 574 unidades para micro-\u00f4nibus, 708 escolares, 1.485 urbanos, 286 chassis para os servi\u00e7os de fretamento e 603 da categoria rodovi\u00e1ria. \u201cTemos uma expectativa que, no geral, a produ\u00e7\u00e3o fique entre 17 e 22 mil chassis em 2022\u201d, sintetizou o diretor da montadora.<\/p>\n\n\n\n<figure class=\"wp-block-image alignright size-large is-resized\"><img loading=\"lazy\" decoding=\"async\" src=\"https:\/\/revistaautobus.com.br\/wp-content\/uploads\/2022\/07\/Onibus-Eletrico-31-01-1024x682.jpg\" alt=\"\" class=\"wp-image-6802\" width=\"471\" height=\"314\" srcset=\"https:\/\/revistaautobus.com.br\/wp-content\/uploads\/2022\/07\/Onibus-Eletrico-31-01-1024x682.jpg 1024w, https:\/\/revistaautobus.com.br\/wp-content\/uploads\/2022\/07\/Onibus-Eletrico-31-01-300x200.jpg 300w, https:\/\/revistaautobus.com.br\/wp-content\/uploads\/2022\/07\/Onibus-Eletrico-31-01-768x512.jpg 768w, https:\/\/revistaautobus.com.br\/wp-content\/uploads\/2022\/07\/Onibus-Eletrico-31-01-1080x720.jpg 1080w, https:\/\/revistaautobus.com.br\/wp-content\/uploads\/2022\/07\/Onibus-Eletrico-31-01.jpg 1100w\" sizes=\"(max-width: 471px) 100vw, 471px\" \/><figcaption><strong><em><mark style=\"background-color:rgba(0, 0, 0, 0)\" class=\"has-inline-color has-vivid-cyan-blue-color\">A eletrifica\u00e7\u00e3o para o segmento urbano \u00e9 a nova aposta da fabricante<\/mark><\/em><\/strong><\/figcaption><\/figure>\n\n\n\n<p>A Mercedes-Benz ressaltou em sua coletiva para a imprensa segmentada a participa\u00e7\u00e3o no processo de eletromobilidade do transporte coletivo brasileiro, com o seu novo produto (eO500U 4&#215;2) a ser ofertado oficialmente em 2023. De acordo com Walter Barbosa, a montadora n\u00e3o quer apenas vender o ve\u00edculo e, sim, disponibilizar ao mercado um pacote de solu\u00e7\u00f5es para todo o ecossistema do modal el\u00e9trico. \u201cIremos formar parcerias com diversos produtores de tecnologia para o transporte eletrificado, desenvolver os sistemas de recarga el\u00e9trica, proporcionar servi\u00e7os digitais, treinamentos espec\u00edficos e financiamento ao operador. H\u00e1 uma previs\u00e3o para que o mercado brasileiro absorva tr\u00eas mil \u00f4nibus el\u00e9tricos at\u00e9 2024. Estamos nos preparando para atender essa demanda com a melhor forma de neg\u00f3cio\u201d, salientou Walter.<\/p>\n\n\n\n<p>A fabricante da estrela de tr\u00eas pontas tamb\u00e9m evidenciou sua parceria com a empresa Eletra, por interm\u00e9dio de um portf\u00f3lio complementar, ao fornecer alguns modelos de chassis (somente o quadro) O-500 U, O-500 MDA e UDA. \u201cN\u00e3o iremos concorrer com a Eletra e, sim, desenvolver linhas complementares de ve\u00edculos, somando esfor\u00e7os no mercado. J\u00e1 h\u00e1 um modelo que foi homologado e \u00e9 resultado dessa parceria\u201d, disse Barbosa.<\/p>\n\n\n\n<p>Imagens &#8211; Divulga\u00e7\u00e3o<\/p>\n","protected":false},"excerpt":{"rendered":"<p>Num balan\u00e7o relacionado com o primeiro semestre de 2022 no segmento de \u00f4nibus, a Mercedes-Benz salientou duas condi\u00e7\u00f5es prop\u00edcias \u2013 desafios e oportunidades<\/p>\n","protected":false},"author":2,"featured_media":6801,"comment_status":"open","ping_status":"open","sticky":false,"template":"","format":"standard","meta":{"_et_pb_use_builder":"off","_et_pb_old_content":"","_et_gb_content_width":"","_jetpack_memberships_contains_paid_content":false,"footnotes":""},"categories":[10],"tags":[17],"class_list":["post-6800","post","type-post","status-publish","format-standard","has-post-thumbnail","hentry","category-montadoras","tag-mercedes-benz","et-has-post-format-content","et_post_format-et-post-format-standard"],"yoast_head":"<!-- This site is optimized with the Yoast SEO plugin v27.2 - https:\/\/yoast.com\/product\/yoast-seo-wordpress\/ -->\n<title>O mercado no primeiro semestre - Revista AutoBus<\/title>\n<meta name=\"robots\" content=\"index, follow, max-snippet:-1, max-image-preview:large, max-video-preview:-1\" \/>\n<link rel=\"canonical\" href=\"https:\/\/revistaautobus.com.br\/?p=6800\" \/>\n<meta property=\"og:locale\" content=\"pt_BR\" \/>\n<meta property=\"og:type\" content=\"article\" \/>\n<meta property=\"og:title\" content=\"O mercado no primeiro semestre - Revista AutoBus\" \/>\n<meta property=\"og:description\" content=\"Num balan\u00e7o relacionado com o primeiro semestre de 2022 no segmento de \u00f4nibus, a Mercedes-Benz salientou duas condi\u00e7\u00f5es prop\u00edcias \u2013 desafios e oportunidades\" \/>\n<meta property=\"og:url\" content=\"https:\/\/revistaautobus.com.br\/?p=6800\" \/>\n<meta property=\"og:site_name\" content=\"Revista AutoBus\" \/>\n<meta property=\"article:publisher\" content=\"https:\/\/www.facebook.com\/antonio.ferro.3150\" \/>\n<meta property=\"article:published_time\" content=\"2022-07-15T12:33:41+00:00\" \/>\n<meta property=\"article:modified_time\" content=\"2022-07-15T12:33:44+00:00\" \/>\n<meta property=\"og:image\" content=\"https:\/\/revistaautobus.com.br\/wp-content\/uploads\/2022\/07\/IMG_0324-1.jpg\" \/>\n\t<meta property=\"og:image:width\" content=\"1100\" \/>\n\t<meta property=\"og:image:height\" content=\"733\" \/>\n\t<meta property=\"og:image:type\" content=\"image\/jpeg\" \/>\n<meta name=\"author\" content=\"Antonio Ferro\" \/>\n<meta name=\"twitter:card\" content=\"summary_large_image\" \/>\n<meta name=\"twitter:label1\" content=\"Escrito por\" \/>\n\t<meta name=\"twitter:data1\" content=\"Antonio Ferro\" \/>\n\t<meta name=\"twitter:label2\" content=\"Est. tempo de leitura\" \/>\n\t<meta name=\"twitter:data2\" content=\"4 minutos\" \/>\n<script type=\"application\/ld+json\" class=\"yoast-schema-graph\">{\"@context\":\"https:\/\/schema.org\",\"@graph\":[{\"@type\":\"Article\",\"@id\":\"https:\/\/revistaautobus.com.br\/?p=6800#article\",\"isPartOf\":{\"@id\":\"https:\/\/revistaautobus.com.br\/?p=6800\"},\"author\":{\"name\":\"Antonio Ferro\",\"@id\":\"https:\/\/revistaautobus.com.br\/#\/schema\/person\/54af7c3eb83a310e42ef686ef6d16f50\"},\"headline\":\"O mercado no primeiro semestre\",\"datePublished\":\"2022-07-15T12:33:41+00:00\",\"dateModified\":\"2022-07-15T12:33:44+00:00\",\"mainEntityOfPage\":{\"@id\":\"https:\/\/revistaautobus.com.br\/?p=6800\"},\"wordCount\":712,\"commentCount\":0,\"publisher\":{\"@id\":\"https:\/\/revistaautobus.com.br\/#organization\"},\"image\":{\"@id\":\"https:\/\/revistaautobus.com.br\/?p=6800#primaryimage\"},\"thumbnailUrl\":\"https:\/\/revistaautobus.com.br\/wp-content\/uploads\/2022\/07\/IMG_0324-1.jpg\",\"keywords\":[\"mercedes-benz\"],\"articleSection\":[\"Montadoras\"],\"inLanguage\":\"pt-BR\",\"potentialAction\":[{\"@type\":\"CommentAction\",\"name\":\"Comment\",\"target\":[\"https:\/\/revistaautobus.com.br\/?p=6800#respond\"]}]},{\"@type\":\"WebPage\",\"@id\":\"https:\/\/revistaautobus.com.br\/?p=6800\",\"url\":\"https:\/\/revistaautobus.com.br\/?p=6800\",\"name\":\"O mercado no primeiro semestre - Revista AutoBus\",\"isPartOf\":{\"@id\":\"https:\/\/revistaautobus.com.br\/#website\"},\"primaryImageOfPage\":{\"@id\":\"https:\/\/revistaautobus.com.br\/?p=6800#primaryimage\"},\"image\":{\"@id\":\"https:\/\/revistaautobus.com.br\/?p=6800#primaryimage\"},\"thumbnailUrl\":\"https:\/\/revistaautobus.com.br\/wp-content\/uploads\/2022\/07\/IMG_0324-1.jpg\",\"datePublished\":\"2022-07-15T12:33:41+00:00\",\"dateModified\":\"2022-07-15T12:33:44+00:00\",\"breadcrumb\":{\"@id\":\"https:\/\/revistaautobus.com.br\/?p=6800#breadcrumb\"},\"inLanguage\":\"pt-BR\",\"potentialAction\":[{\"@type\":\"ReadAction\",\"target\":[\"https:\/\/revistaautobus.com.br\/?p=6800\"]}]},{\"@type\":\"ImageObject\",\"inLanguage\":\"pt-BR\",\"@id\":\"https:\/\/revistaautobus.com.br\/?p=6800#primaryimage\",\"url\":\"https:\/\/revistaautobus.com.br\/wp-content\/uploads\/2022\/07\/IMG_0324-1.jpg\",\"contentUrl\":\"https:\/\/revistaautobus.com.br\/wp-content\/uploads\/2022\/07\/IMG_0324-1.jpg\",\"width\":1100,\"height\":733},{\"@type\":\"BreadcrumbList\",\"@id\":\"https:\/\/revistaautobus.com.br\/?p=6800#breadcrumb\",\"itemListElement\":[{\"@type\":\"ListItem\",\"position\":1,\"name\":\"In\u00edcio\",\"item\":\"https:\/\/revistaautobus.com.br\/\"},{\"@type\":\"ListItem\",\"position\":2,\"name\":\"O mercado no primeiro semestre\"}]},{\"@type\":\"WebSite\",\"@id\":\"https:\/\/revistaautobus.com.br\/#website\",\"url\":\"https:\/\/revistaautobus.com.br\/\",\"name\":\"Revista AutoBus\",\"description\":\"\",\"publisher\":{\"@id\":\"https:\/\/revistaautobus.com.br\/#organization\"},\"potentialAction\":[{\"@type\":\"SearchAction\",\"target\":{\"@type\":\"EntryPoint\",\"urlTemplate\":\"https:\/\/revistaautobus.com.br\/?s={search_term_string}\"},\"query-input\":{\"@type\":\"PropertyValueSpecification\",\"valueRequired\":true,\"valueName\":\"search_term_string\"}}],\"inLanguage\":\"pt-BR\"},{\"@type\":\"Organization\",\"@id\":\"https:\/\/revistaautobus.com.br\/#organization\",\"name\":\"Revista AutoBus\",\"url\":\"https:\/\/revistaautobus.com.br\/\",\"logo\":{\"@type\":\"ImageObject\",\"inLanguage\":\"pt-BR\",\"@id\":\"https:\/\/revistaautobus.com.br\/#\/schema\/logo\/image\/\",\"url\":\"https:\/\/revistaautobus.com.br\/wp-content\/uploads\/2024\/11\/logo_revista_autobus_fb.png\",\"contentUrl\":\"https:\/\/revistaautobus.com.br\/wp-content\/uploads\/2024\/11\/logo_revista_autobus_fb.png\",\"width\":836,\"height\":227,\"caption\":\"Revista AutoBus\"},\"image\":{\"@id\":\"https:\/\/revistaautobus.com.br\/#\/schema\/logo\/image\/\"},\"sameAs\":[\"https:\/\/www.facebook.com\/antonio.ferro.3150\",\"https:\/\/www.instagram.com\/revistaautobus\/\"]},{\"@type\":\"Person\",\"@id\":\"https:\/\/revistaautobus.com.br\/#\/schema\/person\/54af7c3eb83a310e42ef686ef6d16f50\",\"name\":\"Antonio Ferro\",\"image\":{\"@type\":\"ImageObject\",\"inLanguage\":\"pt-BR\",\"@id\":\"https:\/\/revistaautobus.com.br\/wp-content\/uploads\/2025\/12\/editor_antonio_ferro-150x150.jpg\",\"url\":\"https:\/\/revistaautobus.com.br\/wp-content\/uploads\/2025\/12\/editor_antonio_ferro-150x150.jpg\",\"contentUrl\":\"https:\/\/revistaautobus.com.br\/wp-content\/uploads\/2025\/12\/editor_antonio_ferro-150x150.jpg\",\"caption\":\"Antonio Ferro\"},\"description\":\"infobus@uol.com.br\",\"url\":\"https:\/\/revistaautobus.com.br\/?author=2\"}]}<\/script>\n<!-- \/ Yoast SEO plugin. -->","yoast_head_json":{"title":"O mercado no primeiro semestre - Revista AutoBus","robots":{"index":"index","follow":"follow","max-snippet":"max-snippet:-1","max-image-preview":"max-image-preview:large","max-video-preview":"max-video-preview:-1"},"canonical":"https:\/\/revistaautobus.com.br\/?p=6800","og_locale":"pt_BR","og_type":"article","og_title":"O mercado no primeiro semestre - Revista AutoBus","og_description":"Num balan\u00e7o relacionado com o primeiro semestre de 2022 no segmento de \u00f4nibus, a Mercedes-Benz salientou duas condi\u00e7\u00f5es prop\u00edcias \u2013 desafios e oportunidades","og_url":"https:\/\/revistaautobus.com.br\/?p=6800","og_site_name":"Revista AutoBus","article_publisher":"https:\/\/www.facebook.com\/antonio.ferro.3150","article_published_time":"2022-07-15T12:33:41+00:00","article_modified_time":"2022-07-15T12:33:44+00:00","og_image":[{"width":1100,"height":733,"url":"https:\/\/revistaautobus.com.br\/wp-content\/uploads\/2022\/07\/IMG_0324-1.jpg","type":"image\/jpeg"}],"author":"Antonio Ferro","twitter_card":"summary_large_image","twitter_misc":{"Escrito por":"Antonio Ferro","Est. tempo de leitura":"4 minutos"},"schema":{"@context":"https:\/\/schema.org","@graph":[{"@type":"Article","@id":"https:\/\/revistaautobus.com.br\/?p=6800#article","isPartOf":{"@id":"https:\/\/revistaautobus.com.br\/?p=6800"},"author":{"name":"Antonio Ferro","@id":"https:\/\/revistaautobus.com.br\/#\/schema\/person\/54af7c3eb83a310e42ef686ef6d16f50"},"headline":"O mercado no primeiro semestre","datePublished":"2022-07-15T12:33:41+00:00","dateModified":"2022-07-15T12:33:44+00:00","mainEntityOfPage":{"@id":"https:\/\/revistaautobus.com.br\/?p=6800"},"wordCount":712,"commentCount":0,"publisher":{"@id":"https:\/\/revistaautobus.com.br\/#organization"},"image":{"@id":"https:\/\/revistaautobus.com.br\/?p=6800#primaryimage"},"thumbnailUrl":"https:\/\/revistaautobus.com.br\/wp-content\/uploads\/2022\/07\/IMG_0324-1.jpg","keywords":["mercedes-benz"],"articleSection":["Montadoras"],"inLanguage":"pt-BR","potentialAction":[{"@type":"CommentAction","name":"Comment","target":["https:\/\/revistaautobus.com.br\/?p=6800#respond"]}]},{"@type":"WebPage","@id":"https:\/\/revistaautobus.com.br\/?p=6800","url":"https:\/\/revistaautobus.com.br\/?p=6800","name":"O mercado no primeiro semestre - Revista AutoBus","isPartOf":{"@id":"https:\/\/revistaautobus.com.br\/#website"},"primaryImageOfPage":{"@id":"https:\/\/revistaautobus.com.br\/?p=6800#primaryimage"},"image":{"@id":"https:\/\/revistaautobus.com.br\/?p=6800#primaryimage"},"thumbnailUrl":"https:\/\/revistaautobus.com.br\/wp-content\/uploads\/2022\/07\/IMG_0324-1.jpg","datePublished":"2022-07-15T12:33:41+00:00","dateModified":"2022-07-15T12:33:44+00:00","breadcrumb":{"@id":"https:\/\/revistaautobus.com.br\/?p=6800#breadcrumb"},"inLanguage":"pt-BR","potentialAction":[{"@type":"ReadAction","target":["https:\/\/revistaautobus.com.br\/?p=6800"]}]},{"@type":"ImageObject","inLanguage":"pt-BR","@id":"https:\/\/revistaautobus.com.br\/?p=6800#primaryimage","url":"https:\/\/revistaautobus.com.br\/wp-content\/uploads\/2022\/07\/IMG_0324-1.jpg","contentUrl":"https:\/\/revistaautobus.com.br\/wp-content\/uploads\/2022\/07\/IMG_0324-1.jpg","width":1100,"height":733},{"@type":"BreadcrumbList","@id":"https:\/\/revistaautobus.com.br\/?p=6800#breadcrumb","itemListElement":[{"@type":"ListItem","position":1,"name":"In\u00edcio","item":"https:\/\/revistaautobus.com.br\/"},{"@type":"ListItem","position":2,"name":"O mercado no primeiro semestre"}]},{"@type":"WebSite","@id":"https:\/\/revistaautobus.com.br\/#website","url":"https:\/\/revistaautobus.com.br\/","name":"Revista AutoBus","description":"","publisher":{"@id":"https:\/\/revistaautobus.com.br\/#organization"},"potentialAction":[{"@type":"SearchAction","target":{"@type":"EntryPoint","urlTemplate":"https:\/\/revistaautobus.com.br\/?s={search_term_string}"},"query-input":{"@type":"PropertyValueSpecification","valueRequired":true,"valueName":"search_term_string"}}],"inLanguage":"pt-BR"},{"@type":"Organization","@id":"https:\/\/revistaautobus.com.br\/#organization","name":"Revista AutoBus","url":"https:\/\/revistaautobus.com.br\/","logo":{"@type":"ImageObject","inLanguage":"pt-BR","@id":"https:\/\/revistaautobus.com.br\/#\/schema\/logo\/image\/","url":"https:\/\/revistaautobus.com.br\/wp-content\/uploads\/2024\/11\/logo_revista_autobus_fb.png","contentUrl":"https:\/\/revistaautobus.com.br\/wp-content\/uploads\/2024\/11\/logo_revista_autobus_fb.png","width":836,"height":227,"caption":"Revista AutoBus"},"image":{"@id":"https:\/\/revistaautobus.com.br\/#\/schema\/logo\/image\/"},"sameAs":["https:\/\/www.facebook.com\/antonio.ferro.3150","https:\/\/www.instagram.com\/revistaautobus\/"]},{"@type":"Person","@id":"https:\/\/revistaautobus.com.br\/#\/schema\/person\/54af7c3eb83a310e42ef686ef6d16f50","name":"Antonio Ferro","image":{"@type":"ImageObject","inLanguage":"pt-BR","@id":"https:\/\/revistaautobus.com.br\/wp-content\/uploads\/2025\/12\/editor_antonio_ferro-150x150.jpg","url":"https:\/\/revistaautobus.com.br\/wp-content\/uploads\/2025\/12\/editor_antonio_ferro-150x150.jpg","contentUrl":"https:\/\/revistaautobus.com.br\/wp-content\/uploads\/2025\/12\/editor_antonio_ferro-150x150.jpg","caption":"Antonio Ferro"},"description":"infobus@uol.com.br","url":"https:\/\/revistaautobus.com.br\/?author=2"}]}},"jetpack_featured_media_url":"https:\/\/revistaautobus.com.br\/wp-content\/uploads\/2022\/07\/IMG_0324-1.jpg","jetpack_sharing_enabled":true,"_links":{"self":[{"href":"https:\/\/revistaautobus.com.br\/index.php?rest_route=\/wp\/v2\/posts\/6800","targetHints":{"allow":["GET"]}}],"collection":[{"href":"https:\/\/revistaautobus.com.br\/index.php?rest_route=\/wp\/v2\/posts"}],"about":[{"href":"https:\/\/revistaautobus.com.br\/index.php?rest_route=\/wp\/v2\/types\/post"}],"author":[{"embeddable":true,"href":"https:\/\/revistaautobus.com.br\/index.php?rest_route=\/wp\/v2\/users\/2"}],"replies":[{"embeddable":true,"href":"https:\/\/revistaautobus.com.br\/index.php?rest_route=%2Fwp%2Fv2%2Fcomments&post=6800"}],"version-history":[{"count":2,"href":"https:\/\/revistaautobus.com.br\/index.php?rest_route=\/wp\/v2\/posts\/6800\/revisions"}],"predecessor-version":[{"id":6804,"href":"https:\/\/revistaautobus.com.br\/index.php?rest_route=\/wp\/v2\/posts\/6800\/revisions\/6804"}],"wp:featuredmedia":[{"embeddable":true,"href":"https:\/\/revistaautobus.com.br\/index.php?rest_route=\/wp\/v2\/media\/6801"}],"wp:attachment":[{"href":"https:\/\/revistaautobus.com.br\/index.php?rest_route=%2Fwp%2Fv2%2Fmedia&parent=6800"}],"wp:term":[{"taxonomy":"category","embeddable":true,"href":"https:\/\/revistaautobus.com.br\/index.php?rest_route=%2Fwp%2Fv2%2Fcategories&post=6800"},{"taxonomy":"post_tag","embeddable":true,"href":"https:\/\/revistaautobus.com.br\/index.php?rest_route=%2Fwp%2Fv2%2Ftags&post=6800"}],"curies":[{"name":"wp","href":"https:\/\/api.w.org\/{rel}","templated":true}]}}