{"id":6888,"date":"2022-07-29T09:48:44","date_gmt":"2022-07-29T12:48:44","guid":{"rendered":"https:\/\/revistaautobus.com.br\/?p=6888"},"modified":"2022-07-29T09:48:46","modified_gmt":"2022-07-29T12:48:46","slug":"a-onda-do-onibus-eletrico","status":"publish","type":"post","link":"https:\/\/revistaautobus.com.br\/?p=6888","title":{"rendered":"A onda do \u00f4nibus el\u00e9trico"},"content":{"rendered":"\n<p>A cidade canadense de Saint Eustache ter\u00e1, pela primeira vez, \u00f4nibus el\u00e9trico em sua frota do transporte coletivo. A fabricante BAE Systems fornecer\u00e1 o sistema de tra\u00e7\u00e3o el\u00e9trica de \u00faltima gera\u00e7\u00e3o para at\u00e9 60 \u00f4nibus que ser\u00e3o produzidos pela marca Nova Bus, pertencente ao Grupo Volvo.<\/p>\n\n\n\n<p>Tal sistema tecnol\u00f3gico \u00e9 focado na m\u00e1xima efici\u00eancia do \u00f4nibus el\u00e9trico Nova Bus LFSe+ e garante reduzidos custos de manuten\u00e7\u00e3o e emiss\u00e3o zero dos gases de efeito estufa, segundo informa a BAE. O \u00f4nibus 100% \u00e9 a combina\u00e7\u00e3o perfeita da experi\u00eancia comprovada da Nova Bus com as mais recentes inova\u00e7\u00f5es em tecnologias limpas e sustent\u00e1veis.<\/p>\n\n\n\n<p>Ainda, de acordo com a fabricante da tra\u00e7\u00e3o, a decis\u00e3o de escolher \u00f4nibus el\u00e9tricos a bateria est\u00e1 alinhada com as metas da cidade e com o plano de a\u00e7\u00e3o clim\u00e1tica HalifACT para atingir zero emiss\u00f5es l\u00edquidas em todo o munic\u00edpio at\u00e9 2050 e aumentar a resili\u00eancia da comunidade, infraestrutura e meio ambiente contra os impactos da mudan\u00e7a clim\u00e1tica.<\/p>\n\n\n\n<p>A Nova Bus \u00e9 membro do Grupo Volvo, uma das principais empresas fornecedoras de solu\u00e7\u00f5es de transporte sustent\u00e1vel na Am\u00e9rica do Norte. Seu portf\u00f3lio inclui \u00f4nibus el\u00e9tricos, h\u00edbridos, GNV e diesel limpo, ve\u00edculos de alta capacidade, al\u00e9m de sistemas de transporte inteligentes integrados.<\/p>\n\n\n\n<p>Imagem &#8211; Divulga\u00e7\u00e3o<\/p>\n","protected":false},"excerpt":{"rendered":"<p>O \u00f4nibus 100% \u00e9 a combina\u00e7\u00e3o perfeita da experi\u00eancia comprovada da Nova Bus com as mais recentes inova\u00e7\u00f5es em tecnologias limpas <\/p>\n","protected":false},"author":2,"featured_media":6889,"comment_status":"open","ping_status":"open","sticky":false,"template":"","format":"standard","meta":{"_et_pb_use_builder":"off","_et_pb_old_content":"","_et_gb_content_width":"","_jetpack_memberships_contains_paid_content":false,"footnotes":""},"categories":[90],"tags":[45],"class_list":["post-6888","post","type-post","status-publish","format-standard","has-post-thumbnail","hentry","category-noticias","tag-bae-systems","et-has-post-format-content","et_post_format-et-post-format-standard"],"yoast_head":"<!-- This site is optimized with the Yoast SEO plugin v27.2 - https:\/\/yoast.com\/product\/yoast-seo-wordpress\/ -->\n<title>A onda do \u00f4nibus el\u00e9trico - Revista AutoBus<\/title>\n<meta name=\"robots\" content=\"index, follow, max-snippet:-1, max-image-preview:large, max-video-preview:-1\" \/>\n<link rel=\"canonical\" href=\"https:\/\/revistaautobus.com.br\/?p=6888\" \/>\n<meta property=\"og:locale\" content=\"pt_BR\" \/>\n<meta property=\"og:type\" content=\"article\" \/>\n<meta property=\"og:title\" content=\"A onda do \u00f4nibus el\u00e9trico - Revista AutoBus\" \/>\n<meta property=\"og:description\" content=\"O \u00f4nibus 100% \u00e9 a combina\u00e7\u00e3o perfeita da experi\u00eancia comprovada da Nova Bus com as mais recentes inova\u00e7\u00f5es em tecnologias limpas\" \/>\n<meta property=\"og:url\" content=\"https:\/\/revistaautobus.com.br\/?p=6888\" \/>\n<meta property=\"og:site_name\" content=\"Revista AutoBus\" \/>\n<meta property=\"article:publisher\" content=\"https:\/\/www.facebook.com\/antonio.ferro.3150\" \/>\n<meta property=\"article:published_time\" content=\"2022-07-29T12:48:44+00:00\" \/>\n<meta property=\"article:modified_time\" content=\"2022-07-29T12:48:46+00:00\" \/>\n<meta property=\"og:image\" content=\"https:\/\/revistaautobus.com.br\/wp-content\/uploads\/2022\/07\/25072022-BAE-Systems-Nova-BusHalifax-scaled.jpg\" \/>\n\t<meta property=\"og:image:width\" content=\"2560\" \/>\n\t<meta property=\"og:image:height\" content=\"2560\" \/>\n\t<meta property=\"og:image:type\" content=\"image\/jpeg\" \/>\n<meta name=\"author\" content=\"Antonio Ferro\" \/>\n<meta name=\"twitter:card\" content=\"summary_large_image\" \/>\n<meta name=\"twitter:label1\" content=\"Escrito por\" \/>\n\t<meta name=\"twitter:data1\" content=\"Antonio Ferro\" \/>\n\t<meta name=\"twitter:label2\" content=\"Est. tempo de leitura\" \/>\n\t<meta name=\"twitter:data2\" content=\"1 minuto\" \/>\n<script type=\"application\/ld+json\" class=\"yoast-schema-graph\">{\"@context\":\"https:\/\/schema.org\",\"@graph\":[{\"@type\":\"Article\",\"@id\":\"https:\/\/revistaautobus.com.br\/?p=6888#article\",\"isPartOf\":{\"@id\":\"https:\/\/revistaautobus.com.br\/?p=6888\"},\"author\":{\"name\":\"Antonio Ferro\",\"@id\":\"https:\/\/revistaautobus.com.br\/#\/schema\/person\/54af7c3eb83a310e42ef686ef6d16f50\"},\"headline\":\"A onda do \u00f4nibus el\u00e9trico\",\"datePublished\":\"2022-07-29T12:48:44+00:00\",\"dateModified\":\"2022-07-29T12:48:46+00:00\",\"mainEntityOfPage\":{\"@id\":\"https:\/\/revistaautobus.com.br\/?p=6888\"},\"wordCount\":240,\"commentCount\":0,\"publisher\":{\"@id\":\"https:\/\/revistaautobus.com.br\/#organization\"},\"image\":{\"@id\":\"https:\/\/revistaautobus.com.br\/?p=6888#primaryimage\"},\"thumbnailUrl\":\"https:\/\/revistaautobus.com.br\/wp-content\/uploads\/2022\/07\/25072022-BAE-Systems-Nova-BusHalifax-scaled.jpg\",\"keywords\":[\"bae systems\"],\"articleSection\":[\"Not\u00edcias\"],\"inLanguage\":\"pt-BR\",\"potentialAction\":[{\"@type\":\"CommentAction\",\"name\":\"Comment\",\"target\":[\"https:\/\/revistaautobus.com.br\/?p=6888#respond\"]}]},{\"@type\":\"WebPage\",\"@id\":\"https:\/\/revistaautobus.com.br\/?p=6888\",\"url\":\"https:\/\/revistaautobus.com.br\/?p=6888\",\"name\":\"A onda do \u00f4nibus el\u00e9trico - Revista AutoBus\",\"isPartOf\":{\"@id\":\"https:\/\/revistaautobus.com.br\/#website\"},\"primaryImageOfPage\":{\"@id\":\"https:\/\/revistaautobus.com.br\/?p=6888#primaryimage\"},\"image\":{\"@id\":\"https:\/\/revistaautobus.com.br\/?p=6888#primaryimage\"},\"thumbnailUrl\":\"https:\/\/revistaautobus.com.br\/wp-content\/uploads\/2022\/07\/25072022-BAE-Systems-Nova-BusHalifax-scaled.jpg\",\"datePublished\":\"2022-07-29T12:48:44+00:00\",\"dateModified\":\"2022-07-29T12:48:46+00:00\",\"breadcrumb\":{\"@id\":\"https:\/\/revistaautobus.com.br\/?p=6888#breadcrumb\"},\"inLanguage\":\"pt-BR\",\"potentialAction\":[{\"@type\":\"ReadAction\",\"target\":[\"https:\/\/revistaautobus.com.br\/?p=6888\"]}]},{\"@type\":\"ImageObject\",\"inLanguage\":\"pt-BR\",\"@id\":\"https:\/\/revistaautobus.com.br\/?p=6888#primaryimage\",\"url\":\"https:\/\/revistaautobus.com.br\/wp-content\/uploads\/2022\/07\/25072022-BAE-Systems-Nova-BusHalifax-scaled.jpg\",\"contentUrl\":\"https:\/\/revistaautobus.com.br\/wp-content\/uploads\/2022\/07\/25072022-BAE-Systems-Nova-BusHalifax-scaled.jpg\",\"width\":2560,\"height\":2560},{\"@type\":\"BreadcrumbList\",\"@id\":\"https:\/\/revistaautobus.com.br\/?p=6888#breadcrumb\",\"itemListElement\":[{\"@type\":\"ListItem\",\"position\":1,\"name\":\"In\u00edcio\",\"item\":\"https:\/\/revistaautobus.com.br\/\"},{\"@type\":\"ListItem\",\"position\":2,\"name\":\"A onda do \u00f4nibus el\u00e9trico\"}]},{\"@type\":\"WebSite\",\"@id\":\"https:\/\/revistaautobus.com.br\/#website\",\"url\":\"https:\/\/revistaautobus.com.br\/\",\"name\":\"Revista AutoBus\",\"description\":\"\",\"publisher\":{\"@id\":\"https:\/\/revistaautobus.com.br\/#organization\"},\"potentialAction\":[{\"@type\":\"SearchAction\",\"target\":{\"@type\":\"EntryPoint\",\"urlTemplate\":\"https:\/\/revistaautobus.com.br\/?s={search_term_string}\"},\"query-input\":{\"@type\":\"PropertyValueSpecification\",\"valueRequired\":true,\"valueName\":\"search_term_string\"}}],\"inLanguage\":\"pt-BR\"},{\"@type\":\"Organization\",\"@id\":\"https:\/\/revistaautobus.com.br\/#organization\",\"name\":\"Revista AutoBus\",\"url\":\"https:\/\/revistaautobus.com.br\/\",\"logo\":{\"@type\":\"ImageObject\",\"inLanguage\":\"pt-BR\",\"@id\":\"https:\/\/revistaautobus.com.br\/#\/schema\/logo\/image\/\",\"url\":\"https:\/\/revistaautobus.com.br\/wp-content\/uploads\/2024\/11\/logo_revista_autobus_fb.png\",\"contentUrl\":\"https:\/\/revistaautobus.com.br\/wp-content\/uploads\/2024\/11\/logo_revista_autobus_fb.png\",\"width\":836,\"height\":227,\"caption\":\"Revista AutoBus\"},\"image\":{\"@id\":\"https:\/\/revistaautobus.com.br\/#\/schema\/logo\/image\/\"},\"sameAs\":[\"https:\/\/www.facebook.com\/antonio.ferro.3150\",\"https:\/\/www.instagram.com\/revistaautobus\/\"]},{\"@type\":\"Person\",\"@id\":\"https:\/\/revistaautobus.com.br\/#\/schema\/person\/54af7c3eb83a310e42ef686ef6d16f50\",\"name\":\"Antonio Ferro\",\"image\":{\"@type\":\"ImageObject\",\"inLanguage\":\"pt-BR\",\"@id\":\"https:\/\/revistaautobus.com.br\/wp-content\/uploads\/2025\/12\/editor_antonio_ferro-150x150.jpg\",\"url\":\"https:\/\/revistaautobus.com.br\/wp-content\/uploads\/2025\/12\/editor_antonio_ferro-150x150.jpg\",\"contentUrl\":\"https:\/\/revistaautobus.com.br\/wp-content\/uploads\/2025\/12\/editor_antonio_ferro-150x150.jpg\",\"caption\":\"Antonio Ferro\"},\"description\":\"infobus@uol.com.br\",\"url\":\"https:\/\/revistaautobus.com.br\/?author=2\"}]}<\/script>\n<!-- \/ Yoast SEO plugin. -->","yoast_head_json":{"title":"A onda do \u00f4nibus el\u00e9trico - Revista AutoBus","robots":{"index":"index","follow":"follow","max-snippet":"max-snippet:-1","max-image-preview":"max-image-preview:large","max-video-preview":"max-video-preview:-1"},"canonical":"https:\/\/revistaautobus.com.br\/?p=6888","og_locale":"pt_BR","og_type":"article","og_title":"A onda do \u00f4nibus el\u00e9trico - Revista AutoBus","og_description":"O \u00f4nibus 100% \u00e9 a combina\u00e7\u00e3o perfeita da experi\u00eancia comprovada da Nova Bus com as mais recentes inova\u00e7\u00f5es em tecnologias limpas","og_url":"https:\/\/revistaautobus.com.br\/?p=6888","og_site_name":"Revista AutoBus","article_publisher":"https:\/\/www.facebook.com\/antonio.ferro.3150","article_published_time":"2022-07-29T12:48:44+00:00","article_modified_time":"2022-07-29T12:48:46+00:00","og_image":[{"width":2560,"height":2560,"url":"https:\/\/revistaautobus.com.br\/wp-content\/uploads\/2022\/07\/25072022-BAE-Systems-Nova-BusHalifax-scaled.jpg","type":"image\/jpeg"}],"author":"Antonio Ferro","twitter_card":"summary_large_image","twitter_misc":{"Escrito por":"Antonio Ferro","Est. tempo de leitura":"1 minuto"},"schema":{"@context":"https:\/\/schema.org","@graph":[{"@type":"Article","@id":"https:\/\/revistaautobus.com.br\/?p=6888#article","isPartOf":{"@id":"https:\/\/revistaautobus.com.br\/?p=6888"},"author":{"name":"Antonio Ferro","@id":"https:\/\/revistaautobus.com.br\/#\/schema\/person\/54af7c3eb83a310e42ef686ef6d16f50"},"headline":"A onda do \u00f4nibus el\u00e9trico","datePublished":"2022-07-29T12:48:44+00:00","dateModified":"2022-07-29T12:48:46+00:00","mainEntityOfPage":{"@id":"https:\/\/revistaautobus.com.br\/?p=6888"},"wordCount":240,"commentCount":0,"publisher":{"@id":"https:\/\/revistaautobus.com.br\/#organization"},"image":{"@id":"https:\/\/revistaautobus.com.br\/?p=6888#primaryimage"},"thumbnailUrl":"https:\/\/revistaautobus.com.br\/wp-content\/uploads\/2022\/07\/25072022-BAE-Systems-Nova-BusHalifax-scaled.jpg","keywords":["bae systems"],"articleSection":["Not\u00edcias"],"inLanguage":"pt-BR","potentialAction":[{"@type":"CommentAction","name":"Comment","target":["https:\/\/revistaautobus.com.br\/?p=6888#respond"]}]},{"@type":"WebPage","@id":"https:\/\/revistaautobus.com.br\/?p=6888","url":"https:\/\/revistaautobus.com.br\/?p=6888","name":"A onda do \u00f4nibus el\u00e9trico - Revista AutoBus","isPartOf":{"@id":"https:\/\/revistaautobus.com.br\/#website"},"primaryImageOfPage":{"@id":"https:\/\/revistaautobus.com.br\/?p=6888#primaryimage"},"image":{"@id":"https:\/\/revistaautobus.com.br\/?p=6888#primaryimage"},"thumbnailUrl":"https:\/\/revistaautobus.com.br\/wp-content\/uploads\/2022\/07\/25072022-BAE-Systems-Nova-BusHalifax-scaled.jpg","datePublished":"2022-07-29T12:48:44+00:00","dateModified":"2022-07-29T12:48:46+00:00","breadcrumb":{"@id":"https:\/\/revistaautobus.com.br\/?p=6888#breadcrumb"},"inLanguage":"pt-BR","potentialAction":[{"@type":"ReadAction","target":["https:\/\/revistaautobus.com.br\/?p=6888"]}]},{"@type":"ImageObject","inLanguage":"pt-BR","@id":"https:\/\/revistaautobus.com.br\/?p=6888#primaryimage","url":"https:\/\/revistaautobus.com.br\/wp-content\/uploads\/2022\/07\/25072022-BAE-Systems-Nova-BusHalifax-scaled.jpg","contentUrl":"https:\/\/revistaautobus.com.br\/wp-content\/uploads\/2022\/07\/25072022-BAE-Systems-Nova-BusHalifax-scaled.jpg","width":2560,"height":2560},{"@type":"BreadcrumbList","@id":"https:\/\/revistaautobus.com.br\/?p=6888#breadcrumb","itemListElement":[{"@type":"ListItem","position":1,"name":"In\u00edcio","item":"https:\/\/revistaautobus.com.br\/"},{"@type":"ListItem","position":2,"name":"A onda do \u00f4nibus el\u00e9trico"}]},{"@type":"WebSite","@id":"https:\/\/revistaautobus.com.br\/#website","url":"https:\/\/revistaautobus.com.br\/","name":"Revista AutoBus","description":"","publisher":{"@id":"https:\/\/revistaautobus.com.br\/#organization"},"potentialAction":[{"@type":"SearchAction","target":{"@type":"EntryPoint","urlTemplate":"https:\/\/revistaautobus.com.br\/?s={search_term_string}"},"query-input":{"@type":"PropertyValueSpecification","valueRequired":true,"valueName":"search_term_string"}}],"inLanguage":"pt-BR"},{"@type":"Organization","@id":"https:\/\/revistaautobus.com.br\/#organization","name":"Revista AutoBus","url":"https:\/\/revistaautobus.com.br\/","logo":{"@type":"ImageObject","inLanguage":"pt-BR","@id":"https:\/\/revistaautobus.com.br\/#\/schema\/logo\/image\/","url":"https:\/\/revistaautobus.com.br\/wp-content\/uploads\/2024\/11\/logo_revista_autobus_fb.png","contentUrl":"https:\/\/revistaautobus.com.br\/wp-content\/uploads\/2024\/11\/logo_revista_autobus_fb.png","width":836,"height":227,"caption":"Revista AutoBus"},"image":{"@id":"https:\/\/revistaautobus.com.br\/#\/schema\/logo\/image\/"},"sameAs":["https:\/\/www.facebook.com\/antonio.ferro.3150","https:\/\/www.instagram.com\/revistaautobus\/"]},{"@type":"Person","@id":"https:\/\/revistaautobus.com.br\/#\/schema\/person\/54af7c3eb83a310e42ef686ef6d16f50","name":"Antonio Ferro","image":{"@type":"ImageObject","inLanguage":"pt-BR","@id":"https:\/\/revistaautobus.com.br\/wp-content\/uploads\/2025\/12\/editor_antonio_ferro-150x150.jpg","url":"https:\/\/revistaautobus.com.br\/wp-content\/uploads\/2025\/12\/editor_antonio_ferro-150x150.jpg","contentUrl":"https:\/\/revistaautobus.com.br\/wp-content\/uploads\/2025\/12\/editor_antonio_ferro-150x150.jpg","caption":"Antonio Ferro"},"description":"infobus@uol.com.br","url":"https:\/\/revistaautobus.com.br\/?author=2"}]}},"jetpack_featured_media_url":"https:\/\/revistaautobus.com.br\/wp-content\/uploads\/2022\/07\/25072022-BAE-Systems-Nova-BusHalifax-scaled.jpg","jetpack_sharing_enabled":true,"_links":{"self":[{"href":"https:\/\/revistaautobus.com.br\/index.php?rest_route=\/wp\/v2\/posts\/6888","targetHints":{"allow":["GET"]}}],"collection":[{"href":"https:\/\/revistaautobus.com.br\/index.php?rest_route=\/wp\/v2\/posts"}],"about":[{"href":"https:\/\/revistaautobus.com.br\/index.php?rest_route=\/wp\/v2\/types\/post"}],"author":[{"embeddable":true,"href":"https:\/\/revistaautobus.com.br\/index.php?rest_route=\/wp\/v2\/users\/2"}],"replies":[{"embeddable":true,"href":"https:\/\/revistaautobus.com.br\/index.php?rest_route=%2Fwp%2Fv2%2Fcomments&post=6888"}],"version-history":[{"count":2,"href":"https:\/\/revistaautobus.com.br\/index.php?rest_route=\/wp\/v2\/posts\/6888\/revisions"}],"predecessor-version":[{"id":6891,"href":"https:\/\/revistaautobus.com.br\/index.php?rest_route=\/wp\/v2\/posts\/6888\/revisions\/6891"}],"wp:featuredmedia":[{"embeddable":true,"href":"https:\/\/revistaautobus.com.br\/index.php?rest_route=\/wp\/v2\/media\/6889"}],"wp:attachment":[{"href":"https:\/\/revistaautobus.com.br\/index.php?rest_route=%2Fwp%2Fv2%2Fmedia&parent=6888"}],"wp:term":[{"taxonomy":"category","embeddable":true,"href":"https:\/\/revistaautobus.com.br\/index.php?rest_route=%2Fwp%2Fv2%2Fcategories&post=6888"},{"taxonomy":"post_tag","embeddable":true,"href":"https:\/\/revistaautobus.com.br\/index.php?rest_route=%2Fwp%2Fv2%2Ftags&post=6888"}],"curies":[{"name":"wp","href":"https:\/\/api.w.org\/{rel}","templated":true}]}}