{"id":6892,"date":"2022-07-29T09:50:35","date_gmt":"2022-07-29T12:50:35","guid":{"rendered":"https:\/\/revistaautobus.com.br\/?p=6892"},"modified":"2022-07-29T09:50:37","modified_gmt":"2022-07-29T12:50:37","slug":"equilibrio-na-frota-com-acessibilidade","status":"publish","type":"post","link":"https:\/\/revistaautobus.com.br\/?p=6892","title":{"rendered":"Equil\u00edbrio na frota com acessibilidade"},"content":{"rendered":"\n<p>A Fresp (Federa\u00e7\u00e3o das Empresas de Transportes de Passageiros por Fretamento do Estado de S\u00e3o Paulo) apoia o projeto de Lei 753\/2022, de autoria do Deputado Paulo Vicente Caleffi (PSD\/RS), que&nbsp; altera &#8220;a Lei Brasileira de Inclus\u00e3o da Pessoa com Defici\u00eancia \u2013 Estatuto da Pessoa com Defici\u00eancia&#8221;, com a proposta de estabelecer um percentual de \u00f4nibus adaptados para uso de deficientes a ser adotado pelas empresas de transporte de fretamento e de turismo, ou seja, a acessibilidade em 1 a cada 20 ve\u00edculos renovados da frota.<\/p>\n\n\n\n<p>Segundo Regina Rocha, diretora-executiva da Fresp, o setor sempre atendeu as demandas dos clientes, inclusive com a adapta\u00e7\u00e3o dos ve\u00edculos para plena acessibilidade de cadeirantes ou pessoas com mobilidade reduzida, tanto no fretamento cont\u00ednuo quanto no turismo. &#8220;A proposta do Deputado Paulo Vicente Caleffi permite que as empresas busquem os ve\u00edculos que melhor se adaptem as necessidades dos clientes, garantindo uma mobilidade segura e mais acess\u00edvel, evitando desperd\u00edcios de recursos e investimentos em ve\u00edculos que n\u00e3o atender\u00e3o plenamente a finalidade da Lei Brasileira de Inclus\u00e3o&#8221;, disse ela.<\/p>\n\n\n\n<p>A executiva tamb\u00e9m ressalta que, por ser um servi\u00e7o privado, n\u00e3o aberto a p\u00fablico, as empresas de fretamento j\u00e1 t\u00eam conhecimento pr\u00e9vio da demanda por transporte e tem plena condi\u00e7\u00e3o de se preparar para atend\u00ea-la. &#8220;Para o nosso setor, a exig\u00eancia de que todos os \u00f4nibus adquiridos pelo servi\u00e7o de fretamento sejam acess\u00edveis se mostra descabida e inadequada para a finalidade que se pretende&#8221;, observou.<\/p>\n\n\n\n<p>Imagem &#8211; Reprodu\u00e7\u00e3o<\/p>\n","protected":false},"excerpt":{"rendered":"<p>FRESP solicita um novo regulamento para a aquisi\u00e7\u00e3o de frota com acessibilidade<\/p>\n","protected":false},"author":2,"featured_media":6893,"comment_status":"open","ping_status":"open","sticky":false,"template":"","format":"standard","meta":{"_et_pb_use_builder":"off","_et_pb_old_content":"","_et_gb_content_width":"","_jetpack_memberships_contains_paid_content":false,"footnotes":""},"categories":[90],"tags":[61],"class_list":["post-6892","post","type-post","status-publish","format-standard","has-post-thumbnail","hentry","category-noticias","tag-fresp","et-has-post-format-content","et_post_format-et-post-format-standard"],"yoast_head":"<!-- This site is optimized with the Yoast SEO plugin v27.2 - https:\/\/yoast.com\/product\/yoast-seo-wordpress\/ -->\n<title>Equil\u00edbrio na frota com acessibilidade - Revista AutoBus<\/title>\n<meta name=\"robots\" content=\"index, follow, max-snippet:-1, max-image-preview:large, max-video-preview:-1\" \/>\n<link rel=\"canonical\" href=\"https:\/\/revistaautobus.com.br\/?p=6892\" \/>\n<meta property=\"og:locale\" content=\"pt_BR\" \/>\n<meta property=\"og:type\" content=\"article\" \/>\n<meta property=\"og:title\" content=\"Equil\u00edbrio na frota com acessibilidade - Revista AutoBus\" \/>\n<meta property=\"og:description\" content=\"FRESP solicita um novo regulamento para a aquisi\u00e7\u00e3o de frota com acessibilidade\" \/>\n<meta property=\"og:url\" content=\"https:\/\/revistaautobus.com.br\/?p=6892\" \/>\n<meta property=\"og:site_name\" content=\"Revista AutoBus\" \/>\n<meta property=\"article:publisher\" content=\"https:\/\/www.facebook.com\/antonio.ferro.3150\" \/>\n<meta property=\"article:published_time\" content=\"2022-07-29T12:50:35+00:00\" \/>\n<meta property=\"article:modified_time\" content=\"2022-07-29T12:50:37+00:00\" \/>\n<meta property=\"og:image\" content=\"https:\/\/revistaautobus.com.br\/wp-content\/uploads\/2022\/07\/Senior-Fretamento-MBB-acessibilidade.jpg\" \/>\n\t<meta property=\"og:image:width\" content=\"1100\" \/>\n\t<meta property=\"og:image:height\" content=\"727\" \/>\n\t<meta property=\"og:image:type\" content=\"image\/jpeg\" \/>\n<meta name=\"author\" content=\"Antonio Ferro\" \/>\n<meta name=\"twitter:card\" content=\"summary_large_image\" \/>\n<meta name=\"twitter:label1\" content=\"Escrito por\" \/>\n\t<meta name=\"twitter:data1\" content=\"Antonio Ferro\" \/>\n\t<meta name=\"twitter:label2\" content=\"Est. tempo de leitura\" \/>\n\t<meta name=\"twitter:data2\" content=\"1 minuto\" \/>\n<script type=\"application\/ld+json\" class=\"yoast-schema-graph\">{\"@context\":\"https:\/\/schema.org\",\"@graph\":[{\"@type\":\"Article\",\"@id\":\"https:\/\/revistaautobus.com.br\/?p=6892#article\",\"isPartOf\":{\"@id\":\"https:\/\/revistaautobus.com.br\/?p=6892\"},\"author\":{\"name\":\"Antonio Ferro\",\"@id\":\"https:\/\/revistaautobus.com.br\/#\/schema\/person\/54af7c3eb83a310e42ef686ef6d16f50\"},\"headline\":\"Equil\u00edbrio na frota com acessibilidade\",\"datePublished\":\"2022-07-29T12:50:35+00:00\",\"dateModified\":\"2022-07-29T12:50:37+00:00\",\"mainEntityOfPage\":{\"@id\":\"https:\/\/revistaautobus.com.br\/?p=6892\"},\"wordCount\":273,\"commentCount\":0,\"publisher\":{\"@id\":\"https:\/\/revistaautobus.com.br\/#organization\"},\"image\":{\"@id\":\"https:\/\/revistaautobus.com.br\/?p=6892#primaryimage\"},\"thumbnailUrl\":\"https:\/\/revistaautobus.com.br\/wp-content\/uploads\/2022\/07\/Senior-Fretamento-MBB-acessibilidade.jpg\",\"keywords\":[\"FRESP\"],\"articleSection\":[\"Not\u00edcias\"],\"inLanguage\":\"pt-BR\",\"potentialAction\":[{\"@type\":\"CommentAction\",\"name\":\"Comment\",\"target\":[\"https:\/\/revistaautobus.com.br\/?p=6892#respond\"]}]},{\"@type\":\"WebPage\",\"@id\":\"https:\/\/revistaautobus.com.br\/?p=6892\",\"url\":\"https:\/\/revistaautobus.com.br\/?p=6892\",\"name\":\"Equil\u00edbrio na frota com acessibilidade - Revista AutoBus\",\"isPartOf\":{\"@id\":\"https:\/\/revistaautobus.com.br\/#website\"},\"primaryImageOfPage\":{\"@id\":\"https:\/\/revistaautobus.com.br\/?p=6892#primaryimage\"},\"image\":{\"@id\":\"https:\/\/revistaautobus.com.br\/?p=6892#primaryimage\"},\"thumbnailUrl\":\"https:\/\/revistaautobus.com.br\/wp-content\/uploads\/2022\/07\/Senior-Fretamento-MBB-acessibilidade.jpg\",\"datePublished\":\"2022-07-29T12:50:35+00:00\",\"dateModified\":\"2022-07-29T12:50:37+00:00\",\"breadcrumb\":{\"@id\":\"https:\/\/revistaautobus.com.br\/?p=6892#breadcrumb\"},\"inLanguage\":\"pt-BR\",\"potentialAction\":[{\"@type\":\"ReadAction\",\"target\":[\"https:\/\/revistaautobus.com.br\/?p=6892\"]}]},{\"@type\":\"ImageObject\",\"inLanguage\":\"pt-BR\",\"@id\":\"https:\/\/revistaautobus.com.br\/?p=6892#primaryimage\",\"url\":\"https:\/\/revistaautobus.com.br\/wp-content\/uploads\/2022\/07\/Senior-Fretamento-MBB-acessibilidade.jpg\",\"contentUrl\":\"https:\/\/revistaautobus.com.br\/wp-content\/uploads\/2022\/07\/Senior-Fretamento-MBB-acessibilidade.jpg\",\"width\":1100,\"height\":727},{\"@type\":\"BreadcrumbList\",\"@id\":\"https:\/\/revistaautobus.com.br\/?p=6892#breadcrumb\",\"itemListElement\":[{\"@type\":\"ListItem\",\"position\":1,\"name\":\"In\u00edcio\",\"item\":\"https:\/\/revistaautobus.com.br\/\"},{\"@type\":\"ListItem\",\"position\":2,\"name\":\"Equil\u00edbrio na frota com acessibilidade\"}]},{\"@type\":\"WebSite\",\"@id\":\"https:\/\/revistaautobus.com.br\/#website\",\"url\":\"https:\/\/revistaautobus.com.br\/\",\"name\":\"Revista AutoBus\",\"description\":\"\",\"publisher\":{\"@id\":\"https:\/\/revistaautobus.com.br\/#organization\"},\"potentialAction\":[{\"@type\":\"SearchAction\",\"target\":{\"@type\":\"EntryPoint\",\"urlTemplate\":\"https:\/\/revistaautobus.com.br\/?s={search_term_string}\"},\"query-input\":{\"@type\":\"PropertyValueSpecification\",\"valueRequired\":true,\"valueName\":\"search_term_string\"}}],\"inLanguage\":\"pt-BR\"},{\"@type\":\"Organization\",\"@id\":\"https:\/\/revistaautobus.com.br\/#organization\",\"name\":\"Revista AutoBus\",\"url\":\"https:\/\/revistaautobus.com.br\/\",\"logo\":{\"@type\":\"ImageObject\",\"inLanguage\":\"pt-BR\",\"@id\":\"https:\/\/revistaautobus.com.br\/#\/schema\/logo\/image\/\",\"url\":\"https:\/\/revistaautobus.com.br\/wp-content\/uploads\/2024\/11\/logo_revista_autobus_fb.png\",\"contentUrl\":\"https:\/\/revistaautobus.com.br\/wp-content\/uploads\/2024\/11\/logo_revista_autobus_fb.png\",\"width\":836,\"height\":227,\"caption\":\"Revista AutoBus\"},\"image\":{\"@id\":\"https:\/\/revistaautobus.com.br\/#\/schema\/logo\/image\/\"},\"sameAs\":[\"https:\/\/www.facebook.com\/antonio.ferro.3150\",\"https:\/\/www.instagram.com\/revistaautobus\/\"]},{\"@type\":\"Person\",\"@id\":\"https:\/\/revistaautobus.com.br\/#\/schema\/person\/54af7c3eb83a310e42ef686ef6d16f50\",\"name\":\"Antonio Ferro\",\"image\":{\"@type\":\"ImageObject\",\"inLanguage\":\"pt-BR\",\"@id\":\"https:\/\/revistaautobus.com.br\/wp-content\/uploads\/2025\/12\/editor_antonio_ferro-150x150.jpg\",\"url\":\"https:\/\/revistaautobus.com.br\/wp-content\/uploads\/2025\/12\/editor_antonio_ferro-150x150.jpg\",\"contentUrl\":\"https:\/\/revistaautobus.com.br\/wp-content\/uploads\/2025\/12\/editor_antonio_ferro-150x150.jpg\",\"caption\":\"Antonio Ferro\"},\"description\":\"infobus@uol.com.br\",\"url\":\"https:\/\/revistaautobus.com.br\/?author=2\"}]}<\/script>\n<!-- \/ Yoast SEO plugin. -->","yoast_head_json":{"title":"Equil\u00edbrio na frota com acessibilidade - Revista AutoBus","robots":{"index":"index","follow":"follow","max-snippet":"max-snippet:-1","max-image-preview":"max-image-preview:large","max-video-preview":"max-video-preview:-1"},"canonical":"https:\/\/revistaautobus.com.br\/?p=6892","og_locale":"pt_BR","og_type":"article","og_title":"Equil\u00edbrio na frota com acessibilidade - Revista AutoBus","og_description":"FRESP solicita um novo regulamento para a aquisi\u00e7\u00e3o de frota com acessibilidade","og_url":"https:\/\/revistaautobus.com.br\/?p=6892","og_site_name":"Revista AutoBus","article_publisher":"https:\/\/www.facebook.com\/antonio.ferro.3150","article_published_time":"2022-07-29T12:50:35+00:00","article_modified_time":"2022-07-29T12:50:37+00:00","og_image":[{"width":1100,"height":727,"url":"https:\/\/revistaautobus.com.br\/wp-content\/uploads\/2022\/07\/Senior-Fretamento-MBB-acessibilidade.jpg","type":"image\/jpeg"}],"author":"Antonio Ferro","twitter_card":"summary_large_image","twitter_misc":{"Escrito por":"Antonio Ferro","Est. tempo de leitura":"1 minuto"},"schema":{"@context":"https:\/\/schema.org","@graph":[{"@type":"Article","@id":"https:\/\/revistaautobus.com.br\/?p=6892#article","isPartOf":{"@id":"https:\/\/revistaautobus.com.br\/?p=6892"},"author":{"name":"Antonio Ferro","@id":"https:\/\/revistaautobus.com.br\/#\/schema\/person\/54af7c3eb83a310e42ef686ef6d16f50"},"headline":"Equil\u00edbrio na frota com acessibilidade","datePublished":"2022-07-29T12:50:35+00:00","dateModified":"2022-07-29T12:50:37+00:00","mainEntityOfPage":{"@id":"https:\/\/revistaautobus.com.br\/?p=6892"},"wordCount":273,"commentCount":0,"publisher":{"@id":"https:\/\/revistaautobus.com.br\/#organization"},"image":{"@id":"https:\/\/revistaautobus.com.br\/?p=6892#primaryimage"},"thumbnailUrl":"https:\/\/revistaautobus.com.br\/wp-content\/uploads\/2022\/07\/Senior-Fretamento-MBB-acessibilidade.jpg","keywords":["FRESP"],"articleSection":["Not\u00edcias"],"inLanguage":"pt-BR","potentialAction":[{"@type":"CommentAction","name":"Comment","target":["https:\/\/revistaautobus.com.br\/?p=6892#respond"]}]},{"@type":"WebPage","@id":"https:\/\/revistaautobus.com.br\/?p=6892","url":"https:\/\/revistaautobus.com.br\/?p=6892","name":"Equil\u00edbrio na frota com acessibilidade - Revista AutoBus","isPartOf":{"@id":"https:\/\/revistaautobus.com.br\/#website"},"primaryImageOfPage":{"@id":"https:\/\/revistaautobus.com.br\/?p=6892#primaryimage"},"image":{"@id":"https:\/\/revistaautobus.com.br\/?p=6892#primaryimage"},"thumbnailUrl":"https:\/\/revistaautobus.com.br\/wp-content\/uploads\/2022\/07\/Senior-Fretamento-MBB-acessibilidade.jpg","datePublished":"2022-07-29T12:50:35+00:00","dateModified":"2022-07-29T12:50:37+00:00","breadcrumb":{"@id":"https:\/\/revistaautobus.com.br\/?p=6892#breadcrumb"},"inLanguage":"pt-BR","potentialAction":[{"@type":"ReadAction","target":["https:\/\/revistaautobus.com.br\/?p=6892"]}]},{"@type":"ImageObject","inLanguage":"pt-BR","@id":"https:\/\/revistaautobus.com.br\/?p=6892#primaryimage","url":"https:\/\/revistaautobus.com.br\/wp-content\/uploads\/2022\/07\/Senior-Fretamento-MBB-acessibilidade.jpg","contentUrl":"https:\/\/revistaautobus.com.br\/wp-content\/uploads\/2022\/07\/Senior-Fretamento-MBB-acessibilidade.jpg","width":1100,"height":727},{"@type":"BreadcrumbList","@id":"https:\/\/revistaautobus.com.br\/?p=6892#breadcrumb","itemListElement":[{"@type":"ListItem","position":1,"name":"In\u00edcio","item":"https:\/\/revistaautobus.com.br\/"},{"@type":"ListItem","position":2,"name":"Equil\u00edbrio na frota com acessibilidade"}]},{"@type":"WebSite","@id":"https:\/\/revistaautobus.com.br\/#website","url":"https:\/\/revistaautobus.com.br\/","name":"Revista AutoBus","description":"","publisher":{"@id":"https:\/\/revistaautobus.com.br\/#organization"},"potentialAction":[{"@type":"SearchAction","target":{"@type":"EntryPoint","urlTemplate":"https:\/\/revistaautobus.com.br\/?s={search_term_string}"},"query-input":{"@type":"PropertyValueSpecification","valueRequired":true,"valueName":"search_term_string"}}],"inLanguage":"pt-BR"},{"@type":"Organization","@id":"https:\/\/revistaautobus.com.br\/#organization","name":"Revista AutoBus","url":"https:\/\/revistaautobus.com.br\/","logo":{"@type":"ImageObject","inLanguage":"pt-BR","@id":"https:\/\/revistaautobus.com.br\/#\/schema\/logo\/image\/","url":"https:\/\/revistaautobus.com.br\/wp-content\/uploads\/2024\/11\/logo_revista_autobus_fb.png","contentUrl":"https:\/\/revistaautobus.com.br\/wp-content\/uploads\/2024\/11\/logo_revista_autobus_fb.png","width":836,"height":227,"caption":"Revista AutoBus"},"image":{"@id":"https:\/\/revistaautobus.com.br\/#\/schema\/logo\/image\/"},"sameAs":["https:\/\/www.facebook.com\/antonio.ferro.3150","https:\/\/www.instagram.com\/revistaautobus\/"]},{"@type":"Person","@id":"https:\/\/revistaautobus.com.br\/#\/schema\/person\/54af7c3eb83a310e42ef686ef6d16f50","name":"Antonio Ferro","image":{"@type":"ImageObject","inLanguage":"pt-BR","@id":"https:\/\/revistaautobus.com.br\/wp-content\/uploads\/2025\/12\/editor_antonio_ferro-150x150.jpg","url":"https:\/\/revistaautobus.com.br\/wp-content\/uploads\/2025\/12\/editor_antonio_ferro-150x150.jpg","contentUrl":"https:\/\/revistaautobus.com.br\/wp-content\/uploads\/2025\/12\/editor_antonio_ferro-150x150.jpg","caption":"Antonio Ferro"},"description":"infobus@uol.com.br","url":"https:\/\/revistaautobus.com.br\/?author=2"}]}},"jetpack_featured_media_url":"https:\/\/revistaautobus.com.br\/wp-content\/uploads\/2022\/07\/Senior-Fretamento-MBB-acessibilidade.jpg","jetpack_sharing_enabled":true,"_links":{"self":[{"href":"https:\/\/revistaautobus.com.br\/index.php?rest_route=\/wp\/v2\/posts\/6892","targetHints":{"allow":["GET"]}}],"collection":[{"href":"https:\/\/revistaautobus.com.br\/index.php?rest_route=\/wp\/v2\/posts"}],"about":[{"href":"https:\/\/revistaautobus.com.br\/index.php?rest_route=\/wp\/v2\/types\/post"}],"author":[{"embeddable":true,"href":"https:\/\/revistaautobus.com.br\/index.php?rest_route=\/wp\/v2\/users\/2"}],"replies":[{"embeddable":true,"href":"https:\/\/revistaautobus.com.br\/index.php?rest_route=%2Fwp%2Fv2%2Fcomments&post=6892"}],"version-history":[{"count":2,"href":"https:\/\/revistaautobus.com.br\/index.php?rest_route=\/wp\/v2\/posts\/6892\/revisions"}],"predecessor-version":[{"id":6895,"href":"https:\/\/revistaautobus.com.br\/index.php?rest_route=\/wp\/v2\/posts\/6892\/revisions\/6895"}],"wp:featuredmedia":[{"embeddable":true,"href":"https:\/\/revistaautobus.com.br\/index.php?rest_route=\/wp\/v2\/media\/6893"}],"wp:attachment":[{"href":"https:\/\/revistaautobus.com.br\/index.php?rest_route=%2Fwp%2Fv2%2Fmedia&parent=6892"}],"wp:term":[{"taxonomy":"category","embeddable":true,"href":"https:\/\/revistaautobus.com.br\/index.php?rest_route=%2Fwp%2Fv2%2Fcategories&post=6892"},{"taxonomy":"post_tag","embeddable":true,"href":"https:\/\/revistaautobus.com.br\/index.php?rest_route=%2Fwp%2Fv2%2Ftags&post=6892"}],"curies":[{"name":"wp","href":"https:\/\/api.w.org\/{rel}","templated":true}]}}