{"id":6919,"date":"2022-08-01T14:54:29","date_gmt":"2022-08-01T17:54:29","guid":{"rendered":"https:\/\/revistaautobus.com.br\/?p=6919"},"modified":"2022-08-01T14:55:34","modified_gmt":"2022-08-01T17:55:34","slug":"volvo-se-destaca-no-mercado-paulistano","status":"publish","type":"post","link":"https:\/\/revistaautobus.com.br\/?p=6919","title":{"rendered":"Volvo se destaca no mercado paulistano"},"content":{"rendered":"\n<p>Com um volume que ultrapassa 205 chassis para \u00f4nibus comercializados para o transporte paulistano no primeiro semestre deste ano, representando cerca de 70% dos modelos Padron adquiridos pelas operadoras locais, a Volvo v\u00ea crescimento substancial em seus neg\u00f3cios na cidade de S\u00e3o Paulo, com um n\u00famero que \u00e9 sete vezes superior \u00e0 participa\u00e7\u00e3o hist\u00f3rica dela no sistema.<\/p>\n\n\n\n<p>Todas as unidades negociadas foram do modelo B250RLE, um chassi vers\u00e1til, com alta disponibilidade, baixo consumo de combust\u00edvel e menor custo de manuten\u00e7\u00e3o por quil\u00f4metro rodado, segundo informou a montadora. \u201cNo caso espec\u00edfico da opera\u00e7\u00e3o em S\u00e3o Paulo, a economia de combust\u00edvel com o chassi Volvo \u00e9 8% superior ao de modelos similares de outras marcas. O diesel \u00e9 o principal custo operacional e ganha relev\u00e2ncia ainda mais estrat\u00e9gica num momento de disparada do pre\u00e7o do combust\u00edvel\u201d, disse Humberto Costa, gerente regional de vendas da Volvo.<\/p>\n\n\n\n<p>O transporte coletivo paulistano \u00e9 conhecido pelo alto n\u00famero de \u00f4nibus disponibilizados (13.500 ve\u00edculos), operado em condi\u00e7\u00f5es desafiadoras nos tr\u00eas sistemas existentes \u2013 estrutural, articula\u00e7\u00e3o e distribui\u00e7\u00e3o. A Volvo participa dos dois primeiros sistemas, que possuem, principalmente, \u00f4nibus Padron. \u201cS\u00e3o Paulo tem 3.934 ve\u00edculos desse tipo, segundo o SPUrbanuss (entidade que congrega as empresas operadoras) e os 205 chassis que a Volvo vendeu representam cerca de 70% do volume renovado nesses segmentos no primeiro semestre deste ano\u201d, salientou Humberto.<\/p>\n\n\n\n<figure class=\"wp-block-image alignright size-large is-resized\"><img loading=\"lazy\" decoding=\"async\" src=\"https:\/\/revistaautobus.com.br\/wp-content\/uploads\/2022\/08\/IEAZ5dmOwV08pagx1tYuyjUbJ9-1024x682.jpg\" alt=\"\" class=\"wp-image-6923\" width=\"494\" height=\"329\" srcset=\"https:\/\/revistaautobus.com.br\/wp-content\/uploads\/2022\/08\/IEAZ5dmOwV08pagx1tYuyjUbJ9-1024x682.jpg 1024w, https:\/\/revistaautobus.com.br\/wp-content\/uploads\/2022\/08\/IEAZ5dmOwV08pagx1tYuyjUbJ9-300x200.jpg 300w, https:\/\/revistaautobus.com.br\/wp-content\/uploads\/2022\/08\/IEAZ5dmOwV08pagx1tYuyjUbJ9-768x512.jpg 768w, https:\/\/revistaautobus.com.br\/wp-content\/uploads\/2022\/08\/IEAZ5dmOwV08pagx1tYuyjUbJ9-1080x720.jpg 1080w, https:\/\/revistaautobus.com.br\/wp-content\/uploads\/2022\/08\/IEAZ5dmOwV08pagx1tYuyjUbJ9.jpg 1100w\" sizes=\"(max-width: 494px) 100vw, 494px\" \/><figcaption><strong><em><mark style=\"background-color:rgba(0, 0, 0, 0)\" class=\"has-inline-color has-vivid-green-cyan-color\">Novos \u00f4nibus modernizam ainda mais frota local<\/mark><\/em><\/strong><\/figcaption><\/figure>\n\n\n\n<p>De acordo com a montadora, seu chassi B250RLE piso baixo se destaca por ser extremamente seguro, com baixo consumo de combust\u00edvel e alta disponibilidade, tendo sistema de suspens\u00e3o pneum\u00e1tica controlado eletronicamente que proporciona uma condu\u00e7\u00e3o mais suave, firme e segura, independente das condi\u00e7\u00f5es do asfalto; \u00e9 equipado com o motor eletr\u00f4nico de 8 litros de 250 cv de pot\u00eancia e 950Nm de torque; vem com o sistema de freios a disco e EBS5; al\u00e9m de um pacote completo de conectividade via Volvo Connect, sistema de gest\u00e3o de frotas da marca.<\/p>\n\n\n\n<p>Paulo Arabian, diretor comercial da Volvo Buses no Brasil, comentou que outro ponto de \u00eanfase positivo nesses neg\u00f3cios foi o p\u00f3s-venda para o cliente. \u201cVamos muito al\u00e9m de orienta\u00e7\u00f5es de como conduzir o ve\u00edculo. Por meio do programa Volvo Equipe Dedicada, entregamos um servi\u00e7o que passa por todas as necessidades do nosso cliente. \u00c9 um modelo sistem\u00e1tico e organizado que estuda a opera\u00e7\u00e3o em tempo integral, envolve todas as \u00e1reas do neg\u00f3cio e oferece solu\u00e7\u00f5es que melhoram o desempenho de toda a opera\u00e7\u00e3o\u201d, ressaltou.<\/p>\n\n\n\n<p>Imagens &#8211; Divulga\u00e7\u00e3o<\/p>\n","protected":false},"excerpt":{"rendered":"<p>Montadora comercializou mais de 200 chassis B8R para o transporte coletivo paulistano<\/p>\n","protected":false},"author":2,"featured_media":6920,"comment_status":"open","ping_status":"open","sticky":false,"template":"","format":"standard","meta":{"_et_pb_use_builder":"off","_et_pb_old_content":"","_et_gb_content_width":"","_jetpack_memberships_contains_paid_content":false,"footnotes":""},"categories":[10],"tags":[331],"class_list":["post-6919","post","type-post","status-publish","format-standard","has-post-thumbnail","hentry","category-montadoras","tag-volvo-buses-la","et-has-post-format-content","et_post_format-et-post-format-standard"],"yoast_head":"<!-- This site is optimized with the Yoast SEO plugin v27.2 - https:\/\/yoast.com\/product\/yoast-seo-wordpress\/ -->\n<title>Volvo se destaca no mercado paulistano - Revista AutoBus<\/title>\n<meta name=\"robots\" content=\"index, follow, max-snippet:-1, max-image-preview:large, max-video-preview:-1\" \/>\n<link rel=\"canonical\" href=\"https:\/\/revistaautobus.com.br\/?p=6919\" \/>\n<meta property=\"og:locale\" content=\"pt_BR\" \/>\n<meta property=\"og:type\" content=\"article\" \/>\n<meta property=\"og:title\" content=\"Volvo se destaca no mercado paulistano - Revista AutoBus\" \/>\n<meta property=\"og:description\" content=\"Montadora comercializou mais de 200 chassis B8R para o transporte coletivo paulistano\" \/>\n<meta property=\"og:url\" content=\"https:\/\/revistaautobus.com.br\/?p=6919\" \/>\n<meta property=\"og:site_name\" content=\"Revista AutoBus\" \/>\n<meta property=\"article:publisher\" content=\"https:\/\/www.facebook.com\/antonio.ferro.3150\" \/>\n<meta property=\"article:published_time\" content=\"2022-08-01T17:54:29+00:00\" \/>\n<meta property=\"article:modified_time\" content=\"2022-08-01T17:55:34+00:00\" \/>\n<meta property=\"og:image\" content=\"https:\/\/revistaautobus.com.br\/wp-content\/uploads\/2022\/08\/VmkOr4Xs6YAC8oqDbGxyU5FPHl.jpg\" \/>\n\t<meta property=\"og:image:width\" content=\"1100\" \/>\n\t<meta property=\"og:image:height\" content=\"719\" \/>\n\t<meta property=\"og:image:type\" content=\"image\/jpeg\" \/>\n<meta name=\"author\" content=\"Antonio Ferro\" \/>\n<meta name=\"twitter:card\" content=\"summary_large_image\" \/>\n<meta name=\"twitter:label1\" content=\"Escrito por\" \/>\n\t<meta name=\"twitter:data1\" content=\"Antonio Ferro\" \/>\n\t<meta name=\"twitter:label2\" content=\"Est. tempo de leitura\" \/>\n\t<meta name=\"twitter:data2\" content=\"2 minutos\" \/>\n<script type=\"application\/ld+json\" class=\"yoast-schema-graph\">{\"@context\":\"https:\/\/schema.org\",\"@graph\":[{\"@type\":\"Article\",\"@id\":\"https:\/\/revistaautobus.com.br\/?p=6919#article\",\"isPartOf\":{\"@id\":\"https:\/\/revistaautobus.com.br\/?p=6919\"},\"author\":{\"name\":\"Antonio Ferro\",\"@id\":\"https:\/\/revistaautobus.com.br\/#\/schema\/person\/54af7c3eb83a310e42ef686ef6d16f50\"},\"headline\":\"Volvo se destaca no mercado paulistano\",\"datePublished\":\"2022-08-01T17:54:29+00:00\",\"dateModified\":\"2022-08-01T17:55:34+00:00\",\"mainEntityOfPage\":{\"@id\":\"https:\/\/revistaautobus.com.br\/?p=6919\"},\"wordCount\":443,\"commentCount\":0,\"publisher\":{\"@id\":\"https:\/\/revistaautobus.com.br\/#organization\"},\"image\":{\"@id\":\"https:\/\/revistaautobus.com.br\/?p=6919#primaryimage\"},\"thumbnailUrl\":\"https:\/\/revistaautobus.com.br\/wp-content\/uploads\/2022\/08\/VmkOr4Xs6YAC8oqDbGxyU5FPHl.jpg\",\"keywords\":[\"Volvo Buses LA\"],\"articleSection\":[\"Montadoras\"],\"inLanguage\":\"pt-BR\",\"potentialAction\":[{\"@type\":\"CommentAction\",\"name\":\"Comment\",\"target\":[\"https:\/\/revistaautobus.com.br\/?p=6919#respond\"]}]},{\"@type\":\"WebPage\",\"@id\":\"https:\/\/revistaautobus.com.br\/?p=6919\",\"url\":\"https:\/\/revistaautobus.com.br\/?p=6919\",\"name\":\"Volvo se destaca no mercado paulistano - Revista AutoBus\",\"isPartOf\":{\"@id\":\"https:\/\/revistaautobus.com.br\/#website\"},\"primaryImageOfPage\":{\"@id\":\"https:\/\/revistaautobus.com.br\/?p=6919#primaryimage\"},\"image\":{\"@id\":\"https:\/\/revistaautobus.com.br\/?p=6919#primaryimage\"},\"thumbnailUrl\":\"https:\/\/revistaautobus.com.br\/wp-content\/uploads\/2022\/08\/VmkOr4Xs6YAC8oqDbGxyU5FPHl.jpg\",\"datePublished\":\"2022-08-01T17:54:29+00:00\",\"dateModified\":\"2022-08-01T17:55:34+00:00\",\"breadcrumb\":{\"@id\":\"https:\/\/revistaautobus.com.br\/?p=6919#breadcrumb\"},\"inLanguage\":\"pt-BR\",\"potentialAction\":[{\"@type\":\"ReadAction\",\"target\":[\"https:\/\/revistaautobus.com.br\/?p=6919\"]}]},{\"@type\":\"ImageObject\",\"inLanguage\":\"pt-BR\",\"@id\":\"https:\/\/revistaautobus.com.br\/?p=6919#primaryimage\",\"url\":\"https:\/\/revistaautobus.com.br\/wp-content\/uploads\/2022\/08\/VmkOr4Xs6YAC8oqDbGxyU5FPHl.jpg\",\"contentUrl\":\"https:\/\/revistaautobus.com.br\/wp-content\/uploads\/2022\/08\/VmkOr4Xs6YAC8oqDbGxyU5FPHl.jpg\",\"width\":1100,\"height\":719},{\"@type\":\"BreadcrumbList\",\"@id\":\"https:\/\/revistaautobus.com.br\/?p=6919#breadcrumb\",\"itemListElement\":[{\"@type\":\"ListItem\",\"position\":1,\"name\":\"In\u00edcio\",\"item\":\"https:\/\/revistaautobus.com.br\/\"},{\"@type\":\"ListItem\",\"position\":2,\"name\":\"Volvo se destaca no mercado paulistano\"}]},{\"@type\":\"WebSite\",\"@id\":\"https:\/\/revistaautobus.com.br\/#website\",\"url\":\"https:\/\/revistaautobus.com.br\/\",\"name\":\"Revista AutoBus\",\"description\":\"\",\"publisher\":{\"@id\":\"https:\/\/revistaautobus.com.br\/#organization\"},\"potentialAction\":[{\"@type\":\"SearchAction\",\"target\":{\"@type\":\"EntryPoint\",\"urlTemplate\":\"https:\/\/revistaautobus.com.br\/?s={search_term_string}\"},\"query-input\":{\"@type\":\"PropertyValueSpecification\",\"valueRequired\":true,\"valueName\":\"search_term_string\"}}],\"inLanguage\":\"pt-BR\"},{\"@type\":\"Organization\",\"@id\":\"https:\/\/revistaautobus.com.br\/#organization\",\"name\":\"Revista AutoBus\",\"url\":\"https:\/\/revistaautobus.com.br\/\",\"logo\":{\"@type\":\"ImageObject\",\"inLanguage\":\"pt-BR\",\"@id\":\"https:\/\/revistaautobus.com.br\/#\/schema\/logo\/image\/\",\"url\":\"https:\/\/revistaautobus.com.br\/wp-content\/uploads\/2024\/11\/logo_revista_autobus_fb.png\",\"contentUrl\":\"https:\/\/revistaautobus.com.br\/wp-content\/uploads\/2024\/11\/logo_revista_autobus_fb.png\",\"width\":836,\"height\":227,\"caption\":\"Revista AutoBus\"},\"image\":{\"@id\":\"https:\/\/revistaautobus.com.br\/#\/schema\/logo\/image\/\"},\"sameAs\":[\"https:\/\/www.facebook.com\/antonio.ferro.3150\",\"https:\/\/www.instagram.com\/revistaautobus\/\"]},{\"@type\":\"Person\",\"@id\":\"https:\/\/revistaautobus.com.br\/#\/schema\/person\/54af7c3eb83a310e42ef686ef6d16f50\",\"name\":\"Antonio Ferro\",\"image\":{\"@type\":\"ImageObject\",\"inLanguage\":\"pt-BR\",\"@id\":\"https:\/\/revistaautobus.com.br\/wp-content\/uploads\/2025\/12\/editor_antonio_ferro-150x150.jpg\",\"url\":\"https:\/\/revistaautobus.com.br\/wp-content\/uploads\/2025\/12\/editor_antonio_ferro-150x150.jpg\",\"contentUrl\":\"https:\/\/revistaautobus.com.br\/wp-content\/uploads\/2025\/12\/editor_antonio_ferro-150x150.jpg\",\"caption\":\"Antonio Ferro\"},\"description\":\"infobus@uol.com.br\",\"url\":\"https:\/\/revistaautobus.com.br\/?author=2\"}]}<\/script>\n<!-- \/ Yoast SEO plugin. -->","yoast_head_json":{"title":"Volvo se destaca no mercado paulistano - Revista AutoBus","robots":{"index":"index","follow":"follow","max-snippet":"max-snippet:-1","max-image-preview":"max-image-preview:large","max-video-preview":"max-video-preview:-1"},"canonical":"https:\/\/revistaautobus.com.br\/?p=6919","og_locale":"pt_BR","og_type":"article","og_title":"Volvo se destaca no mercado paulistano - Revista AutoBus","og_description":"Montadora comercializou mais de 200 chassis B8R para o transporte coletivo paulistano","og_url":"https:\/\/revistaautobus.com.br\/?p=6919","og_site_name":"Revista AutoBus","article_publisher":"https:\/\/www.facebook.com\/antonio.ferro.3150","article_published_time":"2022-08-01T17:54:29+00:00","article_modified_time":"2022-08-01T17:55:34+00:00","og_image":[{"width":1100,"height":719,"url":"https:\/\/revistaautobus.com.br\/wp-content\/uploads\/2022\/08\/VmkOr4Xs6YAC8oqDbGxyU5FPHl.jpg","type":"image\/jpeg"}],"author":"Antonio Ferro","twitter_card":"summary_large_image","twitter_misc":{"Escrito por":"Antonio Ferro","Est. tempo de leitura":"2 minutos"},"schema":{"@context":"https:\/\/schema.org","@graph":[{"@type":"Article","@id":"https:\/\/revistaautobus.com.br\/?p=6919#article","isPartOf":{"@id":"https:\/\/revistaautobus.com.br\/?p=6919"},"author":{"name":"Antonio Ferro","@id":"https:\/\/revistaautobus.com.br\/#\/schema\/person\/54af7c3eb83a310e42ef686ef6d16f50"},"headline":"Volvo se destaca no mercado paulistano","datePublished":"2022-08-01T17:54:29+00:00","dateModified":"2022-08-01T17:55:34+00:00","mainEntityOfPage":{"@id":"https:\/\/revistaautobus.com.br\/?p=6919"},"wordCount":443,"commentCount":0,"publisher":{"@id":"https:\/\/revistaautobus.com.br\/#organization"},"image":{"@id":"https:\/\/revistaautobus.com.br\/?p=6919#primaryimage"},"thumbnailUrl":"https:\/\/revistaautobus.com.br\/wp-content\/uploads\/2022\/08\/VmkOr4Xs6YAC8oqDbGxyU5FPHl.jpg","keywords":["Volvo Buses LA"],"articleSection":["Montadoras"],"inLanguage":"pt-BR","potentialAction":[{"@type":"CommentAction","name":"Comment","target":["https:\/\/revistaautobus.com.br\/?p=6919#respond"]}]},{"@type":"WebPage","@id":"https:\/\/revistaautobus.com.br\/?p=6919","url":"https:\/\/revistaautobus.com.br\/?p=6919","name":"Volvo se destaca no mercado paulistano - Revista AutoBus","isPartOf":{"@id":"https:\/\/revistaautobus.com.br\/#website"},"primaryImageOfPage":{"@id":"https:\/\/revistaautobus.com.br\/?p=6919#primaryimage"},"image":{"@id":"https:\/\/revistaautobus.com.br\/?p=6919#primaryimage"},"thumbnailUrl":"https:\/\/revistaautobus.com.br\/wp-content\/uploads\/2022\/08\/VmkOr4Xs6YAC8oqDbGxyU5FPHl.jpg","datePublished":"2022-08-01T17:54:29+00:00","dateModified":"2022-08-01T17:55:34+00:00","breadcrumb":{"@id":"https:\/\/revistaautobus.com.br\/?p=6919#breadcrumb"},"inLanguage":"pt-BR","potentialAction":[{"@type":"ReadAction","target":["https:\/\/revistaautobus.com.br\/?p=6919"]}]},{"@type":"ImageObject","inLanguage":"pt-BR","@id":"https:\/\/revistaautobus.com.br\/?p=6919#primaryimage","url":"https:\/\/revistaautobus.com.br\/wp-content\/uploads\/2022\/08\/VmkOr4Xs6YAC8oqDbGxyU5FPHl.jpg","contentUrl":"https:\/\/revistaautobus.com.br\/wp-content\/uploads\/2022\/08\/VmkOr4Xs6YAC8oqDbGxyU5FPHl.jpg","width":1100,"height":719},{"@type":"BreadcrumbList","@id":"https:\/\/revistaautobus.com.br\/?p=6919#breadcrumb","itemListElement":[{"@type":"ListItem","position":1,"name":"In\u00edcio","item":"https:\/\/revistaautobus.com.br\/"},{"@type":"ListItem","position":2,"name":"Volvo se destaca no mercado paulistano"}]},{"@type":"WebSite","@id":"https:\/\/revistaautobus.com.br\/#website","url":"https:\/\/revistaautobus.com.br\/","name":"Revista AutoBus","description":"","publisher":{"@id":"https:\/\/revistaautobus.com.br\/#organization"},"potentialAction":[{"@type":"SearchAction","target":{"@type":"EntryPoint","urlTemplate":"https:\/\/revistaautobus.com.br\/?s={search_term_string}"},"query-input":{"@type":"PropertyValueSpecification","valueRequired":true,"valueName":"search_term_string"}}],"inLanguage":"pt-BR"},{"@type":"Organization","@id":"https:\/\/revistaautobus.com.br\/#organization","name":"Revista AutoBus","url":"https:\/\/revistaautobus.com.br\/","logo":{"@type":"ImageObject","inLanguage":"pt-BR","@id":"https:\/\/revistaautobus.com.br\/#\/schema\/logo\/image\/","url":"https:\/\/revistaautobus.com.br\/wp-content\/uploads\/2024\/11\/logo_revista_autobus_fb.png","contentUrl":"https:\/\/revistaautobus.com.br\/wp-content\/uploads\/2024\/11\/logo_revista_autobus_fb.png","width":836,"height":227,"caption":"Revista AutoBus"},"image":{"@id":"https:\/\/revistaautobus.com.br\/#\/schema\/logo\/image\/"},"sameAs":["https:\/\/www.facebook.com\/antonio.ferro.3150","https:\/\/www.instagram.com\/revistaautobus\/"]},{"@type":"Person","@id":"https:\/\/revistaautobus.com.br\/#\/schema\/person\/54af7c3eb83a310e42ef686ef6d16f50","name":"Antonio Ferro","image":{"@type":"ImageObject","inLanguage":"pt-BR","@id":"https:\/\/revistaautobus.com.br\/wp-content\/uploads\/2025\/12\/editor_antonio_ferro-150x150.jpg","url":"https:\/\/revistaautobus.com.br\/wp-content\/uploads\/2025\/12\/editor_antonio_ferro-150x150.jpg","contentUrl":"https:\/\/revistaautobus.com.br\/wp-content\/uploads\/2025\/12\/editor_antonio_ferro-150x150.jpg","caption":"Antonio Ferro"},"description":"infobus@uol.com.br","url":"https:\/\/revistaautobus.com.br\/?author=2"}]}},"jetpack_featured_media_url":"https:\/\/revistaautobus.com.br\/wp-content\/uploads\/2022\/08\/VmkOr4Xs6YAC8oqDbGxyU5FPHl.jpg","jetpack_sharing_enabled":true,"_links":{"self":[{"href":"https:\/\/revistaautobus.com.br\/index.php?rest_route=\/wp\/v2\/posts\/6919","targetHints":{"allow":["GET"]}}],"collection":[{"href":"https:\/\/revistaautobus.com.br\/index.php?rest_route=\/wp\/v2\/posts"}],"about":[{"href":"https:\/\/revistaautobus.com.br\/index.php?rest_route=\/wp\/v2\/types\/post"}],"author":[{"embeddable":true,"href":"https:\/\/revistaautobus.com.br\/index.php?rest_route=\/wp\/v2\/users\/2"}],"replies":[{"embeddable":true,"href":"https:\/\/revistaautobus.com.br\/index.php?rest_route=%2Fwp%2Fv2%2Fcomments&post=6919"}],"version-history":[{"count":3,"href":"https:\/\/revistaautobus.com.br\/index.php?rest_route=\/wp\/v2\/posts\/6919\/revisions"}],"predecessor-version":[{"id":6925,"href":"https:\/\/revistaautobus.com.br\/index.php?rest_route=\/wp\/v2\/posts\/6919\/revisions\/6925"}],"wp:featuredmedia":[{"embeddable":true,"href":"https:\/\/revistaautobus.com.br\/index.php?rest_route=\/wp\/v2\/media\/6920"}],"wp:attachment":[{"href":"https:\/\/revistaautobus.com.br\/index.php?rest_route=%2Fwp%2Fv2%2Fmedia&parent=6919"}],"wp:term":[{"taxonomy":"category","embeddable":true,"href":"https:\/\/revistaautobus.com.br\/index.php?rest_route=%2Fwp%2Fv2%2Fcategories&post=6919"},{"taxonomy":"post_tag","embeddable":true,"href":"https:\/\/revistaautobus.com.br\/index.php?rest_route=%2Fwp%2Fv2%2Ftags&post=6919"}],"curies":[{"name":"wp","href":"https:\/\/api.w.org\/{rel}","templated":true}]}}