{"id":6963,"date":"2022-08-05T10:11:01","date_gmt":"2022-08-05T13:11:01","guid":{"rendered":"https:\/\/revistaautobus.com.br\/?p=6963"},"modified":"2022-08-09T16:51:13","modified_gmt":"2022-08-09T19:51:13","slug":"do-abc-para-o-brasil","status":"publish","type":"post","link":"https:\/\/revistaautobus.com.br\/?p=6963","title":{"rendered":"Do ABC para o Brasil"},"content":{"rendered":"\n<p>Atuando h\u00e1 52 anos no mercado do transporte de passageiros por fretamento, atendendo importantes clientes de diversos segmentos produtivos, a Transportes Santa Maria Ltda., da cidade paulista de S\u00e3o Bernardo do Campo, se destaca por oferecer servi\u00e7os adequados para cada tipo de demanda voltada ao deslocamento corporativo e, tamb\u00e9m, tur\u00edstico, sempre levando em considera\u00e7\u00e3o o conforto, a seguran\u00e7a e a tranquilidade em suas viagens.<\/p>\n\n\n\n<p>H\u00e1 quase dois anos, a operadora iniciou sua trajet\u00f3ria no transporte de passageiros por linhas regulares, na liga\u00e7\u00e3o entre o ABC (Santo Andr\u00e9, S\u00e3o Bernardo do Campo e S\u00e3o Caetano do Sul) com Belo Horizonte, a capital mineira. Segundo Carlos Nunes, diretor-presidente da empresa, com a abertura do mercado, isso em 2017, houve a movimenta\u00e7\u00e3o para se inserir na opera\u00e7\u00e3o rodovi\u00e1ria, com o in\u00edcio do processo necess\u00e1rio para tal interesse. \u201cQuem mexe com fretamento, sempre sonha em ter uma opera\u00e7\u00e3o em linhas regulares. Em 2016, vimos que seria poss\u00edvel realizar esse sonho com a abertura do mercado. Fomos contemplados em agosto de 2020 e iniciamos os servi\u00e7os em outubro do mesmo ano\u201d, disse.<\/p>\n\n\n\n<p>Atualmente, s\u00e3o dois hor\u00e1rios cumpridos diariamente, um para cada sentido de viagem entre o ABC e a capital mineira. Procurando desempenhar um servi\u00e7o que proporcione conforto e seguran\u00e7a, a Santa Maria est\u00e1 atenta para o que o passageiro quer de comodidade em seus deslocamentos. \u201cDisponibilizamos \u00f4nibus com dois pavimentos de \u00faltima gera\u00e7\u00e3o, com a Gera\u00e7\u00e3o 8 da Marcopolo, configurados com muito conforto por meio das poltronas semi-leito (maior espa\u00e7amento entre elas) e leito-cama, diferentemente o que oferece a concorr\u00eancia. H\u00e1 tamb\u00e9m o espa\u00e7o da mulher, com quatro poltronas exclusivas para elas, uma maneira de atender bem, alcan\u00e7ando sucesso\u201d, ressaltou o diretor. Al\u00e9m disso, h\u00e1 mantas e travesseiros na categoria leito-cama, bem como \u00e1gua, salgadinhos e bolachas para os passageiros.<\/p>\n\n\n\n<figure class=\"wp-block-image alignright size-full is-resized\"><img loading=\"lazy\" decoding=\"async\" src=\"https:\/\/revistaautobus.com.br\/wp-content\/uploads\/2022\/08\/IMG-20220801-WA0050.jpg\" alt=\"\" class=\"wp-image-6965\" width=\"470\" height=\"353\" srcset=\"https:\/\/revistaautobus.com.br\/wp-content\/uploads\/2022\/08\/IMG-20220801-WA0050.jpg 1024w, https:\/\/revistaautobus.com.br\/wp-content\/uploads\/2022\/08\/IMG-20220801-WA0050-300x225.jpg 300w, https:\/\/revistaautobus.com.br\/wp-content\/uploads\/2022\/08\/IMG-20220801-WA0050-768x576.jpg 768w\" sizes=\"(max-width: 470px) 100vw, 470px\" \/><figcaption><strong><em><mark style=\"background-color:rgba(0, 0, 0, 0)\" class=\"has-inline-color has-vivid-red-color\">Muito conforto aos passageiros entre o ABC e Belo Horizonte<\/mark><\/em><\/strong><\/figcaption><\/figure>\n\n\n\n<p>A empresa conta com seis \u00f4nibus Double Decker, sendo tr\u00eas unidades 6&#215;2 (K400) e tr\u00eas unidades 8&#215;2 (K440), ve\u00edculos recebidos h\u00e1 pouco tempo, com carro\u00e7arias Marcopolo Paradiso 1800 DD e chassis Scania. Cliente Marcopolo h\u00e1 um bom tempo, a transportadora tamb\u00e9m optou por chassis Scania em sua \u00faltima renova\u00e7\u00e3o da frota. \u201cTivemos uma impress\u00e3o positiva em termos de economia de combust\u00edvel com os novos chassis em rela\u00e7\u00e3o aos outros ve\u00edculos de nossa frota\u201d, explicou Nunes.<\/p>\n\n\n\n<p>E quanto ao futuro, qual a expectativa? Para o diretor da Santa Maria, os desafios s\u00e3o muitos no mercado, a come\u00e7ar pela amplia\u00e7\u00e3o de novas rotas a serem operadas para outras cidades, como tamb\u00e9m por superar os custos, cada vez mais crescentes, em seu cotidiano. \u201cAguardamos a libera\u00e7\u00e3o de novas linhas para podermos atender novas cidades. Outra quest\u00e3o que nos preocupa est\u00e1 relacionada aos custos operacionais (\u00f3leo diesel, m\u00e3o-de-obra, insumos) que est\u00e3o aumentando significativamente. Trabalhamos com vidas e isso exige investimentos em tecnologia embarcada por meio de ve\u00edculos cada vez mais modernos\u201d, observou.<\/p>\n\n\n\n<p>100% da frota de \u00f4nibus (35 unidades) da Santa Maria tem transmiss\u00e3o automatizada em fun\u00e7\u00e3o de proporcionar uma condu\u00e7\u00e3o mais eficiente, principalmente nas trocas de marchas. \u201cCom isso conseguimos a redu\u00e7\u00e3o no desgaste do c\u00e2mbio e economia em termos de lonas de freio, pois nossos ve\u00edculos contam com retarder incorporado na transmiss\u00e3o. Todos os nossos motoristas passam por treinamento para utilizarem corretamente a transmiss\u00e3o\u201d, afirmou Nunes.<\/p>\n\n\n\n<p>Completam a frota da empresa 60 vans e 20 micro-\u00f4nibus. A marca Marcopolo est\u00e1 presente em 100% das carro\u00e7arias dos \u00f4nibus e micro-\u00f4nibus. Em rela\u00e7\u00e3o aos chassis, 75% s\u00e3o da marca Scania e 25% Mercedes-Benz.<\/p>\n\n\n\n<p>Imagens &#8211; Divulga\u00e7\u00e3o<\/p>\n","protected":false},"excerpt":{"rendered":"<p>Operadora dos servi\u00e7os de fretamento aposta nas opera\u00e7\u00f5es em linhas regulares<\/p>\n","protected":false},"author":2,"featured_media":6964,"comment_status":"open","ping_status":"open","sticky":false,"template":"","format":"standard","meta":{"_et_pb_use_builder":"off","_et_pb_old_content":"","_et_gb_content_width":"","_jetpack_memberships_contains_paid_content":false,"footnotes":""},"categories":[90],"tags":[84,100,335],"class_list":["post-6963","post","type-post","status-publish","format-standard","has-post-thumbnail","hentry","category-noticias","tag-marcopolo","tag-scania","tag-transportes-santa-maria","et-has-post-format-content","et_post_format-et-post-format-standard"],"yoast_head":"<!-- This site is optimized with the Yoast SEO plugin v27.2 - https:\/\/yoast.com\/product\/yoast-seo-wordpress\/ -->\n<title>Do ABC para o Brasil - Revista AutoBus<\/title>\n<meta name=\"robots\" content=\"index, follow, max-snippet:-1, max-image-preview:large, max-video-preview:-1\" \/>\n<link rel=\"canonical\" href=\"https:\/\/revistaautobus.com.br\/?p=6963\" \/>\n<meta property=\"og:locale\" content=\"pt_BR\" \/>\n<meta property=\"og:type\" content=\"article\" \/>\n<meta property=\"og:title\" content=\"Do ABC para o Brasil - Revista AutoBus\" \/>\n<meta property=\"og:description\" content=\"Operadora dos servi\u00e7os de fretamento aposta nas opera\u00e7\u00f5es em linhas regulares\" \/>\n<meta property=\"og:url\" content=\"https:\/\/revistaautobus.com.br\/?p=6963\" \/>\n<meta property=\"og:site_name\" content=\"Revista AutoBus\" \/>\n<meta property=\"article:publisher\" content=\"https:\/\/www.facebook.com\/antonio.ferro.3150\" \/>\n<meta property=\"article:published_time\" content=\"2022-08-05T13:11:01+00:00\" \/>\n<meta property=\"article:modified_time\" content=\"2022-08-09T19:51:13+00:00\" \/>\n<meta property=\"og:image\" content=\"https:\/\/revistaautobus.com.br\/wp-content\/uploads\/2022\/08\/IMG-20220728-WA0066.jpg\" \/>\n\t<meta property=\"og:image:width\" content=\"1599\" \/>\n\t<meta property=\"og:image:height\" content=\"777\" \/>\n\t<meta property=\"og:image:type\" content=\"image\/jpeg\" \/>\n<meta name=\"author\" content=\"Antonio Ferro\" \/>\n<meta name=\"twitter:card\" content=\"summary_large_image\" \/>\n<meta name=\"twitter:label1\" content=\"Escrito por\" \/>\n\t<meta name=\"twitter:data1\" content=\"Antonio Ferro\" \/>\n\t<meta name=\"twitter:label2\" content=\"Est. tempo de leitura\" \/>\n\t<meta name=\"twitter:data2\" content=\"3 minutos\" \/>\n<script type=\"application\/ld+json\" class=\"yoast-schema-graph\">{\"@context\":\"https:\/\/schema.org\",\"@graph\":[{\"@type\":\"Article\",\"@id\":\"https:\/\/revistaautobus.com.br\/?p=6963#article\",\"isPartOf\":{\"@id\":\"https:\/\/revistaautobus.com.br\/?p=6963\"},\"author\":{\"name\":\"Antonio Ferro\",\"@id\":\"https:\/\/revistaautobus.com.br\/#\/schema\/person\/54af7c3eb83a310e42ef686ef6d16f50\"},\"headline\":\"Do ABC para o Brasil\",\"datePublished\":\"2022-08-05T13:11:01+00:00\",\"dateModified\":\"2022-08-09T19:51:13+00:00\",\"mainEntityOfPage\":{\"@id\":\"https:\/\/revistaautobus.com.br\/?p=6963\"},\"wordCount\":633,\"commentCount\":0,\"publisher\":{\"@id\":\"https:\/\/revistaautobus.com.br\/#organization\"},\"image\":{\"@id\":\"https:\/\/revistaautobus.com.br\/?p=6963#primaryimage\"},\"thumbnailUrl\":\"https:\/\/revistaautobus.com.br\/wp-content\/uploads\/2022\/08\/IMG-20220728-WA0066.jpg\",\"keywords\":[\"Marcopolo\",\"Scania\",\"Transportes Santa Maria\"],\"articleSection\":[\"Not\u00edcias\"],\"inLanguage\":\"pt-BR\",\"potentialAction\":[{\"@type\":\"CommentAction\",\"name\":\"Comment\",\"target\":[\"https:\/\/revistaautobus.com.br\/?p=6963#respond\"]}]},{\"@type\":\"WebPage\",\"@id\":\"https:\/\/revistaautobus.com.br\/?p=6963\",\"url\":\"https:\/\/revistaautobus.com.br\/?p=6963\",\"name\":\"Do ABC para o Brasil - Revista AutoBus\",\"isPartOf\":{\"@id\":\"https:\/\/revistaautobus.com.br\/#website\"},\"primaryImageOfPage\":{\"@id\":\"https:\/\/revistaautobus.com.br\/?p=6963#primaryimage\"},\"image\":{\"@id\":\"https:\/\/revistaautobus.com.br\/?p=6963#primaryimage\"},\"thumbnailUrl\":\"https:\/\/revistaautobus.com.br\/wp-content\/uploads\/2022\/08\/IMG-20220728-WA0066.jpg\",\"datePublished\":\"2022-08-05T13:11:01+00:00\",\"dateModified\":\"2022-08-09T19:51:13+00:00\",\"breadcrumb\":{\"@id\":\"https:\/\/revistaautobus.com.br\/?p=6963#breadcrumb\"},\"inLanguage\":\"pt-BR\",\"potentialAction\":[{\"@type\":\"ReadAction\",\"target\":[\"https:\/\/revistaautobus.com.br\/?p=6963\"]}]},{\"@type\":\"ImageObject\",\"inLanguage\":\"pt-BR\",\"@id\":\"https:\/\/revistaautobus.com.br\/?p=6963#primaryimage\",\"url\":\"https:\/\/revistaautobus.com.br\/wp-content\/uploads\/2022\/08\/IMG-20220728-WA0066.jpg\",\"contentUrl\":\"https:\/\/revistaautobus.com.br\/wp-content\/uploads\/2022\/08\/IMG-20220728-WA0066.jpg\",\"width\":1599,\"height\":777},{\"@type\":\"BreadcrumbList\",\"@id\":\"https:\/\/revistaautobus.com.br\/?p=6963#breadcrumb\",\"itemListElement\":[{\"@type\":\"ListItem\",\"position\":1,\"name\":\"In\u00edcio\",\"item\":\"https:\/\/revistaautobus.com.br\/\"},{\"@type\":\"ListItem\",\"position\":2,\"name\":\"Do ABC para o Brasil\"}]},{\"@type\":\"WebSite\",\"@id\":\"https:\/\/revistaautobus.com.br\/#website\",\"url\":\"https:\/\/revistaautobus.com.br\/\",\"name\":\"Revista AutoBus\",\"description\":\"\",\"publisher\":{\"@id\":\"https:\/\/revistaautobus.com.br\/#organization\"},\"potentialAction\":[{\"@type\":\"SearchAction\",\"target\":{\"@type\":\"EntryPoint\",\"urlTemplate\":\"https:\/\/revistaautobus.com.br\/?s={search_term_string}\"},\"query-input\":{\"@type\":\"PropertyValueSpecification\",\"valueRequired\":true,\"valueName\":\"search_term_string\"}}],\"inLanguage\":\"pt-BR\"},{\"@type\":\"Organization\",\"@id\":\"https:\/\/revistaautobus.com.br\/#organization\",\"name\":\"Revista AutoBus\",\"url\":\"https:\/\/revistaautobus.com.br\/\",\"logo\":{\"@type\":\"ImageObject\",\"inLanguage\":\"pt-BR\",\"@id\":\"https:\/\/revistaautobus.com.br\/#\/schema\/logo\/image\/\",\"url\":\"https:\/\/revistaautobus.com.br\/wp-content\/uploads\/2024\/11\/logo_revista_autobus_fb.png\",\"contentUrl\":\"https:\/\/revistaautobus.com.br\/wp-content\/uploads\/2024\/11\/logo_revista_autobus_fb.png\",\"width\":836,\"height\":227,\"caption\":\"Revista AutoBus\"},\"image\":{\"@id\":\"https:\/\/revistaautobus.com.br\/#\/schema\/logo\/image\/\"},\"sameAs\":[\"https:\/\/www.facebook.com\/antonio.ferro.3150\",\"https:\/\/www.instagram.com\/revistaautobus\/\"]},{\"@type\":\"Person\",\"@id\":\"https:\/\/revistaautobus.com.br\/#\/schema\/person\/54af7c3eb83a310e42ef686ef6d16f50\",\"name\":\"Antonio Ferro\",\"image\":{\"@type\":\"ImageObject\",\"inLanguage\":\"pt-BR\",\"@id\":\"https:\/\/revistaautobus.com.br\/wp-content\/uploads\/2025\/12\/editor_antonio_ferro-150x150.jpg\",\"url\":\"https:\/\/revistaautobus.com.br\/wp-content\/uploads\/2025\/12\/editor_antonio_ferro-150x150.jpg\",\"contentUrl\":\"https:\/\/revistaautobus.com.br\/wp-content\/uploads\/2025\/12\/editor_antonio_ferro-150x150.jpg\",\"caption\":\"Antonio Ferro\"},\"description\":\"infobus@uol.com.br\",\"url\":\"https:\/\/revistaautobus.com.br\/?author=2\"}]}<\/script>\n<!-- \/ Yoast SEO plugin. -->","yoast_head_json":{"title":"Do ABC para o Brasil - Revista AutoBus","robots":{"index":"index","follow":"follow","max-snippet":"max-snippet:-1","max-image-preview":"max-image-preview:large","max-video-preview":"max-video-preview:-1"},"canonical":"https:\/\/revistaautobus.com.br\/?p=6963","og_locale":"pt_BR","og_type":"article","og_title":"Do ABC para o Brasil - Revista AutoBus","og_description":"Operadora dos servi\u00e7os de fretamento aposta nas opera\u00e7\u00f5es em linhas regulares","og_url":"https:\/\/revistaautobus.com.br\/?p=6963","og_site_name":"Revista AutoBus","article_publisher":"https:\/\/www.facebook.com\/antonio.ferro.3150","article_published_time":"2022-08-05T13:11:01+00:00","article_modified_time":"2022-08-09T19:51:13+00:00","og_image":[{"width":1599,"height":777,"url":"https:\/\/revistaautobus.com.br\/wp-content\/uploads\/2022\/08\/IMG-20220728-WA0066.jpg","type":"image\/jpeg"}],"author":"Antonio Ferro","twitter_card":"summary_large_image","twitter_misc":{"Escrito por":"Antonio Ferro","Est. tempo de leitura":"3 minutos"},"schema":{"@context":"https:\/\/schema.org","@graph":[{"@type":"Article","@id":"https:\/\/revistaautobus.com.br\/?p=6963#article","isPartOf":{"@id":"https:\/\/revistaautobus.com.br\/?p=6963"},"author":{"name":"Antonio Ferro","@id":"https:\/\/revistaautobus.com.br\/#\/schema\/person\/54af7c3eb83a310e42ef686ef6d16f50"},"headline":"Do ABC para o Brasil","datePublished":"2022-08-05T13:11:01+00:00","dateModified":"2022-08-09T19:51:13+00:00","mainEntityOfPage":{"@id":"https:\/\/revistaautobus.com.br\/?p=6963"},"wordCount":633,"commentCount":0,"publisher":{"@id":"https:\/\/revistaautobus.com.br\/#organization"},"image":{"@id":"https:\/\/revistaautobus.com.br\/?p=6963#primaryimage"},"thumbnailUrl":"https:\/\/revistaautobus.com.br\/wp-content\/uploads\/2022\/08\/IMG-20220728-WA0066.jpg","keywords":["Marcopolo","Scania","Transportes Santa Maria"],"articleSection":["Not\u00edcias"],"inLanguage":"pt-BR","potentialAction":[{"@type":"CommentAction","name":"Comment","target":["https:\/\/revistaautobus.com.br\/?p=6963#respond"]}]},{"@type":"WebPage","@id":"https:\/\/revistaautobus.com.br\/?p=6963","url":"https:\/\/revistaautobus.com.br\/?p=6963","name":"Do ABC para o Brasil - Revista AutoBus","isPartOf":{"@id":"https:\/\/revistaautobus.com.br\/#website"},"primaryImageOfPage":{"@id":"https:\/\/revistaautobus.com.br\/?p=6963#primaryimage"},"image":{"@id":"https:\/\/revistaautobus.com.br\/?p=6963#primaryimage"},"thumbnailUrl":"https:\/\/revistaautobus.com.br\/wp-content\/uploads\/2022\/08\/IMG-20220728-WA0066.jpg","datePublished":"2022-08-05T13:11:01+00:00","dateModified":"2022-08-09T19:51:13+00:00","breadcrumb":{"@id":"https:\/\/revistaautobus.com.br\/?p=6963#breadcrumb"},"inLanguage":"pt-BR","potentialAction":[{"@type":"ReadAction","target":["https:\/\/revistaautobus.com.br\/?p=6963"]}]},{"@type":"ImageObject","inLanguage":"pt-BR","@id":"https:\/\/revistaautobus.com.br\/?p=6963#primaryimage","url":"https:\/\/revistaautobus.com.br\/wp-content\/uploads\/2022\/08\/IMG-20220728-WA0066.jpg","contentUrl":"https:\/\/revistaautobus.com.br\/wp-content\/uploads\/2022\/08\/IMG-20220728-WA0066.jpg","width":1599,"height":777},{"@type":"BreadcrumbList","@id":"https:\/\/revistaautobus.com.br\/?p=6963#breadcrumb","itemListElement":[{"@type":"ListItem","position":1,"name":"In\u00edcio","item":"https:\/\/revistaautobus.com.br\/"},{"@type":"ListItem","position":2,"name":"Do ABC para o Brasil"}]},{"@type":"WebSite","@id":"https:\/\/revistaautobus.com.br\/#website","url":"https:\/\/revistaautobus.com.br\/","name":"Revista AutoBus","description":"","publisher":{"@id":"https:\/\/revistaautobus.com.br\/#organization"},"potentialAction":[{"@type":"SearchAction","target":{"@type":"EntryPoint","urlTemplate":"https:\/\/revistaautobus.com.br\/?s={search_term_string}"},"query-input":{"@type":"PropertyValueSpecification","valueRequired":true,"valueName":"search_term_string"}}],"inLanguage":"pt-BR"},{"@type":"Organization","@id":"https:\/\/revistaautobus.com.br\/#organization","name":"Revista AutoBus","url":"https:\/\/revistaautobus.com.br\/","logo":{"@type":"ImageObject","inLanguage":"pt-BR","@id":"https:\/\/revistaautobus.com.br\/#\/schema\/logo\/image\/","url":"https:\/\/revistaautobus.com.br\/wp-content\/uploads\/2024\/11\/logo_revista_autobus_fb.png","contentUrl":"https:\/\/revistaautobus.com.br\/wp-content\/uploads\/2024\/11\/logo_revista_autobus_fb.png","width":836,"height":227,"caption":"Revista AutoBus"},"image":{"@id":"https:\/\/revistaautobus.com.br\/#\/schema\/logo\/image\/"},"sameAs":["https:\/\/www.facebook.com\/antonio.ferro.3150","https:\/\/www.instagram.com\/revistaautobus\/"]},{"@type":"Person","@id":"https:\/\/revistaautobus.com.br\/#\/schema\/person\/54af7c3eb83a310e42ef686ef6d16f50","name":"Antonio Ferro","image":{"@type":"ImageObject","inLanguage":"pt-BR","@id":"https:\/\/revistaautobus.com.br\/wp-content\/uploads\/2025\/12\/editor_antonio_ferro-150x150.jpg","url":"https:\/\/revistaautobus.com.br\/wp-content\/uploads\/2025\/12\/editor_antonio_ferro-150x150.jpg","contentUrl":"https:\/\/revistaautobus.com.br\/wp-content\/uploads\/2025\/12\/editor_antonio_ferro-150x150.jpg","caption":"Antonio Ferro"},"description":"infobus@uol.com.br","url":"https:\/\/revistaautobus.com.br\/?author=2"}]}},"jetpack_featured_media_url":"https:\/\/revistaautobus.com.br\/wp-content\/uploads\/2022\/08\/IMG-20220728-WA0066.jpg","jetpack_sharing_enabled":true,"_links":{"self":[{"href":"https:\/\/revistaautobus.com.br\/index.php?rest_route=\/wp\/v2\/posts\/6963","targetHints":{"allow":["GET"]}}],"collection":[{"href":"https:\/\/revistaautobus.com.br\/index.php?rest_route=\/wp\/v2\/posts"}],"about":[{"href":"https:\/\/revistaautobus.com.br\/index.php?rest_route=\/wp\/v2\/types\/post"}],"author":[{"embeddable":true,"href":"https:\/\/revistaautobus.com.br\/index.php?rest_route=\/wp\/v2\/users\/2"}],"replies":[{"embeddable":true,"href":"https:\/\/revistaautobus.com.br\/index.php?rest_route=%2Fwp%2Fv2%2Fcomments&post=6963"}],"version-history":[{"count":2,"href":"https:\/\/revistaautobus.com.br\/index.php?rest_route=\/wp\/v2\/posts\/6963\/revisions"}],"predecessor-version":[{"id":6993,"href":"https:\/\/revistaautobus.com.br\/index.php?rest_route=\/wp\/v2\/posts\/6963\/revisions\/6993"}],"wp:featuredmedia":[{"embeddable":true,"href":"https:\/\/revistaautobus.com.br\/index.php?rest_route=\/wp\/v2\/media\/6964"}],"wp:attachment":[{"href":"https:\/\/revistaautobus.com.br\/index.php?rest_route=%2Fwp%2Fv2%2Fmedia&parent=6963"}],"wp:term":[{"taxonomy":"category","embeddable":true,"href":"https:\/\/revistaautobus.com.br\/index.php?rest_route=%2Fwp%2Fv2%2Fcategories&post=6963"},{"taxonomy":"post_tag","embeddable":true,"href":"https:\/\/revistaautobus.com.br\/index.php?rest_route=%2Fwp%2Fv2%2Ftags&post=6963"}],"curies":[{"name":"wp","href":"https:\/\/api.w.org\/{rel}","templated":true}]}}