{"id":707,"date":"2021-06-15T13:10:46","date_gmt":"2021-06-15T16:10:46","guid":{"rendered":"https:\/\/vila8.com.br\/clientes\/autobus\/?p=707"},"modified":"2021-06-15T13:17:40","modified_gmt":"2021-06-15T16:17:40","slug":"potencial-destacado-na-mobilidade","status":"publish","type":"post","link":"https:\/\/revistaautobus.com.br\/?p=707","title":{"rendered":"Potencial destacado na mobilidade"},"content":{"rendered":"\n<p class=\"has-drop-cap\">Os servi\u00e7os de transporte coletivo na modalidade do fretamento t\u00eam grande import\u00e2ncia para o futuro da mobilidade. Nesse contexto, a <a>Federa\u00e7\u00e3o das Empresas de Transportes de Passageiros por Fretamento do Estado de S\u00e3o Paulo <\/a>(FRESP) lan\u00e7ou, recentemente, a Campanha #SomosFretamento, com o objetivo de promover a valoriza\u00e7\u00e3o do servi\u00e7o de fretamento. De acordo com a entidade, ao longo dos pr\u00f3ximos meses, diversos conceitos ser\u00e3o trabalhados dentro do tema, incluindo assuntos relativos ao papel do segmento no desenvolvimento do Brasil e \u00e0 import\u00e2ncia do transporte rodovi\u00e1rio para a retomada do turismo.<\/p>\n\n\n\n<p>Outro detalhe observado \u00e9 a seguran\u00e7a no transporte por fretamento, servi\u00e7o regularizado e que cumpre a legisla\u00e7\u00e3o vigente em sua totalidade, ser\u00e1 outro pilar trabalhado ao longo da campanha. Os cuidados do setor, em prol da manuten\u00e7\u00e3o da sa\u00fade neste momento de pandemia de Covid-19 tamb\u00e9m estar\u00e3o em pauta. \u201cMais um ponto relevante \u00e9 levar ao contratante em potencial todos os benef\u00edcios que o fretamento oferece a quem \u00e9 transportado, a quem contrata e \u00e0 sociedade como um todo. Acrescido a isso, a grande e fundamental contribui\u00e7\u00e3o para a mobilidade urbana, o meio ambiente e a qualidade de vida dos passageiros. Nosso foco \u00e9 conversar diretamente com estes nichos, ressaltando caracter\u00edsticas do nosso setor que talvez eles desconhe\u00e7am, mas que contribuem de diversas formas para o desenvolvimento econ\u00f4mico, a sociedade, o meio ambiente e o bem-estar de milhares de trabalhadores\u201d, ressaltou a diretora executiva da FRESP, Regina Rocha.<\/p>\n\n\n\n<p>A FRESP foi constitu\u00edda h\u00e1 25 anos com o objetivo de agrupar, representar, coordenar, proteger e estimular o aprimoramento das atividades de transporte de passageiros por fretamento e \u00e9 composta por sete sindicatos: SETFRET, SINFRECAR, SINFREPASS, SINFRESAN, SINFRET, SINFREVALLE e TRANSFRETUR espalhados pelo Estado de S\u00e3o Paulo. Os sindicatos juntos congregam mais de 300 empresas de transporte profissional de pessoas por fretamento.<\/p>\n\n\n\n<p>Conhecimento te\u00f3rico e pr\u00e1tico, al\u00e9m do refor\u00e7o \u00e0s informa\u00e7\u00f5es sobre a variedade de ve\u00edculos, tecnologia, segmentos atendidos, entre outros, s\u00e3o assuntos enfatizados pela federa\u00e7\u00e3o. \u201cTodos esses pilares ser\u00e3o trabalhados em sinergia, refor\u00e7ando os benef\u00edcios que o transporte por fretamento oferece\u201d, concluiu Regina Rocha.<\/p>\n","protected":false},"excerpt":{"rendered":"<p>Os servi\u00e7os de transporte coletivo na modalidade do fretamento t\u00eam grande import\u00e2ncia para o futuro da mobilidade. Nesse contexto, a Federa\u00e7\u00e3o das Empresas de Transportes de Passageiros por Fretamento do Estado de S\u00e3o Paulo (FRESP) lan\u00e7ou, recentemente, a Campanha #SomosFretamento, com o objetivo de promover a valoriza\u00e7\u00e3o do servi\u00e7o de fretamento. De acordo com a [&hellip;]<\/p>\n","protected":false},"author":2,"featured_media":708,"comment_status":"open","ping_status":"open","sticky":false,"template":"","format":"standard","meta":{"_et_pb_use_builder":"off","_et_pb_old_content":"","_et_gb_content_width":"","_jetpack_memberships_contains_paid_content":false,"footnotes":""},"categories":[7],"tags":[61,60],"class_list":["post-707","post","type-post","status-publish","format-standard","has-post-thumbnail","hentry","category-mobilidade-urbana","tag-fresp","tag-fretamento","et-has-post-format-content","et_post_format-et-post-format-standard"],"yoast_head":"<!-- This site is optimized with the Yoast SEO plugin v27.2 - https:\/\/yoast.com\/product\/yoast-seo-wordpress\/ -->\n<title>Potencial destacado na mobilidade - Revista AutoBus<\/title>\n<meta name=\"robots\" content=\"index, follow, max-snippet:-1, max-image-preview:large, max-video-preview:-1\" \/>\n<link rel=\"canonical\" href=\"https:\/\/revistaautobus.com.br\/?p=707\" \/>\n<meta property=\"og:locale\" content=\"pt_BR\" \/>\n<meta property=\"og:type\" content=\"article\" \/>\n<meta property=\"og:title\" content=\"Potencial destacado na mobilidade - Revista AutoBus\" \/>\n<meta property=\"og:description\" content=\"Os servi\u00e7os de transporte coletivo na modalidade do fretamento t\u00eam grande import\u00e2ncia para o futuro da mobilidade. Nesse contexto, a Federa\u00e7\u00e3o das Empresas de Transportes de Passageiros por Fretamento do Estado de S\u00e3o Paulo (FRESP) lan\u00e7ou, recentemente, a Campanha #SomosFretamento, com o objetivo de promover a valoriza\u00e7\u00e3o do servi\u00e7o de fretamento. De acordo com a [&hellip;]\" \/>\n<meta property=\"og:url\" content=\"https:\/\/revistaautobus.com.br\/?p=707\" \/>\n<meta property=\"og:site_name\" content=\"Revista AutoBus\" \/>\n<meta property=\"article:publisher\" content=\"https:\/\/www.facebook.com\/antonio.ferro.3150\" \/>\n<meta property=\"article:published_time\" content=\"2021-06-15T16:10:46+00:00\" \/>\n<meta property=\"article:modified_time\" content=\"2021-06-15T16:17:40+00:00\" \/>\n<meta property=\"og:image\" content=\"https:\/\/revistaautobus.com.br\/wp-content\/uploads\/2021\/06\/banner-capasite-750x456px.jpg\" \/>\n\t<meta property=\"og:image:width\" content=\"750\" \/>\n\t<meta property=\"og:image:height\" content=\"456\" \/>\n\t<meta property=\"og:image:type\" content=\"image\/jpeg\" \/>\n<meta name=\"author\" content=\"Antonio Ferro\" \/>\n<meta name=\"twitter:card\" content=\"summary_large_image\" \/>\n<meta name=\"twitter:label1\" content=\"Escrito por\" \/>\n\t<meta name=\"twitter:data1\" content=\"Antonio Ferro\" \/>\n\t<meta name=\"twitter:label2\" content=\"Est. tempo de leitura\" \/>\n\t<meta name=\"twitter:data2\" content=\"2 minutos\" \/>\n<script type=\"application\/ld+json\" class=\"yoast-schema-graph\">{\"@context\":\"https:\/\/schema.org\",\"@graph\":[{\"@type\":\"Article\",\"@id\":\"https:\/\/revistaautobus.com.br\/?p=707#article\",\"isPartOf\":{\"@id\":\"https:\/\/revistaautobus.com.br\/?p=707\"},\"author\":{\"name\":\"Antonio Ferro\",\"@id\":\"https:\/\/revistaautobus.com.br\/#\/schema\/person\/54af7c3eb83a310e42ef686ef6d16f50\"},\"headline\":\"Potencial destacado na mobilidade\",\"datePublished\":\"2021-06-15T16:10:46+00:00\",\"dateModified\":\"2021-06-15T16:17:40+00:00\",\"mainEntityOfPage\":{\"@id\":\"https:\/\/revistaautobus.com.br\/?p=707\"},\"wordCount\":375,\"commentCount\":0,\"publisher\":{\"@id\":\"https:\/\/revistaautobus.com.br\/#organization\"},\"image\":{\"@id\":\"https:\/\/revistaautobus.com.br\/?p=707#primaryimage\"},\"thumbnailUrl\":\"https:\/\/revistaautobus.com.br\/wp-content\/uploads\/2021\/06\/banner-capasite-750x456px.jpg\",\"keywords\":[\"FRESP\",\"Fretamento\"],\"articleSection\":[\"Mobilidade Urbana\"],\"inLanguage\":\"pt-BR\",\"potentialAction\":[{\"@type\":\"CommentAction\",\"name\":\"Comment\",\"target\":[\"https:\/\/revistaautobus.com.br\/?p=707#respond\"]}]},{\"@type\":\"WebPage\",\"@id\":\"https:\/\/revistaautobus.com.br\/?p=707\",\"url\":\"https:\/\/revistaautobus.com.br\/?p=707\",\"name\":\"Potencial destacado na mobilidade - Revista AutoBus\",\"isPartOf\":{\"@id\":\"https:\/\/revistaautobus.com.br\/#website\"},\"primaryImageOfPage\":{\"@id\":\"https:\/\/revistaautobus.com.br\/?p=707#primaryimage\"},\"image\":{\"@id\":\"https:\/\/revistaautobus.com.br\/?p=707#primaryimage\"},\"thumbnailUrl\":\"https:\/\/revistaautobus.com.br\/wp-content\/uploads\/2021\/06\/banner-capasite-750x456px.jpg\",\"datePublished\":\"2021-06-15T16:10:46+00:00\",\"dateModified\":\"2021-06-15T16:17:40+00:00\",\"breadcrumb\":{\"@id\":\"https:\/\/revistaautobus.com.br\/?p=707#breadcrumb\"},\"inLanguage\":\"pt-BR\",\"potentialAction\":[{\"@type\":\"ReadAction\",\"target\":[\"https:\/\/revistaautobus.com.br\/?p=707\"]}]},{\"@type\":\"ImageObject\",\"inLanguage\":\"pt-BR\",\"@id\":\"https:\/\/revistaautobus.com.br\/?p=707#primaryimage\",\"url\":\"https:\/\/revistaautobus.com.br\/wp-content\/uploads\/2021\/06\/banner-capasite-750x456px.jpg\",\"contentUrl\":\"https:\/\/revistaautobus.com.br\/wp-content\/uploads\/2021\/06\/banner-capasite-750x456px.jpg\",\"width\":750,\"height\":456},{\"@type\":\"BreadcrumbList\",\"@id\":\"https:\/\/revistaautobus.com.br\/?p=707#breadcrumb\",\"itemListElement\":[{\"@type\":\"ListItem\",\"position\":1,\"name\":\"In\u00edcio\",\"item\":\"https:\/\/revistaautobus.com.br\/\"},{\"@type\":\"ListItem\",\"position\":2,\"name\":\"Potencial destacado na mobilidade\"}]},{\"@type\":\"WebSite\",\"@id\":\"https:\/\/revistaautobus.com.br\/#website\",\"url\":\"https:\/\/revistaautobus.com.br\/\",\"name\":\"Revista AutoBus\",\"description\":\"\",\"publisher\":{\"@id\":\"https:\/\/revistaautobus.com.br\/#organization\"},\"potentialAction\":[{\"@type\":\"SearchAction\",\"target\":{\"@type\":\"EntryPoint\",\"urlTemplate\":\"https:\/\/revistaautobus.com.br\/?s={search_term_string}\"},\"query-input\":{\"@type\":\"PropertyValueSpecification\",\"valueRequired\":true,\"valueName\":\"search_term_string\"}}],\"inLanguage\":\"pt-BR\"},{\"@type\":\"Organization\",\"@id\":\"https:\/\/revistaautobus.com.br\/#organization\",\"name\":\"Revista AutoBus\",\"url\":\"https:\/\/revistaautobus.com.br\/\",\"logo\":{\"@type\":\"ImageObject\",\"inLanguage\":\"pt-BR\",\"@id\":\"https:\/\/revistaautobus.com.br\/#\/schema\/logo\/image\/\",\"url\":\"https:\/\/revistaautobus.com.br\/wp-content\/uploads\/2024\/11\/logo_revista_autobus_fb.png\",\"contentUrl\":\"https:\/\/revistaautobus.com.br\/wp-content\/uploads\/2024\/11\/logo_revista_autobus_fb.png\",\"width\":836,\"height\":227,\"caption\":\"Revista AutoBus\"},\"image\":{\"@id\":\"https:\/\/revistaautobus.com.br\/#\/schema\/logo\/image\/\"},\"sameAs\":[\"https:\/\/www.facebook.com\/antonio.ferro.3150\",\"https:\/\/www.instagram.com\/revistaautobus\/\"]},{\"@type\":\"Person\",\"@id\":\"https:\/\/revistaautobus.com.br\/#\/schema\/person\/54af7c3eb83a310e42ef686ef6d16f50\",\"name\":\"Antonio Ferro\",\"image\":{\"@type\":\"ImageObject\",\"inLanguage\":\"pt-BR\",\"@id\":\"https:\/\/revistaautobus.com.br\/wp-content\/uploads\/2025\/12\/editor_antonio_ferro-150x150.jpg\",\"url\":\"https:\/\/revistaautobus.com.br\/wp-content\/uploads\/2025\/12\/editor_antonio_ferro-150x150.jpg\",\"contentUrl\":\"https:\/\/revistaautobus.com.br\/wp-content\/uploads\/2025\/12\/editor_antonio_ferro-150x150.jpg\",\"caption\":\"Antonio Ferro\"},\"description\":\"infobus@uol.com.br\",\"url\":\"https:\/\/revistaautobus.com.br\/?author=2\"}]}<\/script>\n<!-- \/ Yoast SEO plugin. -->","yoast_head_json":{"title":"Potencial destacado na mobilidade - Revista AutoBus","robots":{"index":"index","follow":"follow","max-snippet":"max-snippet:-1","max-image-preview":"max-image-preview:large","max-video-preview":"max-video-preview:-1"},"canonical":"https:\/\/revistaautobus.com.br\/?p=707","og_locale":"pt_BR","og_type":"article","og_title":"Potencial destacado na mobilidade - Revista AutoBus","og_description":"Os servi\u00e7os de transporte coletivo na modalidade do fretamento t\u00eam grande import\u00e2ncia para o futuro da mobilidade. Nesse contexto, a Federa\u00e7\u00e3o das Empresas de Transportes de Passageiros por Fretamento do Estado de S\u00e3o Paulo (FRESP) lan\u00e7ou, recentemente, a Campanha #SomosFretamento, com o objetivo de promover a valoriza\u00e7\u00e3o do servi\u00e7o de fretamento. De acordo com a [&hellip;]","og_url":"https:\/\/revistaautobus.com.br\/?p=707","og_site_name":"Revista AutoBus","article_publisher":"https:\/\/www.facebook.com\/antonio.ferro.3150","article_published_time":"2021-06-15T16:10:46+00:00","article_modified_time":"2021-06-15T16:17:40+00:00","og_image":[{"width":750,"height":456,"url":"https:\/\/revistaautobus.com.br\/wp-content\/uploads\/2021\/06\/banner-capasite-750x456px.jpg","type":"image\/jpeg"}],"author":"Antonio Ferro","twitter_card":"summary_large_image","twitter_misc":{"Escrito por":"Antonio Ferro","Est. tempo de leitura":"2 minutos"},"schema":{"@context":"https:\/\/schema.org","@graph":[{"@type":"Article","@id":"https:\/\/revistaautobus.com.br\/?p=707#article","isPartOf":{"@id":"https:\/\/revistaautobus.com.br\/?p=707"},"author":{"name":"Antonio Ferro","@id":"https:\/\/revistaautobus.com.br\/#\/schema\/person\/54af7c3eb83a310e42ef686ef6d16f50"},"headline":"Potencial destacado na mobilidade","datePublished":"2021-06-15T16:10:46+00:00","dateModified":"2021-06-15T16:17:40+00:00","mainEntityOfPage":{"@id":"https:\/\/revistaautobus.com.br\/?p=707"},"wordCount":375,"commentCount":0,"publisher":{"@id":"https:\/\/revistaautobus.com.br\/#organization"},"image":{"@id":"https:\/\/revistaautobus.com.br\/?p=707#primaryimage"},"thumbnailUrl":"https:\/\/revistaautobus.com.br\/wp-content\/uploads\/2021\/06\/banner-capasite-750x456px.jpg","keywords":["FRESP","Fretamento"],"articleSection":["Mobilidade Urbana"],"inLanguage":"pt-BR","potentialAction":[{"@type":"CommentAction","name":"Comment","target":["https:\/\/revistaautobus.com.br\/?p=707#respond"]}]},{"@type":"WebPage","@id":"https:\/\/revistaautobus.com.br\/?p=707","url":"https:\/\/revistaautobus.com.br\/?p=707","name":"Potencial destacado na mobilidade - Revista AutoBus","isPartOf":{"@id":"https:\/\/revistaautobus.com.br\/#website"},"primaryImageOfPage":{"@id":"https:\/\/revistaautobus.com.br\/?p=707#primaryimage"},"image":{"@id":"https:\/\/revistaautobus.com.br\/?p=707#primaryimage"},"thumbnailUrl":"https:\/\/revistaautobus.com.br\/wp-content\/uploads\/2021\/06\/banner-capasite-750x456px.jpg","datePublished":"2021-06-15T16:10:46+00:00","dateModified":"2021-06-15T16:17:40+00:00","breadcrumb":{"@id":"https:\/\/revistaautobus.com.br\/?p=707#breadcrumb"},"inLanguage":"pt-BR","potentialAction":[{"@type":"ReadAction","target":["https:\/\/revistaautobus.com.br\/?p=707"]}]},{"@type":"ImageObject","inLanguage":"pt-BR","@id":"https:\/\/revistaautobus.com.br\/?p=707#primaryimage","url":"https:\/\/revistaautobus.com.br\/wp-content\/uploads\/2021\/06\/banner-capasite-750x456px.jpg","contentUrl":"https:\/\/revistaautobus.com.br\/wp-content\/uploads\/2021\/06\/banner-capasite-750x456px.jpg","width":750,"height":456},{"@type":"BreadcrumbList","@id":"https:\/\/revistaautobus.com.br\/?p=707#breadcrumb","itemListElement":[{"@type":"ListItem","position":1,"name":"In\u00edcio","item":"https:\/\/revistaautobus.com.br\/"},{"@type":"ListItem","position":2,"name":"Potencial destacado na mobilidade"}]},{"@type":"WebSite","@id":"https:\/\/revistaautobus.com.br\/#website","url":"https:\/\/revistaautobus.com.br\/","name":"Revista AutoBus","description":"","publisher":{"@id":"https:\/\/revistaautobus.com.br\/#organization"},"potentialAction":[{"@type":"SearchAction","target":{"@type":"EntryPoint","urlTemplate":"https:\/\/revistaautobus.com.br\/?s={search_term_string}"},"query-input":{"@type":"PropertyValueSpecification","valueRequired":true,"valueName":"search_term_string"}}],"inLanguage":"pt-BR"},{"@type":"Organization","@id":"https:\/\/revistaautobus.com.br\/#organization","name":"Revista AutoBus","url":"https:\/\/revistaautobus.com.br\/","logo":{"@type":"ImageObject","inLanguage":"pt-BR","@id":"https:\/\/revistaautobus.com.br\/#\/schema\/logo\/image\/","url":"https:\/\/revistaautobus.com.br\/wp-content\/uploads\/2024\/11\/logo_revista_autobus_fb.png","contentUrl":"https:\/\/revistaautobus.com.br\/wp-content\/uploads\/2024\/11\/logo_revista_autobus_fb.png","width":836,"height":227,"caption":"Revista AutoBus"},"image":{"@id":"https:\/\/revistaautobus.com.br\/#\/schema\/logo\/image\/"},"sameAs":["https:\/\/www.facebook.com\/antonio.ferro.3150","https:\/\/www.instagram.com\/revistaautobus\/"]},{"@type":"Person","@id":"https:\/\/revistaautobus.com.br\/#\/schema\/person\/54af7c3eb83a310e42ef686ef6d16f50","name":"Antonio Ferro","image":{"@type":"ImageObject","inLanguage":"pt-BR","@id":"https:\/\/revistaautobus.com.br\/wp-content\/uploads\/2025\/12\/editor_antonio_ferro-150x150.jpg","url":"https:\/\/revistaautobus.com.br\/wp-content\/uploads\/2025\/12\/editor_antonio_ferro-150x150.jpg","contentUrl":"https:\/\/revistaautobus.com.br\/wp-content\/uploads\/2025\/12\/editor_antonio_ferro-150x150.jpg","caption":"Antonio Ferro"},"description":"infobus@uol.com.br","url":"https:\/\/revistaautobus.com.br\/?author=2"}]}},"jetpack_featured_media_url":"https:\/\/revistaautobus.com.br\/wp-content\/uploads\/2021\/06\/banner-capasite-750x456px.jpg","jetpack_sharing_enabled":true,"_links":{"self":[{"href":"https:\/\/revistaautobus.com.br\/index.php?rest_route=\/wp\/v2\/posts\/707","targetHints":{"allow":["GET"]}}],"collection":[{"href":"https:\/\/revistaautobus.com.br\/index.php?rest_route=\/wp\/v2\/posts"}],"about":[{"href":"https:\/\/revistaautobus.com.br\/index.php?rest_route=\/wp\/v2\/types\/post"}],"author":[{"embeddable":true,"href":"https:\/\/revistaautobus.com.br\/index.php?rest_route=\/wp\/v2\/users\/2"}],"replies":[{"embeddable":true,"href":"https:\/\/revistaautobus.com.br\/index.php?rest_route=%2Fwp%2Fv2%2Fcomments&post=707"}],"version-history":[{"count":1,"href":"https:\/\/revistaautobus.com.br\/index.php?rest_route=\/wp\/v2\/posts\/707\/revisions"}],"predecessor-version":[{"id":709,"href":"https:\/\/revistaautobus.com.br\/index.php?rest_route=\/wp\/v2\/posts\/707\/revisions\/709"}],"wp:featuredmedia":[{"embeddable":true,"href":"https:\/\/revistaautobus.com.br\/index.php?rest_route=\/wp\/v2\/media\/708"}],"wp:attachment":[{"href":"https:\/\/revistaautobus.com.br\/index.php?rest_route=%2Fwp%2Fv2%2Fmedia&parent=707"}],"wp:term":[{"taxonomy":"category","embeddable":true,"href":"https:\/\/revistaautobus.com.br\/index.php?rest_route=%2Fwp%2Fv2%2Fcategories&post=707"},{"taxonomy":"post_tag","embeddable":true,"href":"https:\/\/revistaautobus.com.br\/index.php?rest_route=%2Fwp%2Fv2%2Ftags&post=707"}],"curies":[{"name":"wp","href":"https:\/\/api.w.org\/{rel}","templated":true}]}}