{"id":7081,"date":"2022-08-22T06:46:24","date_gmt":"2022-08-22T09:46:24","guid":{"rendered":"https:\/\/revistaautobus.com.br\/?p=7081"},"modified":"2022-08-22T06:46:26","modified_gmt":"2022-08-22T09:46:26","slug":"volare-ressalta-seus-modelos-urbanos","status":"publish","type":"post","link":"https:\/\/revistaautobus.com.br\/?p=7081","title":{"rendered":"Volare ressalta seus modelos urbanos"},"content":{"rendered":"\n<p>A fabricante ga\u00facha de micro-\u00f4nibus Volare destacou o desenvolvimento de ve\u00edculos que se encaixam \u00e0 nova realidade do transporte coletivo, oferecendo uma completa linha de modelos que atendem com efici\u00eancia, agilidade e robustez as necessidades e caracter\u00edsticas do transporte coletivo urbano de passageiros. Para o operador, a marca disp\u00f5e de um ve\u00edculo mais adaptado \u00e0 demanda, tanto para uma linha regular, como complementar de transporte.<\/p>\n\n\n\n<p>A sua gama de produtos \u00e9 composta pelos modelos Attack 8, Attack 9, Fly 9 e Fly 10, que foram lan\u00e7ados para consolidar ainda mais o posicionamento e vanguarda da empresa na oferta de ve\u00edculos diferenciados e sob medida. Segundo informa a fabricante, eles apresentam melhor rela\u00e7\u00e3o custo\/benef\u00edcio se comparados aos ve\u00edculos com PBT acima de 15 toneladas, tradicionalmente utilizados neste tipo de aplica\u00e7\u00e3o.<\/p>\n\n\n\n<figure class=\"wp-block-image alignright size-large is-resized\"><img loading=\"lazy\" decoding=\"async\" src=\"https:\/\/revistaautobus.com.br\/wp-content\/uploads\/2022\/08\/1808202-Volare-Transporte-Coletivo-4-1024x682.jpg\" alt=\"\" class=\"wp-image-7083\" width=\"492\" height=\"328\" srcset=\"https:\/\/revistaautobus.com.br\/wp-content\/uploads\/2022\/08\/1808202-Volare-Transporte-Coletivo-4-1024x682.jpg 1024w, https:\/\/revistaautobus.com.br\/wp-content\/uploads\/2022\/08\/1808202-Volare-Transporte-Coletivo-4-300x200.jpg 300w, https:\/\/revistaautobus.com.br\/wp-content\/uploads\/2022\/08\/1808202-Volare-Transporte-Coletivo-4-768x512.jpg 768w, https:\/\/revistaautobus.com.br\/wp-content\/uploads\/2022\/08\/1808202-Volare-Transporte-Coletivo-4-1080x720.jpg 1080w, https:\/\/revistaautobus.com.br\/wp-content\/uploads\/2022\/08\/1808202-Volare-Transporte-Coletivo-4.jpg 1100w\" sizes=\"(max-width: 492px) 100vw, 492px\" \/><\/figure>\n\n\n\n<p>Sidnei Vargas, gerente comercial da Volare, destacou que o grande diferencial da Volare, e o que a tornou marca l\u00edder no transporte em grandes mercados, \u00e9 ter, dentro de seus pilares estrat\u00e9gicos, a capacidade e rapidez de diversifica\u00e7\u00e3o do portf\u00f3lio de produtos para antecipar transforma\u00e7\u00f5es de mercado. \u201cEstamos sempre atentos \u00e0s necessidades dos clientes e o nosso objetivo \u00e9 colaborar para a mobilidade das cidades brasileiras e oferecer produtos e servi\u00e7os adequados \u00e0s caracter\u00edsticas de cada regi\u00e3o do Pa\u00eds\u201d, comentou.<\/p>\n\n\n\n<p>As dimens\u00f5es dos modelos v\u00e3o de 6,53 metros at\u00e9 10,14 metros, com varia\u00e7\u00e3o de entre-eixos de 3,35 metros at\u00e9 5,50 metros. O <em>powertrain<\/em> dos ve\u00edculos conta com motoriza\u00e7\u00f5es Cummins ISF 3.8, de 152 e 162 cv de pot\u00eancia e caixa Eaton de 5 ou 6 marchas.<\/p>\n\n\n\n<p>Outro destaque \u00e9 o modelo de midi\u00f4nibus Fly 10, com a maior capacidade de passageiros do mercado nacional em seu segmento, tendo amplo espa\u00e7o interno, melhor circula\u00e7\u00e3o no corredor e capacidade para 30 passageiros sentados e 20 em p\u00e9.<\/p>\n\n\n\n<p>Imagens &#8211; Divulga\u00e7\u00e3o<\/p>\n","protected":false},"excerpt":{"rendered":"<p>Toda a flexibilidade de um \u00f4nibus reunida em um ve\u00edculo de menor porte<\/p>\n","protected":false},"author":2,"featured_media":7082,"comment_status":"open","ping_status":"open","sticky":false,"template":"","format":"standard","meta":{"_et_pb_use_builder":"off","_et_pb_old_content":"","_et_gb_content_width":"","_jetpack_memberships_contains_paid_content":false,"footnotes":""},"categories":[55],"tags":[157],"class_list":["post-7081","post","type-post","status-publish","format-standard","has-post-thumbnail","hentry","category-encarrocadora","tag-volare","et-has-post-format-content","et_post_format-et-post-format-standard"],"yoast_head":"<!-- This site is optimized with the Yoast SEO plugin v27.2 - https:\/\/yoast.com\/product\/yoast-seo-wordpress\/ -->\n<title>Volare ressalta seus modelos urbanos - Revista AutoBus<\/title>\n<meta name=\"robots\" content=\"index, follow, max-snippet:-1, max-image-preview:large, max-video-preview:-1\" \/>\n<link rel=\"canonical\" href=\"https:\/\/revistaautobus.com.br\/?p=7081\" \/>\n<meta property=\"og:locale\" content=\"pt_BR\" \/>\n<meta property=\"og:type\" content=\"article\" \/>\n<meta property=\"og:title\" content=\"Volare ressalta seus modelos urbanos - Revista AutoBus\" \/>\n<meta property=\"og:description\" content=\"Toda a flexibilidade de um \u00f4nibus reunida em um ve\u00edculo de menor porte\" \/>\n<meta property=\"og:url\" content=\"https:\/\/revistaautobus.com.br\/?p=7081\" \/>\n<meta property=\"og:site_name\" content=\"Revista AutoBus\" \/>\n<meta property=\"article:publisher\" content=\"https:\/\/www.facebook.com\/antonio.ferro.3150\" \/>\n<meta property=\"article:published_time\" content=\"2022-08-22T09:46:24+00:00\" \/>\n<meta property=\"article:modified_time\" content=\"2022-08-22T09:46:26+00:00\" \/>\n<meta property=\"og:image\" content=\"https:\/\/revistaautobus.com.br\/wp-content\/uploads\/2022\/08\/1808202-Volare-Transporte-Coletivo-1.jpg\" \/>\n\t<meta property=\"og:image:width\" content=\"1100\" \/>\n\t<meta property=\"og:image:height\" content=\"650\" \/>\n\t<meta property=\"og:image:type\" content=\"image\/jpeg\" \/>\n<meta name=\"author\" content=\"Antonio Ferro\" \/>\n<meta name=\"twitter:card\" content=\"summary_large_image\" \/>\n<meta name=\"twitter:label1\" content=\"Escrito por\" \/>\n\t<meta name=\"twitter:data1\" content=\"Antonio Ferro\" \/>\n\t<meta name=\"twitter:label2\" content=\"Est. tempo de leitura\" \/>\n\t<meta name=\"twitter:data2\" content=\"2 minutos\" \/>\n<script type=\"application\/ld+json\" class=\"yoast-schema-graph\">{\"@context\":\"https:\/\/schema.org\",\"@graph\":[{\"@type\":\"Article\",\"@id\":\"https:\/\/revistaautobus.com.br\/?p=7081#article\",\"isPartOf\":{\"@id\":\"https:\/\/revistaautobus.com.br\/?p=7081\"},\"author\":{\"name\":\"Antonio Ferro\",\"@id\":\"https:\/\/revistaautobus.com.br\/#\/schema\/person\/54af7c3eb83a310e42ef686ef6d16f50\"},\"headline\":\"Volare ressalta seus modelos urbanos\",\"datePublished\":\"2022-08-22T09:46:24+00:00\",\"dateModified\":\"2022-08-22T09:46:26+00:00\",\"mainEntityOfPage\":{\"@id\":\"https:\/\/revistaautobus.com.br\/?p=7081\"},\"wordCount\":312,\"commentCount\":0,\"publisher\":{\"@id\":\"https:\/\/revistaautobus.com.br\/#organization\"},\"image\":{\"@id\":\"https:\/\/revistaautobus.com.br\/?p=7081#primaryimage\"},\"thumbnailUrl\":\"https:\/\/revistaautobus.com.br\/wp-content\/uploads\/2022\/08\/1808202-Volare-Transporte-Coletivo-1.jpg\",\"keywords\":[\"Volare\"],\"articleSection\":[\"Encarro\u00e7adora\"],\"inLanguage\":\"pt-BR\",\"potentialAction\":[{\"@type\":\"CommentAction\",\"name\":\"Comment\",\"target\":[\"https:\/\/revistaautobus.com.br\/?p=7081#respond\"]}]},{\"@type\":\"WebPage\",\"@id\":\"https:\/\/revistaautobus.com.br\/?p=7081\",\"url\":\"https:\/\/revistaautobus.com.br\/?p=7081\",\"name\":\"Volare ressalta seus modelos urbanos - Revista AutoBus\",\"isPartOf\":{\"@id\":\"https:\/\/revistaautobus.com.br\/#website\"},\"primaryImageOfPage\":{\"@id\":\"https:\/\/revistaautobus.com.br\/?p=7081#primaryimage\"},\"image\":{\"@id\":\"https:\/\/revistaautobus.com.br\/?p=7081#primaryimage\"},\"thumbnailUrl\":\"https:\/\/revistaautobus.com.br\/wp-content\/uploads\/2022\/08\/1808202-Volare-Transporte-Coletivo-1.jpg\",\"datePublished\":\"2022-08-22T09:46:24+00:00\",\"dateModified\":\"2022-08-22T09:46:26+00:00\",\"breadcrumb\":{\"@id\":\"https:\/\/revistaautobus.com.br\/?p=7081#breadcrumb\"},\"inLanguage\":\"pt-BR\",\"potentialAction\":[{\"@type\":\"ReadAction\",\"target\":[\"https:\/\/revistaautobus.com.br\/?p=7081\"]}]},{\"@type\":\"ImageObject\",\"inLanguage\":\"pt-BR\",\"@id\":\"https:\/\/revistaautobus.com.br\/?p=7081#primaryimage\",\"url\":\"https:\/\/revistaautobus.com.br\/wp-content\/uploads\/2022\/08\/1808202-Volare-Transporte-Coletivo-1.jpg\",\"contentUrl\":\"https:\/\/revistaautobus.com.br\/wp-content\/uploads\/2022\/08\/1808202-Volare-Transporte-Coletivo-1.jpg\",\"width\":1100,\"height\":650},{\"@type\":\"BreadcrumbList\",\"@id\":\"https:\/\/revistaautobus.com.br\/?p=7081#breadcrumb\",\"itemListElement\":[{\"@type\":\"ListItem\",\"position\":1,\"name\":\"In\u00edcio\",\"item\":\"https:\/\/revistaautobus.com.br\/\"},{\"@type\":\"ListItem\",\"position\":2,\"name\":\"Volare ressalta seus modelos urbanos\"}]},{\"@type\":\"WebSite\",\"@id\":\"https:\/\/revistaautobus.com.br\/#website\",\"url\":\"https:\/\/revistaautobus.com.br\/\",\"name\":\"Revista AutoBus\",\"description\":\"\",\"publisher\":{\"@id\":\"https:\/\/revistaautobus.com.br\/#organization\"},\"potentialAction\":[{\"@type\":\"SearchAction\",\"target\":{\"@type\":\"EntryPoint\",\"urlTemplate\":\"https:\/\/revistaautobus.com.br\/?s={search_term_string}\"},\"query-input\":{\"@type\":\"PropertyValueSpecification\",\"valueRequired\":true,\"valueName\":\"search_term_string\"}}],\"inLanguage\":\"pt-BR\"},{\"@type\":\"Organization\",\"@id\":\"https:\/\/revistaautobus.com.br\/#organization\",\"name\":\"Revista AutoBus\",\"url\":\"https:\/\/revistaautobus.com.br\/\",\"logo\":{\"@type\":\"ImageObject\",\"inLanguage\":\"pt-BR\",\"@id\":\"https:\/\/revistaautobus.com.br\/#\/schema\/logo\/image\/\",\"url\":\"https:\/\/revistaautobus.com.br\/wp-content\/uploads\/2024\/11\/logo_revista_autobus_fb.png\",\"contentUrl\":\"https:\/\/revistaautobus.com.br\/wp-content\/uploads\/2024\/11\/logo_revista_autobus_fb.png\",\"width\":836,\"height\":227,\"caption\":\"Revista AutoBus\"},\"image\":{\"@id\":\"https:\/\/revistaautobus.com.br\/#\/schema\/logo\/image\/\"},\"sameAs\":[\"https:\/\/www.facebook.com\/antonio.ferro.3150\",\"https:\/\/www.instagram.com\/revistaautobus\/\"]},{\"@type\":\"Person\",\"@id\":\"https:\/\/revistaautobus.com.br\/#\/schema\/person\/54af7c3eb83a310e42ef686ef6d16f50\",\"name\":\"Antonio Ferro\",\"image\":{\"@type\":\"ImageObject\",\"inLanguage\":\"pt-BR\",\"@id\":\"https:\/\/revistaautobus.com.br\/wp-content\/uploads\/2025\/12\/editor_antonio_ferro-150x150.jpg\",\"url\":\"https:\/\/revistaautobus.com.br\/wp-content\/uploads\/2025\/12\/editor_antonio_ferro-150x150.jpg\",\"contentUrl\":\"https:\/\/revistaautobus.com.br\/wp-content\/uploads\/2025\/12\/editor_antonio_ferro-150x150.jpg\",\"caption\":\"Antonio Ferro\"},\"description\":\"infobus@uol.com.br\",\"url\":\"https:\/\/revistaautobus.com.br\/?author=2\"}]}<\/script>\n<!-- \/ Yoast SEO plugin. -->","yoast_head_json":{"title":"Volare ressalta seus modelos urbanos - Revista AutoBus","robots":{"index":"index","follow":"follow","max-snippet":"max-snippet:-1","max-image-preview":"max-image-preview:large","max-video-preview":"max-video-preview:-1"},"canonical":"https:\/\/revistaautobus.com.br\/?p=7081","og_locale":"pt_BR","og_type":"article","og_title":"Volare ressalta seus modelos urbanos - Revista AutoBus","og_description":"Toda a flexibilidade de um \u00f4nibus reunida em um ve\u00edculo de menor porte","og_url":"https:\/\/revistaautobus.com.br\/?p=7081","og_site_name":"Revista AutoBus","article_publisher":"https:\/\/www.facebook.com\/antonio.ferro.3150","article_published_time":"2022-08-22T09:46:24+00:00","article_modified_time":"2022-08-22T09:46:26+00:00","og_image":[{"width":1100,"height":650,"url":"https:\/\/revistaautobus.com.br\/wp-content\/uploads\/2022\/08\/1808202-Volare-Transporte-Coletivo-1.jpg","type":"image\/jpeg"}],"author":"Antonio Ferro","twitter_card":"summary_large_image","twitter_misc":{"Escrito por":"Antonio Ferro","Est. tempo de leitura":"2 minutos"},"schema":{"@context":"https:\/\/schema.org","@graph":[{"@type":"Article","@id":"https:\/\/revistaautobus.com.br\/?p=7081#article","isPartOf":{"@id":"https:\/\/revistaautobus.com.br\/?p=7081"},"author":{"name":"Antonio Ferro","@id":"https:\/\/revistaautobus.com.br\/#\/schema\/person\/54af7c3eb83a310e42ef686ef6d16f50"},"headline":"Volare ressalta seus modelos urbanos","datePublished":"2022-08-22T09:46:24+00:00","dateModified":"2022-08-22T09:46:26+00:00","mainEntityOfPage":{"@id":"https:\/\/revistaautobus.com.br\/?p=7081"},"wordCount":312,"commentCount":0,"publisher":{"@id":"https:\/\/revistaautobus.com.br\/#organization"},"image":{"@id":"https:\/\/revistaautobus.com.br\/?p=7081#primaryimage"},"thumbnailUrl":"https:\/\/revistaautobus.com.br\/wp-content\/uploads\/2022\/08\/1808202-Volare-Transporte-Coletivo-1.jpg","keywords":["Volare"],"articleSection":["Encarro\u00e7adora"],"inLanguage":"pt-BR","potentialAction":[{"@type":"CommentAction","name":"Comment","target":["https:\/\/revistaautobus.com.br\/?p=7081#respond"]}]},{"@type":"WebPage","@id":"https:\/\/revistaautobus.com.br\/?p=7081","url":"https:\/\/revistaautobus.com.br\/?p=7081","name":"Volare ressalta seus modelos urbanos - Revista AutoBus","isPartOf":{"@id":"https:\/\/revistaautobus.com.br\/#website"},"primaryImageOfPage":{"@id":"https:\/\/revistaautobus.com.br\/?p=7081#primaryimage"},"image":{"@id":"https:\/\/revistaautobus.com.br\/?p=7081#primaryimage"},"thumbnailUrl":"https:\/\/revistaautobus.com.br\/wp-content\/uploads\/2022\/08\/1808202-Volare-Transporte-Coletivo-1.jpg","datePublished":"2022-08-22T09:46:24+00:00","dateModified":"2022-08-22T09:46:26+00:00","breadcrumb":{"@id":"https:\/\/revistaautobus.com.br\/?p=7081#breadcrumb"},"inLanguage":"pt-BR","potentialAction":[{"@type":"ReadAction","target":["https:\/\/revistaautobus.com.br\/?p=7081"]}]},{"@type":"ImageObject","inLanguage":"pt-BR","@id":"https:\/\/revistaautobus.com.br\/?p=7081#primaryimage","url":"https:\/\/revistaautobus.com.br\/wp-content\/uploads\/2022\/08\/1808202-Volare-Transporte-Coletivo-1.jpg","contentUrl":"https:\/\/revistaautobus.com.br\/wp-content\/uploads\/2022\/08\/1808202-Volare-Transporte-Coletivo-1.jpg","width":1100,"height":650},{"@type":"BreadcrumbList","@id":"https:\/\/revistaautobus.com.br\/?p=7081#breadcrumb","itemListElement":[{"@type":"ListItem","position":1,"name":"In\u00edcio","item":"https:\/\/revistaautobus.com.br\/"},{"@type":"ListItem","position":2,"name":"Volare ressalta seus modelos urbanos"}]},{"@type":"WebSite","@id":"https:\/\/revistaautobus.com.br\/#website","url":"https:\/\/revistaautobus.com.br\/","name":"Revista AutoBus","description":"","publisher":{"@id":"https:\/\/revistaautobus.com.br\/#organization"},"potentialAction":[{"@type":"SearchAction","target":{"@type":"EntryPoint","urlTemplate":"https:\/\/revistaautobus.com.br\/?s={search_term_string}"},"query-input":{"@type":"PropertyValueSpecification","valueRequired":true,"valueName":"search_term_string"}}],"inLanguage":"pt-BR"},{"@type":"Organization","@id":"https:\/\/revistaautobus.com.br\/#organization","name":"Revista AutoBus","url":"https:\/\/revistaautobus.com.br\/","logo":{"@type":"ImageObject","inLanguage":"pt-BR","@id":"https:\/\/revistaautobus.com.br\/#\/schema\/logo\/image\/","url":"https:\/\/revistaautobus.com.br\/wp-content\/uploads\/2024\/11\/logo_revista_autobus_fb.png","contentUrl":"https:\/\/revistaautobus.com.br\/wp-content\/uploads\/2024\/11\/logo_revista_autobus_fb.png","width":836,"height":227,"caption":"Revista AutoBus"},"image":{"@id":"https:\/\/revistaautobus.com.br\/#\/schema\/logo\/image\/"},"sameAs":["https:\/\/www.facebook.com\/antonio.ferro.3150","https:\/\/www.instagram.com\/revistaautobus\/"]},{"@type":"Person","@id":"https:\/\/revistaautobus.com.br\/#\/schema\/person\/54af7c3eb83a310e42ef686ef6d16f50","name":"Antonio Ferro","image":{"@type":"ImageObject","inLanguage":"pt-BR","@id":"https:\/\/revistaautobus.com.br\/wp-content\/uploads\/2025\/12\/editor_antonio_ferro-150x150.jpg","url":"https:\/\/revistaautobus.com.br\/wp-content\/uploads\/2025\/12\/editor_antonio_ferro-150x150.jpg","contentUrl":"https:\/\/revistaautobus.com.br\/wp-content\/uploads\/2025\/12\/editor_antonio_ferro-150x150.jpg","caption":"Antonio Ferro"},"description":"infobus@uol.com.br","url":"https:\/\/revistaautobus.com.br\/?author=2"}]}},"jetpack_featured_media_url":"https:\/\/revistaautobus.com.br\/wp-content\/uploads\/2022\/08\/1808202-Volare-Transporte-Coletivo-1.jpg","jetpack_sharing_enabled":true,"_links":{"self":[{"href":"https:\/\/revistaautobus.com.br\/index.php?rest_route=\/wp\/v2\/posts\/7081","targetHints":{"allow":["GET"]}}],"collection":[{"href":"https:\/\/revistaautobus.com.br\/index.php?rest_route=\/wp\/v2\/posts"}],"about":[{"href":"https:\/\/revistaautobus.com.br\/index.php?rest_route=\/wp\/v2\/types\/post"}],"author":[{"embeddable":true,"href":"https:\/\/revistaautobus.com.br\/index.php?rest_route=\/wp\/v2\/users\/2"}],"replies":[{"embeddable":true,"href":"https:\/\/revistaautobus.com.br\/index.php?rest_route=%2Fwp%2Fv2%2Fcomments&post=7081"}],"version-history":[{"count":2,"href":"https:\/\/revistaautobus.com.br\/index.php?rest_route=\/wp\/v2\/posts\/7081\/revisions"}],"predecessor-version":[{"id":7085,"href":"https:\/\/revistaautobus.com.br\/index.php?rest_route=\/wp\/v2\/posts\/7081\/revisions\/7085"}],"wp:featuredmedia":[{"embeddable":true,"href":"https:\/\/revistaautobus.com.br\/index.php?rest_route=\/wp\/v2\/media\/7082"}],"wp:attachment":[{"href":"https:\/\/revistaautobus.com.br\/index.php?rest_route=%2Fwp%2Fv2%2Fmedia&parent=7081"}],"wp:term":[{"taxonomy":"category","embeddable":true,"href":"https:\/\/revistaautobus.com.br\/index.php?rest_route=%2Fwp%2Fv2%2Fcategories&post=7081"},{"taxonomy":"post_tag","embeddable":true,"href":"https:\/\/revistaautobus.com.br\/index.php?rest_route=%2Fwp%2Fv2%2Ftags&post=7081"}],"curies":[{"name":"wp","href":"https:\/\/api.w.org\/{rel}","templated":true}]}}