{"id":7086,"date":"2022-08-22T06:50:08","date_gmt":"2022-08-22T09:50:08","guid":{"rendered":"https:\/\/revistaautobus.com.br\/?p=7086"},"modified":"2022-08-22T07:12:26","modified_gmt":"2022-08-22T10:12:26","slug":"tres-decadas-de-um-conceito-de-sucesso","status":"publish","type":"post","link":"https:\/\/revistaautobus.com.br\/?p=7086","title":{"rendered":"Tr\u00eas d\u00e9cadas de um conceito de sucesso"},"content":{"rendered":"\n<p>Numa \u00e9poca em que o maior \u00f4nibus urbano tinha 18 metros de comprimento, o surgimento de uma vers\u00e3o maior, sete metros mais longa, causou espanto no cen\u00e1rio nacional do transporte. E quem desenvolveu tal conceito foi a Volvo, numa parceria entre ela e a cidade de Curitiba, no fim dos anos 80, para atender a alta demanda de seu sistema de corredores exclusivos, refer\u00eancia mundial em mobilidade coletiva sobre pneus.<\/p>\n\n\n\n<p>O primeiro ve\u00edculo possu\u00eda 25 metros de comprimento (encarro\u00e7ado) e foi o primeiro a ser fabricado fora da Europa. No decorrer dos anos, novas vers\u00f5es foram apresentadas pela montadora, com 27, 28 e at\u00e9 30 metros de comprimento, idealizadas para uma opera\u00e7\u00e3o eficaz pelos corredores exclusivos de BRT (Tr\u00e2nsito R\u00e1pido de \u00d4nibus). O Brasil e a Col\u00f4mbia s\u00e3o os pa\u00edses que mais usam o modelo em sistemas de transporte coletivo urbano.<\/p>\n\n\n\n<p>Recentemente, um ve\u00edculo desse tipo foi restaurado seguindo as suas caracter\u00edsticas originais, incluindo a cor externa prata igual como iniciou opera\u00e7\u00e3o nas canaletas exclusivas do sistema de transporte de Curitiba em 1992. Ele fora fabricado pela extinta marca Ciferal e \u00e9 o \u00fanico remanescente de um lote de 33 ve\u00edculos da Auto Via\u00e7\u00e3o Nossa Senhora do Carmo que foram entregues pelo ent\u00e3o prefeito, Jaime Lerner, naquele ano para a in\u00e9dita opera\u00e7\u00e3o pelas ruas da capital paranaense. A estrutura dos corredores de ent\u00e3o incorporava os benef\u00edcios do embarque em n\u00edvel, sem degraus, sob a forma das famosas esta\u00e7\u00f5es tubo, caracter\u00edsticas que haviam sido testadas com louvor nos famosos \u201cligeirinhos\u201d de 1991.<\/p>\n\n\n\n<figure class=\"wp-block-image alignright size-large is-resized\"><img loading=\"lazy\" decoding=\"async\" src=\"https:\/\/revistaautobus.com.br\/wp-content\/uploads\/2022\/08\/IMG_5549-1024x683.jpg\" alt=\"\" class=\"wp-image-7088\" width=\"459\" height=\"305\" srcset=\"https:\/\/revistaautobus.com.br\/wp-content\/uploads\/2022\/08\/IMG_5549-1024x683.jpg 1024w, https:\/\/revistaautobus.com.br\/wp-content\/uploads\/2022\/08\/IMG_5549-300x200.jpg 300w, https:\/\/revistaautobus.com.br\/wp-content\/uploads\/2022\/08\/IMG_5549-768x512.jpg 768w, https:\/\/revistaautobus.com.br\/wp-content\/uploads\/2022\/08\/IMG_5549-1536x1024.jpg 1536w, https:\/\/revistaautobus.com.br\/wp-content\/uploads\/2022\/08\/IMG_5549-2048x1365.jpg 2048w, https:\/\/revistaautobus.com.br\/wp-content\/uploads\/2022\/08\/IMG_5549-1080x720.jpg 1080w\" sizes=\"(max-width: 459px) 100vw, 459px\" \/><\/figure>\n\n\n\n<p>O trabalho de resgate desse biarticulado foi iniciado alguns anos atr\u00e1s, quando foi salvo do desmanche e guardado pela operadora para futura recupera\u00e7\u00e3o, sendo apresentado na Exponi 10 deste ano.<\/p>\n\n\n\n<p>Considerado o metr\u00f4 de superf\u00edcie, o modelo de \u00f4nibus biarticulado foi bem significado em tempos passados, por\u00e9m, hoje, n\u00e3o tem recebido tanta valoriza\u00e7\u00e3o por parte dos poderes p\u00fablicos quanto aos investimentos em redes racionalizadas de transporte, por meio de sistemas de BRT, identificados com a opera\u00e7\u00e3o do mencionado ve\u00edculo. Faltam projetos e os que foram conclu\u00eddos, n\u00e3o t\u00eam apresentado demandas de passageiros suficientemente adequadas para a utiliza\u00e7\u00e3o de ve\u00edculos de grande porte, como \u00e9 o caso do veiculo.<\/p>\n\n\n\n<p>Imagens &#8211; Ronaldo dos Santos<\/p>\n","protected":false},"excerpt":{"rendered":"<p>Modelo de \u00f4nibus com maior porte consagrou-se pela otimiza\u00e7\u00e3o operacional em corredores exclusivos urbanos<\/p>\n","protected":false},"author":2,"featured_media":7087,"comment_status":"open","ping_status":"open","sticky":false,"template":"","format":"standard","meta":{"_et_pb_use_builder":"off","_et_pb_old_content":"","_et_gb_content_width":"","_jetpack_memberships_contains_paid_content":false,"footnotes":""},"categories":[7],"tags":[344,179],"class_list":["post-7086","post","type-post","status-publish","format-standard","has-post-thumbnail","hentry","category-mobilidade-urbana","tag-biarticulado","tag-volvo","et-has-post-format-content","et_post_format-et-post-format-standard"],"yoast_head":"<!-- This site is optimized with the Yoast SEO plugin v27.2 - https:\/\/yoast.com\/product\/yoast-seo-wordpress\/ -->\n<title>Tr\u00eas d\u00e9cadas de um conceito de sucesso - Revista AutoBus<\/title>\n<meta name=\"robots\" content=\"index, follow, max-snippet:-1, max-image-preview:large, max-video-preview:-1\" \/>\n<link rel=\"canonical\" href=\"https:\/\/revistaautobus.com.br\/?p=7086\" \/>\n<meta property=\"og:locale\" content=\"pt_BR\" \/>\n<meta property=\"og:type\" content=\"article\" \/>\n<meta property=\"og:title\" content=\"Tr\u00eas d\u00e9cadas de um conceito de sucesso - Revista AutoBus\" \/>\n<meta property=\"og:description\" content=\"Modelo de \u00f4nibus com maior porte consagrou-se pela otimiza\u00e7\u00e3o operacional em corredores exclusivos urbanos\" \/>\n<meta property=\"og:url\" content=\"https:\/\/revistaautobus.com.br\/?p=7086\" \/>\n<meta property=\"og:site_name\" content=\"Revista AutoBus\" \/>\n<meta property=\"article:publisher\" content=\"https:\/\/www.facebook.com\/antonio.ferro.3150\" \/>\n<meta property=\"article:published_time\" content=\"2022-08-22T09:50:08+00:00\" \/>\n<meta property=\"article:modified_time\" content=\"2022-08-22T10:12:26+00:00\" \/>\n<meta property=\"og:image\" content=\"https:\/\/revistaautobus.com.br\/wp-content\/uploads\/2022\/08\/IMG-20220819-WA0093.jpg\" \/>\n\t<meta property=\"og:image:width\" content=\"1000\" \/>\n\t<meta property=\"og:image:height\" content=\"666\" \/>\n\t<meta property=\"og:image:type\" content=\"image\/jpeg\" \/>\n<meta name=\"author\" content=\"Antonio Ferro\" \/>\n<meta name=\"twitter:card\" content=\"summary_large_image\" \/>\n<meta name=\"twitter:label1\" content=\"Escrito por\" \/>\n\t<meta name=\"twitter:data1\" content=\"Antonio Ferro\" \/>\n\t<meta name=\"twitter:label2\" content=\"Est. tempo de leitura\" \/>\n\t<meta name=\"twitter:data2\" content=\"2 minutos\" \/>\n<script type=\"application\/ld+json\" class=\"yoast-schema-graph\">{\"@context\":\"https:\/\/schema.org\",\"@graph\":[{\"@type\":\"Article\",\"@id\":\"https:\/\/revistaautobus.com.br\/?p=7086#article\",\"isPartOf\":{\"@id\":\"https:\/\/revistaautobus.com.br\/?p=7086\"},\"author\":{\"name\":\"Antonio Ferro\",\"@id\":\"https:\/\/revistaautobus.com.br\/#\/schema\/person\/54af7c3eb83a310e42ef686ef6d16f50\"},\"headline\":\"Tr\u00eas d\u00e9cadas de um conceito de sucesso\",\"datePublished\":\"2022-08-22T09:50:08+00:00\",\"dateModified\":\"2022-08-22T10:12:26+00:00\",\"mainEntityOfPage\":{\"@id\":\"https:\/\/revistaautobus.com.br\/?p=7086\"},\"wordCount\":401,\"commentCount\":0,\"publisher\":{\"@id\":\"https:\/\/revistaautobus.com.br\/#organization\"},\"image\":{\"@id\":\"https:\/\/revistaautobus.com.br\/?p=7086#primaryimage\"},\"thumbnailUrl\":\"https:\/\/revistaautobus.com.br\/wp-content\/uploads\/2022\/08\/IMG-20220819-WA0093.jpg\",\"keywords\":[\"Biarticulado\",\"Volvo\"],\"articleSection\":[\"Mobilidade Urbana\"],\"inLanguage\":\"pt-BR\",\"potentialAction\":[{\"@type\":\"CommentAction\",\"name\":\"Comment\",\"target\":[\"https:\/\/revistaautobus.com.br\/?p=7086#respond\"]}]},{\"@type\":\"WebPage\",\"@id\":\"https:\/\/revistaautobus.com.br\/?p=7086\",\"url\":\"https:\/\/revistaautobus.com.br\/?p=7086\",\"name\":\"Tr\u00eas d\u00e9cadas de um conceito de sucesso - Revista AutoBus\",\"isPartOf\":{\"@id\":\"https:\/\/revistaautobus.com.br\/#website\"},\"primaryImageOfPage\":{\"@id\":\"https:\/\/revistaautobus.com.br\/?p=7086#primaryimage\"},\"image\":{\"@id\":\"https:\/\/revistaautobus.com.br\/?p=7086#primaryimage\"},\"thumbnailUrl\":\"https:\/\/revistaautobus.com.br\/wp-content\/uploads\/2022\/08\/IMG-20220819-WA0093.jpg\",\"datePublished\":\"2022-08-22T09:50:08+00:00\",\"dateModified\":\"2022-08-22T10:12:26+00:00\",\"breadcrumb\":{\"@id\":\"https:\/\/revistaautobus.com.br\/?p=7086#breadcrumb\"},\"inLanguage\":\"pt-BR\",\"potentialAction\":[{\"@type\":\"ReadAction\",\"target\":[\"https:\/\/revistaautobus.com.br\/?p=7086\"]}]},{\"@type\":\"ImageObject\",\"inLanguage\":\"pt-BR\",\"@id\":\"https:\/\/revistaautobus.com.br\/?p=7086#primaryimage\",\"url\":\"https:\/\/revistaautobus.com.br\/wp-content\/uploads\/2022\/08\/IMG-20220819-WA0093.jpg\",\"contentUrl\":\"https:\/\/revistaautobus.com.br\/wp-content\/uploads\/2022\/08\/IMG-20220819-WA0093.jpg\",\"width\":1000,\"height\":666},{\"@type\":\"BreadcrumbList\",\"@id\":\"https:\/\/revistaautobus.com.br\/?p=7086#breadcrumb\",\"itemListElement\":[{\"@type\":\"ListItem\",\"position\":1,\"name\":\"In\u00edcio\",\"item\":\"https:\/\/revistaautobus.com.br\/\"},{\"@type\":\"ListItem\",\"position\":2,\"name\":\"Tr\u00eas d\u00e9cadas de um conceito de sucesso\"}]},{\"@type\":\"WebSite\",\"@id\":\"https:\/\/revistaautobus.com.br\/#website\",\"url\":\"https:\/\/revistaautobus.com.br\/\",\"name\":\"Revista AutoBus\",\"description\":\"\",\"publisher\":{\"@id\":\"https:\/\/revistaautobus.com.br\/#organization\"},\"potentialAction\":[{\"@type\":\"SearchAction\",\"target\":{\"@type\":\"EntryPoint\",\"urlTemplate\":\"https:\/\/revistaautobus.com.br\/?s={search_term_string}\"},\"query-input\":{\"@type\":\"PropertyValueSpecification\",\"valueRequired\":true,\"valueName\":\"search_term_string\"}}],\"inLanguage\":\"pt-BR\"},{\"@type\":\"Organization\",\"@id\":\"https:\/\/revistaautobus.com.br\/#organization\",\"name\":\"Revista AutoBus\",\"url\":\"https:\/\/revistaautobus.com.br\/\",\"logo\":{\"@type\":\"ImageObject\",\"inLanguage\":\"pt-BR\",\"@id\":\"https:\/\/revistaautobus.com.br\/#\/schema\/logo\/image\/\",\"url\":\"https:\/\/revistaautobus.com.br\/wp-content\/uploads\/2024\/11\/logo_revista_autobus_fb.png\",\"contentUrl\":\"https:\/\/revistaautobus.com.br\/wp-content\/uploads\/2024\/11\/logo_revista_autobus_fb.png\",\"width\":836,\"height\":227,\"caption\":\"Revista AutoBus\"},\"image\":{\"@id\":\"https:\/\/revistaautobus.com.br\/#\/schema\/logo\/image\/\"},\"sameAs\":[\"https:\/\/www.facebook.com\/antonio.ferro.3150\",\"https:\/\/www.instagram.com\/revistaautobus\/\"]},{\"@type\":\"Person\",\"@id\":\"https:\/\/revistaautobus.com.br\/#\/schema\/person\/54af7c3eb83a310e42ef686ef6d16f50\",\"name\":\"Antonio Ferro\",\"image\":{\"@type\":\"ImageObject\",\"inLanguage\":\"pt-BR\",\"@id\":\"https:\/\/revistaautobus.com.br\/wp-content\/uploads\/2025\/12\/editor_antonio_ferro-150x150.jpg\",\"url\":\"https:\/\/revistaautobus.com.br\/wp-content\/uploads\/2025\/12\/editor_antonio_ferro-150x150.jpg\",\"contentUrl\":\"https:\/\/revistaautobus.com.br\/wp-content\/uploads\/2025\/12\/editor_antonio_ferro-150x150.jpg\",\"caption\":\"Antonio Ferro\"},\"description\":\"infobus@uol.com.br\",\"url\":\"https:\/\/revistaautobus.com.br\/?author=2\"}]}<\/script>\n<!-- \/ Yoast SEO plugin. -->","yoast_head_json":{"title":"Tr\u00eas d\u00e9cadas de um conceito de sucesso - Revista AutoBus","robots":{"index":"index","follow":"follow","max-snippet":"max-snippet:-1","max-image-preview":"max-image-preview:large","max-video-preview":"max-video-preview:-1"},"canonical":"https:\/\/revistaautobus.com.br\/?p=7086","og_locale":"pt_BR","og_type":"article","og_title":"Tr\u00eas d\u00e9cadas de um conceito de sucesso - Revista AutoBus","og_description":"Modelo de \u00f4nibus com maior porte consagrou-se pela otimiza\u00e7\u00e3o operacional em corredores exclusivos urbanos","og_url":"https:\/\/revistaautobus.com.br\/?p=7086","og_site_name":"Revista AutoBus","article_publisher":"https:\/\/www.facebook.com\/antonio.ferro.3150","article_published_time":"2022-08-22T09:50:08+00:00","article_modified_time":"2022-08-22T10:12:26+00:00","og_image":[{"width":1000,"height":666,"url":"https:\/\/revistaautobus.com.br\/wp-content\/uploads\/2022\/08\/IMG-20220819-WA0093.jpg","type":"image\/jpeg"}],"author":"Antonio Ferro","twitter_card":"summary_large_image","twitter_misc":{"Escrito por":"Antonio Ferro","Est. tempo de leitura":"2 minutos"},"schema":{"@context":"https:\/\/schema.org","@graph":[{"@type":"Article","@id":"https:\/\/revistaautobus.com.br\/?p=7086#article","isPartOf":{"@id":"https:\/\/revistaautobus.com.br\/?p=7086"},"author":{"name":"Antonio Ferro","@id":"https:\/\/revistaautobus.com.br\/#\/schema\/person\/54af7c3eb83a310e42ef686ef6d16f50"},"headline":"Tr\u00eas d\u00e9cadas de um conceito de sucesso","datePublished":"2022-08-22T09:50:08+00:00","dateModified":"2022-08-22T10:12:26+00:00","mainEntityOfPage":{"@id":"https:\/\/revistaautobus.com.br\/?p=7086"},"wordCount":401,"commentCount":0,"publisher":{"@id":"https:\/\/revistaautobus.com.br\/#organization"},"image":{"@id":"https:\/\/revistaautobus.com.br\/?p=7086#primaryimage"},"thumbnailUrl":"https:\/\/revistaautobus.com.br\/wp-content\/uploads\/2022\/08\/IMG-20220819-WA0093.jpg","keywords":["Biarticulado","Volvo"],"articleSection":["Mobilidade Urbana"],"inLanguage":"pt-BR","potentialAction":[{"@type":"CommentAction","name":"Comment","target":["https:\/\/revistaautobus.com.br\/?p=7086#respond"]}]},{"@type":"WebPage","@id":"https:\/\/revistaautobus.com.br\/?p=7086","url":"https:\/\/revistaautobus.com.br\/?p=7086","name":"Tr\u00eas d\u00e9cadas de um conceito de sucesso - Revista AutoBus","isPartOf":{"@id":"https:\/\/revistaautobus.com.br\/#website"},"primaryImageOfPage":{"@id":"https:\/\/revistaautobus.com.br\/?p=7086#primaryimage"},"image":{"@id":"https:\/\/revistaautobus.com.br\/?p=7086#primaryimage"},"thumbnailUrl":"https:\/\/revistaautobus.com.br\/wp-content\/uploads\/2022\/08\/IMG-20220819-WA0093.jpg","datePublished":"2022-08-22T09:50:08+00:00","dateModified":"2022-08-22T10:12:26+00:00","breadcrumb":{"@id":"https:\/\/revistaautobus.com.br\/?p=7086#breadcrumb"},"inLanguage":"pt-BR","potentialAction":[{"@type":"ReadAction","target":["https:\/\/revistaautobus.com.br\/?p=7086"]}]},{"@type":"ImageObject","inLanguage":"pt-BR","@id":"https:\/\/revistaautobus.com.br\/?p=7086#primaryimage","url":"https:\/\/revistaautobus.com.br\/wp-content\/uploads\/2022\/08\/IMG-20220819-WA0093.jpg","contentUrl":"https:\/\/revistaautobus.com.br\/wp-content\/uploads\/2022\/08\/IMG-20220819-WA0093.jpg","width":1000,"height":666},{"@type":"BreadcrumbList","@id":"https:\/\/revistaautobus.com.br\/?p=7086#breadcrumb","itemListElement":[{"@type":"ListItem","position":1,"name":"In\u00edcio","item":"https:\/\/revistaautobus.com.br\/"},{"@type":"ListItem","position":2,"name":"Tr\u00eas d\u00e9cadas de um conceito de sucesso"}]},{"@type":"WebSite","@id":"https:\/\/revistaautobus.com.br\/#website","url":"https:\/\/revistaautobus.com.br\/","name":"Revista AutoBus","description":"","publisher":{"@id":"https:\/\/revistaautobus.com.br\/#organization"},"potentialAction":[{"@type":"SearchAction","target":{"@type":"EntryPoint","urlTemplate":"https:\/\/revistaautobus.com.br\/?s={search_term_string}"},"query-input":{"@type":"PropertyValueSpecification","valueRequired":true,"valueName":"search_term_string"}}],"inLanguage":"pt-BR"},{"@type":"Organization","@id":"https:\/\/revistaautobus.com.br\/#organization","name":"Revista AutoBus","url":"https:\/\/revistaautobus.com.br\/","logo":{"@type":"ImageObject","inLanguage":"pt-BR","@id":"https:\/\/revistaautobus.com.br\/#\/schema\/logo\/image\/","url":"https:\/\/revistaautobus.com.br\/wp-content\/uploads\/2024\/11\/logo_revista_autobus_fb.png","contentUrl":"https:\/\/revistaautobus.com.br\/wp-content\/uploads\/2024\/11\/logo_revista_autobus_fb.png","width":836,"height":227,"caption":"Revista AutoBus"},"image":{"@id":"https:\/\/revistaautobus.com.br\/#\/schema\/logo\/image\/"},"sameAs":["https:\/\/www.facebook.com\/antonio.ferro.3150","https:\/\/www.instagram.com\/revistaautobus\/"]},{"@type":"Person","@id":"https:\/\/revistaautobus.com.br\/#\/schema\/person\/54af7c3eb83a310e42ef686ef6d16f50","name":"Antonio Ferro","image":{"@type":"ImageObject","inLanguage":"pt-BR","@id":"https:\/\/revistaautobus.com.br\/wp-content\/uploads\/2025\/12\/editor_antonio_ferro-150x150.jpg","url":"https:\/\/revistaautobus.com.br\/wp-content\/uploads\/2025\/12\/editor_antonio_ferro-150x150.jpg","contentUrl":"https:\/\/revistaautobus.com.br\/wp-content\/uploads\/2025\/12\/editor_antonio_ferro-150x150.jpg","caption":"Antonio Ferro"},"description":"infobus@uol.com.br","url":"https:\/\/revistaautobus.com.br\/?author=2"}]}},"jetpack_featured_media_url":"https:\/\/revistaautobus.com.br\/wp-content\/uploads\/2022\/08\/IMG-20220819-WA0093.jpg","jetpack_sharing_enabled":true,"_links":{"self":[{"href":"https:\/\/revistaautobus.com.br\/index.php?rest_route=\/wp\/v2\/posts\/7086","targetHints":{"allow":["GET"]}}],"collection":[{"href":"https:\/\/revistaautobus.com.br\/index.php?rest_route=\/wp\/v2\/posts"}],"about":[{"href":"https:\/\/revistaautobus.com.br\/index.php?rest_route=\/wp\/v2\/types\/post"}],"author":[{"embeddable":true,"href":"https:\/\/revistaautobus.com.br\/index.php?rest_route=\/wp\/v2\/users\/2"}],"replies":[{"embeddable":true,"href":"https:\/\/revistaautobus.com.br\/index.php?rest_route=%2Fwp%2Fv2%2Fcomments&post=7086"}],"version-history":[{"count":2,"href":"https:\/\/revistaautobus.com.br\/index.php?rest_route=\/wp\/v2\/posts\/7086\/revisions"}],"predecessor-version":[{"id":7095,"href":"https:\/\/revistaautobus.com.br\/index.php?rest_route=\/wp\/v2\/posts\/7086\/revisions\/7095"}],"wp:featuredmedia":[{"embeddable":true,"href":"https:\/\/revistaautobus.com.br\/index.php?rest_route=\/wp\/v2\/media\/7087"}],"wp:attachment":[{"href":"https:\/\/revistaautobus.com.br\/index.php?rest_route=%2Fwp%2Fv2%2Fmedia&parent=7086"}],"wp:term":[{"taxonomy":"category","embeddable":true,"href":"https:\/\/revistaautobus.com.br\/index.php?rest_route=%2Fwp%2Fv2%2Fcategories&post=7086"},{"taxonomy":"post_tag","embeddable":true,"href":"https:\/\/revistaautobus.com.br\/index.php?rest_route=%2Fwp%2Fv2%2Ftags&post=7086"}],"curies":[{"name":"wp","href":"https:\/\/api.w.org\/{rel}","templated":true}]}}