{"id":7097,"date":"2022-08-23T08:36:12","date_gmt":"2022-08-23T11:36:12","guid":{"rendered":"https:\/\/revistaautobus.com.br\/?p=7097"},"modified":"2022-08-23T08:36:15","modified_gmt":"2022-08-23T11:36:15","slug":"cidade-paranaense-realiza-conferencia-de-transporte","status":"publish","type":"post","link":"https:\/\/revistaautobus.com.br\/?p=7097","title":{"rendered":"Cidade paranaense realiza confer\u00eancia de transporte"},"content":{"rendered":"\n<p>A cidade de S\u00e3o Jos\u00e9 dos Pinhais, localizada na \u00e1rea metropolitana de Curitiba, PR, promoveu a I Confer\u00eancia Municipal de Transporte Coletivo de Passageiros, convertendo-se em um espa\u00e7o democr\u00e1tico, em que a sociedade civil, setor privado e governo municipal estiveram presentes para discutir e apresentar diretrizes e\/ou propostas que subsidiem melhorias no sistema local de transporte.<\/p>\n\n\n\n<p>Segundo informa\u00e7\u00f5es, os objetivos espec\u00edficos da Confer\u00eancia foram a promo\u00e7\u00e3o da participa\u00e7\u00e3o da comunidade e dos delegados na forma\u00e7\u00e3o de decis\u00f5es relevantes acerca de pol\u00edticas regulat\u00f3rias de transporte coletivo urbano local; a elabora\u00e7\u00e3o de proposi\u00e7\u00f5es acerca de pol\u00edticas regulat\u00f3rias de transporte coletivo para an\u00e1lise pelo Poder Executivo; e a apresenta\u00e7\u00e3o de propostas de melhorias na mobilidade, na seguran\u00e7a e na acessibilidade dos passageiros ao sistema.<\/p>\n\n\n\n<p>De acordo com o secret\u00e1rio de Urbanismo, Transporte e Tr\u00e2nsito de S\u00e3o Jos\u00e9 dos Pinhas, Lucas Grubba Pigatto, a mobilidade urbana pode ser definida como a maneira das pessoas transitarem nos espa\u00e7os urbanos, podendo ser ela de maneira individual (a p\u00e9, motocicletas e\/ou autom\u00f3veis) ou coletiva (\u00f4nibus, trens, etc.). \u201cA mobilidade urbana bem planejada, com sistemas integrados e sustent\u00e1veis, garante o acesso dos cidad\u00e3os \u00e0s cidades e proporcionam qualidade de vida e desenvolvimento econ\u00f4mico. A Pol\u00edtica Nacional de Mobilidade Urbana (PNMU) instituiu um conjunto de princ\u00edpios, diretrizes e normas que norteiam a a\u00e7\u00e3o do Poder P\u00fablico e da sociedade em geral, na produ\u00e7\u00e3o e na gest\u00e3o das cidades\u201d, explicou ele.<\/p>\n\n\n\n<figure class=\"wp-block-image alignright size-full is-resized\"><img loading=\"lazy\" decoding=\"async\" src=\"https:\/\/revistaautobus.com.br\/wp-content\/uploads\/2022\/08\/IMG-20220822-WA0037.jpg\" alt=\"\" class=\"wp-image-7099\" width=\"455\" height=\"303\" srcset=\"https:\/\/revistaautobus.com.br\/wp-content\/uploads\/2022\/08\/IMG-20220822-WA0037.jpg 900w, https:\/\/revistaautobus.com.br\/wp-content\/uploads\/2022\/08\/IMG-20220822-WA0037-300x200.jpg 300w, https:\/\/revistaautobus.com.br\/wp-content\/uploads\/2022\/08\/IMG-20220822-WA0037-768x512.jpg 768w\" sizes=\"(max-width: 455px) 100vw, 455px\" \/><\/figure>\n\n\n\n<p>No contexto da import\u00e2ncia do \u00f4nibus na estrutura da cidade, Pigatto disse que uma das qualidades do transporte por \u00f4nibus \u00e9 sua facilidade de atender aos mais diversos locais que geram demanda, al\u00e9m de sua capacidade de rapidamente adaptar-se \u00e0s inevit\u00e1veis altera\u00e7\u00f5es que ocorrem em nossas cidades, especialmente naquelas ainda em crescimento. \u201cUtilizando ve\u00edculos rodovi\u00e1rios comuns, os sistemas podem circular em qualquer rua da cidade. Essa capacidade, paradoxalmente, se torna vulnerabilidade, pois todos os outros ve\u00edculos privados ou n\u00e3o tamb\u00e9m fazem uso da mesma infraestrutura, constituindo-se em obst\u00e1culos ao transporte p\u00fablico. Por ser essencial, o servi\u00e7o de transporte coletivo n\u00e3o pode apresentar descontinuidade, devendo ser prestado de forma a oferecer melhor atendimento \u00e0 popula\u00e7\u00e3o com conforto, fluidez e seguran\u00e7a\u201d, ressaltou.<\/p>\n\n\n\n<p>Os terminais e pontos de parada est\u00e3o bastante relacionados ao conforto e seguran\u00e7a do usu\u00e1rio, sendo importante que esses locais tenham estrutura adequada. Ainda, podem possuir informa\u00e7\u00f5es que facilitem o deslocamento dos usu\u00e1rios, como os servi\u00e7os que atendem aquele local.<\/p>\n\n\n\n<p>A regularidade dos servi\u00e7os \u00e9 um dos atributos de qualidade muito valorizado pelo usu\u00e1rio. Sabendo exatamente os hor\u00e1rios dos \u00f4nibus, o passageiro pode organizar melhor sua viagem e confiar na presta\u00e7\u00e3o do servi\u00e7o. Nesse aspecto, os recentes aplicativos criados para os usu\u00e1rios de transporte coletivo v\u00eam sendo muito \u00fateis, permitindo que essas informa\u00e7\u00f5es sejam acessadas por todos.<\/p>\n\n\n\n<p>O secret\u00e1rio tamb\u00e9m disse que a inclus\u00e3o dos cidad\u00e3os no di\u00e1logo pol\u00edtico tem sido uma agenda crescente de gestores p\u00fablicos, que reconheceram a import\u00e2ncia do interesse coletivo em alcan\u00e7ar uma gest\u00e3o mais democr\u00e1tica e colaborativa. \u201cO transporte coletivo, por\u00e9m, n\u00e3o \u00e9 totalmente conhecido e compreendido pela sociedade. Informa\u00e7\u00f5es referentes ao processo de concess\u00e3o, isen\u00e7\u00e3o de tarifas, etapas do planejamento e vantagens da prioriza\u00e7\u00e3o do transporte s\u00e3o desconhecidas por parte da popula\u00e7\u00e3o\u201d, observou. Para ele, a\u00e7\u00f5es integradas de comunica\u00e7\u00e3o e conscientiza\u00e7\u00e3o s\u00e3o essenciais para aumentar a participa\u00e7\u00e3o popular, podendo ser elas a melhoria dos canais de comunica\u00e7\u00e3o; a realiza\u00e7\u00e3o de pesquisas com os usu\u00e1rios; a realiza\u00e7\u00e3o de campanhas e a\u00e7\u00f5es que expliquem o transporte coletivo; e a promo\u00e7\u00e3o de estruturas adequadas de divulga\u00e7\u00e3o de informa\u00e7\u00f5es.<\/p>\n\n\n\n<p>Imagens &#8211; Ronaldo dos Santos<\/p>\n","protected":false},"excerpt":{"rendered":"<p>A Confer\u00eancia quis estimular a participa\u00e7\u00e3o da comunidade e dos delegados na forma\u00e7\u00e3o de decis\u00f5es relevantes acerca de pol\u00edticas regulat\u00f3rias de transporte coletivo urbano local<\/p>\n","protected":false},"author":2,"featured_media":7098,"comment_status":"open","ping_status":"open","sticky":false,"template":"","format":"standard","meta":{"_et_pb_use_builder":"off","_et_pb_old_content":"","_et_gb_content_width":"","_jetpack_memberships_contains_paid_content":false,"footnotes":""},"categories":[90],"tags":[175],"class_list":["post-7097","post","type-post","status-publish","format-standard","has-post-thumbnail","hentry","category-noticias","tag-transporte-urbano","et-has-post-format-content","et_post_format-et-post-format-standard"],"yoast_head":"<!-- This site is optimized with the Yoast SEO plugin v27.2 - https:\/\/yoast.com\/product\/yoast-seo-wordpress\/ -->\n<title>Cidade paranaense realiza confer\u00eancia de transporte - Revista AutoBus<\/title>\n<meta name=\"robots\" content=\"index, follow, max-snippet:-1, max-image-preview:large, max-video-preview:-1\" \/>\n<link rel=\"canonical\" href=\"https:\/\/revistaautobus.com.br\/?p=7097\" \/>\n<meta property=\"og:locale\" content=\"pt_BR\" \/>\n<meta property=\"og:type\" content=\"article\" \/>\n<meta property=\"og:title\" content=\"Cidade paranaense realiza confer\u00eancia de transporte - Revista AutoBus\" \/>\n<meta property=\"og:description\" content=\"A Confer\u00eancia quis estimular a participa\u00e7\u00e3o da comunidade e dos delegados na forma\u00e7\u00e3o de decis\u00f5es relevantes acerca de pol\u00edticas regulat\u00f3rias de transporte coletivo urbano local\" \/>\n<meta property=\"og:url\" content=\"https:\/\/revistaautobus.com.br\/?p=7097\" \/>\n<meta property=\"og:site_name\" content=\"Revista AutoBus\" \/>\n<meta property=\"article:publisher\" content=\"https:\/\/www.facebook.com\/antonio.ferro.3150\" \/>\n<meta property=\"article:published_time\" content=\"2022-08-23T11:36:12+00:00\" \/>\n<meta property=\"article:modified_time\" content=\"2022-08-23T11:36:15+00:00\" \/>\n<meta property=\"og:image\" content=\"https:\/\/revistaautobus.com.br\/wp-content\/uploads\/2022\/08\/IMG-20220822-WA0039.jpg\" \/>\n\t<meta property=\"og:image:width\" content=\"1296\" \/>\n\t<meta property=\"og:image:height\" content=\"864\" \/>\n\t<meta property=\"og:image:type\" content=\"image\/jpeg\" \/>\n<meta name=\"author\" content=\"Antonio Ferro\" \/>\n<meta name=\"twitter:card\" content=\"summary_large_image\" \/>\n<meta name=\"twitter:label1\" content=\"Escrito por\" \/>\n\t<meta name=\"twitter:data1\" content=\"Antonio Ferro\" \/>\n\t<meta name=\"twitter:label2\" content=\"Est. tempo de leitura\" \/>\n\t<meta name=\"twitter:data2\" content=\"3 minutos\" \/>\n<script type=\"application\/ld+json\" class=\"yoast-schema-graph\">{\"@context\":\"https:\/\/schema.org\",\"@graph\":[{\"@type\":\"Article\",\"@id\":\"https:\/\/revistaautobus.com.br\/?p=7097#article\",\"isPartOf\":{\"@id\":\"https:\/\/revistaautobus.com.br\/?p=7097\"},\"author\":{\"name\":\"Antonio Ferro\",\"@id\":\"https:\/\/revistaautobus.com.br\/#\/schema\/person\/54af7c3eb83a310e42ef686ef6d16f50\"},\"headline\":\"Cidade paranaense realiza confer\u00eancia de transporte\",\"datePublished\":\"2022-08-23T11:36:12+00:00\",\"dateModified\":\"2022-08-23T11:36:15+00:00\",\"mainEntityOfPage\":{\"@id\":\"https:\/\/revistaautobus.com.br\/?p=7097\"},\"wordCount\":677,\"commentCount\":0,\"publisher\":{\"@id\":\"https:\/\/revistaautobus.com.br\/#organization\"},\"image\":{\"@id\":\"https:\/\/revistaautobus.com.br\/?p=7097#primaryimage\"},\"thumbnailUrl\":\"https:\/\/revistaautobus.com.br\/wp-content\/uploads\/2022\/08\/IMG-20220822-WA0039.jpg\",\"keywords\":[\"Transporte urbano\"],\"articleSection\":[\"Not\u00edcias\"],\"inLanguage\":\"pt-BR\",\"potentialAction\":[{\"@type\":\"CommentAction\",\"name\":\"Comment\",\"target\":[\"https:\/\/revistaautobus.com.br\/?p=7097#respond\"]}]},{\"@type\":\"WebPage\",\"@id\":\"https:\/\/revistaautobus.com.br\/?p=7097\",\"url\":\"https:\/\/revistaautobus.com.br\/?p=7097\",\"name\":\"Cidade paranaense realiza confer\u00eancia de transporte - Revista AutoBus\",\"isPartOf\":{\"@id\":\"https:\/\/revistaautobus.com.br\/#website\"},\"primaryImageOfPage\":{\"@id\":\"https:\/\/revistaautobus.com.br\/?p=7097#primaryimage\"},\"image\":{\"@id\":\"https:\/\/revistaautobus.com.br\/?p=7097#primaryimage\"},\"thumbnailUrl\":\"https:\/\/revistaautobus.com.br\/wp-content\/uploads\/2022\/08\/IMG-20220822-WA0039.jpg\",\"datePublished\":\"2022-08-23T11:36:12+00:00\",\"dateModified\":\"2022-08-23T11:36:15+00:00\",\"breadcrumb\":{\"@id\":\"https:\/\/revistaautobus.com.br\/?p=7097#breadcrumb\"},\"inLanguage\":\"pt-BR\",\"potentialAction\":[{\"@type\":\"ReadAction\",\"target\":[\"https:\/\/revistaautobus.com.br\/?p=7097\"]}]},{\"@type\":\"ImageObject\",\"inLanguage\":\"pt-BR\",\"@id\":\"https:\/\/revistaautobus.com.br\/?p=7097#primaryimage\",\"url\":\"https:\/\/revistaautobus.com.br\/wp-content\/uploads\/2022\/08\/IMG-20220822-WA0039.jpg\",\"contentUrl\":\"https:\/\/revistaautobus.com.br\/wp-content\/uploads\/2022\/08\/IMG-20220822-WA0039.jpg\",\"width\":1296,\"height\":864},{\"@type\":\"BreadcrumbList\",\"@id\":\"https:\/\/revistaautobus.com.br\/?p=7097#breadcrumb\",\"itemListElement\":[{\"@type\":\"ListItem\",\"position\":1,\"name\":\"In\u00edcio\",\"item\":\"https:\/\/revistaautobus.com.br\/\"},{\"@type\":\"ListItem\",\"position\":2,\"name\":\"Cidade paranaense realiza confer\u00eancia de transporte\"}]},{\"@type\":\"WebSite\",\"@id\":\"https:\/\/revistaautobus.com.br\/#website\",\"url\":\"https:\/\/revistaautobus.com.br\/\",\"name\":\"Revista AutoBus\",\"description\":\"\",\"publisher\":{\"@id\":\"https:\/\/revistaautobus.com.br\/#organization\"},\"potentialAction\":[{\"@type\":\"SearchAction\",\"target\":{\"@type\":\"EntryPoint\",\"urlTemplate\":\"https:\/\/revistaautobus.com.br\/?s={search_term_string}\"},\"query-input\":{\"@type\":\"PropertyValueSpecification\",\"valueRequired\":true,\"valueName\":\"search_term_string\"}}],\"inLanguage\":\"pt-BR\"},{\"@type\":\"Organization\",\"@id\":\"https:\/\/revistaautobus.com.br\/#organization\",\"name\":\"Revista AutoBus\",\"url\":\"https:\/\/revistaautobus.com.br\/\",\"logo\":{\"@type\":\"ImageObject\",\"inLanguage\":\"pt-BR\",\"@id\":\"https:\/\/revistaautobus.com.br\/#\/schema\/logo\/image\/\",\"url\":\"https:\/\/revistaautobus.com.br\/wp-content\/uploads\/2024\/11\/logo_revista_autobus_fb.png\",\"contentUrl\":\"https:\/\/revistaautobus.com.br\/wp-content\/uploads\/2024\/11\/logo_revista_autobus_fb.png\",\"width\":836,\"height\":227,\"caption\":\"Revista AutoBus\"},\"image\":{\"@id\":\"https:\/\/revistaautobus.com.br\/#\/schema\/logo\/image\/\"},\"sameAs\":[\"https:\/\/www.facebook.com\/antonio.ferro.3150\",\"https:\/\/www.instagram.com\/revistaautobus\/\"]},{\"@type\":\"Person\",\"@id\":\"https:\/\/revistaautobus.com.br\/#\/schema\/person\/54af7c3eb83a310e42ef686ef6d16f50\",\"name\":\"Antonio Ferro\",\"image\":{\"@type\":\"ImageObject\",\"inLanguage\":\"pt-BR\",\"@id\":\"https:\/\/revistaautobus.com.br\/wp-content\/uploads\/2025\/12\/editor_antonio_ferro-150x150.jpg\",\"url\":\"https:\/\/revistaautobus.com.br\/wp-content\/uploads\/2025\/12\/editor_antonio_ferro-150x150.jpg\",\"contentUrl\":\"https:\/\/revistaautobus.com.br\/wp-content\/uploads\/2025\/12\/editor_antonio_ferro-150x150.jpg\",\"caption\":\"Antonio Ferro\"},\"description\":\"infobus@uol.com.br\",\"url\":\"https:\/\/revistaautobus.com.br\/?author=2\"}]}<\/script>\n<!-- \/ Yoast SEO plugin. -->","yoast_head_json":{"title":"Cidade paranaense realiza confer\u00eancia de transporte - Revista AutoBus","robots":{"index":"index","follow":"follow","max-snippet":"max-snippet:-1","max-image-preview":"max-image-preview:large","max-video-preview":"max-video-preview:-1"},"canonical":"https:\/\/revistaautobus.com.br\/?p=7097","og_locale":"pt_BR","og_type":"article","og_title":"Cidade paranaense realiza confer\u00eancia de transporte - Revista AutoBus","og_description":"A Confer\u00eancia quis estimular a participa\u00e7\u00e3o da comunidade e dos delegados na forma\u00e7\u00e3o de decis\u00f5es relevantes acerca de pol\u00edticas regulat\u00f3rias de transporte coletivo urbano local","og_url":"https:\/\/revistaautobus.com.br\/?p=7097","og_site_name":"Revista AutoBus","article_publisher":"https:\/\/www.facebook.com\/antonio.ferro.3150","article_published_time":"2022-08-23T11:36:12+00:00","article_modified_time":"2022-08-23T11:36:15+00:00","og_image":[{"width":1296,"height":864,"url":"https:\/\/revistaautobus.com.br\/wp-content\/uploads\/2022\/08\/IMG-20220822-WA0039.jpg","type":"image\/jpeg"}],"author":"Antonio Ferro","twitter_card":"summary_large_image","twitter_misc":{"Escrito por":"Antonio Ferro","Est. tempo de leitura":"3 minutos"},"schema":{"@context":"https:\/\/schema.org","@graph":[{"@type":"Article","@id":"https:\/\/revistaautobus.com.br\/?p=7097#article","isPartOf":{"@id":"https:\/\/revistaautobus.com.br\/?p=7097"},"author":{"name":"Antonio Ferro","@id":"https:\/\/revistaautobus.com.br\/#\/schema\/person\/54af7c3eb83a310e42ef686ef6d16f50"},"headline":"Cidade paranaense realiza confer\u00eancia de transporte","datePublished":"2022-08-23T11:36:12+00:00","dateModified":"2022-08-23T11:36:15+00:00","mainEntityOfPage":{"@id":"https:\/\/revistaautobus.com.br\/?p=7097"},"wordCount":677,"commentCount":0,"publisher":{"@id":"https:\/\/revistaautobus.com.br\/#organization"},"image":{"@id":"https:\/\/revistaautobus.com.br\/?p=7097#primaryimage"},"thumbnailUrl":"https:\/\/revistaautobus.com.br\/wp-content\/uploads\/2022\/08\/IMG-20220822-WA0039.jpg","keywords":["Transporte urbano"],"articleSection":["Not\u00edcias"],"inLanguage":"pt-BR","potentialAction":[{"@type":"CommentAction","name":"Comment","target":["https:\/\/revistaautobus.com.br\/?p=7097#respond"]}]},{"@type":"WebPage","@id":"https:\/\/revistaautobus.com.br\/?p=7097","url":"https:\/\/revistaautobus.com.br\/?p=7097","name":"Cidade paranaense realiza confer\u00eancia de transporte - Revista AutoBus","isPartOf":{"@id":"https:\/\/revistaautobus.com.br\/#website"},"primaryImageOfPage":{"@id":"https:\/\/revistaautobus.com.br\/?p=7097#primaryimage"},"image":{"@id":"https:\/\/revistaautobus.com.br\/?p=7097#primaryimage"},"thumbnailUrl":"https:\/\/revistaautobus.com.br\/wp-content\/uploads\/2022\/08\/IMG-20220822-WA0039.jpg","datePublished":"2022-08-23T11:36:12+00:00","dateModified":"2022-08-23T11:36:15+00:00","breadcrumb":{"@id":"https:\/\/revistaautobus.com.br\/?p=7097#breadcrumb"},"inLanguage":"pt-BR","potentialAction":[{"@type":"ReadAction","target":["https:\/\/revistaautobus.com.br\/?p=7097"]}]},{"@type":"ImageObject","inLanguage":"pt-BR","@id":"https:\/\/revistaautobus.com.br\/?p=7097#primaryimage","url":"https:\/\/revistaautobus.com.br\/wp-content\/uploads\/2022\/08\/IMG-20220822-WA0039.jpg","contentUrl":"https:\/\/revistaautobus.com.br\/wp-content\/uploads\/2022\/08\/IMG-20220822-WA0039.jpg","width":1296,"height":864},{"@type":"BreadcrumbList","@id":"https:\/\/revistaautobus.com.br\/?p=7097#breadcrumb","itemListElement":[{"@type":"ListItem","position":1,"name":"In\u00edcio","item":"https:\/\/revistaautobus.com.br\/"},{"@type":"ListItem","position":2,"name":"Cidade paranaense realiza confer\u00eancia de transporte"}]},{"@type":"WebSite","@id":"https:\/\/revistaautobus.com.br\/#website","url":"https:\/\/revistaautobus.com.br\/","name":"Revista AutoBus","description":"","publisher":{"@id":"https:\/\/revistaautobus.com.br\/#organization"},"potentialAction":[{"@type":"SearchAction","target":{"@type":"EntryPoint","urlTemplate":"https:\/\/revistaautobus.com.br\/?s={search_term_string}"},"query-input":{"@type":"PropertyValueSpecification","valueRequired":true,"valueName":"search_term_string"}}],"inLanguage":"pt-BR"},{"@type":"Organization","@id":"https:\/\/revistaautobus.com.br\/#organization","name":"Revista AutoBus","url":"https:\/\/revistaautobus.com.br\/","logo":{"@type":"ImageObject","inLanguage":"pt-BR","@id":"https:\/\/revistaautobus.com.br\/#\/schema\/logo\/image\/","url":"https:\/\/revistaautobus.com.br\/wp-content\/uploads\/2024\/11\/logo_revista_autobus_fb.png","contentUrl":"https:\/\/revistaautobus.com.br\/wp-content\/uploads\/2024\/11\/logo_revista_autobus_fb.png","width":836,"height":227,"caption":"Revista AutoBus"},"image":{"@id":"https:\/\/revistaautobus.com.br\/#\/schema\/logo\/image\/"},"sameAs":["https:\/\/www.facebook.com\/antonio.ferro.3150","https:\/\/www.instagram.com\/revistaautobus\/"]},{"@type":"Person","@id":"https:\/\/revistaautobus.com.br\/#\/schema\/person\/54af7c3eb83a310e42ef686ef6d16f50","name":"Antonio Ferro","image":{"@type":"ImageObject","inLanguage":"pt-BR","@id":"https:\/\/revistaautobus.com.br\/wp-content\/uploads\/2025\/12\/editor_antonio_ferro-150x150.jpg","url":"https:\/\/revistaautobus.com.br\/wp-content\/uploads\/2025\/12\/editor_antonio_ferro-150x150.jpg","contentUrl":"https:\/\/revistaautobus.com.br\/wp-content\/uploads\/2025\/12\/editor_antonio_ferro-150x150.jpg","caption":"Antonio Ferro"},"description":"infobus@uol.com.br","url":"https:\/\/revistaautobus.com.br\/?author=2"}]}},"jetpack_featured_media_url":"https:\/\/revistaautobus.com.br\/wp-content\/uploads\/2022\/08\/IMG-20220822-WA0039.jpg","jetpack_sharing_enabled":true,"_links":{"self":[{"href":"https:\/\/revistaautobus.com.br\/index.php?rest_route=\/wp\/v2\/posts\/7097","targetHints":{"allow":["GET"]}}],"collection":[{"href":"https:\/\/revistaautobus.com.br\/index.php?rest_route=\/wp\/v2\/posts"}],"about":[{"href":"https:\/\/revistaautobus.com.br\/index.php?rest_route=\/wp\/v2\/types\/post"}],"author":[{"embeddable":true,"href":"https:\/\/revistaautobus.com.br\/index.php?rest_route=\/wp\/v2\/users\/2"}],"replies":[{"embeddable":true,"href":"https:\/\/revistaautobus.com.br\/index.php?rest_route=%2Fwp%2Fv2%2Fcomments&post=7097"}],"version-history":[{"count":2,"href":"https:\/\/revistaautobus.com.br\/index.php?rest_route=\/wp\/v2\/posts\/7097\/revisions"}],"predecessor-version":[{"id":7101,"href":"https:\/\/revistaautobus.com.br\/index.php?rest_route=\/wp\/v2\/posts\/7097\/revisions\/7101"}],"wp:featuredmedia":[{"embeddable":true,"href":"https:\/\/revistaautobus.com.br\/index.php?rest_route=\/wp\/v2\/media\/7098"}],"wp:attachment":[{"href":"https:\/\/revistaautobus.com.br\/index.php?rest_route=%2Fwp%2Fv2%2Fmedia&parent=7097"}],"wp:term":[{"taxonomy":"category","embeddable":true,"href":"https:\/\/revistaautobus.com.br\/index.php?rest_route=%2Fwp%2Fv2%2Fcategories&post=7097"},{"taxonomy":"post_tag","embeddable":true,"href":"https:\/\/revistaautobus.com.br\/index.php?rest_route=%2Fwp%2Fv2%2Ftags&post=7097"}],"curies":[{"name":"wp","href":"https:\/\/api.w.org\/{rel}","templated":true}]}}