{"id":7191,"date":"2022-09-02T12:41:01","date_gmt":"2022-09-02T15:41:01","guid":{"rendered":"https:\/\/revistaautobus.com.br\/?p=7191"},"modified":"2022-09-02T12:41:03","modified_gmt":"2022-09-02T15:41:03","slug":"transmissao-automatica-e-destaque-no-sul","status":"publish","type":"post","link":"https:\/\/revistaautobus.com.br\/?p=7191","title":{"rendered":"Transmiss\u00e3o autom\u00e1tica \u00e9 destaque no Sul"},"content":{"rendered":"\n<p>A tecnologia, quando bem usada, promove efici\u00eancia e rentabilidade. Veja o caso da operadora urbana ga\u00facha Via\u00e7\u00e3o Teres\u00f3polis Cavalhada Ltda. (VTC), que fez sua primeira experi\u00eancia com as transmiss\u00f5es totalmente autom\u00e1ticas Allison ao adquirir dois chassis Mercedes-Benz OF 1721 L. Visando a avalia\u00e7\u00e3o t\u00e9cnica, a empresa informou que ficou satisfeita com o desempenho dos ve\u00edculos.<\/p>\n\n\n\n<p>Os \u00f4nibus est\u00e3o com a transportadora desde 2019, mas por causa da pandemia acabaram ficando parados por muito tempo e somente entraram em atividade no ano passado. Marcelo Andreidis Scheffel, gerente de Manuten\u00e7\u00e3o da empresa, comentou que a frota circula por percursos extremamente acidentados, onde o <em>powertrain<\/em> desses ve\u00edculos s\u00e3o intensamente exigidos. \u201cAs linhas urbanas com relevo mais complicado da grande Porto Alegre est\u00e3o exatamente na zona sul, nossa \u00e1rea de atua\u00e7\u00e3o. Os \u00f4nibus equipados com as transmiss\u00f5es Allison tem consumo de combust\u00edvel semelhante e, em v\u00e1rios momentos, bem melhor que o dos nossos modelos com transmiss\u00e3o manual\u201d, ressaltou.<\/p>\n\n\n\n<p>Ainda, segundo a transportadora, a praticidade e a facilidade de opera\u00e7\u00e3o s\u00e3o dois pontos interessantes presentes na tecnologia. Os dois \u00f4nibus com transmiss\u00e3o autom\u00e1tica foram designados para quatro motoristas, dois para cada ve\u00edculo, que passaram a trabalhar de forma tranquila, sem estresse, relatando que as mudan\u00e7as de marchas s\u00e3o sempre feitas de forma eficiente, mesmo nas subidas mais \u00edngremes. Eles tamb\u00e9m sentiram a redu\u00e7\u00e3o do desgaste f\u00edsico pela aus\u00eancia da necessidade de pisar centenas de vezes no pedal da embreagem e de trocar as marchas manualmente. \u201cEstamos gostando muito da baixa manuten\u00e7\u00e3o dos ve\u00edculos. Por meio da seletora de marchas podemos observar a necessidade da troca do \u00f3leo lubrificante e, muitas vezes, constatar que esse momento ainda est\u00e1 longe\u201d, observou Scheffel.<\/p>\n\n\n\n<p>A Allison informou que, por meio dos comandos eletr\u00f4nicos da transmiss\u00e3o, a detec\u00e7\u00e3o de qualquer imprecis\u00e3o operacional \u00e9 exibida por um c\u00f3digo de falha no visor digital na seletora de marchas, sendo poss\u00edvel, ainda, ler o n\u00edvel de \u00f3leo da transmiss\u00e3o e saber o momento mais adequado para a sua substitui\u00e7\u00e3o.<\/p>\n\n\n\n<p>Imagem &#8211; Divulga\u00e7\u00e3o<\/p>\n","protected":false},"excerpt":{"rendered":"<p>O uso da tecnologia pode render muitos benef\u00edcios operacionais<\/p>\n","protected":false},"author":2,"featured_media":7192,"comment_status":"open","ping_status":"open","sticky":false,"template":"","format":"standard","meta":{"_et_pb_use_builder":"off","_et_pb_old_content":"","_et_gb_content_width":"","_jetpack_memberships_contains_paid_content":false,"footnotes":""},"categories":[73],"tags":[342,354],"class_list":["post-7191","post","type-post","status-publish","format-standard","has-post-thumbnail","hentry","category-tecnologia","tag-allison","tag-transmissao-automatica","et-has-post-format-content","et_post_format-et-post-format-standard"],"yoast_head":"<!-- This site is optimized with the Yoast SEO plugin v27.2 - https:\/\/yoast.com\/product\/yoast-seo-wordpress\/ -->\n<title>Transmiss\u00e3o autom\u00e1tica \u00e9 destaque no Sul - Revista AutoBus<\/title>\n<meta name=\"robots\" content=\"index, follow, max-snippet:-1, max-image-preview:large, max-video-preview:-1\" \/>\n<link rel=\"canonical\" href=\"https:\/\/revistaautobus.com.br\/?p=7191\" \/>\n<meta property=\"og:locale\" content=\"pt_BR\" \/>\n<meta property=\"og:type\" content=\"article\" \/>\n<meta property=\"og:title\" content=\"Transmiss\u00e3o autom\u00e1tica \u00e9 destaque no Sul - Revista AutoBus\" \/>\n<meta property=\"og:description\" content=\"O uso da tecnologia pode render muitos benef\u00edcios operacionais\" \/>\n<meta property=\"og:url\" content=\"https:\/\/revistaautobus.com.br\/?p=7191\" \/>\n<meta property=\"og:site_name\" content=\"Revista AutoBus\" \/>\n<meta property=\"article:publisher\" content=\"https:\/\/www.facebook.com\/antonio.ferro.3150\" \/>\n<meta property=\"article:published_time\" content=\"2022-09-02T15:41:01+00:00\" \/>\n<meta property=\"article:modified_time\" content=\"2022-09-02T15:41:03+00:00\" \/>\n<meta property=\"og:image\" content=\"https:\/\/revistaautobus.com.br\/wp-content\/uploads\/2022\/09\/Allison-automatica.jpg\" \/>\n\t<meta property=\"og:image:width\" content=\"1100\" \/>\n\t<meta property=\"og:image:height\" content=\"825\" \/>\n\t<meta property=\"og:image:type\" content=\"image\/jpeg\" \/>\n<meta name=\"author\" content=\"Antonio Ferro\" \/>\n<meta name=\"twitter:card\" content=\"summary_large_image\" \/>\n<meta name=\"twitter:label1\" content=\"Escrito por\" \/>\n\t<meta name=\"twitter:data1\" content=\"Antonio Ferro\" \/>\n\t<meta name=\"twitter:label2\" content=\"Est. tempo de leitura\" \/>\n\t<meta name=\"twitter:data2\" content=\"2 minutos\" \/>\n<script type=\"application\/ld+json\" class=\"yoast-schema-graph\">{\"@context\":\"https:\/\/schema.org\",\"@graph\":[{\"@type\":\"Article\",\"@id\":\"https:\/\/revistaautobus.com.br\/?p=7191#article\",\"isPartOf\":{\"@id\":\"https:\/\/revistaautobus.com.br\/?p=7191\"},\"author\":{\"name\":\"Antonio Ferro\",\"@id\":\"https:\/\/revistaautobus.com.br\/#\/schema\/person\/54af7c3eb83a310e42ef686ef6d16f50\"},\"headline\":\"Transmiss\u00e3o autom\u00e1tica \u00e9 destaque no Sul\",\"datePublished\":\"2022-09-02T15:41:01+00:00\",\"dateModified\":\"2022-09-02T15:41:03+00:00\",\"mainEntityOfPage\":{\"@id\":\"https:\/\/revistaautobus.com.br\/?p=7191\"},\"wordCount\":376,\"commentCount\":0,\"publisher\":{\"@id\":\"https:\/\/revistaautobus.com.br\/#organization\"},\"image\":{\"@id\":\"https:\/\/revistaautobus.com.br\/?p=7191#primaryimage\"},\"thumbnailUrl\":\"https:\/\/revistaautobus.com.br\/wp-content\/uploads\/2022\/09\/Allison-automatica.jpg\",\"keywords\":[\"Allison\",\"Transmiss\u00e3o autom\u00e1tica\"],\"articleSection\":[\"Tecnologia\"],\"inLanguage\":\"pt-BR\",\"potentialAction\":[{\"@type\":\"CommentAction\",\"name\":\"Comment\",\"target\":[\"https:\/\/revistaautobus.com.br\/?p=7191#respond\"]}]},{\"@type\":\"WebPage\",\"@id\":\"https:\/\/revistaautobus.com.br\/?p=7191\",\"url\":\"https:\/\/revistaautobus.com.br\/?p=7191\",\"name\":\"Transmiss\u00e3o autom\u00e1tica \u00e9 destaque no Sul - Revista AutoBus\",\"isPartOf\":{\"@id\":\"https:\/\/revistaautobus.com.br\/#website\"},\"primaryImageOfPage\":{\"@id\":\"https:\/\/revistaautobus.com.br\/?p=7191#primaryimage\"},\"image\":{\"@id\":\"https:\/\/revistaautobus.com.br\/?p=7191#primaryimage\"},\"thumbnailUrl\":\"https:\/\/revistaautobus.com.br\/wp-content\/uploads\/2022\/09\/Allison-automatica.jpg\",\"datePublished\":\"2022-09-02T15:41:01+00:00\",\"dateModified\":\"2022-09-02T15:41:03+00:00\",\"breadcrumb\":{\"@id\":\"https:\/\/revistaautobus.com.br\/?p=7191#breadcrumb\"},\"inLanguage\":\"pt-BR\",\"potentialAction\":[{\"@type\":\"ReadAction\",\"target\":[\"https:\/\/revistaautobus.com.br\/?p=7191\"]}]},{\"@type\":\"ImageObject\",\"inLanguage\":\"pt-BR\",\"@id\":\"https:\/\/revistaautobus.com.br\/?p=7191#primaryimage\",\"url\":\"https:\/\/revistaautobus.com.br\/wp-content\/uploads\/2022\/09\/Allison-automatica.jpg\",\"contentUrl\":\"https:\/\/revistaautobus.com.br\/wp-content\/uploads\/2022\/09\/Allison-automatica.jpg\",\"width\":1100,\"height\":825},{\"@type\":\"BreadcrumbList\",\"@id\":\"https:\/\/revistaautobus.com.br\/?p=7191#breadcrumb\",\"itemListElement\":[{\"@type\":\"ListItem\",\"position\":1,\"name\":\"In\u00edcio\",\"item\":\"https:\/\/revistaautobus.com.br\/\"},{\"@type\":\"ListItem\",\"position\":2,\"name\":\"Transmiss\u00e3o autom\u00e1tica \u00e9 destaque no Sul\"}]},{\"@type\":\"WebSite\",\"@id\":\"https:\/\/revistaautobus.com.br\/#website\",\"url\":\"https:\/\/revistaautobus.com.br\/\",\"name\":\"Revista AutoBus\",\"description\":\"\",\"publisher\":{\"@id\":\"https:\/\/revistaautobus.com.br\/#organization\"},\"potentialAction\":[{\"@type\":\"SearchAction\",\"target\":{\"@type\":\"EntryPoint\",\"urlTemplate\":\"https:\/\/revistaautobus.com.br\/?s={search_term_string}\"},\"query-input\":{\"@type\":\"PropertyValueSpecification\",\"valueRequired\":true,\"valueName\":\"search_term_string\"}}],\"inLanguage\":\"pt-BR\"},{\"@type\":\"Organization\",\"@id\":\"https:\/\/revistaautobus.com.br\/#organization\",\"name\":\"Revista AutoBus\",\"url\":\"https:\/\/revistaautobus.com.br\/\",\"logo\":{\"@type\":\"ImageObject\",\"inLanguage\":\"pt-BR\",\"@id\":\"https:\/\/revistaautobus.com.br\/#\/schema\/logo\/image\/\",\"url\":\"https:\/\/revistaautobus.com.br\/wp-content\/uploads\/2024\/11\/logo_revista_autobus_fb.png\",\"contentUrl\":\"https:\/\/revistaautobus.com.br\/wp-content\/uploads\/2024\/11\/logo_revista_autobus_fb.png\",\"width\":836,\"height\":227,\"caption\":\"Revista AutoBus\"},\"image\":{\"@id\":\"https:\/\/revistaautobus.com.br\/#\/schema\/logo\/image\/\"},\"sameAs\":[\"https:\/\/www.facebook.com\/antonio.ferro.3150\",\"https:\/\/www.instagram.com\/revistaautobus\/\"]},{\"@type\":\"Person\",\"@id\":\"https:\/\/revistaautobus.com.br\/#\/schema\/person\/54af7c3eb83a310e42ef686ef6d16f50\",\"name\":\"Antonio Ferro\",\"image\":{\"@type\":\"ImageObject\",\"inLanguage\":\"pt-BR\",\"@id\":\"https:\/\/revistaautobus.com.br\/wp-content\/uploads\/2025\/12\/editor_antonio_ferro-150x150.jpg\",\"url\":\"https:\/\/revistaautobus.com.br\/wp-content\/uploads\/2025\/12\/editor_antonio_ferro-150x150.jpg\",\"contentUrl\":\"https:\/\/revistaautobus.com.br\/wp-content\/uploads\/2025\/12\/editor_antonio_ferro-150x150.jpg\",\"caption\":\"Antonio Ferro\"},\"description\":\"infobus@uol.com.br\",\"url\":\"https:\/\/revistaautobus.com.br\/?author=2\"}]}<\/script>\n<!-- \/ Yoast SEO plugin. -->","yoast_head_json":{"title":"Transmiss\u00e3o autom\u00e1tica \u00e9 destaque no Sul - Revista AutoBus","robots":{"index":"index","follow":"follow","max-snippet":"max-snippet:-1","max-image-preview":"max-image-preview:large","max-video-preview":"max-video-preview:-1"},"canonical":"https:\/\/revistaautobus.com.br\/?p=7191","og_locale":"pt_BR","og_type":"article","og_title":"Transmiss\u00e3o autom\u00e1tica \u00e9 destaque no Sul - Revista AutoBus","og_description":"O uso da tecnologia pode render muitos benef\u00edcios operacionais","og_url":"https:\/\/revistaautobus.com.br\/?p=7191","og_site_name":"Revista AutoBus","article_publisher":"https:\/\/www.facebook.com\/antonio.ferro.3150","article_published_time":"2022-09-02T15:41:01+00:00","article_modified_time":"2022-09-02T15:41:03+00:00","og_image":[{"width":1100,"height":825,"url":"https:\/\/revistaautobus.com.br\/wp-content\/uploads\/2022\/09\/Allison-automatica.jpg","type":"image\/jpeg"}],"author":"Antonio Ferro","twitter_card":"summary_large_image","twitter_misc":{"Escrito por":"Antonio Ferro","Est. tempo de leitura":"2 minutos"},"schema":{"@context":"https:\/\/schema.org","@graph":[{"@type":"Article","@id":"https:\/\/revistaautobus.com.br\/?p=7191#article","isPartOf":{"@id":"https:\/\/revistaautobus.com.br\/?p=7191"},"author":{"name":"Antonio Ferro","@id":"https:\/\/revistaautobus.com.br\/#\/schema\/person\/54af7c3eb83a310e42ef686ef6d16f50"},"headline":"Transmiss\u00e3o autom\u00e1tica \u00e9 destaque no Sul","datePublished":"2022-09-02T15:41:01+00:00","dateModified":"2022-09-02T15:41:03+00:00","mainEntityOfPage":{"@id":"https:\/\/revistaautobus.com.br\/?p=7191"},"wordCount":376,"commentCount":0,"publisher":{"@id":"https:\/\/revistaautobus.com.br\/#organization"},"image":{"@id":"https:\/\/revistaautobus.com.br\/?p=7191#primaryimage"},"thumbnailUrl":"https:\/\/revistaautobus.com.br\/wp-content\/uploads\/2022\/09\/Allison-automatica.jpg","keywords":["Allison","Transmiss\u00e3o autom\u00e1tica"],"articleSection":["Tecnologia"],"inLanguage":"pt-BR","potentialAction":[{"@type":"CommentAction","name":"Comment","target":["https:\/\/revistaautobus.com.br\/?p=7191#respond"]}]},{"@type":"WebPage","@id":"https:\/\/revistaautobus.com.br\/?p=7191","url":"https:\/\/revistaautobus.com.br\/?p=7191","name":"Transmiss\u00e3o autom\u00e1tica \u00e9 destaque no Sul - Revista AutoBus","isPartOf":{"@id":"https:\/\/revistaautobus.com.br\/#website"},"primaryImageOfPage":{"@id":"https:\/\/revistaautobus.com.br\/?p=7191#primaryimage"},"image":{"@id":"https:\/\/revistaautobus.com.br\/?p=7191#primaryimage"},"thumbnailUrl":"https:\/\/revistaautobus.com.br\/wp-content\/uploads\/2022\/09\/Allison-automatica.jpg","datePublished":"2022-09-02T15:41:01+00:00","dateModified":"2022-09-02T15:41:03+00:00","breadcrumb":{"@id":"https:\/\/revistaautobus.com.br\/?p=7191#breadcrumb"},"inLanguage":"pt-BR","potentialAction":[{"@type":"ReadAction","target":["https:\/\/revistaautobus.com.br\/?p=7191"]}]},{"@type":"ImageObject","inLanguage":"pt-BR","@id":"https:\/\/revistaautobus.com.br\/?p=7191#primaryimage","url":"https:\/\/revistaautobus.com.br\/wp-content\/uploads\/2022\/09\/Allison-automatica.jpg","contentUrl":"https:\/\/revistaautobus.com.br\/wp-content\/uploads\/2022\/09\/Allison-automatica.jpg","width":1100,"height":825},{"@type":"BreadcrumbList","@id":"https:\/\/revistaautobus.com.br\/?p=7191#breadcrumb","itemListElement":[{"@type":"ListItem","position":1,"name":"In\u00edcio","item":"https:\/\/revistaautobus.com.br\/"},{"@type":"ListItem","position":2,"name":"Transmiss\u00e3o autom\u00e1tica \u00e9 destaque no Sul"}]},{"@type":"WebSite","@id":"https:\/\/revistaautobus.com.br\/#website","url":"https:\/\/revistaautobus.com.br\/","name":"Revista AutoBus","description":"","publisher":{"@id":"https:\/\/revistaautobus.com.br\/#organization"},"potentialAction":[{"@type":"SearchAction","target":{"@type":"EntryPoint","urlTemplate":"https:\/\/revistaautobus.com.br\/?s={search_term_string}"},"query-input":{"@type":"PropertyValueSpecification","valueRequired":true,"valueName":"search_term_string"}}],"inLanguage":"pt-BR"},{"@type":"Organization","@id":"https:\/\/revistaautobus.com.br\/#organization","name":"Revista AutoBus","url":"https:\/\/revistaautobus.com.br\/","logo":{"@type":"ImageObject","inLanguage":"pt-BR","@id":"https:\/\/revistaautobus.com.br\/#\/schema\/logo\/image\/","url":"https:\/\/revistaautobus.com.br\/wp-content\/uploads\/2024\/11\/logo_revista_autobus_fb.png","contentUrl":"https:\/\/revistaautobus.com.br\/wp-content\/uploads\/2024\/11\/logo_revista_autobus_fb.png","width":836,"height":227,"caption":"Revista AutoBus"},"image":{"@id":"https:\/\/revistaautobus.com.br\/#\/schema\/logo\/image\/"},"sameAs":["https:\/\/www.facebook.com\/antonio.ferro.3150","https:\/\/www.instagram.com\/revistaautobus\/"]},{"@type":"Person","@id":"https:\/\/revistaautobus.com.br\/#\/schema\/person\/54af7c3eb83a310e42ef686ef6d16f50","name":"Antonio Ferro","image":{"@type":"ImageObject","inLanguage":"pt-BR","@id":"https:\/\/revistaautobus.com.br\/wp-content\/uploads\/2025\/12\/editor_antonio_ferro-150x150.jpg","url":"https:\/\/revistaautobus.com.br\/wp-content\/uploads\/2025\/12\/editor_antonio_ferro-150x150.jpg","contentUrl":"https:\/\/revistaautobus.com.br\/wp-content\/uploads\/2025\/12\/editor_antonio_ferro-150x150.jpg","caption":"Antonio Ferro"},"description":"infobus@uol.com.br","url":"https:\/\/revistaautobus.com.br\/?author=2"}]}},"jetpack_featured_media_url":"https:\/\/revistaautobus.com.br\/wp-content\/uploads\/2022\/09\/Allison-automatica.jpg","jetpack_sharing_enabled":true,"_links":{"self":[{"href":"https:\/\/revistaautobus.com.br\/index.php?rest_route=\/wp\/v2\/posts\/7191","targetHints":{"allow":["GET"]}}],"collection":[{"href":"https:\/\/revistaautobus.com.br\/index.php?rest_route=\/wp\/v2\/posts"}],"about":[{"href":"https:\/\/revistaautobus.com.br\/index.php?rest_route=\/wp\/v2\/types\/post"}],"author":[{"embeddable":true,"href":"https:\/\/revistaautobus.com.br\/index.php?rest_route=\/wp\/v2\/users\/2"}],"replies":[{"embeddable":true,"href":"https:\/\/revistaautobus.com.br\/index.php?rest_route=%2Fwp%2Fv2%2Fcomments&post=7191"}],"version-history":[{"count":2,"href":"https:\/\/revistaautobus.com.br\/index.php?rest_route=\/wp\/v2\/posts\/7191\/revisions"}],"predecessor-version":[{"id":7194,"href":"https:\/\/revistaautobus.com.br\/index.php?rest_route=\/wp\/v2\/posts\/7191\/revisions\/7194"}],"wp:featuredmedia":[{"embeddable":true,"href":"https:\/\/revistaautobus.com.br\/index.php?rest_route=\/wp\/v2\/media\/7192"}],"wp:attachment":[{"href":"https:\/\/revistaautobus.com.br\/index.php?rest_route=%2Fwp%2Fv2%2Fmedia&parent=7191"}],"wp:term":[{"taxonomy":"category","embeddable":true,"href":"https:\/\/revistaautobus.com.br\/index.php?rest_route=%2Fwp%2Fv2%2Fcategories&post=7191"},{"taxonomy":"post_tag","embeddable":true,"href":"https:\/\/revistaautobus.com.br\/index.php?rest_route=%2Fwp%2Fv2%2Ftags&post=7191"}],"curies":[{"name":"wp","href":"https:\/\/api.w.org\/{rel}","templated":true}]}}