{"id":7412,"date":"2022-09-30T09:41:54","date_gmt":"2022-09-30T12:41:54","guid":{"rendered":"https:\/\/revistaautobus.com.br\/?p=7412"},"modified":"2022-09-30T09:41:56","modified_gmt":"2022-09-30T12:41:56","slug":"brt-carioca-tera-nova-frota-de-onibus","status":"publish","type":"post","link":"https:\/\/revistaautobus.com.br\/?p=7412","title":{"rendered":"BRT carioca ter\u00e1 nova frota de \u00f4nibus"},"content":{"rendered":"\n<p>A cidade do Rio de Janeiro conta, hoje, com tr\u00eas sistemas de BRT (Tr\u00e2nsito R\u00e1pido de \u00d4nibus), atendendo diversas regi\u00f5es. Contudo, tal modalidade tem sido alvo, nos \u00faltimos anos, de cr\u00edticas e falta de investimentos para a recupera\u00e7\u00e3o de sua imagem, degradada pela falta de valoriza\u00e7\u00e3o do poder p\u00fablico municipal.<\/p>\n\n\n\n<p>A prefeitura do Rio de Janeiro vem trabalhando, nos \u00faltimos tempos, para reafirmar essa import\u00e2ncia do modelo de transporte coletivo, assumindo a opera\u00e7\u00e3o dos corredores. &nbsp;Com o objetivo de acelerar a recupera\u00e7\u00e3o do BRT carioca, a Secretaria de Transportes (SMTR) realizou licita\u00e7\u00f5es em abril e maio de 2022 para a aquisi\u00e7\u00e3o de 291 novos ve\u00edculos para o sistema, sendo 220 articulados e 71 \u00f4nibus do tipo Padron.<\/p>\n\n\n\n<p>Nesse processo de renova\u00e7\u00e3o da frota, a encarro\u00e7adora ga\u00facha Marcopolo foi a vencedora para fornecer os 220 \u00f4nibus articulados, com carro\u00e7arias Torino Express, sobre chassis Mercedes-Benz (120 unidades) e Volvo (100 unidades). Os ve\u00edculos ter\u00e3o tr\u00eas vers\u00f5es em dimens\u00e3o \u2013 18 metros, 22 e 23 metros, com capacidade para transportar 181 passageiros (43 sentados e 138 em p\u00e9). Eles s\u00e3o equipados com tecnologias e itens para oferecer ainda mais conforto, seguran\u00e7a e comodidade para os passageiros, como sistema de comunica\u00e7\u00e3o do motorista com os passageiros com microfone da cabine (tipo o utilizado no metr\u00f4), cabine exclusiva ao condutor, aviso sonoro de fechamento das portas de embarque e desembarque, sistema de ilumina\u00e7\u00e3o diferenciada com cromoterapia no interior do ve\u00edculo, rampa de acesso junto \u00e0s portas de embarque para total acessibilidade e cabine segredada para motorista.<\/p>\n\n\n\n<figure class=\"wp-block-image alignright size-large is-resized\"><img loading=\"lazy\" decoding=\"async\" src=\"https:\/\/revistaautobus.com.br\/wp-content\/uploads\/2022\/09\/27092022-Marcopolo-BRT-RJ_4-683x1024.jpg\" alt=\"\" class=\"wp-image-7414\" width=\"416\" height=\"624\" srcset=\"https:\/\/revistaautobus.com.br\/wp-content\/uploads\/2022\/09\/27092022-Marcopolo-BRT-RJ_4-683x1024.jpg 683w, https:\/\/revistaautobus.com.br\/wp-content\/uploads\/2022\/09\/27092022-Marcopolo-BRT-RJ_4-200x300.jpg 200w, https:\/\/revistaautobus.com.br\/wp-content\/uploads\/2022\/09\/27092022-Marcopolo-BRT-RJ_4-768x1152.jpg 768w, https:\/\/revistaautobus.com.br\/wp-content\/uploads\/2022\/09\/27092022-Marcopolo-BRT-RJ_4-1024x1536.jpg 1024w, https:\/\/revistaautobus.com.br\/wp-content\/uploads\/2022\/09\/27092022-Marcopolo-BRT-RJ_4-1080x1620.jpg 1080w, https:\/\/revistaautobus.com.br\/wp-content\/uploads\/2022\/09\/27092022-Marcopolo-BRT-RJ_4.jpg 1100w\" sizes=\"(max-width: 416px) 100vw, 416px\" \/><\/figure>\n\n\n\n<p>De acordo com Ricardo Portolan, diretor de Opera\u00e7\u00f5es Comerciais e Marketing da Marcopolo, a empresa \u00e9 l\u00edder no fornecimento de ve\u00edculos para os mais importantes sistemas de mobilidade da Am\u00e9rica Latina. \u201cTemos muito orgulho em colaborar com a cont\u00ednua eleva\u00e7\u00e3o do transporte coletivo urbano de uma cidade t\u00e3o importante quanto o Rio de Janeiro. Os novos ve\u00edculos v\u00e3o proporcionar deslocamentos mais eficientes, confort\u00e1veis e seguros para a popula\u00e7\u00e3o\u201d, disse.<\/p>\n\n\n\n<p>H\u00e1, ainda nos novos \u00f4nibus, a presen\u00e7a de sistema de circuito fechado de TV que permite ao motorista visualizar no painel as imagens das c\u00e2meras internas. Ali\u00e1s, a seguran\u00e7a tem sido um aspecto negativo no modelo carioca de transporte, com muitos casos de vandalismo, nos \u00f4nibus e nas esta\u00e7\u00f5es de passageiros. O p\u00fablico do transporte local, em sua maioria formada por pessoas de bem que necessitam do sistema r\u00e1pido e c\u00f4modo, acaba sendo afetado por a\u00e7\u00f5es promovidas por agentes inconsequentes que n\u00e3o levam em considera\u00e7\u00e3o a import\u00e2ncia dos servi\u00e7os realizados pelo BRT. \u00a0<\/p>\n\n\n\n<p>Imagens &#8211; Beth Santos<\/p>\n","protected":false},"excerpt":{"rendered":"<p>Novos \u00f4nibus chegar\u00e3o para modernizar a frota do sistema de BRT do Rio de Janeiro<\/p>\n","protected":false},"author":2,"featured_media":7413,"comment_status":"open","ping_status":"open","sticky":false,"template":"","format":"standard","meta":{"_et_pb_use_builder":"off","_et_pb_old_content":"","_et_gb_content_width":"","_jetpack_memberships_contains_paid_content":false,"footnotes":""},"categories":[55,7],"tags":[390,84],"class_list":["post-7412","post","type-post","status-publish","format-standard","has-post-thumbnail","hentry","category-encarrocadora","category-mobilidade-urbana","tag-brt-carioca","tag-marcopolo","et-has-post-format-content","et_post_format-et-post-format-standard"],"yoast_head":"<!-- This site is optimized with the Yoast SEO plugin v27.2 - https:\/\/yoast.com\/product\/yoast-seo-wordpress\/ -->\n<title>BRT carioca ter\u00e1 nova frota de \u00f4nibus - Revista AutoBus<\/title>\n<meta name=\"robots\" content=\"index, follow, max-snippet:-1, max-image-preview:large, max-video-preview:-1\" \/>\n<link rel=\"canonical\" href=\"https:\/\/revistaautobus.com.br\/?p=7412\" \/>\n<meta property=\"og:locale\" content=\"pt_BR\" \/>\n<meta property=\"og:type\" content=\"article\" \/>\n<meta property=\"og:title\" content=\"BRT carioca ter\u00e1 nova frota de \u00f4nibus - Revista AutoBus\" \/>\n<meta property=\"og:description\" content=\"Novos \u00f4nibus chegar\u00e3o para modernizar a frota do sistema de BRT do Rio de Janeiro\" \/>\n<meta property=\"og:url\" content=\"https:\/\/revistaautobus.com.br\/?p=7412\" \/>\n<meta property=\"og:site_name\" content=\"Revista AutoBus\" \/>\n<meta property=\"article:publisher\" content=\"https:\/\/www.facebook.com\/antonio.ferro.3150\" \/>\n<meta property=\"article:published_time\" content=\"2022-09-30T12:41:54+00:00\" \/>\n<meta property=\"article:modified_time\" content=\"2022-09-30T12:41:56+00:00\" \/>\n<meta property=\"og:image\" content=\"https:\/\/revistaautobus.com.br\/wp-content\/uploads\/2022\/09\/27092022-Marcopolo-BRT-RJ_2.jpg\" \/>\n\t<meta property=\"og:image:width\" content=\"1099\" \/>\n\t<meta property=\"og:image:height\" content=\"956\" \/>\n\t<meta property=\"og:image:type\" content=\"image\/jpeg\" \/>\n<meta name=\"author\" content=\"Antonio Ferro\" \/>\n<meta name=\"twitter:card\" content=\"summary_large_image\" \/>\n<meta name=\"twitter:label1\" content=\"Escrito por\" \/>\n\t<meta name=\"twitter:data1\" content=\"Antonio Ferro\" \/>\n\t<meta name=\"twitter:label2\" content=\"Est. tempo de leitura\" \/>\n\t<meta name=\"twitter:data2\" content=\"2 minutos\" \/>\n<script type=\"application\/ld+json\" class=\"yoast-schema-graph\">{\"@context\":\"https:\/\/schema.org\",\"@graph\":[{\"@type\":\"Article\",\"@id\":\"https:\/\/revistaautobus.com.br\/?p=7412#article\",\"isPartOf\":{\"@id\":\"https:\/\/revistaautobus.com.br\/?p=7412\"},\"author\":{\"name\":\"Antonio Ferro\",\"@id\":\"https:\/\/revistaautobus.com.br\/#\/schema\/person\/54af7c3eb83a310e42ef686ef6d16f50\"},\"headline\":\"BRT carioca ter\u00e1 nova frota de \u00f4nibus\",\"datePublished\":\"2022-09-30T12:41:54+00:00\",\"dateModified\":\"2022-09-30T12:41:56+00:00\",\"mainEntityOfPage\":{\"@id\":\"https:\/\/revistaautobus.com.br\/?p=7412\"},\"wordCount\":461,\"commentCount\":0,\"publisher\":{\"@id\":\"https:\/\/revistaautobus.com.br\/#organization\"},\"image\":{\"@id\":\"https:\/\/revistaautobus.com.br\/?p=7412#primaryimage\"},\"thumbnailUrl\":\"https:\/\/revistaautobus.com.br\/wp-content\/uploads\/2022\/09\/27092022-Marcopolo-BRT-RJ_2.jpg\",\"keywords\":[\"BRT carioca\",\"Marcopolo\"],\"articleSection\":[\"Encarro\u00e7adora\",\"Mobilidade Urbana\"],\"inLanguage\":\"pt-BR\",\"potentialAction\":[{\"@type\":\"CommentAction\",\"name\":\"Comment\",\"target\":[\"https:\/\/revistaautobus.com.br\/?p=7412#respond\"]}]},{\"@type\":\"WebPage\",\"@id\":\"https:\/\/revistaautobus.com.br\/?p=7412\",\"url\":\"https:\/\/revistaautobus.com.br\/?p=7412\",\"name\":\"BRT carioca ter\u00e1 nova frota de \u00f4nibus - Revista AutoBus\",\"isPartOf\":{\"@id\":\"https:\/\/revistaautobus.com.br\/#website\"},\"primaryImageOfPage\":{\"@id\":\"https:\/\/revistaautobus.com.br\/?p=7412#primaryimage\"},\"image\":{\"@id\":\"https:\/\/revistaautobus.com.br\/?p=7412#primaryimage\"},\"thumbnailUrl\":\"https:\/\/revistaautobus.com.br\/wp-content\/uploads\/2022\/09\/27092022-Marcopolo-BRT-RJ_2.jpg\",\"datePublished\":\"2022-09-30T12:41:54+00:00\",\"dateModified\":\"2022-09-30T12:41:56+00:00\",\"breadcrumb\":{\"@id\":\"https:\/\/revistaautobus.com.br\/?p=7412#breadcrumb\"},\"inLanguage\":\"pt-BR\",\"potentialAction\":[{\"@type\":\"ReadAction\",\"target\":[\"https:\/\/revistaautobus.com.br\/?p=7412\"]}]},{\"@type\":\"ImageObject\",\"inLanguage\":\"pt-BR\",\"@id\":\"https:\/\/revistaautobus.com.br\/?p=7412#primaryimage\",\"url\":\"https:\/\/revistaautobus.com.br\/wp-content\/uploads\/2022\/09\/27092022-Marcopolo-BRT-RJ_2.jpg\",\"contentUrl\":\"https:\/\/revistaautobus.com.br\/wp-content\/uploads\/2022\/09\/27092022-Marcopolo-BRT-RJ_2.jpg\",\"width\":1099,\"height\":956},{\"@type\":\"BreadcrumbList\",\"@id\":\"https:\/\/revistaautobus.com.br\/?p=7412#breadcrumb\",\"itemListElement\":[{\"@type\":\"ListItem\",\"position\":1,\"name\":\"In\u00edcio\",\"item\":\"https:\/\/revistaautobus.com.br\/\"},{\"@type\":\"ListItem\",\"position\":2,\"name\":\"BRT carioca ter\u00e1 nova frota de \u00f4nibus\"}]},{\"@type\":\"WebSite\",\"@id\":\"https:\/\/revistaautobus.com.br\/#website\",\"url\":\"https:\/\/revistaautobus.com.br\/\",\"name\":\"Revista AutoBus\",\"description\":\"\",\"publisher\":{\"@id\":\"https:\/\/revistaautobus.com.br\/#organization\"},\"potentialAction\":[{\"@type\":\"SearchAction\",\"target\":{\"@type\":\"EntryPoint\",\"urlTemplate\":\"https:\/\/revistaautobus.com.br\/?s={search_term_string}\"},\"query-input\":{\"@type\":\"PropertyValueSpecification\",\"valueRequired\":true,\"valueName\":\"search_term_string\"}}],\"inLanguage\":\"pt-BR\"},{\"@type\":\"Organization\",\"@id\":\"https:\/\/revistaautobus.com.br\/#organization\",\"name\":\"Revista AutoBus\",\"url\":\"https:\/\/revistaautobus.com.br\/\",\"logo\":{\"@type\":\"ImageObject\",\"inLanguage\":\"pt-BR\",\"@id\":\"https:\/\/revistaautobus.com.br\/#\/schema\/logo\/image\/\",\"url\":\"https:\/\/revistaautobus.com.br\/wp-content\/uploads\/2024\/11\/logo_revista_autobus_fb.png\",\"contentUrl\":\"https:\/\/revistaautobus.com.br\/wp-content\/uploads\/2024\/11\/logo_revista_autobus_fb.png\",\"width\":836,\"height\":227,\"caption\":\"Revista AutoBus\"},\"image\":{\"@id\":\"https:\/\/revistaautobus.com.br\/#\/schema\/logo\/image\/\"},\"sameAs\":[\"https:\/\/www.facebook.com\/antonio.ferro.3150\",\"https:\/\/www.instagram.com\/revistaautobus\/\"]},{\"@type\":\"Person\",\"@id\":\"https:\/\/revistaautobus.com.br\/#\/schema\/person\/54af7c3eb83a310e42ef686ef6d16f50\",\"name\":\"Antonio Ferro\",\"image\":{\"@type\":\"ImageObject\",\"inLanguage\":\"pt-BR\",\"@id\":\"https:\/\/revistaautobus.com.br\/wp-content\/uploads\/2025\/12\/editor_antonio_ferro-150x150.jpg\",\"url\":\"https:\/\/revistaautobus.com.br\/wp-content\/uploads\/2025\/12\/editor_antonio_ferro-150x150.jpg\",\"contentUrl\":\"https:\/\/revistaautobus.com.br\/wp-content\/uploads\/2025\/12\/editor_antonio_ferro-150x150.jpg\",\"caption\":\"Antonio Ferro\"},\"description\":\"infobus@uol.com.br\",\"url\":\"https:\/\/revistaautobus.com.br\/?author=2\"}]}<\/script>\n<!-- \/ Yoast SEO plugin. -->","yoast_head_json":{"title":"BRT carioca ter\u00e1 nova frota de \u00f4nibus - Revista AutoBus","robots":{"index":"index","follow":"follow","max-snippet":"max-snippet:-1","max-image-preview":"max-image-preview:large","max-video-preview":"max-video-preview:-1"},"canonical":"https:\/\/revistaautobus.com.br\/?p=7412","og_locale":"pt_BR","og_type":"article","og_title":"BRT carioca ter\u00e1 nova frota de \u00f4nibus - Revista AutoBus","og_description":"Novos \u00f4nibus chegar\u00e3o para modernizar a frota do sistema de BRT do Rio de Janeiro","og_url":"https:\/\/revistaautobus.com.br\/?p=7412","og_site_name":"Revista AutoBus","article_publisher":"https:\/\/www.facebook.com\/antonio.ferro.3150","article_published_time":"2022-09-30T12:41:54+00:00","article_modified_time":"2022-09-30T12:41:56+00:00","og_image":[{"width":1099,"height":956,"url":"https:\/\/revistaautobus.com.br\/wp-content\/uploads\/2022\/09\/27092022-Marcopolo-BRT-RJ_2.jpg","type":"image\/jpeg"}],"author":"Antonio Ferro","twitter_card":"summary_large_image","twitter_misc":{"Escrito por":"Antonio Ferro","Est. tempo de leitura":"2 minutos"},"schema":{"@context":"https:\/\/schema.org","@graph":[{"@type":"Article","@id":"https:\/\/revistaautobus.com.br\/?p=7412#article","isPartOf":{"@id":"https:\/\/revistaautobus.com.br\/?p=7412"},"author":{"name":"Antonio Ferro","@id":"https:\/\/revistaautobus.com.br\/#\/schema\/person\/54af7c3eb83a310e42ef686ef6d16f50"},"headline":"BRT carioca ter\u00e1 nova frota de \u00f4nibus","datePublished":"2022-09-30T12:41:54+00:00","dateModified":"2022-09-30T12:41:56+00:00","mainEntityOfPage":{"@id":"https:\/\/revistaautobus.com.br\/?p=7412"},"wordCount":461,"commentCount":0,"publisher":{"@id":"https:\/\/revistaautobus.com.br\/#organization"},"image":{"@id":"https:\/\/revistaautobus.com.br\/?p=7412#primaryimage"},"thumbnailUrl":"https:\/\/revistaautobus.com.br\/wp-content\/uploads\/2022\/09\/27092022-Marcopolo-BRT-RJ_2.jpg","keywords":["BRT carioca","Marcopolo"],"articleSection":["Encarro\u00e7adora","Mobilidade Urbana"],"inLanguage":"pt-BR","potentialAction":[{"@type":"CommentAction","name":"Comment","target":["https:\/\/revistaautobus.com.br\/?p=7412#respond"]}]},{"@type":"WebPage","@id":"https:\/\/revistaautobus.com.br\/?p=7412","url":"https:\/\/revistaautobus.com.br\/?p=7412","name":"BRT carioca ter\u00e1 nova frota de \u00f4nibus - Revista AutoBus","isPartOf":{"@id":"https:\/\/revistaautobus.com.br\/#website"},"primaryImageOfPage":{"@id":"https:\/\/revistaautobus.com.br\/?p=7412#primaryimage"},"image":{"@id":"https:\/\/revistaautobus.com.br\/?p=7412#primaryimage"},"thumbnailUrl":"https:\/\/revistaautobus.com.br\/wp-content\/uploads\/2022\/09\/27092022-Marcopolo-BRT-RJ_2.jpg","datePublished":"2022-09-30T12:41:54+00:00","dateModified":"2022-09-30T12:41:56+00:00","breadcrumb":{"@id":"https:\/\/revistaautobus.com.br\/?p=7412#breadcrumb"},"inLanguage":"pt-BR","potentialAction":[{"@type":"ReadAction","target":["https:\/\/revistaautobus.com.br\/?p=7412"]}]},{"@type":"ImageObject","inLanguage":"pt-BR","@id":"https:\/\/revistaautobus.com.br\/?p=7412#primaryimage","url":"https:\/\/revistaautobus.com.br\/wp-content\/uploads\/2022\/09\/27092022-Marcopolo-BRT-RJ_2.jpg","contentUrl":"https:\/\/revistaautobus.com.br\/wp-content\/uploads\/2022\/09\/27092022-Marcopolo-BRT-RJ_2.jpg","width":1099,"height":956},{"@type":"BreadcrumbList","@id":"https:\/\/revistaautobus.com.br\/?p=7412#breadcrumb","itemListElement":[{"@type":"ListItem","position":1,"name":"In\u00edcio","item":"https:\/\/revistaautobus.com.br\/"},{"@type":"ListItem","position":2,"name":"BRT carioca ter\u00e1 nova frota de \u00f4nibus"}]},{"@type":"WebSite","@id":"https:\/\/revistaautobus.com.br\/#website","url":"https:\/\/revistaautobus.com.br\/","name":"Revista AutoBus","description":"","publisher":{"@id":"https:\/\/revistaautobus.com.br\/#organization"},"potentialAction":[{"@type":"SearchAction","target":{"@type":"EntryPoint","urlTemplate":"https:\/\/revistaautobus.com.br\/?s={search_term_string}"},"query-input":{"@type":"PropertyValueSpecification","valueRequired":true,"valueName":"search_term_string"}}],"inLanguage":"pt-BR"},{"@type":"Organization","@id":"https:\/\/revistaautobus.com.br\/#organization","name":"Revista AutoBus","url":"https:\/\/revistaautobus.com.br\/","logo":{"@type":"ImageObject","inLanguage":"pt-BR","@id":"https:\/\/revistaautobus.com.br\/#\/schema\/logo\/image\/","url":"https:\/\/revistaautobus.com.br\/wp-content\/uploads\/2024\/11\/logo_revista_autobus_fb.png","contentUrl":"https:\/\/revistaautobus.com.br\/wp-content\/uploads\/2024\/11\/logo_revista_autobus_fb.png","width":836,"height":227,"caption":"Revista AutoBus"},"image":{"@id":"https:\/\/revistaautobus.com.br\/#\/schema\/logo\/image\/"},"sameAs":["https:\/\/www.facebook.com\/antonio.ferro.3150","https:\/\/www.instagram.com\/revistaautobus\/"]},{"@type":"Person","@id":"https:\/\/revistaautobus.com.br\/#\/schema\/person\/54af7c3eb83a310e42ef686ef6d16f50","name":"Antonio Ferro","image":{"@type":"ImageObject","inLanguage":"pt-BR","@id":"https:\/\/revistaautobus.com.br\/wp-content\/uploads\/2025\/12\/editor_antonio_ferro-150x150.jpg","url":"https:\/\/revistaautobus.com.br\/wp-content\/uploads\/2025\/12\/editor_antonio_ferro-150x150.jpg","contentUrl":"https:\/\/revistaautobus.com.br\/wp-content\/uploads\/2025\/12\/editor_antonio_ferro-150x150.jpg","caption":"Antonio Ferro"},"description":"infobus@uol.com.br","url":"https:\/\/revistaautobus.com.br\/?author=2"}]}},"jetpack_featured_media_url":"https:\/\/revistaautobus.com.br\/wp-content\/uploads\/2022\/09\/27092022-Marcopolo-BRT-RJ_2.jpg","jetpack_sharing_enabled":true,"_links":{"self":[{"href":"https:\/\/revistaautobus.com.br\/index.php?rest_route=\/wp\/v2\/posts\/7412","targetHints":{"allow":["GET"]}}],"collection":[{"href":"https:\/\/revistaautobus.com.br\/index.php?rest_route=\/wp\/v2\/posts"}],"about":[{"href":"https:\/\/revistaautobus.com.br\/index.php?rest_route=\/wp\/v2\/types\/post"}],"author":[{"embeddable":true,"href":"https:\/\/revistaautobus.com.br\/index.php?rest_route=\/wp\/v2\/users\/2"}],"replies":[{"embeddable":true,"href":"https:\/\/revistaautobus.com.br\/index.php?rest_route=%2Fwp%2Fv2%2Fcomments&post=7412"}],"version-history":[{"count":2,"href":"https:\/\/revistaautobus.com.br\/index.php?rest_route=\/wp\/v2\/posts\/7412\/revisions"}],"predecessor-version":[{"id":7416,"href":"https:\/\/revistaautobus.com.br\/index.php?rest_route=\/wp\/v2\/posts\/7412\/revisions\/7416"}],"wp:featuredmedia":[{"embeddable":true,"href":"https:\/\/revistaautobus.com.br\/index.php?rest_route=\/wp\/v2\/media\/7413"}],"wp:attachment":[{"href":"https:\/\/revistaautobus.com.br\/index.php?rest_route=%2Fwp%2Fv2%2Fmedia&parent=7412"}],"wp:term":[{"taxonomy":"category","embeddable":true,"href":"https:\/\/revistaautobus.com.br\/index.php?rest_route=%2Fwp%2Fv2%2Fcategories&post=7412"},{"taxonomy":"post_tag","embeddable":true,"href":"https:\/\/revistaautobus.com.br\/index.php?rest_route=%2Fwp%2Fv2%2Ftags&post=7412"}],"curies":[{"name":"wp","href":"https:\/\/api.w.org\/{rel}","templated":true}]}}