{"id":7421,"date":"2022-09-30T11:54:03","date_gmt":"2022-09-30T14:54:03","guid":{"rendered":"https:\/\/revistaautobus.com.br\/?p=7421"},"modified":"2022-09-30T14:06:17","modified_gmt":"2022-09-30T17:06:17","slug":"o-gas-natural-tem-relevancia-no-sistema-colombiano-de-transporte","status":"publish","type":"post","link":"https:\/\/revistaautobus.com.br\/?p=7421","title":{"rendered":"O g\u00e1s natural tem relev\u00e2ncia no sistema colombiano de transporte"},"content":{"rendered":"\n<p>Um dos mais expressivos sistemas mundiais de transporte coletivo urbano continua refor\u00e7ando sua estrat\u00e9gia de ser sustent\u00e1vel ambientalmente. Bogot\u00e1, capital colombiana, \u00e9 conhecida por investir em tecnologias limpas em sua mobilidade realizada por \u00f4nibus. A estrutura local, formada pelos corredores do TransMilenio e pelos servi\u00e7os do SITP, usam \u00f4nibus el\u00e9tricos e tamb\u00e9m a g\u00e1s natural, com motoriza\u00e7\u00e3o Euro VI, alcan\u00e7ado objetivos positivos em rela\u00e7\u00e3o aos menores \u00edndices de polui\u00e7\u00e3o.<\/p>\n\n\n\n<p>Recentemente, 55 novos ve\u00edculos, com chassis Scania dotados de propulsores a g\u00e1s, foram entregues para o operador SUMA S.A.S. Os \u00f4nibus possuem caracter\u00edsticas pr\u00f3prias, para a opera\u00e7\u00e3o em rotas alimentadoras e entre bairros, e, para isso, possuem nove metros de comprimento.<\/p>\n\n\n\n<figure class=\"wp-block-image size-large\"><img loading=\"lazy\" decoding=\"async\" width=\"1024\" height=\"827\" src=\"https:\/\/revistaautobus.com.br\/wp-content\/uploads\/2022\/09\/Juan-Ocampo_2-1024x827.jpg\" alt=\"\" class=\"wp-image-7423\" srcset=\"https:\/\/revistaautobus.com.br\/wp-content\/uploads\/2022\/09\/Juan-Ocampo_2-1024x827.jpg 1024w, https:\/\/revistaautobus.com.br\/wp-content\/uploads\/2022\/09\/Juan-Ocampo_2-300x242.jpg 300w, https:\/\/revistaautobus.com.br\/wp-content\/uploads\/2022\/09\/Juan-Ocampo_2-768x620.jpg 768w, https:\/\/revistaautobus.com.br\/wp-content\/uploads\/2022\/09\/Juan-Ocampo_2-1080x872.jpg 1080w, https:\/\/revistaautobus.com.br\/wp-content\/uploads\/2022\/09\/Juan-Ocampo_2.jpg 1100w\" sizes=\"(max-width: 1024px) 100vw, 1024px\" \/><figcaption><strong><em><mark style=\"background-color:rgba(0, 0, 0, 0)\" class=\"has-inline-color has-vivid-green-cyan-color\">Juan Carlos Ocampo<\/mark><\/em><\/strong><\/figcaption><\/figure>\n\n\n\n<p>No tocante a mec\u00e2nica, o chassi F280B 4&#215;2 foi submetido a testes operacionais em diferentes cidades do pa\u00eds, com resultados destacados, tanto no que se refere ao desempenho, quanto ao consumo. Ele conta com motor dedicado a g\u00e1s natural (Euro VI) com 280 cv de pot\u00eancia, suspens\u00e3o pneum\u00e1tica e c\u00e2mbio autom\u00e1tico Allison com cinco marchas com retarder, o que na vis\u00e3o da montadora \u00e9 a combina\u00e7\u00e3o perfeita para o tr\u00e2nsito para e anda das grandes cidades. &#8220;O mercado colombiano oferece muitas oportunidades para podermos introduzir um produto de qualidade e com moderna tecnologia em um nicho de mercado que utiliza ve\u00edculos equipados com transmiss\u00e3o manual e suspens\u00e3o met\u00e1lica, al\u00e9m de proporcionarem maiores emiss\u00f5es de CO2 e material particulado, entre outros componentes nocivos \u00e0 sa\u00fade das pessoas e ao meio ambiente\u201d, afirmo Juan Carlos Ocampo, gerente-geral da Scania Col\u00f4mbia.<\/p>\n\n\n\n<p>De acordo com a montadora, este \u00e9 o in\u00edcio de uma s\u00e9rie de entregas para o Sistema Integrado de Transporte P\u00fablico (SITP) em Bogot\u00e1, j\u00e1 que entre os meses de setembro e dezembro de 2022, ser\u00e3o adicionados 209 \u00f4nibus, al\u00e9m de 85 unidades do tipo Padron (12 metros), com motores a g\u00e1s natural Euro VI.<\/p>\n\n\n\n<figure class=\"wp-block-image size-large\"><img loading=\"lazy\" decoding=\"async\" width=\"1024\" height=\"575\" src=\"https:\/\/revistaautobus.com.br\/wp-content\/uploads\/2022\/09\/DSC06564-1024x575.jpg\" alt=\"\" class=\"wp-image-7424\" srcset=\"https:\/\/revistaautobus.com.br\/wp-content\/uploads\/2022\/09\/DSC06564-1024x575.jpg 1024w, https:\/\/revistaautobus.com.br\/wp-content\/uploads\/2022\/09\/DSC06564-300x169.jpg 300w, https:\/\/revistaautobus.com.br\/wp-content\/uploads\/2022\/09\/DSC06564-768x431.jpg 768w, https:\/\/revistaautobus.com.br\/wp-content\/uploads\/2022\/09\/DSC06564-1080x607.jpg 1080w, https:\/\/revistaautobus.com.br\/wp-content\/uploads\/2022\/09\/DSC06564.jpg 1100w\" sizes=\"(max-width: 1024px) 100vw, 1024px\" \/><figcaption><strong><em><mark style=\"background-color:rgba(0, 0, 0, 0)\" class=\"has-inline-color has-vivid-green-cyan-color\">Os novos \u00f4nibus possuem uma caracter\u00edstica especial para o sistema SITP, de Bogot\u00e1<\/mark><\/em><\/strong><\/figcaption><\/figure>\n\n\n\n<p>A quest\u00e3o da redu\u00e7\u00e3o das emiss\u00f5es poluentes \u00e9 muito bem observada pela fabricante do chassi, pois os ve\u00edculos apresentam uma diminui\u00e7\u00e3o de at\u00e9 99% do material particulado, mais de 80% em \u00f3xido de Nitrog\u00eanio, 40% do CO2 e 50% do n\u00edvel de ru\u00eddos.<\/p>\n\n\n\n<p>A marca tamb\u00e9m ressalta que oferece aos seus clientes uma solu\u00e7\u00e3o 100% integrada de neg\u00f3cios, que, al\u00e9m da venda do ve\u00edculo (com programa de financiamento pr\u00f3prio), inclui o servi\u00e7o de manuten\u00e7\u00e3o e repara\u00e7\u00e3o, bem como o sistema de gest\u00e3o de frotas. O modelo F280B foi desenvolvido na planta da Scania em S\u00e3o Bernardo do Campo, SP, e os \u00f4nibus receberam carro\u00e7arias produzidas pela Busscar de Col\u00f4mbia. <\/p>\n\n\n\n<p><strong><em><mark style=\"background-color:rgba(0, 0, 0, 0)\" class=\"has-inline-color has-black-color\">Imagens &#8211; Scania Col\u00f4mbia<\/mark><\/em><\/strong><\/p>\n","protected":false},"excerpt":{"rendered":"<p>No universo do transporte coletivo urbano, n\u00e3o s\u00f3 a eletricidade pode ser eficiente em termos ambientais<\/p>\n","protected":false},"author":2,"featured_media":7436,"comment_status":"open","ping_status":"open","sticky":false,"template":"","format":"standard","meta":{"_et_pb_use_builder":"off","_et_pb_old_content":"","_et_gb_content_width":"","_jetpack_memberships_contains_paid_content":false,"footnotes":""},"categories":[8,53],"tags":[392,100],"class_list":["post-7421","post","type-post","status-publish","format-standard","has-post-thumbnail","hentry","category-gas-natural","category-internacional","tag-gas-natural-euro-vi","tag-scania","et-has-post-format-content","et_post_format-et-post-format-standard"],"yoast_head":"<!-- This site is optimized with the Yoast SEO plugin v27.2 - https:\/\/yoast.com\/product\/yoast-seo-wordpress\/ -->\n<title>O g\u00e1s natural tem relev\u00e2ncia no sistema colombiano de transporte - Revista AutoBus<\/title>\n<meta name=\"robots\" content=\"index, follow, max-snippet:-1, max-image-preview:large, max-video-preview:-1\" \/>\n<link rel=\"canonical\" href=\"https:\/\/revistaautobus.com.br\/?p=7421\" \/>\n<meta property=\"og:locale\" content=\"pt_BR\" \/>\n<meta property=\"og:type\" content=\"article\" \/>\n<meta property=\"og:title\" content=\"O g\u00e1s natural tem relev\u00e2ncia no sistema colombiano de transporte - Revista AutoBus\" \/>\n<meta property=\"og:description\" content=\"No universo do transporte coletivo urbano, n\u00e3o s\u00f3 a eletricidade pode ser eficiente em termos ambientais\" \/>\n<meta property=\"og:url\" content=\"https:\/\/revistaautobus.com.br\/?p=7421\" \/>\n<meta property=\"og:site_name\" content=\"Revista AutoBus\" \/>\n<meta property=\"article:publisher\" content=\"https:\/\/www.facebook.com\/antonio.ferro.3150\" \/>\n<meta property=\"article:published_time\" content=\"2022-09-30T14:54:03+00:00\" \/>\n<meta property=\"article:modified_time\" content=\"2022-09-30T17:06:17+00:00\" \/>\n<meta property=\"og:image\" content=\"https:\/\/revistaautobus.com.br\/wp-content\/uploads\/2022\/09\/autobus-1.jpg\" \/>\n\t<meta property=\"og:image:width\" content=\"900\" \/>\n\t<meta property=\"og:image:height\" content=\"506\" \/>\n\t<meta property=\"og:image:type\" content=\"image\/jpeg\" \/>\n<meta name=\"author\" content=\"Antonio Ferro\" \/>\n<meta name=\"twitter:card\" content=\"summary_large_image\" \/>\n<meta name=\"twitter:label1\" content=\"Escrito por\" \/>\n\t<meta name=\"twitter:data1\" content=\"Antonio Ferro\" \/>\n\t<meta name=\"twitter:label2\" content=\"Est. tempo de leitura\" \/>\n\t<meta name=\"twitter:data2\" content=\"2 minutos\" \/>\n<script type=\"application\/ld+json\" class=\"yoast-schema-graph\">{\"@context\":\"https:\/\/schema.org\",\"@graph\":[{\"@type\":\"Article\",\"@id\":\"https:\/\/revistaautobus.com.br\/?p=7421#article\",\"isPartOf\":{\"@id\":\"https:\/\/revistaautobus.com.br\/?p=7421\"},\"author\":{\"name\":\"Antonio Ferro\",\"@id\":\"https:\/\/revistaautobus.com.br\/#\/schema\/person\/54af7c3eb83a310e42ef686ef6d16f50\"},\"headline\":\"O g\u00e1s natural tem relev\u00e2ncia no sistema colombiano de transporte\",\"datePublished\":\"2022-09-30T14:54:03+00:00\",\"dateModified\":\"2022-09-30T17:06:17+00:00\",\"mainEntityOfPage\":{\"@id\":\"https:\/\/revistaautobus.com.br\/?p=7421\"},\"wordCount\":496,\"commentCount\":0,\"publisher\":{\"@id\":\"https:\/\/revistaautobus.com.br\/#organization\"},\"image\":{\"@id\":\"https:\/\/revistaautobus.com.br\/?p=7421#primaryimage\"},\"thumbnailUrl\":\"https:\/\/revistaautobus.com.br\/wp-content\/uploads\/2022\/09\/autobus-1.jpg\",\"keywords\":[\"g\u00e1s natural Euro VI\",\"Scania\"],\"articleSection\":[\"G\u00e1s Natural\",\"Internacional\"],\"inLanguage\":\"pt-BR\",\"potentialAction\":[{\"@type\":\"CommentAction\",\"name\":\"Comment\",\"target\":[\"https:\/\/revistaautobus.com.br\/?p=7421#respond\"]}]},{\"@type\":\"WebPage\",\"@id\":\"https:\/\/revistaautobus.com.br\/?p=7421\",\"url\":\"https:\/\/revistaautobus.com.br\/?p=7421\",\"name\":\"O g\u00e1s natural tem relev\u00e2ncia no sistema colombiano de transporte - Revista AutoBus\",\"isPartOf\":{\"@id\":\"https:\/\/revistaautobus.com.br\/#website\"},\"primaryImageOfPage\":{\"@id\":\"https:\/\/revistaautobus.com.br\/?p=7421#primaryimage\"},\"image\":{\"@id\":\"https:\/\/revistaautobus.com.br\/?p=7421#primaryimage\"},\"thumbnailUrl\":\"https:\/\/revistaautobus.com.br\/wp-content\/uploads\/2022\/09\/autobus-1.jpg\",\"datePublished\":\"2022-09-30T14:54:03+00:00\",\"dateModified\":\"2022-09-30T17:06:17+00:00\",\"breadcrumb\":{\"@id\":\"https:\/\/revistaautobus.com.br\/?p=7421#breadcrumb\"},\"inLanguage\":\"pt-BR\",\"potentialAction\":[{\"@type\":\"ReadAction\",\"target\":[\"https:\/\/revistaautobus.com.br\/?p=7421\"]}]},{\"@type\":\"ImageObject\",\"inLanguage\":\"pt-BR\",\"@id\":\"https:\/\/revistaautobus.com.br\/?p=7421#primaryimage\",\"url\":\"https:\/\/revistaautobus.com.br\/wp-content\/uploads\/2022\/09\/autobus-1.jpg\",\"contentUrl\":\"https:\/\/revistaautobus.com.br\/wp-content\/uploads\/2022\/09\/autobus-1.jpg\",\"width\":900,\"height\":506},{\"@type\":\"BreadcrumbList\",\"@id\":\"https:\/\/revistaautobus.com.br\/?p=7421#breadcrumb\",\"itemListElement\":[{\"@type\":\"ListItem\",\"position\":1,\"name\":\"In\u00edcio\",\"item\":\"https:\/\/revistaautobus.com.br\/\"},{\"@type\":\"ListItem\",\"position\":2,\"name\":\"O g\u00e1s natural tem relev\u00e2ncia no sistema colombiano de transporte\"}]},{\"@type\":\"WebSite\",\"@id\":\"https:\/\/revistaautobus.com.br\/#website\",\"url\":\"https:\/\/revistaautobus.com.br\/\",\"name\":\"Revista AutoBus\",\"description\":\"\",\"publisher\":{\"@id\":\"https:\/\/revistaautobus.com.br\/#organization\"},\"potentialAction\":[{\"@type\":\"SearchAction\",\"target\":{\"@type\":\"EntryPoint\",\"urlTemplate\":\"https:\/\/revistaautobus.com.br\/?s={search_term_string}\"},\"query-input\":{\"@type\":\"PropertyValueSpecification\",\"valueRequired\":true,\"valueName\":\"search_term_string\"}}],\"inLanguage\":\"pt-BR\"},{\"@type\":\"Organization\",\"@id\":\"https:\/\/revistaautobus.com.br\/#organization\",\"name\":\"Revista AutoBus\",\"url\":\"https:\/\/revistaautobus.com.br\/\",\"logo\":{\"@type\":\"ImageObject\",\"inLanguage\":\"pt-BR\",\"@id\":\"https:\/\/revistaautobus.com.br\/#\/schema\/logo\/image\/\",\"url\":\"https:\/\/revistaautobus.com.br\/wp-content\/uploads\/2024\/11\/logo_revista_autobus_fb.png\",\"contentUrl\":\"https:\/\/revistaautobus.com.br\/wp-content\/uploads\/2024\/11\/logo_revista_autobus_fb.png\",\"width\":836,\"height\":227,\"caption\":\"Revista AutoBus\"},\"image\":{\"@id\":\"https:\/\/revistaautobus.com.br\/#\/schema\/logo\/image\/\"},\"sameAs\":[\"https:\/\/www.facebook.com\/antonio.ferro.3150\",\"https:\/\/www.instagram.com\/revistaautobus\/\"]},{\"@type\":\"Person\",\"@id\":\"https:\/\/revistaautobus.com.br\/#\/schema\/person\/54af7c3eb83a310e42ef686ef6d16f50\",\"name\":\"Antonio Ferro\",\"image\":{\"@type\":\"ImageObject\",\"inLanguage\":\"pt-BR\",\"@id\":\"https:\/\/revistaautobus.com.br\/wp-content\/uploads\/2025\/12\/editor_antonio_ferro-150x150.jpg\",\"url\":\"https:\/\/revistaautobus.com.br\/wp-content\/uploads\/2025\/12\/editor_antonio_ferro-150x150.jpg\",\"contentUrl\":\"https:\/\/revistaautobus.com.br\/wp-content\/uploads\/2025\/12\/editor_antonio_ferro-150x150.jpg\",\"caption\":\"Antonio Ferro\"},\"description\":\"infobus@uol.com.br\",\"url\":\"https:\/\/revistaautobus.com.br\/?author=2\"}]}<\/script>\n<!-- \/ Yoast SEO plugin. -->","yoast_head_json":{"title":"O g\u00e1s natural tem relev\u00e2ncia no sistema colombiano de transporte - Revista AutoBus","robots":{"index":"index","follow":"follow","max-snippet":"max-snippet:-1","max-image-preview":"max-image-preview:large","max-video-preview":"max-video-preview:-1"},"canonical":"https:\/\/revistaautobus.com.br\/?p=7421","og_locale":"pt_BR","og_type":"article","og_title":"O g\u00e1s natural tem relev\u00e2ncia no sistema colombiano de transporte - Revista AutoBus","og_description":"No universo do transporte coletivo urbano, n\u00e3o s\u00f3 a eletricidade pode ser eficiente em termos ambientais","og_url":"https:\/\/revistaautobus.com.br\/?p=7421","og_site_name":"Revista AutoBus","article_publisher":"https:\/\/www.facebook.com\/antonio.ferro.3150","article_published_time":"2022-09-30T14:54:03+00:00","article_modified_time":"2022-09-30T17:06:17+00:00","og_image":[{"width":900,"height":506,"url":"https:\/\/revistaautobus.com.br\/wp-content\/uploads\/2022\/09\/autobus-1.jpg","type":"image\/jpeg"}],"author":"Antonio Ferro","twitter_card":"summary_large_image","twitter_misc":{"Escrito por":"Antonio Ferro","Est. tempo de leitura":"2 minutos"},"schema":{"@context":"https:\/\/schema.org","@graph":[{"@type":"Article","@id":"https:\/\/revistaautobus.com.br\/?p=7421#article","isPartOf":{"@id":"https:\/\/revistaautobus.com.br\/?p=7421"},"author":{"name":"Antonio Ferro","@id":"https:\/\/revistaautobus.com.br\/#\/schema\/person\/54af7c3eb83a310e42ef686ef6d16f50"},"headline":"O g\u00e1s natural tem relev\u00e2ncia no sistema colombiano de transporte","datePublished":"2022-09-30T14:54:03+00:00","dateModified":"2022-09-30T17:06:17+00:00","mainEntityOfPage":{"@id":"https:\/\/revistaautobus.com.br\/?p=7421"},"wordCount":496,"commentCount":0,"publisher":{"@id":"https:\/\/revistaautobus.com.br\/#organization"},"image":{"@id":"https:\/\/revistaautobus.com.br\/?p=7421#primaryimage"},"thumbnailUrl":"https:\/\/revistaautobus.com.br\/wp-content\/uploads\/2022\/09\/autobus-1.jpg","keywords":["g\u00e1s natural Euro VI","Scania"],"articleSection":["G\u00e1s Natural","Internacional"],"inLanguage":"pt-BR","potentialAction":[{"@type":"CommentAction","name":"Comment","target":["https:\/\/revistaautobus.com.br\/?p=7421#respond"]}]},{"@type":"WebPage","@id":"https:\/\/revistaautobus.com.br\/?p=7421","url":"https:\/\/revistaautobus.com.br\/?p=7421","name":"O g\u00e1s natural tem relev\u00e2ncia no sistema colombiano de transporte - Revista AutoBus","isPartOf":{"@id":"https:\/\/revistaautobus.com.br\/#website"},"primaryImageOfPage":{"@id":"https:\/\/revistaautobus.com.br\/?p=7421#primaryimage"},"image":{"@id":"https:\/\/revistaautobus.com.br\/?p=7421#primaryimage"},"thumbnailUrl":"https:\/\/revistaautobus.com.br\/wp-content\/uploads\/2022\/09\/autobus-1.jpg","datePublished":"2022-09-30T14:54:03+00:00","dateModified":"2022-09-30T17:06:17+00:00","breadcrumb":{"@id":"https:\/\/revistaautobus.com.br\/?p=7421#breadcrumb"},"inLanguage":"pt-BR","potentialAction":[{"@type":"ReadAction","target":["https:\/\/revistaautobus.com.br\/?p=7421"]}]},{"@type":"ImageObject","inLanguage":"pt-BR","@id":"https:\/\/revistaautobus.com.br\/?p=7421#primaryimage","url":"https:\/\/revistaautobus.com.br\/wp-content\/uploads\/2022\/09\/autobus-1.jpg","contentUrl":"https:\/\/revistaautobus.com.br\/wp-content\/uploads\/2022\/09\/autobus-1.jpg","width":900,"height":506},{"@type":"BreadcrumbList","@id":"https:\/\/revistaautobus.com.br\/?p=7421#breadcrumb","itemListElement":[{"@type":"ListItem","position":1,"name":"In\u00edcio","item":"https:\/\/revistaautobus.com.br\/"},{"@type":"ListItem","position":2,"name":"O g\u00e1s natural tem relev\u00e2ncia no sistema colombiano de transporte"}]},{"@type":"WebSite","@id":"https:\/\/revistaautobus.com.br\/#website","url":"https:\/\/revistaautobus.com.br\/","name":"Revista AutoBus","description":"","publisher":{"@id":"https:\/\/revistaautobus.com.br\/#organization"},"potentialAction":[{"@type":"SearchAction","target":{"@type":"EntryPoint","urlTemplate":"https:\/\/revistaautobus.com.br\/?s={search_term_string}"},"query-input":{"@type":"PropertyValueSpecification","valueRequired":true,"valueName":"search_term_string"}}],"inLanguage":"pt-BR"},{"@type":"Organization","@id":"https:\/\/revistaautobus.com.br\/#organization","name":"Revista AutoBus","url":"https:\/\/revistaautobus.com.br\/","logo":{"@type":"ImageObject","inLanguage":"pt-BR","@id":"https:\/\/revistaautobus.com.br\/#\/schema\/logo\/image\/","url":"https:\/\/revistaautobus.com.br\/wp-content\/uploads\/2024\/11\/logo_revista_autobus_fb.png","contentUrl":"https:\/\/revistaautobus.com.br\/wp-content\/uploads\/2024\/11\/logo_revista_autobus_fb.png","width":836,"height":227,"caption":"Revista AutoBus"},"image":{"@id":"https:\/\/revistaautobus.com.br\/#\/schema\/logo\/image\/"},"sameAs":["https:\/\/www.facebook.com\/antonio.ferro.3150","https:\/\/www.instagram.com\/revistaautobus\/"]},{"@type":"Person","@id":"https:\/\/revistaautobus.com.br\/#\/schema\/person\/54af7c3eb83a310e42ef686ef6d16f50","name":"Antonio Ferro","image":{"@type":"ImageObject","inLanguage":"pt-BR","@id":"https:\/\/revistaautobus.com.br\/wp-content\/uploads\/2025\/12\/editor_antonio_ferro-150x150.jpg","url":"https:\/\/revistaautobus.com.br\/wp-content\/uploads\/2025\/12\/editor_antonio_ferro-150x150.jpg","contentUrl":"https:\/\/revistaautobus.com.br\/wp-content\/uploads\/2025\/12\/editor_antonio_ferro-150x150.jpg","caption":"Antonio Ferro"},"description":"infobus@uol.com.br","url":"https:\/\/revistaautobus.com.br\/?author=2"}]}},"jetpack_featured_media_url":"https:\/\/revistaautobus.com.br\/wp-content\/uploads\/2022\/09\/autobus-1.jpg","jetpack_sharing_enabled":true,"_links":{"self":[{"href":"https:\/\/revistaautobus.com.br\/index.php?rest_route=\/wp\/v2\/posts\/7421","targetHints":{"allow":["GET"]}}],"collection":[{"href":"https:\/\/revistaautobus.com.br\/index.php?rest_route=\/wp\/v2\/posts"}],"about":[{"href":"https:\/\/revistaautobus.com.br\/index.php?rest_route=\/wp\/v2\/types\/post"}],"author":[{"embeddable":true,"href":"https:\/\/revistaautobus.com.br\/index.php?rest_route=\/wp\/v2\/users\/2"}],"replies":[{"embeddable":true,"href":"https:\/\/revistaautobus.com.br\/index.php?rest_route=%2Fwp%2Fv2%2Fcomments&post=7421"}],"version-history":[{"count":2,"href":"https:\/\/revistaautobus.com.br\/index.php?rest_route=\/wp\/v2\/posts\/7421\/revisions"}],"predecessor-version":[{"id":7427,"href":"https:\/\/revistaautobus.com.br\/index.php?rest_route=\/wp\/v2\/posts\/7421\/revisions\/7427"}],"wp:featuredmedia":[{"embeddable":true,"href":"https:\/\/revistaautobus.com.br\/index.php?rest_route=\/wp\/v2\/media\/7436"}],"wp:attachment":[{"href":"https:\/\/revistaautobus.com.br\/index.php?rest_route=%2Fwp%2Fv2%2Fmedia&parent=7421"}],"wp:term":[{"taxonomy":"category","embeddable":true,"href":"https:\/\/revistaautobus.com.br\/index.php?rest_route=%2Fwp%2Fv2%2Fcategories&post=7421"},{"taxonomy":"post_tag","embeddable":true,"href":"https:\/\/revistaautobus.com.br\/index.php?rest_route=%2Fwp%2Fv2%2Ftags&post=7421"}],"curies":[{"name":"wp","href":"https:\/\/api.w.org\/{rel}","templated":true}]}}