{"id":744,"date":"2021-06-18T10:55:55","date_gmt":"2021-06-18T13:55:55","guid":{"rendered":"https:\/\/vila8.com.br\/clientes\/autobus\/?p=744"},"modified":"2021-06-18T10:56:22","modified_gmt":"2021-06-18T13:56:22","slug":"ac-transit-investe-em-novos-onibus-de-ultima-geracao","status":"publish","type":"post","link":"https:\/\/revistaautobus.com.br\/?p=744","title":{"rendered":"AC Transit investe em novos \u00f4nibus de \u00faltima gera\u00e7\u00e3o"},"content":{"rendered":"\n<p class=\"has-drop-cap\">A ag\u00eancia de transporte p\u00fablico AC Transit, da cidade de Oakland (Calif\u00f3rnia), localizada \u00e0s margens da Ba\u00eda de S\u00e3o Francisco, \u00e9 considerada refer\u00eancia norte-americana, e at\u00e9 mundial, na opera\u00e7\u00e3o de \u00f4nibus com a tra\u00e7\u00e3o el\u00e9trica vinda das c\u00e9lulas a combust\u00edvel. Desde 2006 abra\u00e7ando a causa ambiental, com o uso da respectiva tecnologia, a autoridade, que tamb\u00e9m \u00e9 respons\u00e1vel pelo transporte no entorno da Ba\u00eda, anunciou recentemente o contrato de aquisi\u00e7\u00e3o de mais \u00f4nibus equipados com as c\u00e9lulas a combust\u00edvel.<\/p>\n\n\n\n<p>O pedido foi feito \u00e0 fabricante canadense New Flyer (NFI), que ir\u00e1 fornecer 20 unidades de seu modelo Xcelsior Charge H2, de 12 metros de comprimento. A compra teve o suporte de fundos financeiros vindos da Administra\u00e7\u00e3o Federal de Tr\u00e2nsito dos Estados Unidos. \u201cDesde 1980, a NFI entregou mais de 740 \u00f4nibus para a AC Transit, e \u00e9 um grande prazer continuar a expandir a mobilidade com emiss\u00e3o zero na \u00e1rea da Ba\u00eda de S\u00e3o Francisco por meio deste novo pedido. A AC Transit \u00e9 um l\u00edder inovador focado em fornecer o melhor em mobilidade urbana para seus passageiros\u201d, comentou Paul Soubry, presidente da NFI. O uso de \u00f4nibus livres de emiss\u00f5es poluentes pela AC Transit conta tamb\u00e9m com subs\u00eddios e fundos estaduais que permitem explorar meios mais limpos de transporte p\u00fablico que ir\u00e3o melhorar o meio ambiente no distrito onde opera.<\/p>\n\n\n\n<p>Imagem &#8211; Reprodu\u00e7\u00e3o New Flyer<\/p>\n","protected":false},"excerpt":{"rendered":"<p>O pedido foi feito \u00e0 fabricante canadense New Flyer (NFI), que ir\u00e1 fornecer 20 unidades de seu modelo Xcelsior Charge H2, de 12 metros de comprimento<\/p>\n","protected":false},"author":2,"featured_media":745,"comment_status":"open","ping_status":"open","sticky":false,"template":"","format":"standard","meta":{"_et_pb_use_builder":"off","_et_pb_old_content":"","_et_gb_content_width":"","_jetpack_memberships_contains_paid_content":false,"footnotes":""},"categories":[53],"tags":[78,79],"class_list":["post-744","post","type-post","status-publish","format-standard","has-post-thumbnail","hentry","category-internacional","tag-ac-transit","tag-new-flyer","et-has-post-format-content","et_post_format-et-post-format-standard"],"yoast_head":"<!-- This site is optimized with the Yoast SEO plugin v27.2 - https:\/\/yoast.com\/product\/yoast-seo-wordpress\/ -->\n<title>AC Transit investe em novos \u00f4nibus de \u00faltima gera\u00e7\u00e3o - Revista AutoBus<\/title>\n<meta name=\"robots\" content=\"index, follow, max-snippet:-1, max-image-preview:large, max-video-preview:-1\" \/>\n<link rel=\"canonical\" href=\"https:\/\/revistaautobus.com.br\/?p=744\" \/>\n<meta property=\"og:locale\" content=\"pt_BR\" \/>\n<meta property=\"og:type\" content=\"article\" \/>\n<meta property=\"og:title\" content=\"AC Transit investe em novos \u00f4nibus de \u00faltima gera\u00e7\u00e3o - Revista AutoBus\" \/>\n<meta property=\"og:description\" content=\"O pedido foi feito \u00e0 fabricante canadense New Flyer (NFI), que ir\u00e1 fornecer 20 unidades de seu modelo Xcelsior Charge H2, de 12 metros de comprimento\" \/>\n<meta property=\"og:url\" content=\"https:\/\/revistaautobus.com.br\/?p=744\" \/>\n<meta property=\"og:site_name\" content=\"Revista AutoBus\" \/>\n<meta property=\"article:publisher\" content=\"https:\/\/www.facebook.com\/antonio.ferro.3150\" \/>\n<meta property=\"article:published_time\" content=\"2021-06-18T13:55:55+00:00\" \/>\n<meta property=\"article:modified_time\" content=\"2021-06-18T13:56:22+00:00\" \/>\n<meta property=\"og:image\" content=\"https:\/\/revistaautobus.com.br\/wp-content\/uploads\/2021\/06\/h2-box-range-1920x1920-c-default.jpg\" \/>\n\t<meta property=\"og:image:width\" content=\"1200\" \/>\n\t<meta property=\"og:image:height\" content=\"1200\" \/>\n\t<meta property=\"og:image:type\" content=\"image\/jpeg\" \/>\n<meta name=\"author\" content=\"Antonio Ferro\" \/>\n<meta name=\"twitter:card\" content=\"summary_large_image\" \/>\n<meta name=\"twitter:label1\" content=\"Escrito por\" \/>\n\t<meta name=\"twitter:data1\" content=\"Antonio Ferro\" \/>\n\t<meta name=\"twitter:label2\" content=\"Est. tempo de leitura\" \/>\n\t<meta name=\"twitter:data2\" content=\"1 minuto\" \/>\n<script type=\"application\/ld+json\" class=\"yoast-schema-graph\">{\"@context\":\"https:\/\/schema.org\",\"@graph\":[{\"@type\":\"Article\",\"@id\":\"https:\/\/revistaautobus.com.br\/?p=744#article\",\"isPartOf\":{\"@id\":\"https:\/\/revistaautobus.com.br\/?p=744\"},\"author\":{\"name\":\"Antonio Ferro\",\"@id\":\"https:\/\/revistaautobus.com.br\/#\/schema\/person\/54af7c3eb83a310e42ef686ef6d16f50\"},\"headline\":\"AC Transit investe em novos \u00f4nibus de \u00faltima gera\u00e7\u00e3o\",\"datePublished\":\"2021-06-18T13:55:55+00:00\",\"dateModified\":\"2021-06-18T13:56:22+00:00\",\"mainEntityOfPage\":{\"@id\":\"https:\/\/revistaautobus.com.br\/?p=744\"},\"wordCount\":256,\"commentCount\":0,\"publisher\":{\"@id\":\"https:\/\/revistaautobus.com.br\/#organization\"},\"image\":{\"@id\":\"https:\/\/revistaautobus.com.br\/?p=744#primaryimage\"},\"thumbnailUrl\":\"https:\/\/revistaautobus.com.br\/wp-content\/uploads\/2021\/06\/h2-box-range-1920x1920-c-default.jpg\",\"keywords\":[\"AC Transit\",\"New Flyer\"],\"articleSection\":[\"Internacional\"],\"inLanguage\":\"pt-BR\",\"potentialAction\":[{\"@type\":\"CommentAction\",\"name\":\"Comment\",\"target\":[\"https:\/\/revistaautobus.com.br\/?p=744#respond\"]}]},{\"@type\":\"WebPage\",\"@id\":\"https:\/\/revistaautobus.com.br\/?p=744\",\"url\":\"https:\/\/revistaautobus.com.br\/?p=744\",\"name\":\"AC Transit investe em novos \u00f4nibus de \u00faltima gera\u00e7\u00e3o - Revista AutoBus\",\"isPartOf\":{\"@id\":\"https:\/\/revistaautobus.com.br\/#website\"},\"primaryImageOfPage\":{\"@id\":\"https:\/\/revistaautobus.com.br\/?p=744#primaryimage\"},\"image\":{\"@id\":\"https:\/\/revistaautobus.com.br\/?p=744#primaryimage\"},\"thumbnailUrl\":\"https:\/\/revistaautobus.com.br\/wp-content\/uploads\/2021\/06\/h2-box-range-1920x1920-c-default.jpg\",\"datePublished\":\"2021-06-18T13:55:55+00:00\",\"dateModified\":\"2021-06-18T13:56:22+00:00\",\"breadcrumb\":{\"@id\":\"https:\/\/revistaautobus.com.br\/?p=744#breadcrumb\"},\"inLanguage\":\"pt-BR\",\"potentialAction\":[{\"@type\":\"ReadAction\",\"target\":[\"https:\/\/revistaautobus.com.br\/?p=744\"]}]},{\"@type\":\"ImageObject\",\"inLanguage\":\"pt-BR\",\"@id\":\"https:\/\/revistaautobus.com.br\/?p=744#primaryimage\",\"url\":\"https:\/\/revistaautobus.com.br\/wp-content\/uploads\/2021\/06\/h2-box-range-1920x1920-c-default.jpg\",\"contentUrl\":\"https:\/\/revistaautobus.com.br\/wp-content\/uploads\/2021\/06\/h2-box-range-1920x1920-c-default.jpg\",\"width\":1200,\"height\":1200},{\"@type\":\"BreadcrumbList\",\"@id\":\"https:\/\/revistaautobus.com.br\/?p=744#breadcrumb\",\"itemListElement\":[{\"@type\":\"ListItem\",\"position\":1,\"name\":\"In\u00edcio\",\"item\":\"https:\/\/revistaautobus.com.br\/\"},{\"@type\":\"ListItem\",\"position\":2,\"name\":\"AC Transit investe em novos \u00f4nibus de \u00faltima gera\u00e7\u00e3o\"}]},{\"@type\":\"WebSite\",\"@id\":\"https:\/\/revistaautobus.com.br\/#website\",\"url\":\"https:\/\/revistaautobus.com.br\/\",\"name\":\"Revista AutoBus\",\"description\":\"\",\"publisher\":{\"@id\":\"https:\/\/revistaautobus.com.br\/#organization\"},\"potentialAction\":[{\"@type\":\"SearchAction\",\"target\":{\"@type\":\"EntryPoint\",\"urlTemplate\":\"https:\/\/revistaautobus.com.br\/?s={search_term_string}\"},\"query-input\":{\"@type\":\"PropertyValueSpecification\",\"valueRequired\":true,\"valueName\":\"search_term_string\"}}],\"inLanguage\":\"pt-BR\"},{\"@type\":\"Organization\",\"@id\":\"https:\/\/revistaautobus.com.br\/#organization\",\"name\":\"Revista AutoBus\",\"url\":\"https:\/\/revistaautobus.com.br\/\",\"logo\":{\"@type\":\"ImageObject\",\"inLanguage\":\"pt-BR\",\"@id\":\"https:\/\/revistaautobus.com.br\/#\/schema\/logo\/image\/\",\"url\":\"https:\/\/revistaautobus.com.br\/wp-content\/uploads\/2024\/11\/logo_revista_autobus_fb.png\",\"contentUrl\":\"https:\/\/revistaautobus.com.br\/wp-content\/uploads\/2024\/11\/logo_revista_autobus_fb.png\",\"width\":836,\"height\":227,\"caption\":\"Revista AutoBus\"},\"image\":{\"@id\":\"https:\/\/revistaautobus.com.br\/#\/schema\/logo\/image\/\"},\"sameAs\":[\"https:\/\/www.facebook.com\/antonio.ferro.3150\",\"https:\/\/www.instagram.com\/revistaautobus\/\"]},{\"@type\":\"Person\",\"@id\":\"https:\/\/revistaautobus.com.br\/#\/schema\/person\/54af7c3eb83a310e42ef686ef6d16f50\",\"name\":\"Antonio Ferro\",\"image\":{\"@type\":\"ImageObject\",\"inLanguage\":\"pt-BR\",\"@id\":\"https:\/\/revistaautobus.com.br\/wp-content\/uploads\/2025\/12\/editor_antonio_ferro-150x150.jpg\",\"url\":\"https:\/\/revistaautobus.com.br\/wp-content\/uploads\/2025\/12\/editor_antonio_ferro-150x150.jpg\",\"contentUrl\":\"https:\/\/revistaautobus.com.br\/wp-content\/uploads\/2025\/12\/editor_antonio_ferro-150x150.jpg\",\"caption\":\"Antonio Ferro\"},\"description\":\"infobus@uol.com.br\",\"url\":\"https:\/\/revistaautobus.com.br\/?author=2\"}]}<\/script>\n<!-- \/ Yoast SEO plugin. -->","yoast_head_json":{"title":"AC Transit investe em novos \u00f4nibus de \u00faltima gera\u00e7\u00e3o - Revista AutoBus","robots":{"index":"index","follow":"follow","max-snippet":"max-snippet:-1","max-image-preview":"max-image-preview:large","max-video-preview":"max-video-preview:-1"},"canonical":"https:\/\/revistaautobus.com.br\/?p=744","og_locale":"pt_BR","og_type":"article","og_title":"AC Transit investe em novos \u00f4nibus de \u00faltima gera\u00e7\u00e3o - Revista AutoBus","og_description":"O pedido foi feito \u00e0 fabricante canadense New Flyer (NFI), que ir\u00e1 fornecer 20 unidades de seu modelo Xcelsior Charge H2, de 12 metros de comprimento","og_url":"https:\/\/revistaautobus.com.br\/?p=744","og_site_name":"Revista AutoBus","article_publisher":"https:\/\/www.facebook.com\/antonio.ferro.3150","article_published_time":"2021-06-18T13:55:55+00:00","article_modified_time":"2021-06-18T13:56:22+00:00","og_image":[{"width":1200,"height":1200,"url":"https:\/\/revistaautobus.com.br\/wp-content\/uploads\/2021\/06\/h2-box-range-1920x1920-c-default.jpg","type":"image\/jpeg"}],"author":"Antonio Ferro","twitter_card":"summary_large_image","twitter_misc":{"Escrito por":"Antonio Ferro","Est. tempo de leitura":"1 minuto"},"schema":{"@context":"https:\/\/schema.org","@graph":[{"@type":"Article","@id":"https:\/\/revistaautobus.com.br\/?p=744#article","isPartOf":{"@id":"https:\/\/revistaautobus.com.br\/?p=744"},"author":{"name":"Antonio Ferro","@id":"https:\/\/revistaautobus.com.br\/#\/schema\/person\/54af7c3eb83a310e42ef686ef6d16f50"},"headline":"AC Transit investe em novos \u00f4nibus de \u00faltima gera\u00e7\u00e3o","datePublished":"2021-06-18T13:55:55+00:00","dateModified":"2021-06-18T13:56:22+00:00","mainEntityOfPage":{"@id":"https:\/\/revistaautobus.com.br\/?p=744"},"wordCount":256,"commentCount":0,"publisher":{"@id":"https:\/\/revistaautobus.com.br\/#organization"},"image":{"@id":"https:\/\/revistaautobus.com.br\/?p=744#primaryimage"},"thumbnailUrl":"https:\/\/revistaautobus.com.br\/wp-content\/uploads\/2021\/06\/h2-box-range-1920x1920-c-default.jpg","keywords":["AC Transit","New Flyer"],"articleSection":["Internacional"],"inLanguage":"pt-BR","potentialAction":[{"@type":"CommentAction","name":"Comment","target":["https:\/\/revistaautobus.com.br\/?p=744#respond"]}]},{"@type":"WebPage","@id":"https:\/\/revistaautobus.com.br\/?p=744","url":"https:\/\/revistaautobus.com.br\/?p=744","name":"AC Transit investe em novos \u00f4nibus de \u00faltima gera\u00e7\u00e3o - Revista AutoBus","isPartOf":{"@id":"https:\/\/revistaautobus.com.br\/#website"},"primaryImageOfPage":{"@id":"https:\/\/revistaautobus.com.br\/?p=744#primaryimage"},"image":{"@id":"https:\/\/revistaautobus.com.br\/?p=744#primaryimage"},"thumbnailUrl":"https:\/\/revistaautobus.com.br\/wp-content\/uploads\/2021\/06\/h2-box-range-1920x1920-c-default.jpg","datePublished":"2021-06-18T13:55:55+00:00","dateModified":"2021-06-18T13:56:22+00:00","breadcrumb":{"@id":"https:\/\/revistaautobus.com.br\/?p=744#breadcrumb"},"inLanguage":"pt-BR","potentialAction":[{"@type":"ReadAction","target":["https:\/\/revistaautobus.com.br\/?p=744"]}]},{"@type":"ImageObject","inLanguage":"pt-BR","@id":"https:\/\/revistaautobus.com.br\/?p=744#primaryimage","url":"https:\/\/revistaautobus.com.br\/wp-content\/uploads\/2021\/06\/h2-box-range-1920x1920-c-default.jpg","contentUrl":"https:\/\/revistaautobus.com.br\/wp-content\/uploads\/2021\/06\/h2-box-range-1920x1920-c-default.jpg","width":1200,"height":1200},{"@type":"BreadcrumbList","@id":"https:\/\/revistaautobus.com.br\/?p=744#breadcrumb","itemListElement":[{"@type":"ListItem","position":1,"name":"In\u00edcio","item":"https:\/\/revistaautobus.com.br\/"},{"@type":"ListItem","position":2,"name":"AC Transit investe em novos \u00f4nibus de \u00faltima gera\u00e7\u00e3o"}]},{"@type":"WebSite","@id":"https:\/\/revistaautobus.com.br\/#website","url":"https:\/\/revistaautobus.com.br\/","name":"Revista AutoBus","description":"","publisher":{"@id":"https:\/\/revistaautobus.com.br\/#organization"},"potentialAction":[{"@type":"SearchAction","target":{"@type":"EntryPoint","urlTemplate":"https:\/\/revistaautobus.com.br\/?s={search_term_string}"},"query-input":{"@type":"PropertyValueSpecification","valueRequired":true,"valueName":"search_term_string"}}],"inLanguage":"pt-BR"},{"@type":"Organization","@id":"https:\/\/revistaautobus.com.br\/#organization","name":"Revista AutoBus","url":"https:\/\/revistaautobus.com.br\/","logo":{"@type":"ImageObject","inLanguage":"pt-BR","@id":"https:\/\/revistaautobus.com.br\/#\/schema\/logo\/image\/","url":"https:\/\/revistaautobus.com.br\/wp-content\/uploads\/2024\/11\/logo_revista_autobus_fb.png","contentUrl":"https:\/\/revistaautobus.com.br\/wp-content\/uploads\/2024\/11\/logo_revista_autobus_fb.png","width":836,"height":227,"caption":"Revista AutoBus"},"image":{"@id":"https:\/\/revistaautobus.com.br\/#\/schema\/logo\/image\/"},"sameAs":["https:\/\/www.facebook.com\/antonio.ferro.3150","https:\/\/www.instagram.com\/revistaautobus\/"]},{"@type":"Person","@id":"https:\/\/revistaautobus.com.br\/#\/schema\/person\/54af7c3eb83a310e42ef686ef6d16f50","name":"Antonio Ferro","image":{"@type":"ImageObject","inLanguage":"pt-BR","@id":"https:\/\/revistaautobus.com.br\/wp-content\/uploads\/2025\/12\/editor_antonio_ferro-150x150.jpg","url":"https:\/\/revistaautobus.com.br\/wp-content\/uploads\/2025\/12\/editor_antonio_ferro-150x150.jpg","contentUrl":"https:\/\/revistaautobus.com.br\/wp-content\/uploads\/2025\/12\/editor_antonio_ferro-150x150.jpg","caption":"Antonio Ferro"},"description":"infobus@uol.com.br","url":"https:\/\/revistaautobus.com.br\/?author=2"}]}},"jetpack_featured_media_url":"https:\/\/revistaautobus.com.br\/wp-content\/uploads\/2021\/06\/h2-box-range-1920x1920-c-default.jpg","jetpack_sharing_enabled":true,"_links":{"self":[{"href":"https:\/\/revistaautobus.com.br\/index.php?rest_route=\/wp\/v2\/posts\/744","targetHints":{"allow":["GET"]}}],"collection":[{"href":"https:\/\/revistaautobus.com.br\/index.php?rest_route=\/wp\/v2\/posts"}],"about":[{"href":"https:\/\/revistaautobus.com.br\/index.php?rest_route=\/wp\/v2\/types\/post"}],"author":[{"embeddable":true,"href":"https:\/\/revistaautobus.com.br\/index.php?rest_route=\/wp\/v2\/users\/2"}],"replies":[{"embeddable":true,"href":"https:\/\/revistaautobus.com.br\/index.php?rest_route=%2Fwp%2Fv2%2Fcomments&post=744"}],"version-history":[{"count":2,"href":"https:\/\/revistaautobus.com.br\/index.php?rest_route=\/wp\/v2\/posts\/744\/revisions"}],"predecessor-version":[{"id":748,"href":"https:\/\/revistaautobus.com.br\/index.php?rest_route=\/wp\/v2\/posts\/744\/revisions\/748"}],"wp:featuredmedia":[{"embeddable":true,"href":"https:\/\/revistaautobus.com.br\/index.php?rest_route=\/wp\/v2\/media\/745"}],"wp:attachment":[{"href":"https:\/\/revistaautobus.com.br\/index.php?rest_route=%2Fwp%2Fv2%2Fmedia&parent=744"}],"wp:term":[{"taxonomy":"category","embeddable":true,"href":"https:\/\/revistaautobus.com.br\/index.php?rest_route=%2Fwp%2Fv2%2Fcategories&post=744"},{"taxonomy":"post_tag","embeddable":true,"href":"https:\/\/revistaautobus.com.br\/index.php?rest_route=%2Fwp%2Fv2%2Ftags&post=744"}],"curies":[{"name":"wp","href":"https:\/\/api.w.org\/{rel}","templated":true}]}}