{"id":7444,"date":"2022-10-03T16:48:22","date_gmt":"2022-10-03T19:48:22","guid":{"rendered":"https:\/\/revistaautobus.com.br\/?p=7444"},"modified":"2022-10-04T06:12:05","modified_gmt":"2022-10-04T09:12:05","slug":"transporte-rodoviario-investe-na-renovacao-de-frota","status":"publish","type":"post","link":"https:\/\/revistaautobus.com.br\/?p=7444","title":{"rendered":"Transporte rodovi\u00e1rio investe na renova\u00e7\u00e3o de frota"},"content":{"rendered":"\n<p>A Via\u00e7\u00e3o \u00c1guia Branca, do Esp\u00edrito Santo, uma das mais expressivas do mercado rodovi\u00e1rio brasileiro, anunciou, recentemente, que fechou neg\u00f3cio com a encarro\u00e7adora ga\u00facha Marcopolo no sentido a renovar sua frota. Para isso, encomendou \u00e0 fabricante de carro\u00e7arias 80 novas unidades, sendo 25 do modelo Paradiso 1800 DD e o restante da vers\u00e3o Paradiso 1350, todas da Gera\u00e7\u00e3o 8.<\/p>\n\n\n\n<p>O que motivou essa compra foi a retomada das opera\u00e7\u00f5es em n\u00edveis pr\u00e9-pandemia, no tocante a n\u00famero de passageiros e receita. O investimento nos novos ve\u00edculos \u00e9 de R$ 100 milh\u00f5es, sendo que metade dos 80 \u00f4nibus deve chegar at\u00e9 o final deste ano e outra metade no come\u00e7o de 2023.<\/p>\n\n\n\n<p>As carro\u00e7arias Double Decker ter\u00e3o duas configura\u00e7\u00f5es de servi\u00e7os, com o leito cama no andar inferior, onde o passageiro tem poltronas com uma inclina\u00e7\u00e3o de 180 graus, e 48 poltronas semi-leito no andar superior. Todos os ve\u00edculos oferecer\u00e3o cortinas privativas e de tecido antibacteriano, conex\u00e3o de internet via Wi-Fi, portas USB nas poltronas, al\u00e9m de diversos novos dispositivos de seguran\u00e7a para garantir uma viagem tranquila para o motorista e todos os passageiros.<\/p>\n\n\n\n<p>Outras 55 unidades ser\u00e3o do modelo Paradiso 1350 G8. A operadora destaca que os novos \u00f4nibus, todos com chassis Mercedes-Benz, possuem tecnologia embarcada, contando com mais de 140 inova\u00e7\u00f5es e melhorias para a seguran\u00e7a e conforto para os seus passageiros. Segundo a empresa, ela costuma adquirir novos ve\u00edculos com frequ\u00eancia, visando modernizar gradualmente sua frota, mantendo a idade m\u00e9dia da mesma baixa, o que promove a otimiza\u00e7\u00e3o dos custos com manuten\u00e7\u00e3o. Para a empresa capixaba, atualmente, a linha G8 de carro\u00e7arias \u00e9 considerada adequada para o transporte coletivo, com \u00edndice de consumo de combust\u00edvel mais baixo dentre todos os modelos de \u00f4nibus do Pa\u00eds.<\/p>\n\n\n\n<figure class=\"wp-block-image size-large\"><img loading=\"lazy\" decoding=\"async\" width=\"1024\" height=\"682\" src=\"https:\/\/revistaautobus.com.br\/wp-content\/uploads\/2022\/10\/IMG-20220926-WA0131-1024x682.jpg\" alt=\"\" class=\"wp-image-7446\" srcset=\"https:\/\/revistaautobus.com.br\/wp-content\/uploads\/2022\/10\/IMG-20220926-WA0131-1024x682.jpg 1024w, https:\/\/revistaautobus.com.br\/wp-content\/uploads\/2022\/10\/IMG-20220926-WA0131-300x200.jpg 300w, https:\/\/revistaautobus.com.br\/wp-content\/uploads\/2022\/10\/IMG-20220926-WA0131-768x512.jpg 768w, https:\/\/revistaautobus.com.br\/wp-content\/uploads\/2022\/10\/IMG-20220926-WA0131-1080x720.jpg 1080w, https:\/\/revistaautobus.com.br\/wp-content\/uploads\/2022\/10\/IMG-20220926-WA0131.jpg 1280w\" sizes=\"(max-width: 1024px) 100vw, 1024px\" \/><figcaption><strong><em><mark style=\"background-color:rgba(0, 0, 0, 0)\" class=\"has-inline-color has-vivid-cyan-blue-color\">M\u00e9dia de idade da frota sempre baixa<\/mark><\/em><\/strong><\/figcaption><\/figure>\n\n\n\n<p>Quanto ao mercado, a operadora informa que j\u00e1 retomou o volume de passageiros que costumava ter antes da pandemia de Covid-19 e, desde abril deste ano, j\u00e1 alcan\u00e7ou o patamar de 2019 quanto a passageiros e receita. Dentre os destaques, recentemente ela teve um excelente resultado no Rock in Rio, com 650 viagens extras no eixo Rio de Janeiro x S\u00e3o Paulo, um dos mais competitivos no mercado; al\u00e9m de um crescimento no trecho Vit\u00f3ria x Rio de Janeiro, que contou com mais de 200 ve\u00edculos extras.<\/p>\n\n\n\n<p>Ela salienta que mant\u00e9m uma postura atenta ao mercado e \u00e0s demandas dos clientes, reconhecendo que o consumidor est\u00e1 cada dia mais exigente na busca por servi\u00e7os seguros, confort\u00e1veis e eficientes. E, informando, para proporcionar um servi\u00e7o de excel\u00eancia, a empresa mant\u00e9m o foco em maximizar a experi\u00eancia do passageiro, criando comodidade por meio de seus canais de vendas, usando intelig\u00eancia de dados para oferecer passagens a pre\u00e7os mais competitivos e trazendo os ve\u00edculos mais modernos e confort\u00e1veis do mercado para a opera\u00e7\u00e3o, sem abrir m\u00e3o da seguran\u00e7a, valor inegoci\u00e1vel.<\/p>\n\n\n\n<p>Imagens &#8211; Divulga\u00e7\u00e3o<\/p>\n","protected":false},"excerpt":{"rendered":"<p>Para a Via\u00e7\u00e3o \u00c1guia Branca, atualmente, a linha G8 de carro\u00e7arias \u00e9 considerada adequada para o transporte coletivo, com \u00edndice de consumo de combust\u00edvel mais baixo dentre todos os modelos de \u00f4nibus do Pa\u00eds<\/p>\n","protected":false},"author":2,"featured_media":7445,"comment_status":"open","ping_status":"open","sticky":false,"template":"","format":"standard","meta":{"_et_pb_use_builder":"off","_et_pb_old_content":"","_et_gb_content_width":"","_jetpack_memberships_contains_paid_content":false,"footnotes":""},"categories":[80],"tags":[220,17,394],"class_list":["post-7444","post","type-post","status-publish","format-standard","has-post-thumbnail","hentry","category-transporte-rodoviario","tag-marcopolo-g8","tag-mercedes-benz","tag-viacao-aguia-branca","et-has-post-format-content","et_post_format-et-post-format-standard"],"yoast_head":"<!-- This site is optimized with the Yoast SEO plugin v27.2 - https:\/\/yoast.com\/product\/yoast-seo-wordpress\/ -->\n<title>Transporte rodovi\u00e1rio investe na renova\u00e7\u00e3o de frota - Revista AutoBus<\/title>\n<meta name=\"robots\" content=\"index, follow, max-snippet:-1, max-image-preview:large, max-video-preview:-1\" \/>\n<link rel=\"canonical\" href=\"https:\/\/revistaautobus.com.br\/?p=7444\" \/>\n<meta property=\"og:locale\" content=\"pt_BR\" \/>\n<meta property=\"og:type\" content=\"article\" \/>\n<meta property=\"og:title\" content=\"Transporte rodovi\u00e1rio investe na renova\u00e7\u00e3o de frota - Revista AutoBus\" \/>\n<meta property=\"og:description\" content=\"Para a Via\u00e7\u00e3o \u00c1guia Branca, atualmente, a linha G8 de carro\u00e7arias \u00e9 considerada adequada para o transporte coletivo, com \u00edndice de consumo de combust\u00edvel mais baixo dentre todos os modelos de \u00f4nibus do Pa\u00eds\" \/>\n<meta property=\"og:url\" content=\"https:\/\/revistaautobus.com.br\/?p=7444\" \/>\n<meta property=\"og:site_name\" content=\"Revista AutoBus\" \/>\n<meta property=\"article:publisher\" content=\"https:\/\/www.facebook.com\/antonio.ferro.3150\" \/>\n<meta property=\"article:published_time\" content=\"2022-10-03T19:48:22+00:00\" \/>\n<meta property=\"article:modified_time\" content=\"2022-10-04T09:12:05+00:00\" \/>\n<meta property=\"og:image\" content=\"https:\/\/revistaautobus.com.br\/wp-content\/uploads\/2022\/10\/IMG-20220926-WA0130.jpg\" \/>\n\t<meta property=\"og:image:width\" content=\"1280\" \/>\n\t<meta property=\"og:image:height\" content=\"571\" \/>\n\t<meta property=\"og:image:type\" content=\"image\/jpeg\" \/>\n<meta name=\"author\" content=\"Antonio Ferro\" \/>\n<meta name=\"twitter:card\" content=\"summary_large_image\" \/>\n<meta name=\"twitter:label1\" content=\"Escrito por\" \/>\n\t<meta name=\"twitter:data1\" content=\"Antonio Ferro\" \/>\n\t<meta name=\"twitter:label2\" content=\"Est. tempo de leitura\" \/>\n\t<meta name=\"twitter:data2\" content=\"3 minutos\" \/>\n<script type=\"application\/ld+json\" class=\"yoast-schema-graph\">{\"@context\":\"https:\/\/schema.org\",\"@graph\":[{\"@type\":\"Article\",\"@id\":\"https:\/\/revistaautobus.com.br\/?p=7444#article\",\"isPartOf\":{\"@id\":\"https:\/\/revistaautobus.com.br\/?p=7444\"},\"author\":{\"name\":\"Antonio Ferro\",\"@id\":\"https:\/\/revistaautobus.com.br\/#\/schema\/person\/54af7c3eb83a310e42ef686ef6d16f50\"},\"headline\":\"Transporte rodovi\u00e1rio investe na renova\u00e7\u00e3o de frota\",\"datePublished\":\"2022-10-03T19:48:22+00:00\",\"dateModified\":\"2022-10-04T09:12:05+00:00\",\"mainEntityOfPage\":{\"@id\":\"https:\/\/revistaautobus.com.br\/?p=7444\"},\"wordCount\":522,\"commentCount\":0,\"publisher\":{\"@id\":\"https:\/\/revistaautobus.com.br\/#organization\"},\"image\":{\"@id\":\"https:\/\/revistaautobus.com.br\/?p=7444#primaryimage\"},\"thumbnailUrl\":\"https:\/\/revistaautobus.com.br\/wp-content\/uploads\/2022\/10\/IMG-20220926-WA0130.jpg\",\"keywords\":[\"Marcopolo G8\",\"mercedes-benz\",\"Via\u00e7\u00e3o \u00c1guia Branca\"],\"articleSection\":[\"Transporte rodovi\u00e1rio\"],\"inLanguage\":\"pt-BR\",\"potentialAction\":[{\"@type\":\"CommentAction\",\"name\":\"Comment\",\"target\":[\"https:\/\/revistaautobus.com.br\/?p=7444#respond\"]}]},{\"@type\":\"WebPage\",\"@id\":\"https:\/\/revistaautobus.com.br\/?p=7444\",\"url\":\"https:\/\/revistaautobus.com.br\/?p=7444\",\"name\":\"Transporte rodovi\u00e1rio investe na renova\u00e7\u00e3o de frota - Revista AutoBus\",\"isPartOf\":{\"@id\":\"https:\/\/revistaautobus.com.br\/#website\"},\"primaryImageOfPage\":{\"@id\":\"https:\/\/revistaautobus.com.br\/?p=7444#primaryimage\"},\"image\":{\"@id\":\"https:\/\/revistaautobus.com.br\/?p=7444#primaryimage\"},\"thumbnailUrl\":\"https:\/\/revistaautobus.com.br\/wp-content\/uploads\/2022\/10\/IMG-20220926-WA0130.jpg\",\"datePublished\":\"2022-10-03T19:48:22+00:00\",\"dateModified\":\"2022-10-04T09:12:05+00:00\",\"breadcrumb\":{\"@id\":\"https:\/\/revistaautobus.com.br\/?p=7444#breadcrumb\"},\"inLanguage\":\"pt-BR\",\"potentialAction\":[{\"@type\":\"ReadAction\",\"target\":[\"https:\/\/revistaautobus.com.br\/?p=7444\"]}]},{\"@type\":\"ImageObject\",\"inLanguage\":\"pt-BR\",\"@id\":\"https:\/\/revistaautobus.com.br\/?p=7444#primaryimage\",\"url\":\"https:\/\/revistaautobus.com.br\/wp-content\/uploads\/2022\/10\/IMG-20220926-WA0130.jpg\",\"contentUrl\":\"https:\/\/revistaautobus.com.br\/wp-content\/uploads\/2022\/10\/IMG-20220926-WA0130.jpg\",\"width\":1280,\"height\":571},{\"@type\":\"BreadcrumbList\",\"@id\":\"https:\/\/revistaautobus.com.br\/?p=7444#breadcrumb\",\"itemListElement\":[{\"@type\":\"ListItem\",\"position\":1,\"name\":\"In\u00edcio\",\"item\":\"https:\/\/revistaautobus.com.br\/\"},{\"@type\":\"ListItem\",\"position\":2,\"name\":\"Transporte rodovi\u00e1rio investe na renova\u00e7\u00e3o de frota\"}]},{\"@type\":\"WebSite\",\"@id\":\"https:\/\/revistaautobus.com.br\/#website\",\"url\":\"https:\/\/revistaautobus.com.br\/\",\"name\":\"Revista AutoBus\",\"description\":\"\",\"publisher\":{\"@id\":\"https:\/\/revistaautobus.com.br\/#organization\"},\"potentialAction\":[{\"@type\":\"SearchAction\",\"target\":{\"@type\":\"EntryPoint\",\"urlTemplate\":\"https:\/\/revistaautobus.com.br\/?s={search_term_string}\"},\"query-input\":{\"@type\":\"PropertyValueSpecification\",\"valueRequired\":true,\"valueName\":\"search_term_string\"}}],\"inLanguage\":\"pt-BR\"},{\"@type\":\"Organization\",\"@id\":\"https:\/\/revistaautobus.com.br\/#organization\",\"name\":\"Revista AutoBus\",\"url\":\"https:\/\/revistaautobus.com.br\/\",\"logo\":{\"@type\":\"ImageObject\",\"inLanguage\":\"pt-BR\",\"@id\":\"https:\/\/revistaautobus.com.br\/#\/schema\/logo\/image\/\",\"url\":\"https:\/\/revistaautobus.com.br\/wp-content\/uploads\/2024\/11\/logo_revista_autobus_fb.png\",\"contentUrl\":\"https:\/\/revistaautobus.com.br\/wp-content\/uploads\/2024\/11\/logo_revista_autobus_fb.png\",\"width\":836,\"height\":227,\"caption\":\"Revista AutoBus\"},\"image\":{\"@id\":\"https:\/\/revistaautobus.com.br\/#\/schema\/logo\/image\/\"},\"sameAs\":[\"https:\/\/www.facebook.com\/antonio.ferro.3150\",\"https:\/\/www.instagram.com\/revistaautobus\/\"]},{\"@type\":\"Person\",\"@id\":\"https:\/\/revistaautobus.com.br\/#\/schema\/person\/54af7c3eb83a310e42ef686ef6d16f50\",\"name\":\"Antonio Ferro\",\"image\":{\"@type\":\"ImageObject\",\"inLanguage\":\"pt-BR\",\"@id\":\"https:\/\/revistaautobus.com.br\/wp-content\/uploads\/2025\/12\/editor_antonio_ferro-150x150.jpg\",\"url\":\"https:\/\/revistaautobus.com.br\/wp-content\/uploads\/2025\/12\/editor_antonio_ferro-150x150.jpg\",\"contentUrl\":\"https:\/\/revistaautobus.com.br\/wp-content\/uploads\/2025\/12\/editor_antonio_ferro-150x150.jpg\",\"caption\":\"Antonio Ferro\"},\"description\":\"infobus@uol.com.br\",\"url\":\"https:\/\/revistaautobus.com.br\/?author=2\"}]}<\/script>\n<!-- \/ Yoast SEO plugin. -->","yoast_head_json":{"title":"Transporte rodovi\u00e1rio investe na renova\u00e7\u00e3o de frota - Revista AutoBus","robots":{"index":"index","follow":"follow","max-snippet":"max-snippet:-1","max-image-preview":"max-image-preview:large","max-video-preview":"max-video-preview:-1"},"canonical":"https:\/\/revistaautobus.com.br\/?p=7444","og_locale":"pt_BR","og_type":"article","og_title":"Transporte rodovi\u00e1rio investe na renova\u00e7\u00e3o de frota - Revista AutoBus","og_description":"Para a Via\u00e7\u00e3o \u00c1guia Branca, atualmente, a linha G8 de carro\u00e7arias \u00e9 considerada adequada para o transporte coletivo, com \u00edndice de consumo de combust\u00edvel mais baixo dentre todos os modelos de \u00f4nibus do Pa\u00eds","og_url":"https:\/\/revistaautobus.com.br\/?p=7444","og_site_name":"Revista AutoBus","article_publisher":"https:\/\/www.facebook.com\/antonio.ferro.3150","article_published_time":"2022-10-03T19:48:22+00:00","article_modified_time":"2022-10-04T09:12:05+00:00","og_image":[{"width":1280,"height":571,"url":"https:\/\/revistaautobus.com.br\/wp-content\/uploads\/2022\/10\/IMG-20220926-WA0130.jpg","type":"image\/jpeg"}],"author":"Antonio Ferro","twitter_card":"summary_large_image","twitter_misc":{"Escrito por":"Antonio Ferro","Est. tempo de leitura":"3 minutos"},"schema":{"@context":"https:\/\/schema.org","@graph":[{"@type":"Article","@id":"https:\/\/revistaautobus.com.br\/?p=7444#article","isPartOf":{"@id":"https:\/\/revistaautobus.com.br\/?p=7444"},"author":{"name":"Antonio Ferro","@id":"https:\/\/revistaautobus.com.br\/#\/schema\/person\/54af7c3eb83a310e42ef686ef6d16f50"},"headline":"Transporte rodovi\u00e1rio investe na renova\u00e7\u00e3o de frota","datePublished":"2022-10-03T19:48:22+00:00","dateModified":"2022-10-04T09:12:05+00:00","mainEntityOfPage":{"@id":"https:\/\/revistaautobus.com.br\/?p=7444"},"wordCount":522,"commentCount":0,"publisher":{"@id":"https:\/\/revistaautobus.com.br\/#organization"},"image":{"@id":"https:\/\/revistaautobus.com.br\/?p=7444#primaryimage"},"thumbnailUrl":"https:\/\/revistaautobus.com.br\/wp-content\/uploads\/2022\/10\/IMG-20220926-WA0130.jpg","keywords":["Marcopolo G8","mercedes-benz","Via\u00e7\u00e3o \u00c1guia Branca"],"articleSection":["Transporte rodovi\u00e1rio"],"inLanguage":"pt-BR","potentialAction":[{"@type":"CommentAction","name":"Comment","target":["https:\/\/revistaautobus.com.br\/?p=7444#respond"]}]},{"@type":"WebPage","@id":"https:\/\/revistaautobus.com.br\/?p=7444","url":"https:\/\/revistaautobus.com.br\/?p=7444","name":"Transporte rodovi\u00e1rio investe na renova\u00e7\u00e3o de frota - Revista AutoBus","isPartOf":{"@id":"https:\/\/revistaautobus.com.br\/#website"},"primaryImageOfPage":{"@id":"https:\/\/revistaautobus.com.br\/?p=7444#primaryimage"},"image":{"@id":"https:\/\/revistaautobus.com.br\/?p=7444#primaryimage"},"thumbnailUrl":"https:\/\/revistaautobus.com.br\/wp-content\/uploads\/2022\/10\/IMG-20220926-WA0130.jpg","datePublished":"2022-10-03T19:48:22+00:00","dateModified":"2022-10-04T09:12:05+00:00","breadcrumb":{"@id":"https:\/\/revistaautobus.com.br\/?p=7444#breadcrumb"},"inLanguage":"pt-BR","potentialAction":[{"@type":"ReadAction","target":["https:\/\/revistaautobus.com.br\/?p=7444"]}]},{"@type":"ImageObject","inLanguage":"pt-BR","@id":"https:\/\/revistaautobus.com.br\/?p=7444#primaryimage","url":"https:\/\/revistaautobus.com.br\/wp-content\/uploads\/2022\/10\/IMG-20220926-WA0130.jpg","contentUrl":"https:\/\/revistaautobus.com.br\/wp-content\/uploads\/2022\/10\/IMG-20220926-WA0130.jpg","width":1280,"height":571},{"@type":"BreadcrumbList","@id":"https:\/\/revistaautobus.com.br\/?p=7444#breadcrumb","itemListElement":[{"@type":"ListItem","position":1,"name":"In\u00edcio","item":"https:\/\/revistaautobus.com.br\/"},{"@type":"ListItem","position":2,"name":"Transporte rodovi\u00e1rio investe na renova\u00e7\u00e3o de frota"}]},{"@type":"WebSite","@id":"https:\/\/revistaautobus.com.br\/#website","url":"https:\/\/revistaautobus.com.br\/","name":"Revista AutoBus","description":"","publisher":{"@id":"https:\/\/revistaautobus.com.br\/#organization"},"potentialAction":[{"@type":"SearchAction","target":{"@type":"EntryPoint","urlTemplate":"https:\/\/revistaautobus.com.br\/?s={search_term_string}"},"query-input":{"@type":"PropertyValueSpecification","valueRequired":true,"valueName":"search_term_string"}}],"inLanguage":"pt-BR"},{"@type":"Organization","@id":"https:\/\/revistaautobus.com.br\/#organization","name":"Revista AutoBus","url":"https:\/\/revistaautobus.com.br\/","logo":{"@type":"ImageObject","inLanguage":"pt-BR","@id":"https:\/\/revistaautobus.com.br\/#\/schema\/logo\/image\/","url":"https:\/\/revistaautobus.com.br\/wp-content\/uploads\/2024\/11\/logo_revista_autobus_fb.png","contentUrl":"https:\/\/revistaautobus.com.br\/wp-content\/uploads\/2024\/11\/logo_revista_autobus_fb.png","width":836,"height":227,"caption":"Revista AutoBus"},"image":{"@id":"https:\/\/revistaautobus.com.br\/#\/schema\/logo\/image\/"},"sameAs":["https:\/\/www.facebook.com\/antonio.ferro.3150","https:\/\/www.instagram.com\/revistaautobus\/"]},{"@type":"Person","@id":"https:\/\/revistaautobus.com.br\/#\/schema\/person\/54af7c3eb83a310e42ef686ef6d16f50","name":"Antonio Ferro","image":{"@type":"ImageObject","inLanguage":"pt-BR","@id":"https:\/\/revistaautobus.com.br\/wp-content\/uploads\/2025\/12\/editor_antonio_ferro-150x150.jpg","url":"https:\/\/revistaautobus.com.br\/wp-content\/uploads\/2025\/12\/editor_antonio_ferro-150x150.jpg","contentUrl":"https:\/\/revistaautobus.com.br\/wp-content\/uploads\/2025\/12\/editor_antonio_ferro-150x150.jpg","caption":"Antonio Ferro"},"description":"infobus@uol.com.br","url":"https:\/\/revistaautobus.com.br\/?author=2"}]}},"jetpack_featured_media_url":"https:\/\/revistaautobus.com.br\/wp-content\/uploads\/2022\/10\/IMG-20220926-WA0130.jpg","jetpack_sharing_enabled":true,"_links":{"self":[{"href":"https:\/\/revistaautobus.com.br\/index.php?rest_route=\/wp\/v2\/posts\/7444","targetHints":{"allow":["GET"]}}],"collection":[{"href":"https:\/\/revistaautobus.com.br\/index.php?rest_route=\/wp\/v2\/posts"}],"about":[{"href":"https:\/\/revistaautobus.com.br\/index.php?rest_route=\/wp\/v2\/types\/post"}],"author":[{"embeddable":true,"href":"https:\/\/revistaautobus.com.br\/index.php?rest_route=\/wp\/v2\/users\/2"}],"replies":[{"embeddable":true,"href":"https:\/\/revistaautobus.com.br\/index.php?rest_route=%2Fwp%2Fv2%2Fcomments&post=7444"}],"version-history":[{"count":2,"href":"https:\/\/revistaautobus.com.br\/index.php?rest_route=\/wp\/v2\/posts\/7444\/revisions"}],"predecessor-version":[{"id":7449,"href":"https:\/\/revistaautobus.com.br\/index.php?rest_route=\/wp\/v2\/posts\/7444\/revisions\/7449"}],"wp:featuredmedia":[{"embeddable":true,"href":"https:\/\/revistaautobus.com.br\/index.php?rest_route=\/wp\/v2\/media\/7445"}],"wp:attachment":[{"href":"https:\/\/revistaautobus.com.br\/index.php?rest_route=%2Fwp%2Fv2%2Fmedia&parent=7444"}],"wp:term":[{"taxonomy":"category","embeddable":true,"href":"https:\/\/revistaautobus.com.br\/index.php?rest_route=%2Fwp%2Fv2%2Fcategories&post=7444"},{"taxonomy":"post_tag","embeddable":true,"href":"https:\/\/revistaautobus.com.br\/index.php?rest_route=%2Fwp%2Fv2%2Ftags&post=7444"}],"curies":[{"name":"wp","href":"https:\/\/api.w.org\/{rel}","templated":true}]}}