{"id":7460,"date":"2022-10-07T08:59:52","date_gmt":"2022-10-07T11:59:52","guid":{"rendered":"https:\/\/revistaautobus.com.br\/?p=7460"},"modified":"2022-10-07T08:59:53","modified_gmt":"2022-10-07T11:59:53","slug":"pelo-tunel-do-tempo","status":"publish","type":"post","link":"https:\/\/revistaautobus.com.br\/?p=7460","title":{"rendered":"Pelo t\u00fanel do tempo"},"content":{"rendered":"\n<p>WC, sanit\u00e1rio ou banheiro? Esses termos foram, e ainda s\u00e3o, ressaltados nos \u00f4nibus rodovi\u00e1rios que cumprem a jornada dos servi\u00e7os regulares, bem como na opera\u00e7\u00e3o tur\u00edstica. Ao longo dos anos, houve uma significativa evolu\u00e7\u00e3o desse espa\u00e7o que permite mais comodidade aos passageiros nas viagens.<\/p>\n\n\n\n<p>No contexto hist\u00f3rico, os registros mostram que foi o Expresso Minuano, operadora ga\u00facha, a primeira empresa a implantar o WC (com um padr\u00e3o bem simples) em \u00f4nibus Elizi\u00e1rio\/Scania, isso em 1959. Por\u00e9m, foi na d\u00e9cada de 1970 que o aspecto ganhou for\u00e7a com o maior uso nas carro\u00e7arias.<\/p>\n\n\n\n<p>A encarro\u00e7adora de Caxias do Sul, Marcopolo, tamb\u00e9m esteve presente como uma das pioneiras na coloca\u00e7\u00e3o do sanit\u00e1rio em suas carro\u00e7arias, com o modelo Monogram, \u00e0 prova de vazamentos, ent\u00e3o uma novidade para a \u00e9poca, equipamento usado em avi\u00f5es intercontinentais.<\/p>\n\n\n\n<p>Ele utilizava \u00e1gua (14 litros) e o desinfetante DG-19, que agia na dilui\u00e7\u00e3o dos detritos, eliminando os odores. Sua a\u00e7\u00e3o, recirculante, podia ser repetida 130 vezes at\u00e9 a substitui\u00e7\u00e3o da \u00e1gua. A Marcopolo produzia seu WC sob licen\u00e7a da empresa norte-americana Monogram Industries.<\/p>\n\n\n\n<figure class=\"wp-block-image size-large\"><img loading=\"lazy\" decoding=\"async\" width=\"1024\" height=\"514\" src=\"https:\/\/revistaautobus.com.br\/wp-content\/uploads\/2022\/10\/Sanitarios-1024x514.jpg\" alt=\"\" class=\"wp-image-7462\" srcset=\"https:\/\/revistaautobus.com.br\/wp-content\/uploads\/2022\/10\/Sanitarios-1024x514.jpg 1024w, https:\/\/revistaautobus.com.br\/wp-content\/uploads\/2022\/10\/Sanitarios-300x151.jpg 300w, https:\/\/revistaautobus.com.br\/wp-content\/uploads\/2022\/10\/Sanitarios-768x385.jpg 768w, https:\/\/revistaautobus.com.br\/wp-content\/uploads\/2022\/10\/Sanitarios-1536x771.jpg 1536w, https:\/\/revistaautobus.com.br\/wp-content\/uploads\/2022\/10\/Sanitarios-1080x542.jpg 1080w, https:\/\/revistaautobus.com.br\/wp-content\/uploads\/2022\/10\/Sanitarios.jpg 2003w\" sizes=\"(max-width: 1024px) 100vw, 1024px\" \/><\/figure>\n\n\n\n<p>Outra empresa brasileira a produzir o gabinete sanit\u00e1rio para os \u00f4nibus foi a Karmann-Ghia, tamb\u00e9m durante os anos de 1970, com um modelo aprovado pelo extinto \u00f3rg\u00e3o federal DNER. Com comprimento de 1,10 metros, altura m\u00e1xima de 1,80 metros e largura de 0,76 metros, podia ser facilmente instalado na carro\u00e7aria. Ele possu\u00eda reservat\u00f3rio com capacidade para 70 litros e tanque de \u00e1gua servida para 80 litros, localizados no compartimento do motor, lavat\u00f3rio, espelho, saboneteira e lixeira. A estrutura do mesmo utilizava fibra de vidro e laminados lav\u00e1veis, a prova de corros\u00e3o, e a circula\u00e7\u00e3o do ar se dava pela janela ou por exaustor el\u00e9trico.<\/p>\n\n\n\n<p>Hoje, as encarro\u00e7adoras brasileiras desenvolvem os mais modernos modelos de WC, com configura\u00e7\u00f5es e acabamentos inovadores, ergonomicamente projetados para o maior conforto dos passageiros e adequados para as severas opera\u00e7\u00f5es no cotidiano do transporte.<\/p>\n\n\n\n<p>Imagens &#8211; Acervo Anfavea, Acervo Dorival Piccoli e Reprodu\u00e7\u00e3o Internet<\/p>\n","protected":false},"excerpt":{"rendered":"<p>Mais um cap\u00edtulo da hist\u00f3ria do \u00f4nibus rodovi\u00e1rio brasileiro<\/p>\n","protected":false},"author":2,"featured_media":7461,"comment_status":"open","ping_status":"open","sticky":false,"template":"","format":"standard","meta":{"_et_pb_use_builder":"off","_et_pb_old_content":"","_et_gb_content_width":"","_jetpack_memberships_contains_paid_content":false,"footnotes":""},"categories":[6],"tags":[152,82],"class_list":["post-7460","post","type-post","status-publish","format-standard","has-post-thumbnail","hentry","category-das-antigas","tag-dner","tag-onibus-rodoviario","et-has-post-format-content","et_post_format-et-post-format-standard"],"yoast_head":"<!-- This site is optimized with the Yoast SEO plugin v27.2 - https:\/\/yoast.com\/product\/yoast-seo-wordpress\/ -->\n<title>Pelo t\u00fanel do tempo - Revista AutoBus<\/title>\n<meta name=\"robots\" content=\"index, follow, max-snippet:-1, max-image-preview:large, max-video-preview:-1\" \/>\n<link rel=\"canonical\" href=\"https:\/\/revistaautobus.com.br\/?p=7460\" \/>\n<meta property=\"og:locale\" content=\"pt_BR\" \/>\n<meta property=\"og:type\" content=\"article\" \/>\n<meta property=\"og:title\" content=\"Pelo t\u00fanel do tempo - Revista AutoBus\" \/>\n<meta property=\"og:description\" content=\"Mais um cap\u00edtulo da hist\u00f3ria do \u00f4nibus rodovi\u00e1rio brasileiro\" \/>\n<meta property=\"og:url\" content=\"https:\/\/revistaautobus.com.br\/?p=7460\" \/>\n<meta property=\"og:site_name\" content=\"Revista AutoBus\" \/>\n<meta property=\"article:publisher\" content=\"https:\/\/www.facebook.com\/antonio.ferro.3150\" \/>\n<meta property=\"article:published_time\" content=\"2022-10-07T11:59:52+00:00\" \/>\n<meta property=\"article:modified_time\" content=\"2022-10-07T11:59:53+00:00\" \/>\n<meta property=\"og:image\" content=\"https:\/\/revistaautobus.com.br\/wp-content\/uploads\/2022\/10\/Gabinte-sanitario_Page_22.jpg\" \/>\n\t<meta property=\"og:image:width\" content=\"2191\" \/>\n\t<meta property=\"og:image:height\" content=\"757\" \/>\n\t<meta property=\"og:image:type\" content=\"image\/jpeg\" \/>\n<meta name=\"author\" content=\"Antonio Ferro\" \/>\n<meta name=\"twitter:card\" content=\"summary_large_image\" \/>\n<meta name=\"twitter:label1\" content=\"Escrito por\" \/>\n\t<meta name=\"twitter:data1\" content=\"Antonio Ferro\" \/>\n\t<meta name=\"twitter:label2\" content=\"Est. tempo de leitura\" \/>\n\t<meta name=\"twitter:data2\" content=\"2 minutos\" \/>\n<script type=\"application\/ld+json\" class=\"yoast-schema-graph\">{\"@context\":\"https:\/\/schema.org\",\"@graph\":[{\"@type\":\"Article\",\"@id\":\"https:\/\/revistaautobus.com.br\/?p=7460#article\",\"isPartOf\":{\"@id\":\"https:\/\/revistaautobus.com.br\/?p=7460\"},\"author\":{\"name\":\"Antonio Ferro\",\"@id\":\"https:\/\/revistaautobus.com.br\/#\/schema\/person\/54af7c3eb83a310e42ef686ef6d16f50\"},\"headline\":\"Pelo t\u00fanel do tempo\",\"datePublished\":\"2022-10-07T11:59:52+00:00\",\"dateModified\":\"2022-10-07T11:59:53+00:00\",\"mainEntityOfPage\":{\"@id\":\"https:\/\/revistaautobus.com.br\/?p=7460\"},\"wordCount\":361,\"commentCount\":0,\"publisher\":{\"@id\":\"https:\/\/revistaautobus.com.br\/#organization\"},\"image\":{\"@id\":\"https:\/\/revistaautobus.com.br\/?p=7460#primaryimage\"},\"thumbnailUrl\":\"https:\/\/revistaautobus.com.br\/wp-content\/uploads\/2022\/10\/Gabinte-sanitario_Page_22.jpg\",\"keywords\":[\"DNER\",\"\u00f4nibus rodovi\u00e1rio\"],\"articleSection\":[\"Das Antigas\"],\"inLanguage\":\"pt-BR\",\"potentialAction\":[{\"@type\":\"CommentAction\",\"name\":\"Comment\",\"target\":[\"https:\/\/revistaautobus.com.br\/?p=7460#respond\"]}]},{\"@type\":\"WebPage\",\"@id\":\"https:\/\/revistaautobus.com.br\/?p=7460\",\"url\":\"https:\/\/revistaautobus.com.br\/?p=7460\",\"name\":\"Pelo t\u00fanel do tempo - Revista AutoBus\",\"isPartOf\":{\"@id\":\"https:\/\/revistaautobus.com.br\/#website\"},\"primaryImageOfPage\":{\"@id\":\"https:\/\/revistaautobus.com.br\/?p=7460#primaryimage\"},\"image\":{\"@id\":\"https:\/\/revistaautobus.com.br\/?p=7460#primaryimage\"},\"thumbnailUrl\":\"https:\/\/revistaautobus.com.br\/wp-content\/uploads\/2022\/10\/Gabinte-sanitario_Page_22.jpg\",\"datePublished\":\"2022-10-07T11:59:52+00:00\",\"dateModified\":\"2022-10-07T11:59:53+00:00\",\"breadcrumb\":{\"@id\":\"https:\/\/revistaautobus.com.br\/?p=7460#breadcrumb\"},\"inLanguage\":\"pt-BR\",\"potentialAction\":[{\"@type\":\"ReadAction\",\"target\":[\"https:\/\/revistaautobus.com.br\/?p=7460\"]}]},{\"@type\":\"ImageObject\",\"inLanguage\":\"pt-BR\",\"@id\":\"https:\/\/revistaautobus.com.br\/?p=7460#primaryimage\",\"url\":\"https:\/\/revistaautobus.com.br\/wp-content\/uploads\/2022\/10\/Gabinte-sanitario_Page_22.jpg\",\"contentUrl\":\"https:\/\/revistaautobus.com.br\/wp-content\/uploads\/2022\/10\/Gabinte-sanitario_Page_22.jpg\",\"width\":2191,\"height\":757},{\"@type\":\"BreadcrumbList\",\"@id\":\"https:\/\/revistaautobus.com.br\/?p=7460#breadcrumb\",\"itemListElement\":[{\"@type\":\"ListItem\",\"position\":1,\"name\":\"In\u00edcio\",\"item\":\"https:\/\/revistaautobus.com.br\/\"},{\"@type\":\"ListItem\",\"position\":2,\"name\":\"Pelo t\u00fanel do tempo\"}]},{\"@type\":\"WebSite\",\"@id\":\"https:\/\/revistaautobus.com.br\/#website\",\"url\":\"https:\/\/revistaautobus.com.br\/\",\"name\":\"Revista AutoBus\",\"description\":\"\",\"publisher\":{\"@id\":\"https:\/\/revistaautobus.com.br\/#organization\"},\"potentialAction\":[{\"@type\":\"SearchAction\",\"target\":{\"@type\":\"EntryPoint\",\"urlTemplate\":\"https:\/\/revistaautobus.com.br\/?s={search_term_string}\"},\"query-input\":{\"@type\":\"PropertyValueSpecification\",\"valueRequired\":true,\"valueName\":\"search_term_string\"}}],\"inLanguage\":\"pt-BR\"},{\"@type\":\"Organization\",\"@id\":\"https:\/\/revistaautobus.com.br\/#organization\",\"name\":\"Revista AutoBus\",\"url\":\"https:\/\/revistaautobus.com.br\/\",\"logo\":{\"@type\":\"ImageObject\",\"inLanguage\":\"pt-BR\",\"@id\":\"https:\/\/revistaautobus.com.br\/#\/schema\/logo\/image\/\",\"url\":\"https:\/\/revistaautobus.com.br\/wp-content\/uploads\/2024\/11\/logo_revista_autobus_fb.png\",\"contentUrl\":\"https:\/\/revistaautobus.com.br\/wp-content\/uploads\/2024\/11\/logo_revista_autobus_fb.png\",\"width\":836,\"height\":227,\"caption\":\"Revista AutoBus\"},\"image\":{\"@id\":\"https:\/\/revistaautobus.com.br\/#\/schema\/logo\/image\/\"},\"sameAs\":[\"https:\/\/www.facebook.com\/antonio.ferro.3150\",\"https:\/\/www.instagram.com\/revistaautobus\/\"]},{\"@type\":\"Person\",\"@id\":\"https:\/\/revistaautobus.com.br\/#\/schema\/person\/54af7c3eb83a310e42ef686ef6d16f50\",\"name\":\"Antonio Ferro\",\"image\":{\"@type\":\"ImageObject\",\"inLanguage\":\"pt-BR\",\"@id\":\"https:\/\/revistaautobus.com.br\/wp-content\/uploads\/2025\/12\/editor_antonio_ferro-150x150.jpg\",\"url\":\"https:\/\/revistaautobus.com.br\/wp-content\/uploads\/2025\/12\/editor_antonio_ferro-150x150.jpg\",\"contentUrl\":\"https:\/\/revistaautobus.com.br\/wp-content\/uploads\/2025\/12\/editor_antonio_ferro-150x150.jpg\",\"caption\":\"Antonio Ferro\"},\"description\":\"infobus@uol.com.br\",\"url\":\"https:\/\/revistaautobus.com.br\/?author=2\"}]}<\/script>\n<!-- \/ Yoast SEO plugin. -->","yoast_head_json":{"title":"Pelo t\u00fanel do tempo - Revista AutoBus","robots":{"index":"index","follow":"follow","max-snippet":"max-snippet:-1","max-image-preview":"max-image-preview:large","max-video-preview":"max-video-preview:-1"},"canonical":"https:\/\/revistaautobus.com.br\/?p=7460","og_locale":"pt_BR","og_type":"article","og_title":"Pelo t\u00fanel do tempo - Revista AutoBus","og_description":"Mais um cap\u00edtulo da hist\u00f3ria do \u00f4nibus rodovi\u00e1rio brasileiro","og_url":"https:\/\/revistaautobus.com.br\/?p=7460","og_site_name":"Revista AutoBus","article_publisher":"https:\/\/www.facebook.com\/antonio.ferro.3150","article_published_time":"2022-10-07T11:59:52+00:00","article_modified_time":"2022-10-07T11:59:53+00:00","og_image":[{"width":2191,"height":757,"url":"https:\/\/revistaautobus.com.br\/wp-content\/uploads\/2022\/10\/Gabinte-sanitario_Page_22.jpg","type":"image\/jpeg"}],"author":"Antonio Ferro","twitter_card":"summary_large_image","twitter_misc":{"Escrito por":"Antonio Ferro","Est. tempo de leitura":"2 minutos"},"schema":{"@context":"https:\/\/schema.org","@graph":[{"@type":"Article","@id":"https:\/\/revistaautobus.com.br\/?p=7460#article","isPartOf":{"@id":"https:\/\/revistaautobus.com.br\/?p=7460"},"author":{"name":"Antonio Ferro","@id":"https:\/\/revistaautobus.com.br\/#\/schema\/person\/54af7c3eb83a310e42ef686ef6d16f50"},"headline":"Pelo t\u00fanel do tempo","datePublished":"2022-10-07T11:59:52+00:00","dateModified":"2022-10-07T11:59:53+00:00","mainEntityOfPage":{"@id":"https:\/\/revistaautobus.com.br\/?p=7460"},"wordCount":361,"commentCount":0,"publisher":{"@id":"https:\/\/revistaautobus.com.br\/#organization"},"image":{"@id":"https:\/\/revistaautobus.com.br\/?p=7460#primaryimage"},"thumbnailUrl":"https:\/\/revistaautobus.com.br\/wp-content\/uploads\/2022\/10\/Gabinte-sanitario_Page_22.jpg","keywords":["DNER","\u00f4nibus rodovi\u00e1rio"],"articleSection":["Das Antigas"],"inLanguage":"pt-BR","potentialAction":[{"@type":"CommentAction","name":"Comment","target":["https:\/\/revistaautobus.com.br\/?p=7460#respond"]}]},{"@type":"WebPage","@id":"https:\/\/revistaautobus.com.br\/?p=7460","url":"https:\/\/revistaautobus.com.br\/?p=7460","name":"Pelo t\u00fanel do tempo - Revista AutoBus","isPartOf":{"@id":"https:\/\/revistaautobus.com.br\/#website"},"primaryImageOfPage":{"@id":"https:\/\/revistaautobus.com.br\/?p=7460#primaryimage"},"image":{"@id":"https:\/\/revistaautobus.com.br\/?p=7460#primaryimage"},"thumbnailUrl":"https:\/\/revistaautobus.com.br\/wp-content\/uploads\/2022\/10\/Gabinte-sanitario_Page_22.jpg","datePublished":"2022-10-07T11:59:52+00:00","dateModified":"2022-10-07T11:59:53+00:00","breadcrumb":{"@id":"https:\/\/revistaautobus.com.br\/?p=7460#breadcrumb"},"inLanguage":"pt-BR","potentialAction":[{"@type":"ReadAction","target":["https:\/\/revistaautobus.com.br\/?p=7460"]}]},{"@type":"ImageObject","inLanguage":"pt-BR","@id":"https:\/\/revistaautobus.com.br\/?p=7460#primaryimage","url":"https:\/\/revistaautobus.com.br\/wp-content\/uploads\/2022\/10\/Gabinte-sanitario_Page_22.jpg","contentUrl":"https:\/\/revistaautobus.com.br\/wp-content\/uploads\/2022\/10\/Gabinte-sanitario_Page_22.jpg","width":2191,"height":757},{"@type":"BreadcrumbList","@id":"https:\/\/revistaautobus.com.br\/?p=7460#breadcrumb","itemListElement":[{"@type":"ListItem","position":1,"name":"In\u00edcio","item":"https:\/\/revistaautobus.com.br\/"},{"@type":"ListItem","position":2,"name":"Pelo t\u00fanel do tempo"}]},{"@type":"WebSite","@id":"https:\/\/revistaautobus.com.br\/#website","url":"https:\/\/revistaautobus.com.br\/","name":"Revista AutoBus","description":"","publisher":{"@id":"https:\/\/revistaautobus.com.br\/#organization"},"potentialAction":[{"@type":"SearchAction","target":{"@type":"EntryPoint","urlTemplate":"https:\/\/revistaautobus.com.br\/?s={search_term_string}"},"query-input":{"@type":"PropertyValueSpecification","valueRequired":true,"valueName":"search_term_string"}}],"inLanguage":"pt-BR"},{"@type":"Organization","@id":"https:\/\/revistaautobus.com.br\/#organization","name":"Revista AutoBus","url":"https:\/\/revistaautobus.com.br\/","logo":{"@type":"ImageObject","inLanguage":"pt-BR","@id":"https:\/\/revistaautobus.com.br\/#\/schema\/logo\/image\/","url":"https:\/\/revistaautobus.com.br\/wp-content\/uploads\/2024\/11\/logo_revista_autobus_fb.png","contentUrl":"https:\/\/revistaautobus.com.br\/wp-content\/uploads\/2024\/11\/logo_revista_autobus_fb.png","width":836,"height":227,"caption":"Revista AutoBus"},"image":{"@id":"https:\/\/revistaautobus.com.br\/#\/schema\/logo\/image\/"},"sameAs":["https:\/\/www.facebook.com\/antonio.ferro.3150","https:\/\/www.instagram.com\/revistaautobus\/"]},{"@type":"Person","@id":"https:\/\/revistaautobus.com.br\/#\/schema\/person\/54af7c3eb83a310e42ef686ef6d16f50","name":"Antonio Ferro","image":{"@type":"ImageObject","inLanguage":"pt-BR","@id":"https:\/\/revistaautobus.com.br\/wp-content\/uploads\/2025\/12\/editor_antonio_ferro-150x150.jpg","url":"https:\/\/revistaautobus.com.br\/wp-content\/uploads\/2025\/12\/editor_antonio_ferro-150x150.jpg","contentUrl":"https:\/\/revistaautobus.com.br\/wp-content\/uploads\/2025\/12\/editor_antonio_ferro-150x150.jpg","caption":"Antonio Ferro"},"description":"infobus@uol.com.br","url":"https:\/\/revistaautobus.com.br\/?author=2"}]}},"jetpack_featured_media_url":"https:\/\/revistaautobus.com.br\/wp-content\/uploads\/2022\/10\/Gabinte-sanitario_Page_22.jpg","jetpack_sharing_enabled":true,"_links":{"self":[{"href":"https:\/\/revistaautobus.com.br\/index.php?rest_route=\/wp\/v2\/posts\/7460","targetHints":{"allow":["GET"]}}],"collection":[{"href":"https:\/\/revistaautobus.com.br\/index.php?rest_route=\/wp\/v2\/posts"}],"about":[{"href":"https:\/\/revistaautobus.com.br\/index.php?rest_route=\/wp\/v2\/types\/post"}],"author":[{"embeddable":true,"href":"https:\/\/revistaautobus.com.br\/index.php?rest_route=\/wp\/v2\/users\/2"}],"replies":[{"embeddable":true,"href":"https:\/\/revistaautobus.com.br\/index.php?rest_route=%2Fwp%2Fv2%2Fcomments&post=7460"}],"version-history":[{"count":2,"href":"https:\/\/revistaautobus.com.br\/index.php?rest_route=\/wp\/v2\/posts\/7460\/revisions"}],"predecessor-version":[{"id":7464,"href":"https:\/\/revistaautobus.com.br\/index.php?rest_route=\/wp\/v2\/posts\/7460\/revisions\/7464"}],"wp:featuredmedia":[{"embeddable":true,"href":"https:\/\/revistaautobus.com.br\/index.php?rest_route=\/wp\/v2\/media\/7461"}],"wp:attachment":[{"href":"https:\/\/revistaautobus.com.br\/index.php?rest_route=%2Fwp%2Fv2%2Fmedia&parent=7460"}],"wp:term":[{"taxonomy":"category","embeddable":true,"href":"https:\/\/revistaautobus.com.br\/index.php?rest_route=%2Fwp%2Fv2%2Fcategories&post=7460"},{"taxonomy":"post_tag","embeddable":true,"href":"https:\/\/revistaautobus.com.br\/index.php?rest_route=%2Fwp%2Fv2%2Ftags&post=7460"}],"curies":[{"name":"wp","href":"https:\/\/api.w.org\/{rel}","templated":true}]}}