{"id":7465,"date":"2022-10-07T09:03:19","date_gmt":"2022-10-07T12:03:19","guid":{"rendered":"https:\/\/revistaautobus.com.br\/?p=7465"},"modified":"2022-10-07T09:03:20","modified_gmt":"2022-10-07T12:03:20","slug":"biometano-no-transporte-frances","status":"publish","type":"post","link":"https:\/\/revistaautobus.com.br\/?p=7465","title":{"rendered":"Biometano no transporte franc\u00eas"},"content":{"rendered":"\n<p>A cidade de Lorient, localizada no noroeste da Fran\u00e7a, e sua aglomera\u00e7\u00e3o comunit\u00e1ria, com 25 outras comunas ou munic\u00edpios, est\u00e1 empenhada em construir uma rede de transporte coletivo utilizando ve\u00edculos de nova gera\u00e7\u00e3o com tra\u00e7\u00e3o limpa at\u00e9 2030. Para isso, recebeu, recentemente, 10 novos \u00f4nibus equipados com motores que funcionam com biometano. No contexto da transi\u00e7\u00e3o energ\u00e9tica e para atingir a neutralidade em carbono at\u00e9 2050, a Lorient Agglomration estabeleceu como objetivo reduzir em 78% as suas emiss\u00f5es de gases com efeito de estufa no setor dos transportes.<\/p>\n\n\n\n<p>A atual frota de \u00f4nibus ser\u00e1 substitu\u00edda, gradualmente, por modelos tracionados pelo biometano e, tamb\u00e9m, por hidrog\u00eanio, tecnologia que dever\u00e1 ser adotada em 2023.<\/p>\n\n\n\n<p>Dentro de seu contexto de descarboniza\u00e7\u00e3o da frota, os 10 primeiros \u00f4nibus movidos com o biocombust\u00edvel integrados \u00e0 frota substituem os ve\u00edculos a diesel que chegaram ao fim de sua vida \u00fatil. S\u00e3o 8 \u00f4nibus articulados, com 18 metros de comprimento, e duas unidades convencionais, com 12 metros. De acordo com o poder municipal de de Lorient, o valor do investimento nos novos ve\u00edculos \u00e9 de cerca de \u20ac 5.000.000 (\u20ac 370.000 para a vers\u00e3o com 12 metros e \u20ac 465.000 para o \u00f4nibus articulado).<\/p>\n\n\n\n<figure class=\"wp-block-image alignright size-large is-resized\"><img loading=\"lazy\" decoding=\"async\" src=\"https:\/\/revistaautobus.com.br\/wp-content\/uploads\/2022\/10\/Lorient_URBANWAY_In20220916-768x1024.jpg\" alt=\"\" class=\"wp-image-7467\" width=\"381\" height=\"508\" srcset=\"https:\/\/revistaautobus.com.br\/wp-content\/uploads\/2022\/10\/Lorient_URBANWAY_In20220916-768x1024.jpg 768w, https:\/\/revistaautobus.com.br\/wp-content\/uploads\/2022\/10\/Lorient_URBANWAY_In20220916-225x300.jpg 225w, https:\/\/revistaautobus.com.br\/wp-content\/uploads\/2022\/10\/Lorient_URBANWAY_In20220916-1080x1439.jpg 1080w, https:\/\/revistaautobus.com.br\/wp-content\/uploads\/2022\/10\/Lorient_URBANWAY_In20220916.jpg 1100w\" sizes=\"(max-width: 381px) 100vw, 381px\" \/><figcaption><strong><em><mark style=\"background-color:rgba(0, 0, 0, 0)\" class=\"has-inline-color has-black-color\">Novos \u00f4nibus contam com um ambiente bem agrad\u00e1vel<\/mark><\/em><\/strong><\/figcaption><\/figure>\n\n\n\n<p>Fabrice Loher, presidente da aglomera\u00e7\u00e3o de Lorient e prefeito de Lorient, disse que a transforma\u00e7\u00e3o energ\u00e9tica \u00e9 um grande eixo de sustentabilidade ambiental para o seu mandato. \u201cA Aglomera\u00e7\u00e3o de Lorient n\u00e3o deve perder este encontro para se tornar o centro de refer\u00eancia em energia limpa. Nesse contexto, o hidrog\u00eanio e o biometano s\u00e3o caminhos promissores para reduzir as emiss\u00f5es de poluentes atmosf\u00e9ricos e, assim, combater o aquecimento global. Devemos apoiar o desenvolvimento desta nova energia limpa, desde a produ\u00e7\u00e3o at\u00e9 a opera\u00e7\u00e3o, que tem a capacidade de constituir todo um ecossistema econ\u00f4mico integrado que mobilizar\u00e1 novas atividades, proporcionando muitos conhecimentos e empregos para o Pays de Lorient\u201d, observou.<\/p>\n\n\n\n<p>A Aglomera\u00e7\u00e3o informou que, ap\u00f3s estudos sobre a transi\u00e7\u00e3o energ\u00e9tica da frota de \u00f4nibus, foram escolhidas as op\u00e7\u00f5es entre biometano e hidrog\u00eanio verde para o uso nas tra\u00e7\u00f5es limpas ao longo prazo, numa propor\u00e7\u00e3o de 80 e 20%, respectivamente. Para isso acontecer, a gest\u00e3o p\u00fablica local vem investindo na implanta\u00e7\u00e3o da infraestrutura necess\u00e1ria de abastecimento dos biocombust\u00edveis nas garagens da transportadora.<\/p>\n\n\n\n<p>Imagens &#8211; Iveco Bus<\/p>\n","protected":false},"excerpt":{"rendered":"<p>O biocombust\u00edvel \u00e9 mais uma op\u00e7\u00e3o para reduzir as emiss\u00f5es poluentes no transporte<\/p>\n","protected":false},"author":2,"featured_media":7466,"comment_status":"open","ping_status":"open","sticky":false,"template":"","format":"standard","meta":{"_et_pb_use_builder":"off","_et_pb_old_content":"","_et_gb_content_width":"","_jetpack_memberships_contains_paid_content":false,"footnotes":""},"categories":[8,53],"tags":[99,91],"class_list":["post-7465","post","type-post","status-publish","format-standard","has-post-thumbnail","hentry","category-gas-natural","category-internacional","tag-biometano","tag-iveco-bus","et-has-post-format-content","et_post_format-et-post-format-standard"],"yoast_head":"<!-- This site is optimized with the Yoast SEO plugin v27.2 - https:\/\/yoast.com\/product\/yoast-seo-wordpress\/ -->\n<title>Biometano no transporte franc\u00eas - Revista AutoBus<\/title>\n<meta name=\"robots\" content=\"index, follow, max-snippet:-1, max-image-preview:large, max-video-preview:-1\" \/>\n<link rel=\"canonical\" href=\"https:\/\/revistaautobus.com.br\/?p=7465\" \/>\n<meta property=\"og:locale\" content=\"pt_BR\" \/>\n<meta property=\"og:type\" content=\"article\" \/>\n<meta property=\"og:title\" content=\"Biometano no transporte franc\u00eas - Revista AutoBus\" \/>\n<meta property=\"og:description\" content=\"O biocombust\u00edvel \u00e9 mais uma op\u00e7\u00e3o para reduzir as emiss\u00f5es poluentes no transporte\" \/>\n<meta property=\"og:url\" content=\"https:\/\/revistaautobus.com.br\/?p=7465\" \/>\n<meta property=\"og:site_name\" content=\"Revista AutoBus\" \/>\n<meta property=\"article:publisher\" content=\"https:\/\/www.facebook.com\/antonio.ferro.3150\" \/>\n<meta property=\"article:published_time\" content=\"2022-10-07T12:03:19+00:00\" \/>\n<meta property=\"article:modified_time\" content=\"2022-10-07T12:03:20+00:00\" \/>\n<meta property=\"og:image\" content=\"https:\/\/revistaautobus.com.br\/wp-content\/uploads\/2022\/10\/Lorient_URBANWAY_20220916.jpg\" \/>\n\t<meta property=\"og:image:width\" content=\"1100\" \/>\n\t<meta property=\"og:image:height\" content=\"825\" \/>\n\t<meta property=\"og:image:type\" content=\"image\/jpeg\" \/>\n<meta name=\"author\" content=\"Antonio Ferro\" \/>\n<meta name=\"twitter:card\" content=\"summary_large_image\" \/>\n<meta name=\"twitter:label1\" content=\"Escrito por\" \/>\n\t<meta name=\"twitter:data1\" content=\"Antonio Ferro\" \/>\n\t<meta name=\"twitter:label2\" content=\"Est. tempo de leitura\" \/>\n\t<meta name=\"twitter:data2\" content=\"2 minutos\" \/>\n<script type=\"application\/ld+json\" class=\"yoast-schema-graph\">{\"@context\":\"https:\/\/schema.org\",\"@graph\":[{\"@type\":\"Article\",\"@id\":\"https:\/\/revistaautobus.com.br\/?p=7465#article\",\"isPartOf\":{\"@id\":\"https:\/\/revistaautobus.com.br\/?p=7465\"},\"author\":{\"name\":\"Antonio Ferro\",\"@id\":\"https:\/\/revistaautobus.com.br\/#\/schema\/person\/54af7c3eb83a310e42ef686ef6d16f50\"},\"headline\":\"Biometano no transporte franc\u00eas\",\"datePublished\":\"2022-10-07T12:03:19+00:00\",\"dateModified\":\"2022-10-07T12:03:20+00:00\",\"mainEntityOfPage\":{\"@id\":\"https:\/\/revistaautobus.com.br\/?p=7465\"},\"wordCount\":408,\"commentCount\":0,\"publisher\":{\"@id\":\"https:\/\/revistaautobus.com.br\/#organization\"},\"image\":{\"@id\":\"https:\/\/revistaautobus.com.br\/?p=7465#primaryimage\"},\"thumbnailUrl\":\"https:\/\/revistaautobus.com.br\/wp-content\/uploads\/2022\/10\/Lorient_URBANWAY_20220916.jpg\",\"keywords\":[\"biometano\",\"Iveco Bus\"],\"articleSection\":[\"G\u00e1s Natural\",\"Internacional\"],\"inLanguage\":\"pt-BR\",\"potentialAction\":[{\"@type\":\"CommentAction\",\"name\":\"Comment\",\"target\":[\"https:\/\/revistaautobus.com.br\/?p=7465#respond\"]}]},{\"@type\":\"WebPage\",\"@id\":\"https:\/\/revistaautobus.com.br\/?p=7465\",\"url\":\"https:\/\/revistaautobus.com.br\/?p=7465\",\"name\":\"Biometano no transporte franc\u00eas - Revista AutoBus\",\"isPartOf\":{\"@id\":\"https:\/\/revistaautobus.com.br\/#website\"},\"primaryImageOfPage\":{\"@id\":\"https:\/\/revistaautobus.com.br\/?p=7465#primaryimage\"},\"image\":{\"@id\":\"https:\/\/revistaautobus.com.br\/?p=7465#primaryimage\"},\"thumbnailUrl\":\"https:\/\/revistaautobus.com.br\/wp-content\/uploads\/2022\/10\/Lorient_URBANWAY_20220916.jpg\",\"datePublished\":\"2022-10-07T12:03:19+00:00\",\"dateModified\":\"2022-10-07T12:03:20+00:00\",\"breadcrumb\":{\"@id\":\"https:\/\/revistaautobus.com.br\/?p=7465#breadcrumb\"},\"inLanguage\":\"pt-BR\",\"potentialAction\":[{\"@type\":\"ReadAction\",\"target\":[\"https:\/\/revistaautobus.com.br\/?p=7465\"]}]},{\"@type\":\"ImageObject\",\"inLanguage\":\"pt-BR\",\"@id\":\"https:\/\/revistaautobus.com.br\/?p=7465#primaryimage\",\"url\":\"https:\/\/revistaautobus.com.br\/wp-content\/uploads\/2022\/10\/Lorient_URBANWAY_20220916.jpg\",\"contentUrl\":\"https:\/\/revistaautobus.com.br\/wp-content\/uploads\/2022\/10\/Lorient_URBANWAY_20220916.jpg\",\"width\":1100,\"height\":825},{\"@type\":\"BreadcrumbList\",\"@id\":\"https:\/\/revistaautobus.com.br\/?p=7465#breadcrumb\",\"itemListElement\":[{\"@type\":\"ListItem\",\"position\":1,\"name\":\"In\u00edcio\",\"item\":\"https:\/\/revistaautobus.com.br\/\"},{\"@type\":\"ListItem\",\"position\":2,\"name\":\"Biometano no transporte franc\u00eas\"}]},{\"@type\":\"WebSite\",\"@id\":\"https:\/\/revistaautobus.com.br\/#website\",\"url\":\"https:\/\/revistaautobus.com.br\/\",\"name\":\"Revista AutoBus\",\"description\":\"\",\"publisher\":{\"@id\":\"https:\/\/revistaautobus.com.br\/#organization\"},\"potentialAction\":[{\"@type\":\"SearchAction\",\"target\":{\"@type\":\"EntryPoint\",\"urlTemplate\":\"https:\/\/revistaautobus.com.br\/?s={search_term_string}\"},\"query-input\":{\"@type\":\"PropertyValueSpecification\",\"valueRequired\":true,\"valueName\":\"search_term_string\"}}],\"inLanguage\":\"pt-BR\"},{\"@type\":\"Organization\",\"@id\":\"https:\/\/revistaautobus.com.br\/#organization\",\"name\":\"Revista AutoBus\",\"url\":\"https:\/\/revistaautobus.com.br\/\",\"logo\":{\"@type\":\"ImageObject\",\"inLanguage\":\"pt-BR\",\"@id\":\"https:\/\/revistaautobus.com.br\/#\/schema\/logo\/image\/\",\"url\":\"https:\/\/revistaautobus.com.br\/wp-content\/uploads\/2024\/11\/logo_revista_autobus_fb.png\",\"contentUrl\":\"https:\/\/revistaautobus.com.br\/wp-content\/uploads\/2024\/11\/logo_revista_autobus_fb.png\",\"width\":836,\"height\":227,\"caption\":\"Revista AutoBus\"},\"image\":{\"@id\":\"https:\/\/revistaautobus.com.br\/#\/schema\/logo\/image\/\"},\"sameAs\":[\"https:\/\/www.facebook.com\/antonio.ferro.3150\",\"https:\/\/www.instagram.com\/revistaautobus\/\"]},{\"@type\":\"Person\",\"@id\":\"https:\/\/revistaautobus.com.br\/#\/schema\/person\/54af7c3eb83a310e42ef686ef6d16f50\",\"name\":\"Antonio Ferro\",\"image\":{\"@type\":\"ImageObject\",\"inLanguage\":\"pt-BR\",\"@id\":\"https:\/\/revistaautobus.com.br\/wp-content\/uploads\/2025\/12\/editor_antonio_ferro-150x150.jpg\",\"url\":\"https:\/\/revistaautobus.com.br\/wp-content\/uploads\/2025\/12\/editor_antonio_ferro-150x150.jpg\",\"contentUrl\":\"https:\/\/revistaautobus.com.br\/wp-content\/uploads\/2025\/12\/editor_antonio_ferro-150x150.jpg\",\"caption\":\"Antonio Ferro\"},\"description\":\"infobus@uol.com.br\",\"url\":\"https:\/\/revistaautobus.com.br\/?author=2\"}]}<\/script>\n<!-- \/ Yoast SEO plugin. -->","yoast_head_json":{"title":"Biometano no transporte franc\u00eas - Revista AutoBus","robots":{"index":"index","follow":"follow","max-snippet":"max-snippet:-1","max-image-preview":"max-image-preview:large","max-video-preview":"max-video-preview:-1"},"canonical":"https:\/\/revistaautobus.com.br\/?p=7465","og_locale":"pt_BR","og_type":"article","og_title":"Biometano no transporte franc\u00eas - Revista AutoBus","og_description":"O biocombust\u00edvel \u00e9 mais uma op\u00e7\u00e3o para reduzir as emiss\u00f5es poluentes no transporte","og_url":"https:\/\/revistaautobus.com.br\/?p=7465","og_site_name":"Revista AutoBus","article_publisher":"https:\/\/www.facebook.com\/antonio.ferro.3150","article_published_time":"2022-10-07T12:03:19+00:00","article_modified_time":"2022-10-07T12:03:20+00:00","og_image":[{"width":1100,"height":825,"url":"https:\/\/revistaautobus.com.br\/wp-content\/uploads\/2022\/10\/Lorient_URBANWAY_20220916.jpg","type":"image\/jpeg"}],"author":"Antonio Ferro","twitter_card":"summary_large_image","twitter_misc":{"Escrito por":"Antonio Ferro","Est. tempo de leitura":"2 minutos"},"schema":{"@context":"https:\/\/schema.org","@graph":[{"@type":"Article","@id":"https:\/\/revistaautobus.com.br\/?p=7465#article","isPartOf":{"@id":"https:\/\/revistaautobus.com.br\/?p=7465"},"author":{"name":"Antonio Ferro","@id":"https:\/\/revistaautobus.com.br\/#\/schema\/person\/54af7c3eb83a310e42ef686ef6d16f50"},"headline":"Biometano no transporte franc\u00eas","datePublished":"2022-10-07T12:03:19+00:00","dateModified":"2022-10-07T12:03:20+00:00","mainEntityOfPage":{"@id":"https:\/\/revistaautobus.com.br\/?p=7465"},"wordCount":408,"commentCount":0,"publisher":{"@id":"https:\/\/revistaautobus.com.br\/#organization"},"image":{"@id":"https:\/\/revistaautobus.com.br\/?p=7465#primaryimage"},"thumbnailUrl":"https:\/\/revistaautobus.com.br\/wp-content\/uploads\/2022\/10\/Lorient_URBANWAY_20220916.jpg","keywords":["biometano","Iveco Bus"],"articleSection":["G\u00e1s Natural","Internacional"],"inLanguage":"pt-BR","potentialAction":[{"@type":"CommentAction","name":"Comment","target":["https:\/\/revistaautobus.com.br\/?p=7465#respond"]}]},{"@type":"WebPage","@id":"https:\/\/revistaautobus.com.br\/?p=7465","url":"https:\/\/revistaautobus.com.br\/?p=7465","name":"Biometano no transporte franc\u00eas - Revista AutoBus","isPartOf":{"@id":"https:\/\/revistaautobus.com.br\/#website"},"primaryImageOfPage":{"@id":"https:\/\/revistaautobus.com.br\/?p=7465#primaryimage"},"image":{"@id":"https:\/\/revistaautobus.com.br\/?p=7465#primaryimage"},"thumbnailUrl":"https:\/\/revistaautobus.com.br\/wp-content\/uploads\/2022\/10\/Lorient_URBANWAY_20220916.jpg","datePublished":"2022-10-07T12:03:19+00:00","dateModified":"2022-10-07T12:03:20+00:00","breadcrumb":{"@id":"https:\/\/revistaautobus.com.br\/?p=7465#breadcrumb"},"inLanguage":"pt-BR","potentialAction":[{"@type":"ReadAction","target":["https:\/\/revistaautobus.com.br\/?p=7465"]}]},{"@type":"ImageObject","inLanguage":"pt-BR","@id":"https:\/\/revistaautobus.com.br\/?p=7465#primaryimage","url":"https:\/\/revistaautobus.com.br\/wp-content\/uploads\/2022\/10\/Lorient_URBANWAY_20220916.jpg","contentUrl":"https:\/\/revistaautobus.com.br\/wp-content\/uploads\/2022\/10\/Lorient_URBANWAY_20220916.jpg","width":1100,"height":825},{"@type":"BreadcrumbList","@id":"https:\/\/revistaautobus.com.br\/?p=7465#breadcrumb","itemListElement":[{"@type":"ListItem","position":1,"name":"In\u00edcio","item":"https:\/\/revistaautobus.com.br\/"},{"@type":"ListItem","position":2,"name":"Biometano no transporte franc\u00eas"}]},{"@type":"WebSite","@id":"https:\/\/revistaautobus.com.br\/#website","url":"https:\/\/revistaautobus.com.br\/","name":"Revista AutoBus","description":"","publisher":{"@id":"https:\/\/revistaautobus.com.br\/#organization"},"potentialAction":[{"@type":"SearchAction","target":{"@type":"EntryPoint","urlTemplate":"https:\/\/revistaautobus.com.br\/?s={search_term_string}"},"query-input":{"@type":"PropertyValueSpecification","valueRequired":true,"valueName":"search_term_string"}}],"inLanguage":"pt-BR"},{"@type":"Organization","@id":"https:\/\/revistaautobus.com.br\/#organization","name":"Revista AutoBus","url":"https:\/\/revistaautobus.com.br\/","logo":{"@type":"ImageObject","inLanguage":"pt-BR","@id":"https:\/\/revistaautobus.com.br\/#\/schema\/logo\/image\/","url":"https:\/\/revistaautobus.com.br\/wp-content\/uploads\/2024\/11\/logo_revista_autobus_fb.png","contentUrl":"https:\/\/revistaautobus.com.br\/wp-content\/uploads\/2024\/11\/logo_revista_autobus_fb.png","width":836,"height":227,"caption":"Revista AutoBus"},"image":{"@id":"https:\/\/revistaautobus.com.br\/#\/schema\/logo\/image\/"},"sameAs":["https:\/\/www.facebook.com\/antonio.ferro.3150","https:\/\/www.instagram.com\/revistaautobus\/"]},{"@type":"Person","@id":"https:\/\/revistaautobus.com.br\/#\/schema\/person\/54af7c3eb83a310e42ef686ef6d16f50","name":"Antonio Ferro","image":{"@type":"ImageObject","inLanguage":"pt-BR","@id":"https:\/\/revistaautobus.com.br\/wp-content\/uploads\/2025\/12\/editor_antonio_ferro-150x150.jpg","url":"https:\/\/revistaautobus.com.br\/wp-content\/uploads\/2025\/12\/editor_antonio_ferro-150x150.jpg","contentUrl":"https:\/\/revistaautobus.com.br\/wp-content\/uploads\/2025\/12\/editor_antonio_ferro-150x150.jpg","caption":"Antonio Ferro"},"description":"infobus@uol.com.br","url":"https:\/\/revistaautobus.com.br\/?author=2"}]}},"jetpack_featured_media_url":"https:\/\/revistaautobus.com.br\/wp-content\/uploads\/2022\/10\/Lorient_URBANWAY_20220916.jpg","jetpack_sharing_enabled":true,"_links":{"self":[{"href":"https:\/\/revistaautobus.com.br\/index.php?rest_route=\/wp\/v2\/posts\/7465","targetHints":{"allow":["GET"]}}],"collection":[{"href":"https:\/\/revistaautobus.com.br\/index.php?rest_route=\/wp\/v2\/posts"}],"about":[{"href":"https:\/\/revistaautobus.com.br\/index.php?rest_route=\/wp\/v2\/types\/post"}],"author":[{"embeddable":true,"href":"https:\/\/revistaautobus.com.br\/index.php?rest_route=\/wp\/v2\/users\/2"}],"replies":[{"embeddable":true,"href":"https:\/\/revistaautobus.com.br\/index.php?rest_route=%2Fwp%2Fv2%2Fcomments&post=7465"}],"version-history":[{"count":2,"href":"https:\/\/revistaautobus.com.br\/index.php?rest_route=\/wp\/v2\/posts\/7465\/revisions"}],"predecessor-version":[{"id":7469,"href":"https:\/\/revistaautobus.com.br\/index.php?rest_route=\/wp\/v2\/posts\/7465\/revisions\/7469"}],"wp:featuredmedia":[{"embeddable":true,"href":"https:\/\/revistaautobus.com.br\/index.php?rest_route=\/wp\/v2\/media\/7466"}],"wp:attachment":[{"href":"https:\/\/revistaautobus.com.br\/index.php?rest_route=%2Fwp%2Fv2%2Fmedia&parent=7465"}],"wp:term":[{"taxonomy":"category","embeddable":true,"href":"https:\/\/revistaautobus.com.br\/index.php?rest_route=%2Fwp%2Fv2%2Fcategories&post=7465"},{"taxonomy":"post_tag","embeddable":true,"href":"https:\/\/revistaautobus.com.br\/index.php?rest_route=%2Fwp%2Fv2%2Ftags&post=7465"}],"curies":[{"name":"wp","href":"https:\/\/api.w.org\/{rel}","templated":true}]}}