{"id":753,"date":"2021-06-18T11:01:13","date_gmt":"2021-06-18T14:01:13","guid":{"rendered":"https:\/\/vila8.com.br\/clientes\/autobus\/?p=753"},"modified":"2021-06-18T11:01:38","modified_gmt":"2021-06-18T14:01:38","slug":"utb-renova-sua-frota-de-mercedes-benz","status":"publish","type":"post","link":"https:\/\/revistaautobus.com.br\/?p=753","title":{"rendered":"UTB renova sua frota de Mercedes-Benz"},"content":{"rendered":"\n<p class=\"has-drop-cap\">A Uni\u00e3o Transporte Bras\u00edlia (UTB), operadora de transporte urbano e rodovi\u00e1rio de passageiros da Capital Federal e de Goi\u00e1s, recebeu 26 novos \u00f4nibus para renova\u00e7\u00e3o de sua frota, sendo 23 unidades do modelo OF 1721, tr\u00eas deles com suspens\u00e3o pneum\u00e1tica, e tr\u00eas unidades do chassi O 500 RS. Com isso, seus 330 \u00f4nibus s\u00e3o 100% da marca Mercedes-Benz. O chassi OF 1721 ser\u00e1 utilizado no transporte coletivo semiurbano, na interliga\u00e7\u00e3o de regi\u00f5es administrativas de Bras\u00edlia e cidades do entorno do Distrito Federal, como os munic\u00edpios goianos de Padre Bernardo, \u00c1guas Lindas, Valpara\u00edso e Cidade Ocidental, entre outros. J\u00e1 o modelo rodovi\u00e1rio O 500 RS far\u00e1 parte das liga\u00e7\u00f5es entre a Capital Federal e cidades goianas como Niquel\u00e2ndia, Urua\u00e7u e Alto Horizonte.<\/p>\n\n\n\n<p>Mesmo com a queda no volume de passageiros, devido \u00e0 pandemia do coronav\u00edrus, a UTB conseguiu manter seu programa anual de renova\u00e7\u00e3o de frota. \u201cA prefer\u00eancia pelos \u00f4nibus Mercedes-Benz vem do meu pai, Dorival Josu\u00e9 do Amaral, que fundou a empresa, hoje dirigida por mim e meus irm\u00e3os. \u201cIsso nos permite cumprir a miss\u00e3o de transportar pessoas com seguran\u00e7a, pontualidade e conforto, al\u00e9m de assegurar as medidas de prote\u00e7\u00e3o dos passageiros, motoristas e cobradores com a\u00e7\u00f5es de higieniza\u00e7\u00e3o dos \u00f4nibus a cada t\u00e9rmino de viagem\u201d, disse Mariana Caixeta do Amaral Vasconcelos, diretora administrativa da UTB.<\/p>\n\n\n\n<p>Walter Barbosa, diretor de Vendas e Marketing \u00d4nibus da Mercedes-Benz do Brasil, comentou que a UTB \u00e9 um parceiro de longa data e que oferecer ao cliente produtos de reconhecida efici\u00eancia e excelente custo operacional, contribui para o alcance da rentabilidade desejada. \u201cCom a renova\u00e7\u00e3o de frota, mesmo em tempo de pandemia, a UTB demonstra seu compromisso com a qualidade do transporte urbano e rodovi\u00e1rio para a popula\u00e7\u00e3o do Distrito Federal e de Goi\u00e1s. A presen\u00e7a da Mardisa e do Banco Mercedes-Benz nessa venda fortalece a oferta de solu\u00e7\u00f5es para nosso tradicional cliente de Bras\u00edlia\u201d, afirmou.<\/p>\n\n\n\n<p>Imagem &#8211; Divulga\u00e7\u00e3o<\/p>\n","protected":false},"excerpt":{"rendered":"<p>O chassi OF 1721 ser\u00e1 utilizado no transporte coletivo semiurbano, na interliga\u00e7\u00e3o de regi\u00f5es administrativas de Bras\u00edlia e cidades do entorno do Distrito Federal<\/p>\n","protected":false},"author":2,"featured_media":754,"comment_status":"open","ping_status":"open","sticky":false,"template":"","format":"standard","meta":{"_et_pb_use_builder":"off","_et_pb_old_content":"","_et_gb_content_width":"","_jetpack_memberships_contains_paid_content":false,"footnotes":""},"categories":[10],"tags":[83,17,70],"class_list":["post-753","post","type-post","status-publish","format-standard","has-post-thumbnail","hentry","category-montadoras","tag-caio","tag-mercedes-benz","tag-revistaautobus","et-has-post-format-content","et_post_format-et-post-format-standard"],"yoast_head":"<!-- This site is optimized with the Yoast SEO plugin v27.2 - https:\/\/yoast.com\/product\/yoast-seo-wordpress\/ -->\n<title>UTB renova sua frota de Mercedes-Benz - Revista AutoBus<\/title>\n<meta name=\"robots\" content=\"index, follow, max-snippet:-1, max-image-preview:large, max-video-preview:-1\" \/>\n<link rel=\"canonical\" href=\"https:\/\/revistaautobus.com.br\/?p=753\" \/>\n<meta property=\"og:locale\" content=\"pt_BR\" \/>\n<meta property=\"og:type\" content=\"article\" \/>\n<meta property=\"og:title\" content=\"UTB renova sua frota de Mercedes-Benz - Revista AutoBus\" \/>\n<meta property=\"og:description\" content=\"O chassi OF 1721 ser\u00e1 utilizado no transporte coletivo semiurbano, na interliga\u00e7\u00e3o de regi\u00f5es administrativas de Bras\u00edlia e cidades do entorno do Distrito Federal\" \/>\n<meta property=\"og:url\" content=\"https:\/\/revistaautobus.com.br\/?p=753\" \/>\n<meta property=\"og:site_name\" content=\"Revista AutoBus\" \/>\n<meta property=\"article:publisher\" content=\"https:\/\/www.facebook.com\/antonio.ferro.3150\" \/>\n<meta property=\"article:published_time\" content=\"2021-06-18T14:01:13+00:00\" \/>\n<meta property=\"article:modified_time\" content=\"2021-06-18T14:01:38+00:00\" \/>\n<meta property=\"og:image\" content=\"https:\/\/revistaautobus.com.br\/wp-content\/uploads\/2021\/06\/20210614_a36b2e6470de4b4bb514318c04261e54_-miguelcastellophoto-utb-2021-102.jpg\" \/>\n\t<meta property=\"og:image:width\" content=\"1200\" \/>\n\t<meta property=\"og:image:height\" content=\"799\" \/>\n\t<meta property=\"og:image:type\" content=\"image\/jpeg\" \/>\n<meta name=\"author\" content=\"Antonio Ferro\" \/>\n<meta name=\"twitter:card\" content=\"summary_large_image\" \/>\n<meta name=\"twitter:label1\" content=\"Escrito por\" \/>\n\t<meta name=\"twitter:data1\" content=\"Antonio Ferro\" \/>\n\t<meta name=\"twitter:label2\" content=\"Est. tempo de leitura\" \/>\n\t<meta name=\"twitter:data2\" content=\"2 minutos\" \/>\n<script type=\"application\/ld+json\" class=\"yoast-schema-graph\">{\"@context\":\"https:\/\/schema.org\",\"@graph\":[{\"@type\":\"Article\",\"@id\":\"https:\/\/revistaautobus.com.br\/?p=753#article\",\"isPartOf\":{\"@id\":\"https:\/\/revistaautobus.com.br\/?p=753\"},\"author\":{\"name\":\"Antonio Ferro\",\"@id\":\"https:\/\/revistaautobus.com.br\/#\/schema\/person\/54af7c3eb83a310e42ef686ef6d16f50\"},\"headline\":\"UTB renova sua frota de Mercedes-Benz\",\"datePublished\":\"2021-06-18T14:01:13+00:00\",\"dateModified\":\"2021-06-18T14:01:38+00:00\",\"mainEntityOfPage\":{\"@id\":\"https:\/\/revistaautobus.com.br\/?p=753\"},\"wordCount\":350,\"commentCount\":0,\"publisher\":{\"@id\":\"https:\/\/revistaautobus.com.br\/#organization\"},\"image\":{\"@id\":\"https:\/\/revistaautobus.com.br\/?p=753#primaryimage\"},\"thumbnailUrl\":\"https:\/\/revistaautobus.com.br\/wp-content\/uploads\/2021\/06\/20210614_a36b2e6470de4b4bb514318c04261e54_-miguelcastellophoto-utb-2021-102.jpg\",\"keywords\":[\"Caio\",\"mercedes-benz\",\"revistaautobus\"],\"articleSection\":[\"Montadoras\"],\"inLanguage\":\"pt-BR\",\"potentialAction\":[{\"@type\":\"CommentAction\",\"name\":\"Comment\",\"target\":[\"https:\/\/revistaautobus.com.br\/?p=753#respond\"]}]},{\"@type\":\"WebPage\",\"@id\":\"https:\/\/revistaautobus.com.br\/?p=753\",\"url\":\"https:\/\/revistaautobus.com.br\/?p=753\",\"name\":\"UTB renova sua frota de Mercedes-Benz - Revista AutoBus\",\"isPartOf\":{\"@id\":\"https:\/\/revistaautobus.com.br\/#website\"},\"primaryImageOfPage\":{\"@id\":\"https:\/\/revistaautobus.com.br\/?p=753#primaryimage\"},\"image\":{\"@id\":\"https:\/\/revistaautobus.com.br\/?p=753#primaryimage\"},\"thumbnailUrl\":\"https:\/\/revistaautobus.com.br\/wp-content\/uploads\/2021\/06\/20210614_a36b2e6470de4b4bb514318c04261e54_-miguelcastellophoto-utb-2021-102.jpg\",\"datePublished\":\"2021-06-18T14:01:13+00:00\",\"dateModified\":\"2021-06-18T14:01:38+00:00\",\"breadcrumb\":{\"@id\":\"https:\/\/revistaautobus.com.br\/?p=753#breadcrumb\"},\"inLanguage\":\"pt-BR\",\"potentialAction\":[{\"@type\":\"ReadAction\",\"target\":[\"https:\/\/revistaautobus.com.br\/?p=753\"]}]},{\"@type\":\"ImageObject\",\"inLanguage\":\"pt-BR\",\"@id\":\"https:\/\/revistaautobus.com.br\/?p=753#primaryimage\",\"url\":\"https:\/\/revistaautobus.com.br\/wp-content\/uploads\/2021\/06\/20210614_a36b2e6470de4b4bb514318c04261e54_-miguelcastellophoto-utb-2021-102.jpg\",\"contentUrl\":\"https:\/\/revistaautobus.com.br\/wp-content\/uploads\/2021\/06\/20210614_a36b2e6470de4b4bb514318c04261e54_-miguelcastellophoto-utb-2021-102.jpg\",\"width\":1200,\"height\":799},{\"@type\":\"BreadcrumbList\",\"@id\":\"https:\/\/revistaautobus.com.br\/?p=753#breadcrumb\",\"itemListElement\":[{\"@type\":\"ListItem\",\"position\":1,\"name\":\"In\u00edcio\",\"item\":\"https:\/\/revistaautobus.com.br\/\"},{\"@type\":\"ListItem\",\"position\":2,\"name\":\"UTB renova sua frota de Mercedes-Benz\"}]},{\"@type\":\"WebSite\",\"@id\":\"https:\/\/revistaautobus.com.br\/#website\",\"url\":\"https:\/\/revistaautobus.com.br\/\",\"name\":\"Revista AutoBus\",\"description\":\"\",\"publisher\":{\"@id\":\"https:\/\/revistaautobus.com.br\/#organization\"},\"potentialAction\":[{\"@type\":\"SearchAction\",\"target\":{\"@type\":\"EntryPoint\",\"urlTemplate\":\"https:\/\/revistaautobus.com.br\/?s={search_term_string}\"},\"query-input\":{\"@type\":\"PropertyValueSpecification\",\"valueRequired\":true,\"valueName\":\"search_term_string\"}}],\"inLanguage\":\"pt-BR\"},{\"@type\":\"Organization\",\"@id\":\"https:\/\/revistaautobus.com.br\/#organization\",\"name\":\"Revista AutoBus\",\"url\":\"https:\/\/revistaautobus.com.br\/\",\"logo\":{\"@type\":\"ImageObject\",\"inLanguage\":\"pt-BR\",\"@id\":\"https:\/\/revistaautobus.com.br\/#\/schema\/logo\/image\/\",\"url\":\"https:\/\/revistaautobus.com.br\/wp-content\/uploads\/2024\/11\/logo_revista_autobus_fb.png\",\"contentUrl\":\"https:\/\/revistaautobus.com.br\/wp-content\/uploads\/2024\/11\/logo_revista_autobus_fb.png\",\"width\":836,\"height\":227,\"caption\":\"Revista AutoBus\"},\"image\":{\"@id\":\"https:\/\/revistaautobus.com.br\/#\/schema\/logo\/image\/\"},\"sameAs\":[\"https:\/\/www.facebook.com\/antonio.ferro.3150\",\"https:\/\/www.instagram.com\/revistaautobus\/\"]},{\"@type\":\"Person\",\"@id\":\"https:\/\/revistaautobus.com.br\/#\/schema\/person\/54af7c3eb83a310e42ef686ef6d16f50\",\"name\":\"Antonio Ferro\",\"image\":{\"@type\":\"ImageObject\",\"inLanguage\":\"pt-BR\",\"@id\":\"https:\/\/revistaautobus.com.br\/wp-content\/uploads\/2025\/12\/editor_antonio_ferro-150x150.jpg\",\"url\":\"https:\/\/revistaautobus.com.br\/wp-content\/uploads\/2025\/12\/editor_antonio_ferro-150x150.jpg\",\"contentUrl\":\"https:\/\/revistaautobus.com.br\/wp-content\/uploads\/2025\/12\/editor_antonio_ferro-150x150.jpg\",\"caption\":\"Antonio Ferro\"},\"description\":\"infobus@uol.com.br\",\"url\":\"https:\/\/revistaautobus.com.br\/?author=2\"}]}<\/script>\n<!-- \/ Yoast SEO plugin. -->","yoast_head_json":{"title":"UTB renova sua frota de Mercedes-Benz - Revista AutoBus","robots":{"index":"index","follow":"follow","max-snippet":"max-snippet:-1","max-image-preview":"max-image-preview:large","max-video-preview":"max-video-preview:-1"},"canonical":"https:\/\/revistaautobus.com.br\/?p=753","og_locale":"pt_BR","og_type":"article","og_title":"UTB renova sua frota de Mercedes-Benz - Revista AutoBus","og_description":"O chassi OF 1721 ser\u00e1 utilizado no transporte coletivo semiurbano, na interliga\u00e7\u00e3o de regi\u00f5es administrativas de Bras\u00edlia e cidades do entorno do Distrito Federal","og_url":"https:\/\/revistaautobus.com.br\/?p=753","og_site_name":"Revista AutoBus","article_publisher":"https:\/\/www.facebook.com\/antonio.ferro.3150","article_published_time":"2021-06-18T14:01:13+00:00","article_modified_time":"2021-06-18T14:01:38+00:00","og_image":[{"width":1200,"height":799,"url":"https:\/\/revistaautobus.com.br\/wp-content\/uploads\/2021\/06\/20210614_a36b2e6470de4b4bb514318c04261e54_-miguelcastellophoto-utb-2021-102.jpg","type":"image\/jpeg"}],"author":"Antonio Ferro","twitter_card":"summary_large_image","twitter_misc":{"Escrito por":"Antonio Ferro","Est. tempo de leitura":"2 minutos"},"schema":{"@context":"https:\/\/schema.org","@graph":[{"@type":"Article","@id":"https:\/\/revistaautobus.com.br\/?p=753#article","isPartOf":{"@id":"https:\/\/revistaautobus.com.br\/?p=753"},"author":{"name":"Antonio Ferro","@id":"https:\/\/revistaautobus.com.br\/#\/schema\/person\/54af7c3eb83a310e42ef686ef6d16f50"},"headline":"UTB renova sua frota de Mercedes-Benz","datePublished":"2021-06-18T14:01:13+00:00","dateModified":"2021-06-18T14:01:38+00:00","mainEntityOfPage":{"@id":"https:\/\/revistaautobus.com.br\/?p=753"},"wordCount":350,"commentCount":0,"publisher":{"@id":"https:\/\/revistaautobus.com.br\/#organization"},"image":{"@id":"https:\/\/revistaautobus.com.br\/?p=753#primaryimage"},"thumbnailUrl":"https:\/\/revistaautobus.com.br\/wp-content\/uploads\/2021\/06\/20210614_a36b2e6470de4b4bb514318c04261e54_-miguelcastellophoto-utb-2021-102.jpg","keywords":["Caio","mercedes-benz","revistaautobus"],"articleSection":["Montadoras"],"inLanguage":"pt-BR","potentialAction":[{"@type":"CommentAction","name":"Comment","target":["https:\/\/revistaautobus.com.br\/?p=753#respond"]}]},{"@type":"WebPage","@id":"https:\/\/revistaautobus.com.br\/?p=753","url":"https:\/\/revistaautobus.com.br\/?p=753","name":"UTB renova sua frota de Mercedes-Benz - Revista AutoBus","isPartOf":{"@id":"https:\/\/revistaautobus.com.br\/#website"},"primaryImageOfPage":{"@id":"https:\/\/revistaautobus.com.br\/?p=753#primaryimage"},"image":{"@id":"https:\/\/revistaautobus.com.br\/?p=753#primaryimage"},"thumbnailUrl":"https:\/\/revistaautobus.com.br\/wp-content\/uploads\/2021\/06\/20210614_a36b2e6470de4b4bb514318c04261e54_-miguelcastellophoto-utb-2021-102.jpg","datePublished":"2021-06-18T14:01:13+00:00","dateModified":"2021-06-18T14:01:38+00:00","breadcrumb":{"@id":"https:\/\/revistaautobus.com.br\/?p=753#breadcrumb"},"inLanguage":"pt-BR","potentialAction":[{"@type":"ReadAction","target":["https:\/\/revistaautobus.com.br\/?p=753"]}]},{"@type":"ImageObject","inLanguage":"pt-BR","@id":"https:\/\/revistaautobus.com.br\/?p=753#primaryimage","url":"https:\/\/revistaautobus.com.br\/wp-content\/uploads\/2021\/06\/20210614_a36b2e6470de4b4bb514318c04261e54_-miguelcastellophoto-utb-2021-102.jpg","contentUrl":"https:\/\/revistaautobus.com.br\/wp-content\/uploads\/2021\/06\/20210614_a36b2e6470de4b4bb514318c04261e54_-miguelcastellophoto-utb-2021-102.jpg","width":1200,"height":799},{"@type":"BreadcrumbList","@id":"https:\/\/revistaautobus.com.br\/?p=753#breadcrumb","itemListElement":[{"@type":"ListItem","position":1,"name":"In\u00edcio","item":"https:\/\/revistaautobus.com.br\/"},{"@type":"ListItem","position":2,"name":"UTB renova sua frota de Mercedes-Benz"}]},{"@type":"WebSite","@id":"https:\/\/revistaautobus.com.br\/#website","url":"https:\/\/revistaautobus.com.br\/","name":"Revista AutoBus","description":"","publisher":{"@id":"https:\/\/revistaautobus.com.br\/#organization"},"potentialAction":[{"@type":"SearchAction","target":{"@type":"EntryPoint","urlTemplate":"https:\/\/revistaautobus.com.br\/?s={search_term_string}"},"query-input":{"@type":"PropertyValueSpecification","valueRequired":true,"valueName":"search_term_string"}}],"inLanguage":"pt-BR"},{"@type":"Organization","@id":"https:\/\/revistaautobus.com.br\/#organization","name":"Revista AutoBus","url":"https:\/\/revistaautobus.com.br\/","logo":{"@type":"ImageObject","inLanguage":"pt-BR","@id":"https:\/\/revistaautobus.com.br\/#\/schema\/logo\/image\/","url":"https:\/\/revistaautobus.com.br\/wp-content\/uploads\/2024\/11\/logo_revista_autobus_fb.png","contentUrl":"https:\/\/revistaautobus.com.br\/wp-content\/uploads\/2024\/11\/logo_revista_autobus_fb.png","width":836,"height":227,"caption":"Revista AutoBus"},"image":{"@id":"https:\/\/revistaautobus.com.br\/#\/schema\/logo\/image\/"},"sameAs":["https:\/\/www.facebook.com\/antonio.ferro.3150","https:\/\/www.instagram.com\/revistaautobus\/"]},{"@type":"Person","@id":"https:\/\/revistaautobus.com.br\/#\/schema\/person\/54af7c3eb83a310e42ef686ef6d16f50","name":"Antonio Ferro","image":{"@type":"ImageObject","inLanguage":"pt-BR","@id":"https:\/\/revistaautobus.com.br\/wp-content\/uploads\/2025\/12\/editor_antonio_ferro-150x150.jpg","url":"https:\/\/revistaautobus.com.br\/wp-content\/uploads\/2025\/12\/editor_antonio_ferro-150x150.jpg","contentUrl":"https:\/\/revistaautobus.com.br\/wp-content\/uploads\/2025\/12\/editor_antonio_ferro-150x150.jpg","caption":"Antonio Ferro"},"description":"infobus@uol.com.br","url":"https:\/\/revistaautobus.com.br\/?author=2"}]}},"jetpack_featured_media_url":"https:\/\/revistaautobus.com.br\/wp-content\/uploads\/2021\/06\/20210614_a36b2e6470de4b4bb514318c04261e54_-miguelcastellophoto-utb-2021-102.jpg","jetpack_sharing_enabled":true,"_links":{"self":[{"href":"https:\/\/revistaautobus.com.br\/index.php?rest_route=\/wp\/v2\/posts\/753","targetHints":{"allow":["GET"]}}],"collection":[{"href":"https:\/\/revistaautobus.com.br\/index.php?rest_route=\/wp\/v2\/posts"}],"about":[{"href":"https:\/\/revistaautobus.com.br\/index.php?rest_route=\/wp\/v2\/types\/post"}],"author":[{"embeddable":true,"href":"https:\/\/revistaautobus.com.br\/index.php?rest_route=\/wp\/v2\/users\/2"}],"replies":[{"embeddable":true,"href":"https:\/\/revistaautobus.com.br\/index.php?rest_route=%2Fwp%2Fv2%2Fcomments&post=753"}],"version-history":[{"count":3,"href":"https:\/\/revistaautobus.com.br\/index.php?rest_route=\/wp\/v2\/posts\/753\/revisions"}],"predecessor-version":[{"id":786,"href":"https:\/\/revistaautobus.com.br\/index.php?rest_route=\/wp\/v2\/posts\/753\/revisions\/786"}],"wp:featuredmedia":[{"embeddable":true,"href":"https:\/\/revistaautobus.com.br\/index.php?rest_route=\/wp\/v2\/media\/754"}],"wp:attachment":[{"href":"https:\/\/revistaautobus.com.br\/index.php?rest_route=%2Fwp%2Fv2%2Fmedia&parent=753"}],"wp:term":[{"taxonomy":"category","embeddable":true,"href":"https:\/\/revistaautobus.com.br\/index.php?rest_route=%2Fwp%2Fv2%2Fcategories&post=753"},{"taxonomy":"post_tag","embeddable":true,"href":"https:\/\/revistaautobus.com.br\/index.php?rest_route=%2Fwp%2Fv2%2Ftags&post=753"}],"curies":[{"name":"wp","href":"https:\/\/api.w.org\/{rel}","templated":true}]}}