{"id":7550,"date":"2022-10-14T10:20:55","date_gmt":"2022-10-14T13:20:55","guid":{"rendered":"https:\/\/revistaautobus.com.br\/?p=7550"},"modified":"2022-10-14T10:20:57","modified_gmt":"2022-10-14T13:20:57","slug":"o-primeiro-a-gente-nunca-esquece","status":"publish","type":"post","link":"https:\/\/revistaautobus.com.br\/?p=7550","title":{"rendered":"O primeiro a gente nunca esquece"},"content":{"rendered":"\n<p>A operadora tur\u00edstica Deny, da cidade de Santo \u00c2ngelo, RS, recebeu o seu novo \u00f4nibus com carro\u00e7aria Vissta Buss DD, da Busscar, e chassi Volvo 8&#215;2. O ve\u00edculo possui poltronas <em>Class<\/em> leito em ambos os pisos, com entrada USB, ilumina\u00e7\u00e3o dos sal\u00f5es formada por sistema cromoterapia, dispositivo de poltrona m\u00f3vel, sanit\u00e1rio, ar-condicionado, aquecedor el\u00e9trico, geladeira, mesa para jogos e um destaque, prepara\u00e7\u00e3o feita para a instala\u00e7\u00e3o de uma chopeira.<\/p>\n\n\n\n<p>Jeferson Christ, diretor da empresa, comentou que a escolha pela encarro\u00e7adora Busscar se deu por seu conhecimento que h\u00e1 pela marca, alinhado ao atendimento que recebeu do representante da fabricante na regi\u00e3o onde atua. \u201cO revestimento da poltrona escolhido traz um ar luxuoso para o carro, assim como suas cores externas, vibrantes e alegres. Nossos olhos brilharam ao ver o carro pronto. A nova aquisi\u00e7\u00e3o da fam\u00edlia j\u00e1 tem seu primeiro destino, a cidade de Aparecida, interior de S\u00e3o Paulo\u201d, disse.<\/p>\n\n\n\n<p>Paulo Corso, diretor-comercial da Busscar, refor\u00e7ou a import\u00e2ncia de sonhar junto com o cliente. \u201cAssim como eles acreditam em nossa marca e a escolhem para uma aquisi\u00e7\u00e3o t\u00e3o importante, que \u00e9 o primeiro carro zero da empresa, precisamos caminhar lado a lado, proporcionando que esses sonhos se realizem\u201d, afirmou.<\/p>\n\n\n\n<p>Imagem &#8211; Divulga\u00e7\u00e3o<\/p>\n","protected":false},"excerpt":{"rendered":"<p>Novo \u00f4nibus chega para modernizar a frota da transportadora Deny<\/p>\n","protected":false},"author":2,"featured_media":7551,"comment_status":"open","ping_status":"open","sticky":false,"template":"","format":"standard","meta":{"_et_pb_use_builder":"off","_et_pb_old_content":"","_et_gb_content_width":"","_jetpack_memberships_contains_paid_content":false,"footnotes":""},"categories":[55],"tags":[56],"class_list":["post-7550","post","type-post","status-publish","format-standard","has-post-thumbnail","hentry","category-encarrocadora","tag-busscar","et-has-post-format-content","et_post_format-et-post-format-standard"],"yoast_head":"<!-- This site is optimized with the Yoast SEO plugin v27.2 - https:\/\/yoast.com\/product\/yoast-seo-wordpress\/ -->\n<title>O primeiro a gente nunca esquece - Revista AutoBus<\/title>\n<meta name=\"robots\" content=\"index, follow, max-snippet:-1, max-image-preview:large, max-video-preview:-1\" \/>\n<link rel=\"canonical\" href=\"https:\/\/revistaautobus.com.br\/?p=7550\" \/>\n<meta property=\"og:locale\" content=\"pt_BR\" \/>\n<meta property=\"og:type\" content=\"article\" \/>\n<meta property=\"og:title\" content=\"O primeiro a gente nunca esquece - Revista AutoBus\" \/>\n<meta property=\"og:description\" content=\"Novo \u00f4nibus chega para modernizar a frota da transportadora Deny\" \/>\n<meta property=\"og:url\" content=\"https:\/\/revistaautobus.com.br\/?p=7550\" \/>\n<meta property=\"og:site_name\" content=\"Revista AutoBus\" \/>\n<meta property=\"article:publisher\" content=\"https:\/\/www.facebook.com\/antonio.ferro.3150\" \/>\n<meta property=\"article:published_time\" content=\"2022-10-14T13:20:55+00:00\" \/>\n<meta property=\"article:modified_time\" content=\"2022-10-14T13:20:57+00:00\" \/>\n<meta property=\"og:image\" content=\"https:\/\/revistaautobus.com.br\/wp-content\/uploads\/2022\/10\/Deny-Turismo-VBDD.jpg\" \/>\n\t<meta property=\"og:image:width\" content=\"1080\" \/>\n\t<meta property=\"og:image:height\" content=\"938\" \/>\n\t<meta property=\"og:image:type\" content=\"image\/jpeg\" \/>\n<meta name=\"author\" content=\"Antonio Ferro\" \/>\n<meta name=\"twitter:card\" content=\"summary_large_image\" \/>\n<meta name=\"twitter:label1\" content=\"Escrito por\" \/>\n\t<meta name=\"twitter:data1\" content=\"Antonio Ferro\" \/>\n\t<meta name=\"twitter:label2\" content=\"Est. tempo de leitura\" \/>\n\t<meta name=\"twitter:data2\" content=\"1 minuto\" \/>\n<script type=\"application\/ld+json\" class=\"yoast-schema-graph\">{\"@context\":\"https:\/\/schema.org\",\"@graph\":[{\"@type\":\"Article\",\"@id\":\"https:\/\/revistaautobus.com.br\/?p=7550#article\",\"isPartOf\":{\"@id\":\"https:\/\/revistaautobus.com.br\/?p=7550\"},\"author\":{\"name\":\"Antonio Ferro\",\"@id\":\"https:\/\/revistaautobus.com.br\/#\/schema\/person\/54af7c3eb83a310e42ef686ef6d16f50\"},\"headline\":\"O primeiro a gente nunca esquece\",\"datePublished\":\"2022-10-14T13:20:55+00:00\",\"dateModified\":\"2022-10-14T13:20:57+00:00\",\"mainEntityOfPage\":{\"@id\":\"https:\/\/revistaautobus.com.br\/?p=7550\"},\"wordCount\":227,\"commentCount\":0,\"publisher\":{\"@id\":\"https:\/\/revistaautobus.com.br\/#organization\"},\"image\":{\"@id\":\"https:\/\/revistaautobus.com.br\/?p=7550#primaryimage\"},\"thumbnailUrl\":\"https:\/\/revistaautobus.com.br\/wp-content\/uploads\/2022\/10\/Deny-Turismo-VBDD.jpg\",\"keywords\":[\"Busscar\"],\"articleSection\":[\"Encarro\u00e7adora\"],\"inLanguage\":\"pt-BR\",\"potentialAction\":[{\"@type\":\"CommentAction\",\"name\":\"Comment\",\"target\":[\"https:\/\/revistaautobus.com.br\/?p=7550#respond\"]}]},{\"@type\":\"WebPage\",\"@id\":\"https:\/\/revistaautobus.com.br\/?p=7550\",\"url\":\"https:\/\/revistaautobus.com.br\/?p=7550\",\"name\":\"O primeiro a gente nunca esquece - Revista AutoBus\",\"isPartOf\":{\"@id\":\"https:\/\/revistaautobus.com.br\/#website\"},\"primaryImageOfPage\":{\"@id\":\"https:\/\/revistaautobus.com.br\/?p=7550#primaryimage\"},\"image\":{\"@id\":\"https:\/\/revistaautobus.com.br\/?p=7550#primaryimage\"},\"thumbnailUrl\":\"https:\/\/revistaautobus.com.br\/wp-content\/uploads\/2022\/10\/Deny-Turismo-VBDD.jpg\",\"datePublished\":\"2022-10-14T13:20:55+00:00\",\"dateModified\":\"2022-10-14T13:20:57+00:00\",\"breadcrumb\":{\"@id\":\"https:\/\/revistaautobus.com.br\/?p=7550#breadcrumb\"},\"inLanguage\":\"pt-BR\",\"potentialAction\":[{\"@type\":\"ReadAction\",\"target\":[\"https:\/\/revistaautobus.com.br\/?p=7550\"]}]},{\"@type\":\"ImageObject\",\"inLanguage\":\"pt-BR\",\"@id\":\"https:\/\/revistaautobus.com.br\/?p=7550#primaryimage\",\"url\":\"https:\/\/revistaautobus.com.br\/wp-content\/uploads\/2022\/10\/Deny-Turismo-VBDD.jpg\",\"contentUrl\":\"https:\/\/revistaautobus.com.br\/wp-content\/uploads\/2022\/10\/Deny-Turismo-VBDD.jpg\",\"width\":1080,\"height\":938},{\"@type\":\"BreadcrumbList\",\"@id\":\"https:\/\/revistaautobus.com.br\/?p=7550#breadcrumb\",\"itemListElement\":[{\"@type\":\"ListItem\",\"position\":1,\"name\":\"In\u00edcio\",\"item\":\"https:\/\/revistaautobus.com.br\/\"},{\"@type\":\"ListItem\",\"position\":2,\"name\":\"O primeiro a gente nunca esquece\"}]},{\"@type\":\"WebSite\",\"@id\":\"https:\/\/revistaautobus.com.br\/#website\",\"url\":\"https:\/\/revistaautobus.com.br\/\",\"name\":\"Revista AutoBus\",\"description\":\"\",\"publisher\":{\"@id\":\"https:\/\/revistaautobus.com.br\/#organization\"},\"potentialAction\":[{\"@type\":\"SearchAction\",\"target\":{\"@type\":\"EntryPoint\",\"urlTemplate\":\"https:\/\/revistaautobus.com.br\/?s={search_term_string}\"},\"query-input\":{\"@type\":\"PropertyValueSpecification\",\"valueRequired\":true,\"valueName\":\"search_term_string\"}}],\"inLanguage\":\"pt-BR\"},{\"@type\":\"Organization\",\"@id\":\"https:\/\/revistaautobus.com.br\/#organization\",\"name\":\"Revista AutoBus\",\"url\":\"https:\/\/revistaautobus.com.br\/\",\"logo\":{\"@type\":\"ImageObject\",\"inLanguage\":\"pt-BR\",\"@id\":\"https:\/\/revistaautobus.com.br\/#\/schema\/logo\/image\/\",\"url\":\"https:\/\/revistaautobus.com.br\/wp-content\/uploads\/2024\/11\/logo_revista_autobus_fb.png\",\"contentUrl\":\"https:\/\/revistaautobus.com.br\/wp-content\/uploads\/2024\/11\/logo_revista_autobus_fb.png\",\"width\":836,\"height\":227,\"caption\":\"Revista AutoBus\"},\"image\":{\"@id\":\"https:\/\/revistaautobus.com.br\/#\/schema\/logo\/image\/\"},\"sameAs\":[\"https:\/\/www.facebook.com\/antonio.ferro.3150\",\"https:\/\/www.instagram.com\/revistaautobus\/\"]},{\"@type\":\"Person\",\"@id\":\"https:\/\/revistaautobus.com.br\/#\/schema\/person\/54af7c3eb83a310e42ef686ef6d16f50\",\"name\":\"Antonio Ferro\",\"image\":{\"@type\":\"ImageObject\",\"inLanguage\":\"pt-BR\",\"@id\":\"https:\/\/revistaautobus.com.br\/wp-content\/uploads\/2025\/12\/editor_antonio_ferro-150x150.jpg\",\"url\":\"https:\/\/revistaautobus.com.br\/wp-content\/uploads\/2025\/12\/editor_antonio_ferro-150x150.jpg\",\"contentUrl\":\"https:\/\/revistaautobus.com.br\/wp-content\/uploads\/2025\/12\/editor_antonio_ferro-150x150.jpg\",\"caption\":\"Antonio Ferro\"},\"description\":\"infobus@uol.com.br\",\"url\":\"https:\/\/revistaautobus.com.br\/?author=2\"}]}<\/script>\n<!-- \/ Yoast SEO plugin. -->","yoast_head_json":{"title":"O primeiro a gente nunca esquece - Revista AutoBus","robots":{"index":"index","follow":"follow","max-snippet":"max-snippet:-1","max-image-preview":"max-image-preview:large","max-video-preview":"max-video-preview:-1"},"canonical":"https:\/\/revistaautobus.com.br\/?p=7550","og_locale":"pt_BR","og_type":"article","og_title":"O primeiro a gente nunca esquece - Revista AutoBus","og_description":"Novo \u00f4nibus chega para modernizar a frota da transportadora Deny","og_url":"https:\/\/revistaautobus.com.br\/?p=7550","og_site_name":"Revista AutoBus","article_publisher":"https:\/\/www.facebook.com\/antonio.ferro.3150","article_published_time":"2022-10-14T13:20:55+00:00","article_modified_time":"2022-10-14T13:20:57+00:00","og_image":[{"width":1080,"height":938,"url":"https:\/\/revistaautobus.com.br\/wp-content\/uploads\/2022\/10\/Deny-Turismo-VBDD.jpg","type":"image\/jpeg"}],"author":"Antonio Ferro","twitter_card":"summary_large_image","twitter_misc":{"Escrito por":"Antonio Ferro","Est. tempo de leitura":"1 minuto"},"schema":{"@context":"https:\/\/schema.org","@graph":[{"@type":"Article","@id":"https:\/\/revistaautobus.com.br\/?p=7550#article","isPartOf":{"@id":"https:\/\/revistaautobus.com.br\/?p=7550"},"author":{"name":"Antonio Ferro","@id":"https:\/\/revistaautobus.com.br\/#\/schema\/person\/54af7c3eb83a310e42ef686ef6d16f50"},"headline":"O primeiro a gente nunca esquece","datePublished":"2022-10-14T13:20:55+00:00","dateModified":"2022-10-14T13:20:57+00:00","mainEntityOfPage":{"@id":"https:\/\/revistaautobus.com.br\/?p=7550"},"wordCount":227,"commentCount":0,"publisher":{"@id":"https:\/\/revistaautobus.com.br\/#organization"},"image":{"@id":"https:\/\/revistaautobus.com.br\/?p=7550#primaryimage"},"thumbnailUrl":"https:\/\/revistaautobus.com.br\/wp-content\/uploads\/2022\/10\/Deny-Turismo-VBDD.jpg","keywords":["Busscar"],"articleSection":["Encarro\u00e7adora"],"inLanguage":"pt-BR","potentialAction":[{"@type":"CommentAction","name":"Comment","target":["https:\/\/revistaautobus.com.br\/?p=7550#respond"]}]},{"@type":"WebPage","@id":"https:\/\/revistaautobus.com.br\/?p=7550","url":"https:\/\/revistaautobus.com.br\/?p=7550","name":"O primeiro a gente nunca esquece - Revista AutoBus","isPartOf":{"@id":"https:\/\/revistaautobus.com.br\/#website"},"primaryImageOfPage":{"@id":"https:\/\/revistaautobus.com.br\/?p=7550#primaryimage"},"image":{"@id":"https:\/\/revistaautobus.com.br\/?p=7550#primaryimage"},"thumbnailUrl":"https:\/\/revistaautobus.com.br\/wp-content\/uploads\/2022\/10\/Deny-Turismo-VBDD.jpg","datePublished":"2022-10-14T13:20:55+00:00","dateModified":"2022-10-14T13:20:57+00:00","breadcrumb":{"@id":"https:\/\/revistaautobus.com.br\/?p=7550#breadcrumb"},"inLanguage":"pt-BR","potentialAction":[{"@type":"ReadAction","target":["https:\/\/revistaautobus.com.br\/?p=7550"]}]},{"@type":"ImageObject","inLanguage":"pt-BR","@id":"https:\/\/revistaautobus.com.br\/?p=7550#primaryimage","url":"https:\/\/revistaautobus.com.br\/wp-content\/uploads\/2022\/10\/Deny-Turismo-VBDD.jpg","contentUrl":"https:\/\/revistaautobus.com.br\/wp-content\/uploads\/2022\/10\/Deny-Turismo-VBDD.jpg","width":1080,"height":938},{"@type":"BreadcrumbList","@id":"https:\/\/revistaautobus.com.br\/?p=7550#breadcrumb","itemListElement":[{"@type":"ListItem","position":1,"name":"In\u00edcio","item":"https:\/\/revistaautobus.com.br\/"},{"@type":"ListItem","position":2,"name":"O primeiro a gente nunca esquece"}]},{"@type":"WebSite","@id":"https:\/\/revistaautobus.com.br\/#website","url":"https:\/\/revistaautobus.com.br\/","name":"Revista AutoBus","description":"","publisher":{"@id":"https:\/\/revistaautobus.com.br\/#organization"},"potentialAction":[{"@type":"SearchAction","target":{"@type":"EntryPoint","urlTemplate":"https:\/\/revistaautobus.com.br\/?s={search_term_string}"},"query-input":{"@type":"PropertyValueSpecification","valueRequired":true,"valueName":"search_term_string"}}],"inLanguage":"pt-BR"},{"@type":"Organization","@id":"https:\/\/revistaautobus.com.br\/#organization","name":"Revista AutoBus","url":"https:\/\/revistaautobus.com.br\/","logo":{"@type":"ImageObject","inLanguage":"pt-BR","@id":"https:\/\/revistaautobus.com.br\/#\/schema\/logo\/image\/","url":"https:\/\/revistaautobus.com.br\/wp-content\/uploads\/2024\/11\/logo_revista_autobus_fb.png","contentUrl":"https:\/\/revistaautobus.com.br\/wp-content\/uploads\/2024\/11\/logo_revista_autobus_fb.png","width":836,"height":227,"caption":"Revista AutoBus"},"image":{"@id":"https:\/\/revistaautobus.com.br\/#\/schema\/logo\/image\/"},"sameAs":["https:\/\/www.facebook.com\/antonio.ferro.3150","https:\/\/www.instagram.com\/revistaautobus\/"]},{"@type":"Person","@id":"https:\/\/revistaautobus.com.br\/#\/schema\/person\/54af7c3eb83a310e42ef686ef6d16f50","name":"Antonio Ferro","image":{"@type":"ImageObject","inLanguage":"pt-BR","@id":"https:\/\/revistaautobus.com.br\/wp-content\/uploads\/2025\/12\/editor_antonio_ferro-150x150.jpg","url":"https:\/\/revistaautobus.com.br\/wp-content\/uploads\/2025\/12\/editor_antonio_ferro-150x150.jpg","contentUrl":"https:\/\/revistaautobus.com.br\/wp-content\/uploads\/2025\/12\/editor_antonio_ferro-150x150.jpg","caption":"Antonio Ferro"},"description":"infobus@uol.com.br","url":"https:\/\/revistaautobus.com.br\/?author=2"}]}},"jetpack_featured_media_url":"https:\/\/revistaautobus.com.br\/wp-content\/uploads\/2022\/10\/Deny-Turismo-VBDD.jpg","jetpack_sharing_enabled":true,"_links":{"self":[{"href":"https:\/\/revistaautobus.com.br\/index.php?rest_route=\/wp\/v2\/posts\/7550","targetHints":{"allow":["GET"]}}],"collection":[{"href":"https:\/\/revistaautobus.com.br\/index.php?rest_route=\/wp\/v2\/posts"}],"about":[{"href":"https:\/\/revistaautobus.com.br\/index.php?rest_route=\/wp\/v2\/types\/post"}],"author":[{"embeddable":true,"href":"https:\/\/revistaautobus.com.br\/index.php?rest_route=\/wp\/v2\/users\/2"}],"replies":[{"embeddable":true,"href":"https:\/\/revistaautobus.com.br\/index.php?rest_route=%2Fwp%2Fv2%2Fcomments&post=7550"}],"version-history":[{"count":2,"href":"https:\/\/revistaautobus.com.br\/index.php?rest_route=\/wp\/v2\/posts\/7550\/revisions"}],"predecessor-version":[{"id":7553,"href":"https:\/\/revistaautobus.com.br\/index.php?rest_route=\/wp\/v2\/posts\/7550\/revisions\/7553"}],"wp:featuredmedia":[{"embeddable":true,"href":"https:\/\/revistaautobus.com.br\/index.php?rest_route=\/wp\/v2\/media\/7551"}],"wp:attachment":[{"href":"https:\/\/revistaautobus.com.br\/index.php?rest_route=%2Fwp%2Fv2%2Fmedia&parent=7550"}],"wp:term":[{"taxonomy":"category","embeddable":true,"href":"https:\/\/revistaautobus.com.br\/index.php?rest_route=%2Fwp%2Fv2%2Fcategories&post=7550"},{"taxonomy":"post_tag","embeddable":true,"href":"https:\/\/revistaautobus.com.br\/index.php?rest_route=%2Fwp%2Fv2%2Ftags&post=7550"}],"curies":[{"name":"wp","href":"https:\/\/api.w.org\/{rel}","templated":true}]}}