{"id":7775,"date":"2022-11-18T10:55:36","date_gmt":"2022-11-18T13:55:36","guid":{"rendered":"https:\/\/revistaautobus.com.br\/?p=7775"},"modified":"2022-11-21T11:43:34","modified_gmt":"2022-11-21T14:43:34","slug":"o-xodo-academico","status":"publish","type":"post","link":"https:\/\/revistaautobus.com.br\/?p=7775","title":{"rendered":"O xod\u00f3 acad\u00eamico"},"content":{"rendered":"\n<p>Passados 62 anos e ele ainda se mant\u00e9m firme, funcionando impecavelmente e com as suas caracter\u00edsticas originais. Trata-se do \u00f4nibus O-321 HL, desenvolvido pela Mercedes-Benz, um dos primeiros de sua saga em solo brasileiro, desde 1957. O monobloco, assim conhecido pela sua estrutura autoportante, foi um divisor de \u00e1guas no sistema nacional de transporte de passageiros sobre pneus, pois adotava conceitos nunca antes praticados por aqui pela ind\u00fastria automotiva (no quesito \u00f4nibus), que no come\u00e7o do dec\u00eanio de 1960, estava sendo implantada com ajuda do Governo Federal.<\/p>\n\n\n\n<p>E como foi a sua vida operacional? At\u00e9 com certo ponto pitoresco, o ve\u00edculo foi adquirido pela ESALQ\/USP (Escola Superior de Agricultura Luiz de Queiroz), localizada na cidade paulista de Piracicaba. Sua compra foi em virtude de uma viagem curricular rumo ao Uruguai, em 1960, reunindo 60 alunos, que foram divididos em dois \u00f4nibus, um mencionado neste artigo, e outro alugado de uma operadora piracicabana.<\/p>\n\n\n\n<p>O ve\u00edculo referido aqui foi adquirido com parcos recursos oriundos de uma verba da institui\u00e7\u00e3o de ensino e, tamb\u00e9m, dos esfor\u00e7os dos alunos interessados na experi\u00eancia de conhecer novas regi\u00f5es. A negocia\u00e7\u00e3o foi realizada diretamente com a montadora Mercedes-Benz. Um trabalho de engenharia financeira foi determinante para o neg\u00f3cio, pois exigiu que o ve\u00edculo n\u00e3o contasse com tantos componentes que encarecesse o produto (poltronas rodovi\u00e1rias foram substitu\u00eddas por modelos comuns, sem reclina\u00e7\u00e3o, e o bagageiros internos eram os mais simples).<\/p>\n\n\n\n<figure class=\"wp-block-image size-large\"><img loading=\"lazy\" decoding=\"async\" width=\"1024\" height=\"772\" src=\"https:\/\/revistaautobus.com.br\/wp-content\/uploads\/2022\/11\/documentos-compra-monobloco-1024x772.jpg\" alt=\"\" class=\"wp-image-7777\" srcset=\"https:\/\/revistaautobus.com.br\/wp-content\/uploads\/2022\/11\/documentos-compra-monobloco-1024x772.jpg 1024w, https:\/\/revistaautobus.com.br\/wp-content\/uploads\/2022\/11\/documentos-compra-monobloco-300x226.jpg 300w, https:\/\/revistaautobus.com.br\/wp-content\/uploads\/2022\/11\/documentos-compra-monobloco-768x579.jpg 768w, https:\/\/revistaautobus.com.br\/wp-content\/uploads\/2022\/11\/documentos-compra-monobloco-1536x1157.jpg 1536w, https:\/\/revistaautobus.com.br\/wp-content\/uploads\/2022\/11\/documentos-compra-monobloco-2048x1543.jpg 2048w, https:\/\/revistaautobus.com.br\/wp-content\/uploads\/2022\/11\/documentos-compra-monobloco-1080x814.jpg 1080w\" sizes=\"(max-width: 1024px) 100vw, 1024px\" \/><figcaption class=\"wp-element-caption\"><strong><em><mark style=\"background-color:rgba(0, 0, 0, 0)\" class=\"has-inline-color has-luminous-vivid-orange-color\">Documentos que mostram os detalhes da compra do ve\u00edculo<\/mark><\/em><\/strong><\/figcaption><\/figure>\n\n\n\n<p>Assim, o ve\u00edculo, que custava em torno de 2,55 milh\u00f5es de cruzeiros na \u00e9poca, foi vendido por 2 milh\u00f5es de cruzeiros pela montadora, valor pago no ato da entrega do \u00f4nibus.<\/p>\n\n\n\n<p>Ap\u00f3s uma missa realizada na catedral de Piracicaba, as seis dezenas de alunos quartanistas da ESALQ pegam estrada e l\u00e1 se v\u00e3o para o Uruguai, num tempo em que as rodovias (a maioria delas) ainda nem eram asfaltadas. Toda essa aventura, vivida nas incipientes condi\u00e7\u00f5es de conex\u00e3o entre os pa\u00edses, resultou num di\u00e1rio de bordo, impresso e que relatou a extens\u00e3o do resgate daquilo que foi vivido durante a viagem, de maneira que pudesse mostrar as belezas e a camaradagem do passeio.<\/p>\n\n\n\n<p>Dos momentos outrora, hoje, o citado \u00f4nibus desta nota continua preservado, representando o exemplo vivo daquela viagem que marcou a viv\u00eancia de uma turma que se disp\u00f4s ultrapassar fronteiras a bordo de um modelo de ve\u00edculo (integral) que ficou reconhecido por disponibilizar a otimiza\u00e7\u00e3o operacional no segmento nacional de transporte.<\/p>\n\n\n\n<figure class=\"wp-block-image size-large\"><img loading=\"lazy\" decoding=\"async\" width=\"1024\" height=\"682\" src=\"https:\/\/revistaautobus.com.br\/wp-content\/uploads\/2022\/11\/2015_09_21_ESALQ_PUSPLQ_Onibus_Super_F60_0048-1-2-1024x682.jpg\" alt=\"\" class=\"wp-image-7778\" srcset=\"https:\/\/revistaautobus.com.br\/wp-content\/uploads\/2022\/11\/2015_09_21_ESALQ_PUSPLQ_Onibus_Super_F60_0048-1-2-1024x682.jpg 1024w, https:\/\/revistaautobus.com.br\/wp-content\/uploads\/2022\/11\/2015_09_21_ESALQ_PUSPLQ_Onibus_Super_F60_0048-1-2-300x200.jpg 300w, https:\/\/revistaautobus.com.br\/wp-content\/uploads\/2022\/11\/2015_09_21_ESALQ_PUSPLQ_Onibus_Super_F60_0048-1-2-768x512.jpg 768w, https:\/\/revistaautobus.com.br\/wp-content\/uploads\/2022\/11\/2015_09_21_ESALQ_PUSPLQ_Onibus_Super_F60_0048-1-2-1080x720.jpg 1080w, https:\/\/revistaautobus.com.br\/wp-content\/uploads\/2022\/11\/2015_09_21_ESALQ_PUSPLQ_Onibus_Super_F60_0048-1-2.jpg 1100w\" sizes=\"(max-width: 1024px) 100vw, 1024px\" \/><figcaption class=\"wp-element-caption\"><strong><em><mark style=\"background-color:rgba(0, 0, 0, 0)\" class=\"has-inline-color has-luminous-vivid-orange-color\">O \u00f4nibus com suas caracter\u00edsticas originais<\/mark><\/em><\/strong><\/figcaption><\/figure>\n\n\n\n<p>No ano de 2000, o \u00f4nibus passou por uma profunda reforma promovida pela pr\u00f3pria Mercedes-Benz, em sua planta localizada na cidade de Campinas, onde se produziam os modelos integrais de sua gama (hoje, a montagem dos chassis \u00e9 feita em S\u00e3o Bernardo do Campo).<\/p>\n\n\n\n<p>D\u00e9cadas ap\u00f3s sua aquisi\u00e7\u00e3o para a viagem internacional e depois de muitas viagens, j\u00e1 era merecido um processo que lhe proporcionasse novas condi\u00e7\u00f5es de sobrevida. Assim, o modelo O-321 HL sofreu uma minuciosa restaura\u00e7\u00e3o sob a supervis\u00e3o e efetiva\u00e7\u00e3o de uma equipe dedicada da marca da estrela de tr\u00eas pontas, que se comprometeu em deix\u00e1-lo com a apar\u00eancia de novo, zero quil\u00f4metro.<\/p>\n\n\n\n<p>E, at\u00e9 hoje, ele est\u00e1 assim, com as suas caracter\u00edsticas originais muito bem ressaltadas, sendo o xod\u00f3 dos esalqueanos (alunos e ex-alunos), dessa conceituada institui\u00e7\u00e3o paulista de ensino, permanecendo parte da sua hist\u00f3ria acad\u00eamica.<\/p>\n\n\n\n<p>No enredo cultural, ponto para a mem\u00f3ria do transporte brasileiro, que por muito tempo andou relegada ao esquecimento e na qual este espa\u00e7o procura resgatar sua import\u00e2ncia para que todos possam conhecer sua evolu\u00e7\u00e3o.<\/p>\n\n\n\n<p><em><strong><mark style=\"background-color:rgba(0, 0, 0, 0)\" class=\"has-inline-color has-vivid-cyan-blue-color\">Colaborou neste artigo &#8211; professor Marcos Milan<\/mark><\/strong><\/em><\/p>\n\n\n\n<p><strong><em><mark style=\"background-color:rgba(0, 0, 0, 0)\" class=\"has-inline-color has-black-color\">Imagens &#8211; Gerhard Waller, Divis\u00e3o de Comunica\u00e7\u00e3o_ ESALQ\/USP<\/mark><\/em><\/strong>, <strong><em><mark style=\"background-color:rgba(0, 0, 0, 0)\" class=\"has-inline-color has-black-color\">e professor Marcos Milan<\/mark><\/em><\/strong><\/p>\n","protected":false},"excerpt":{"rendered":"<p>Um \u00f4nibus que levou um grupo de alunos da ESALQ para o Uruguai, l\u00e1 na d\u00e9cada de 1960, est\u00e1 preservado, mantendo viva a mem\u00f3ria da viagem e a hist\u00f3ria da evolu\u00e7\u00e3o do modal em nosso Pa\u00eds<\/p>\n","protected":false},"author":2,"featured_media":7776,"comment_status":"open","ping_status":"open","sticky":false,"template":"","format":"standard","meta":{"_et_pb_use_builder":"off","_et_pb_old_content":"","_et_gb_content_width":"","_jetpack_memberships_contains_paid_content":false,"footnotes":""},"categories":[6],"tags":[422,17],"class_list":["post-7775","post","type-post","status-publish","format-standard","has-post-thumbnail","hentry","category-das-antigas","tag-esalq","tag-mercedes-benz","et-has-post-format-content","et_post_format-et-post-format-standard"],"yoast_head":"<!-- This site is optimized with the Yoast SEO plugin v27.2 - https:\/\/yoast.com\/product\/yoast-seo-wordpress\/ -->\n<title>O xod\u00f3 acad\u00eamico - Revista AutoBus<\/title>\n<meta name=\"robots\" content=\"index, follow, max-snippet:-1, max-image-preview:large, max-video-preview:-1\" \/>\n<link rel=\"canonical\" href=\"https:\/\/revistaautobus.com.br\/?p=7775\" \/>\n<meta property=\"og:locale\" content=\"pt_BR\" \/>\n<meta property=\"og:type\" content=\"article\" \/>\n<meta property=\"og:title\" content=\"O xod\u00f3 acad\u00eamico - Revista AutoBus\" \/>\n<meta property=\"og:description\" content=\"Um \u00f4nibus que levou um grupo de alunos da ESALQ para o Uruguai, l\u00e1 na d\u00e9cada de 1960, est\u00e1 preservado, mantendo viva a mem\u00f3ria da viagem e a hist\u00f3ria da evolu\u00e7\u00e3o do modal em nosso Pa\u00eds\" \/>\n<meta property=\"og:url\" content=\"https:\/\/revistaautobus.com.br\/?p=7775\" \/>\n<meta property=\"og:site_name\" content=\"Revista AutoBus\" \/>\n<meta property=\"article:publisher\" content=\"https:\/\/www.facebook.com\/antonio.ferro.3150\" \/>\n<meta property=\"article:published_time\" content=\"2022-11-18T13:55:36+00:00\" \/>\n<meta property=\"article:modified_time\" content=\"2022-11-21T14:43:34+00:00\" \/>\n<meta property=\"og:image\" content=\"https:\/\/revistaautobus.com.br\/wp-content\/uploads\/2022\/11\/2015_09_21_ESALQ_PUSPLQ_Onibus_Super_F60_0073-2.jpg\" \/>\n\t<meta property=\"og:image:width\" content=\"1100\" \/>\n\t<meta property=\"og:image:height\" content=\"733\" \/>\n\t<meta property=\"og:image:type\" content=\"image\/jpeg\" \/>\n<meta name=\"author\" content=\"Antonio Ferro\" \/>\n<meta name=\"twitter:card\" content=\"summary_large_image\" \/>\n<meta name=\"twitter:label1\" content=\"Escrito por\" \/>\n\t<meta name=\"twitter:data1\" content=\"Antonio Ferro\" \/>\n\t<meta name=\"twitter:label2\" content=\"Est. tempo de leitura\" \/>\n\t<meta name=\"twitter:data2\" content=\"3 minutos\" \/>\n<script type=\"application\/ld+json\" class=\"yoast-schema-graph\">{\"@context\":\"https:\/\/schema.org\",\"@graph\":[{\"@type\":\"Article\",\"@id\":\"https:\/\/revistaautobus.com.br\/?p=7775#article\",\"isPartOf\":{\"@id\":\"https:\/\/revistaautobus.com.br\/?p=7775\"},\"author\":{\"name\":\"Antonio Ferro\",\"@id\":\"https:\/\/revistaautobus.com.br\/#\/schema\/person\/54af7c3eb83a310e42ef686ef6d16f50\"},\"headline\":\"O xod\u00f3 acad\u00eamico\",\"datePublished\":\"2022-11-18T13:55:36+00:00\",\"dateModified\":\"2022-11-21T14:43:34+00:00\",\"mainEntityOfPage\":{\"@id\":\"https:\/\/revistaautobus.com.br\/?p=7775\"},\"wordCount\":658,\"commentCount\":2,\"publisher\":{\"@id\":\"https:\/\/revistaautobus.com.br\/#organization\"},\"image\":{\"@id\":\"https:\/\/revistaautobus.com.br\/?p=7775#primaryimage\"},\"thumbnailUrl\":\"https:\/\/revistaautobus.com.br\/wp-content\/uploads\/2022\/11\/2015_09_21_ESALQ_PUSPLQ_Onibus_Super_F60_0073-2.jpg\",\"keywords\":[\"Esalq\",\"mercedes-benz\"],\"articleSection\":[\"Das Antigas\"],\"inLanguage\":\"pt-BR\",\"potentialAction\":[{\"@type\":\"CommentAction\",\"name\":\"Comment\",\"target\":[\"https:\/\/revistaautobus.com.br\/?p=7775#respond\"]}]},{\"@type\":\"WebPage\",\"@id\":\"https:\/\/revistaautobus.com.br\/?p=7775\",\"url\":\"https:\/\/revistaautobus.com.br\/?p=7775\",\"name\":\"O xod\u00f3 acad\u00eamico - Revista AutoBus\",\"isPartOf\":{\"@id\":\"https:\/\/revistaautobus.com.br\/#website\"},\"primaryImageOfPage\":{\"@id\":\"https:\/\/revistaautobus.com.br\/?p=7775#primaryimage\"},\"image\":{\"@id\":\"https:\/\/revistaautobus.com.br\/?p=7775#primaryimage\"},\"thumbnailUrl\":\"https:\/\/revistaautobus.com.br\/wp-content\/uploads\/2022\/11\/2015_09_21_ESALQ_PUSPLQ_Onibus_Super_F60_0073-2.jpg\",\"datePublished\":\"2022-11-18T13:55:36+00:00\",\"dateModified\":\"2022-11-21T14:43:34+00:00\",\"breadcrumb\":{\"@id\":\"https:\/\/revistaautobus.com.br\/?p=7775#breadcrumb\"},\"inLanguage\":\"pt-BR\",\"potentialAction\":[{\"@type\":\"ReadAction\",\"target\":[\"https:\/\/revistaautobus.com.br\/?p=7775\"]}]},{\"@type\":\"ImageObject\",\"inLanguage\":\"pt-BR\",\"@id\":\"https:\/\/revistaautobus.com.br\/?p=7775#primaryimage\",\"url\":\"https:\/\/revistaautobus.com.br\/wp-content\/uploads\/2022\/11\/2015_09_21_ESALQ_PUSPLQ_Onibus_Super_F60_0073-2.jpg\",\"contentUrl\":\"https:\/\/revistaautobus.com.br\/wp-content\/uploads\/2022\/11\/2015_09_21_ESALQ_PUSPLQ_Onibus_Super_F60_0073-2.jpg\",\"width\":1100,\"height\":733},{\"@type\":\"BreadcrumbList\",\"@id\":\"https:\/\/revistaautobus.com.br\/?p=7775#breadcrumb\",\"itemListElement\":[{\"@type\":\"ListItem\",\"position\":1,\"name\":\"In\u00edcio\",\"item\":\"https:\/\/revistaautobus.com.br\/\"},{\"@type\":\"ListItem\",\"position\":2,\"name\":\"O xod\u00f3 acad\u00eamico\"}]},{\"@type\":\"WebSite\",\"@id\":\"https:\/\/revistaautobus.com.br\/#website\",\"url\":\"https:\/\/revistaautobus.com.br\/\",\"name\":\"Revista AutoBus\",\"description\":\"\",\"publisher\":{\"@id\":\"https:\/\/revistaautobus.com.br\/#organization\"},\"potentialAction\":[{\"@type\":\"SearchAction\",\"target\":{\"@type\":\"EntryPoint\",\"urlTemplate\":\"https:\/\/revistaautobus.com.br\/?s={search_term_string}\"},\"query-input\":{\"@type\":\"PropertyValueSpecification\",\"valueRequired\":true,\"valueName\":\"search_term_string\"}}],\"inLanguage\":\"pt-BR\"},{\"@type\":\"Organization\",\"@id\":\"https:\/\/revistaautobus.com.br\/#organization\",\"name\":\"Revista AutoBus\",\"url\":\"https:\/\/revistaautobus.com.br\/\",\"logo\":{\"@type\":\"ImageObject\",\"inLanguage\":\"pt-BR\",\"@id\":\"https:\/\/revistaautobus.com.br\/#\/schema\/logo\/image\/\",\"url\":\"https:\/\/revistaautobus.com.br\/wp-content\/uploads\/2024\/11\/logo_revista_autobus_fb.png\",\"contentUrl\":\"https:\/\/revistaautobus.com.br\/wp-content\/uploads\/2024\/11\/logo_revista_autobus_fb.png\",\"width\":836,\"height\":227,\"caption\":\"Revista AutoBus\"},\"image\":{\"@id\":\"https:\/\/revistaautobus.com.br\/#\/schema\/logo\/image\/\"},\"sameAs\":[\"https:\/\/www.facebook.com\/antonio.ferro.3150\",\"https:\/\/www.instagram.com\/revistaautobus\/\"]},{\"@type\":\"Person\",\"@id\":\"https:\/\/revistaautobus.com.br\/#\/schema\/person\/54af7c3eb83a310e42ef686ef6d16f50\",\"name\":\"Antonio Ferro\",\"image\":{\"@type\":\"ImageObject\",\"inLanguage\":\"pt-BR\",\"@id\":\"https:\/\/revistaautobus.com.br\/wp-content\/uploads\/2025\/12\/editor_antonio_ferro-150x150.jpg\",\"url\":\"https:\/\/revistaautobus.com.br\/wp-content\/uploads\/2025\/12\/editor_antonio_ferro-150x150.jpg\",\"contentUrl\":\"https:\/\/revistaautobus.com.br\/wp-content\/uploads\/2025\/12\/editor_antonio_ferro-150x150.jpg\",\"caption\":\"Antonio Ferro\"},\"description\":\"infobus@uol.com.br\",\"url\":\"https:\/\/revistaautobus.com.br\/?author=2\"}]}<\/script>\n<!-- \/ Yoast SEO plugin. -->","yoast_head_json":{"title":"O xod\u00f3 acad\u00eamico - Revista AutoBus","robots":{"index":"index","follow":"follow","max-snippet":"max-snippet:-1","max-image-preview":"max-image-preview:large","max-video-preview":"max-video-preview:-1"},"canonical":"https:\/\/revistaautobus.com.br\/?p=7775","og_locale":"pt_BR","og_type":"article","og_title":"O xod\u00f3 acad\u00eamico - Revista AutoBus","og_description":"Um \u00f4nibus que levou um grupo de alunos da ESALQ para o Uruguai, l\u00e1 na d\u00e9cada de 1960, est\u00e1 preservado, mantendo viva a mem\u00f3ria da viagem e a hist\u00f3ria da evolu\u00e7\u00e3o do modal em nosso Pa\u00eds","og_url":"https:\/\/revistaautobus.com.br\/?p=7775","og_site_name":"Revista AutoBus","article_publisher":"https:\/\/www.facebook.com\/antonio.ferro.3150","article_published_time":"2022-11-18T13:55:36+00:00","article_modified_time":"2022-11-21T14:43:34+00:00","og_image":[{"width":1100,"height":733,"url":"https:\/\/revistaautobus.com.br\/wp-content\/uploads\/2022\/11\/2015_09_21_ESALQ_PUSPLQ_Onibus_Super_F60_0073-2.jpg","type":"image\/jpeg"}],"author":"Antonio Ferro","twitter_card":"summary_large_image","twitter_misc":{"Escrito por":"Antonio Ferro","Est. tempo de leitura":"3 minutos"},"schema":{"@context":"https:\/\/schema.org","@graph":[{"@type":"Article","@id":"https:\/\/revistaautobus.com.br\/?p=7775#article","isPartOf":{"@id":"https:\/\/revistaautobus.com.br\/?p=7775"},"author":{"name":"Antonio Ferro","@id":"https:\/\/revistaautobus.com.br\/#\/schema\/person\/54af7c3eb83a310e42ef686ef6d16f50"},"headline":"O xod\u00f3 acad\u00eamico","datePublished":"2022-11-18T13:55:36+00:00","dateModified":"2022-11-21T14:43:34+00:00","mainEntityOfPage":{"@id":"https:\/\/revistaautobus.com.br\/?p=7775"},"wordCount":658,"commentCount":2,"publisher":{"@id":"https:\/\/revistaautobus.com.br\/#organization"},"image":{"@id":"https:\/\/revistaautobus.com.br\/?p=7775#primaryimage"},"thumbnailUrl":"https:\/\/revistaautobus.com.br\/wp-content\/uploads\/2022\/11\/2015_09_21_ESALQ_PUSPLQ_Onibus_Super_F60_0073-2.jpg","keywords":["Esalq","mercedes-benz"],"articleSection":["Das Antigas"],"inLanguage":"pt-BR","potentialAction":[{"@type":"CommentAction","name":"Comment","target":["https:\/\/revistaautobus.com.br\/?p=7775#respond"]}]},{"@type":"WebPage","@id":"https:\/\/revistaautobus.com.br\/?p=7775","url":"https:\/\/revistaautobus.com.br\/?p=7775","name":"O xod\u00f3 acad\u00eamico - Revista AutoBus","isPartOf":{"@id":"https:\/\/revistaautobus.com.br\/#website"},"primaryImageOfPage":{"@id":"https:\/\/revistaautobus.com.br\/?p=7775#primaryimage"},"image":{"@id":"https:\/\/revistaautobus.com.br\/?p=7775#primaryimage"},"thumbnailUrl":"https:\/\/revistaautobus.com.br\/wp-content\/uploads\/2022\/11\/2015_09_21_ESALQ_PUSPLQ_Onibus_Super_F60_0073-2.jpg","datePublished":"2022-11-18T13:55:36+00:00","dateModified":"2022-11-21T14:43:34+00:00","breadcrumb":{"@id":"https:\/\/revistaautobus.com.br\/?p=7775#breadcrumb"},"inLanguage":"pt-BR","potentialAction":[{"@type":"ReadAction","target":["https:\/\/revistaautobus.com.br\/?p=7775"]}]},{"@type":"ImageObject","inLanguage":"pt-BR","@id":"https:\/\/revistaautobus.com.br\/?p=7775#primaryimage","url":"https:\/\/revistaautobus.com.br\/wp-content\/uploads\/2022\/11\/2015_09_21_ESALQ_PUSPLQ_Onibus_Super_F60_0073-2.jpg","contentUrl":"https:\/\/revistaautobus.com.br\/wp-content\/uploads\/2022\/11\/2015_09_21_ESALQ_PUSPLQ_Onibus_Super_F60_0073-2.jpg","width":1100,"height":733},{"@type":"BreadcrumbList","@id":"https:\/\/revistaautobus.com.br\/?p=7775#breadcrumb","itemListElement":[{"@type":"ListItem","position":1,"name":"In\u00edcio","item":"https:\/\/revistaautobus.com.br\/"},{"@type":"ListItem","position":2,"name":"O xod\u00f3 acad\u00eamico"}]},{"@type":"WebSite","@id":"https:\/\/revistaautobus.com.br\/#website","url":"https:\/\/revistaautobus.com.br\/","name":"Revista AutoBus","description":"","publisher":{"@id":"https:\/\/revistaautobus.com.br\/#organization"},"potentialAction":[{"@type":"SearchAction","target":{"@type":"EntryPoint","urlTemplate":"https:\/\/revistaautobus.com.br\/?s={search_term_string}"},"query-input":{"@type":"PropertyValueSpecification","valueRequired":true,"valueName":"search_term_string"}}],"inLanguage":"pt-BR"},{"@type":"Organization","@id":"https:\/\/revistaautobus.com.br\/#organization","name":"Revista AutoBus","url":"https:\/\/revistaautobus.com.br\/","logo":{"@type":"ImageObject","inLanguage":"pt-BR","@id":"https:\/\/revistaautobus.com.br\/#\/schema\/logo\/image\/","url":"https:\/\/revistaautobus.com.br\/wp-content\/uploads\/2024\/11\/logo_revista_autobus_fb.png","contentUrl":"https:\/\/revistaautobus.com.br\/wp-content\/uploads\/2024\/11\/logo_revista_autobus_fb.png","width":836,"height":227,"caption":"Revista AutoBus"},"image":{"@id":"https:\/\/revistaautobus.com.br\/#\/schema\/logo\/image\/"},"sameAs":["https:\/\/www.facebook.com\/antonio.ferro.3150","https:\/\/www.instagram.com\/revistaautobus\/"]},{"@type":"Person","@id":"https:\/\/revistaautobus.com.br\/#\/schema\/person\/54af7c3eb83a310e42ef686ef6d16f50","name":"Antonio Ferro","image":{"@type":"ImageObject","inLanguage":"pt-BR","@id":"https:\/\/revistaautobus.com.br\/wp-content\/uploads\/2025\/12\/editor_antonio_ferro-150x150.jpg","url":"https:\/\/revistaautobus.com.br\/wp-content\/uploads\/2025\/12\/editor_antonio_ferro-150x150.jpg","contentUrl":"https:\/\/revistaautobus.com.br\/wp-content\/uploads\/2025\/12\/editor_antonio_ferro-150x150.jpg","caption":"Antonio Ferro"},"description":"infobus@uol.com.br","url":"https:\/\/revistaautobus.com.br\/?author=2"}]}},"jetpack_featured_media_url":"https:\/\/revistaautobus.com.br\/wp-content\/uploads\/2022\/11\/2015_09_21_ESALQ_PUSPLQ_Onibus_Super_F60_0073-2.jpg","jetpack_sharing_enabled":true,"_links":{"self":[{"href":"https:\/\/revistaautobus.com.br\/index.php?rest_route=\/wp\/v2\/posts\/7775","targetHints":{"allow":["GET"]}}],"collection":[{"href":"https:\/\/revistaautobus.com.br\/index.php?rest_route=\/wp\/v2\/posts"}],"about":[{"href":"https:\/\/revistaautobus.com.br\/index.php?rest_route=\/wp\/v2\/types\/post"}],"author":[{"embeddable":true,"href":"https:\/\/revistaautobus.com.br\/index.php?rest_route=\/wp\/v2\/users\/2"}],"replies":[{"embeddable":true,"href":"https:\/\/revistaautobus.com.br\/index.php?rest_route=%2Fwp%2Fv2%2Fcomments&post=7775"}],"version-history":[{"count":2,"href":"https:\/\/revistaautobus.com.br\/index.php?rest_route=\/wp\/v2\/posts\/7775\/revisions"}],"predecessor-version":[{"id":7795,"href":"https:\/\/revistaautobus.com.br\/index.php?rest_route=\/wp\/v2\/posts\/7775\/revisions\/7795"}],"wp:featuredmedia":[{"embeddable":true,"href":"https:\/\/revistaautobus.com.br\/index.php?rest_route=\/wp\/v2\/media\/7776"}],"wp:attachment":[{"href":"https:\/\/revistaautobus.com.br\/index.php?rest_route=%2Fwp%2Fv2%2Fmedia&parent=7775"}],"wp:term":[{"taxonomy":"category","embeddable":true,"href":"https:\/\/revistaautobus.com.br\/index.php?rest_route=%2Fwp%2Fv2%2Fcategories&post=7775"},{"taxonomy":"post_tag","embeddable":true,"href":"https:\/\/revistaautobus.com.br\/index.php?rest_route=%2Fwp%2Fv2%2Ftags&post=7775"}],"curies":[{"name":"wp","href":"https:\/\/api.w.org\/{rel}","templated":true}]}}