{"id":7790,"date":"2022-11-21T11:41:52","date_gmt":"2022-11-21T14:41:52","guid":{"rendered":"https:\/\/revistaautobus.com.br\/?p=7790"},"modified":"2022-11-21T11:41:54","modified_gmt":"2022-11-21T14:41:54","slug":"um-passo-a-mais-em-direcao-a-sobrevida","status":"publish","type":"post","link":"https:\/\/revistaautobus.com.br\/?p=7790","title":{"rendered":"Um passo a mais em dire\u00e7\u00e3o \u00e0 sobrevida"},"content":{"rendered":"\n<p><strong><em><mark style=\"background-color:rgba(0, 0, 0, 0)\" class=\"has-inline-color has-vivid-red-color\">Editorial<\/mark><\/em><\/strong><\/p>\n\n\n\n<p>Afinal, at\u00e9 quando o motor de combust\u00e3o interna dos ve\u00edculos comerciais sobreviver\u00e1 frente aos desafios da propuls\u00e3o limpa ou como muitos preferem optar \u2013 eletrifica\u00e7\u00e3o da tra\u00e7\u00e3o? Na concep\u00e7\u00e3o de alguns fabricantes de motores, ele ainda ter\u00e1 uma longa vida pela frente, afinal, h\u00e1 ainda espa\u00e7o para que sua presen\u00e7a esteja garantida nos mais variados mercados. Outras empresas compreendem em seus inovadores conceitos uma forma diferenciada e sustent\u00e1vel \u00e0 essa representa\u00e7\u00e3o, desenvolvendo modelos que sejam capazes de ser movidos por biocombust\u00edveis \u2013 diesel verde, hidrog\u00eanio. Assim, passa de vil\u00e3o a exemplo para o transporte livre de emiss\u00f5es poluentes.<\/p>\n\n\n\n<p>Recentemente, um artigo publicado no portal Sustainable Bus ressalta o avan\u00e7o da norma que determina a menor emiss\u00e3o vinda desse propulsor (a diesel). Enquanto, n\u00f3s brasileiros, estamos conhecendo o que a normativa Euro VI pode promover no sentido de mitigar a polui\u00e7\u00e3o local, os europeus (Comiss\u00e3o Europeia) j\u00e1 est\u00e3o discutindo a vers\u00e3o Euro VII, prevista para 2027.<\/p>\n\n\n\n<p>De acordo com a futura regra, dever\u00e1 haver uma redu\u00e7\u00e3o de 56% do \u00f3xido de nitrog\u00eanio e de 39% do material particulado em rela\u00e7\u00e3o \u00e0 atual Euro VI para caminh\u00f5es e \u00f4nibus. Al\u00e9m disso, o sistema de freio e os pneus tamb\u00e9m ser\u00e3o regulados, visando a redu\u00e7\u00e3o das emiss\u00f5es de part\u00edculas oriundas dos aspectos mencionados. Aperta-se o cerco para que tais componentes emitam, cada vez menos, poluentes em suas vidas \u00fateis.<\/p>\n\n\n\n<p>E a Euro VII vai al\u00e9m do motor de combust\u00e3o. Suas novas regras v\u00e3o regular a durabilidade das baterias dos ve\u00edculos el\u00e9tricos, objetivando reduzir a necessidade de substitui\u00e7\u00e3o das mesmas no in\u00edcio da vida \u00fatil de um ve\u00edculo, reduzindo assim a necessidade de novas mat\u00e9rias-primas cr\u00edticas necess\u00e1rias para a produ\u00e7\u00e3o desse elemento.<\/p>\n\n\n\n<p>Outrossim, os futuros ve\u00edculos comerciais dever\u00e3o ter tecnologia e sensores de monitoramento para que n\u00e3o sejam adulterados, sendo que as emiss\u00f5es possam ser controladas pelas autoridades de maneira f\u00e1cil durante suas vidas \u00fateis.<\/p>\n\n\n\n<p>Como se v\u00ea, novos desafios (muito trabalho de engenharia para se chegar ao alto grau de motores mais limpos) s\u00e3o impostos \u00e0 ind\u00fastria europeia de caminh\u00f5es e \u00f4nibus, apontando em dire\u00e7\u00e3o \u00e0 continuidade e modernidade daquilo que \u00e9 visto como o grande inc\u00f4modo nos sistemas de transporte, seja de passageiros ou de cargas. Ap\u00f3s um longo per\u00edodo de questionamentos, d\u00favidas e testes, a norma Euro VI passa a ser adotada j\u00e1 em 2023, por aqui. E, ser\u00e1 que o Brasil, tamb\u00e9m, est\u00e1 de olho no pr\u00f3ximo passo dessa regra, pretendendo a evolu\u00e7\u00e3o do motor de combust\u00e3o interna para seus ve\u00edculos comerciais? \u00a0<\/p>\n\n\n\n<p>Imagem &#8211; Ilustrativa, reprodu\u00e7\u00e3o Cummins<\/p>\n","protected":false},"excerpt":{"rendered":"<p>A Europa j\u00e1 discute a moderniza\u00e7\u00e3o da normativa Euro para os futuros motores de combust\u00e3o interna<\/p>\n","protected":false},"author":2,"featured_media":7791,"comment_status":"open","ping_status":"open","sticky":false,"template":"","format":"standard","meta":{"_et_pb_use_builder":"off","_et_pb_old_content":"","_et_gb_content_width":"","_jetpack_memberships_contains_paid_content":false,"footnotes":""},"categories":[52,10],"tags":[425,426],"class_list":["post-7790","post","type-post","status-publish","format-standard","has-post-thumbnail","hentry","category-especialistas","category-montadoras","tag-euro-vii","tag-motor-de-combustao-interna","et-has-post-format-content","et_post_format-et-post-format-standard"],"yoast_head":"<!-- This site is optimized with the Yoast SEO plugin v27.2 - https:\/\/yoast.com\/product\/yoast-seo-wordpress\/ -->\n<title>Um passo a mais em dire\u00e7\u00e3o \u00e0 sobrevida - Revista AutoBus<\/title>\n<meta name=\"robots\" content=\"index, follow, max-snippet:-1, max-image-preview:large, max-video-preview:-1\" \/>\n<link rel=\"canonical\" href=\"https:\/\/revistaautobus.com.br\/?p=7790\" \/>\n<meta property=\"og:locale\" content=\"pt_BR\" \/>\n<meta property=\"og:type\" content=\"article\" \/>\n<meta property=\"og:title\" content=\"Um passo a mais em dire\u00e7\u00e3o \u00e0 sobrevida - Revista AutoBus\" \/>\n<meta property=\"og:description\" content=\"A Europa j\u00e1 discute a moderniza\u00e7\u00e3o da normativa Euro para os futuros motores de combust\u00e3o interna\" \/>\n<meta property=\"og:url\" content=\"https:\/\/revistaautobus.com.br\/?p=7790\" \/>\n<meta property=\"og:site_name\" content=\"Revista AutoBus\" \/>\n<meta property=\"article:publisher\" content=\"https:\/\/www.facebook.com\/antonio.ferro.3150\" \/>\n<meta property=\"article:published_time\" content=\"2022-11-21T14:41:52+00:00\" \/>\n<meta property=\"article:modified_time\" content=\"2022-11-21T14:41:54+00:00\" \/>\n<meta property=\"og:image\" content=\"https:\/\/revistaautobus.com.br\/wp-content\/uploads\/2022\/11\/motor_N855_1974.jpg\" \/>\n\t<meta property=\"og:image:width\" content=\"1000\" \/>\n\t<meta property=\"og:image:height\" content=\"1311\" \/>\n\t<meta property=\"og:image:type\" content=\"image\/jpeg\" \/>\n<meta name=\"author\" content=\"Antonio Ferro\" \/>\n<meta name=\"twitter:card\" content=\"summary_large_image\" \/>\n<meta name=\"twitter:label1\" content=\"Escrito por\" \/>\n\t<meta name=\"twitter:data1\" content=\"Antonio Ferro\" \/>\n\t<meta name=\"twitter:label2\" content=\"Est. tempo de leitura\" \/>\n\t<meta name=\"twitter:data2\" content=\"2 minutos\" \/>\n<script type=\"application\/ld+json\" class=\"yoast-schema-graph\">{\"@context\":\"https:\/\/schema.org\",\"@graph\":[{\"@type\":\"Article\",\"@id\":\"https:\/\/revistaautobus.com.br\/?p=7790#article\",\"isPartOf\":{\"@id\":\"https:\/\/revistaautobus.com.br\/?p=7790\"},\"author\":{\"name\":\"Antonio Ferro\",\"@id\":\"https:\/\/revistaautobus.com.br\/#\/schema\/person\/54af7c3eb83a310e42ef686ef6d16f50\"},\"headline\":\"Um passo a mais em dire\u00e7\u00e3o \u00e0 sobrevida\",\"datePublished\":\"2022-11-21T14:41:52+00:00\",\"dateModified\":\"2022-11-21T14:41:54+00:00\",\"mainEntityOfPage\":{\"@id\":\"https:\/\/revistaautobus.com.br\/?p=7790\"},\"wordCount\":477,\"commentCount\":0,\"publisher\":{\"@id\":\"https:\/\/revistaautobus.com.br\/#organization\"},\"image\":{\"@id\":\"https:\/\/revistaautobus.com.br\/?p=7790#primaryimage\"},\"thumbnailUrl\":\"https:\/\/revistaautobus.com.br\/wp-content\/uploads\/2022\/11\/motor_N855_1974.jpg\",\"keywords\":[\"Euro VII\",\"motor de combust\u00e3o interna\"],\"articleSection\":[\"Especialistas\",\"Montadoras\"],\"inLanguage\":\"pt-BR\",\"potentialAction\":[{\"@type\":\"CommentAction\",\"name\":\"Comment\",\"target\":[\"https:\/\/revistaautobus.com.br\/?p=7790#respond\"]}]},{\"@type\":\"WebPage\",\"@id\":\"https:\/\/revistaautobus.com.br\/?p=7790\",\"url\":\"https:\/\/revistaautobus.com.br\/?p=7790\",\"name\":\"Um passo a mais em dire\u00e7\u00e3o \u00e0 sobrevida - Revista AutoBus\",\"isPartOf\":{\"@id\":\"https:\/\/revistaautobus.com.br\/#website\"},\"primaryImageOfPage\":{\"@id\":\"https:\/\/revistaautobus.com.br\/?p=7790#primaryimage\"},\"image\":{\"@id\":\"https:\/\/revistaautobus.com.br\/?p=7790#primaryimage\"},\"thumbnailUrl\":\"https:\/\/revistaautobus.com.br\/wp-content\/uploads\/2022\/11\/motor_N855_1974.jpg\",\"datePublished\":\"2022-11-21T14:41:52+00:00\",\"dateModified\":\"2022-11-21T14:41:54+00:00\",\"breadcrumb\":{\"@id\":\"https:\/\/revistaautobus.com.br\/?p=7790#breadcrumb\"},\"inLanguage\":\"pt-BR\",\"potentialAction\":[{\"@type\":\"ReadAction\",\"target\":[\"https:\/\/revistaautobus.com.br\/?p=7790\"]}]},{\"@type\":\"ImageObject\",\"inLanguage\":\"pt-BR\",\"@id\":\"https:\/\/revistaautobus.com.br\/?p=7790#primaryimage\",\"url\":\"https:\/\/revistaautobus.com.br\/wp-content\/uploads\/2022\/11\/motor_N855_1974.jpg\",\"contentUrl\":\"https:\/\/revistaautobus.com.br\/wp-content\/uploads\/2022\/11\/motor_N855_1974.jpg\",\"width\":1000,\"height\":1311},{\"@type\":\"BreadcrumbList\",\"@id\":\"https:\/\/revistaautobus.com.br\/?p=7790#breadcrumb\",\"itemListElement\":[{\"@type\":\"ListItem\",\"position\":1,\"name\":\"In\u00edcio\",\"item\":\"https:\/\/revistaautobus.com.br\/\"},{\"@type\":\"ListItem\",\"position\":2,\"name\":\"Um passo a mais em dire\u00e7\u00e3o \u00e0 sobrevida\"}]},{\"@type\":\"WebSite\",\"@id\":\"https:\/\/revistaautobus.com.br\/#website\",\"url\":\"https:\/\/revistaautobus.com.br\/\",\"name\":\"Revista AutoBus\",\"description\":\"\",\"publisher\":{\"@id\":\"https:\/\/revistaautobus.com.br\/#organization\"},\"potentialAction\":[{\"@type\":\"SearchAction\",\"target\":{\"@type\":\"EntryPoint\",\"urlTemplate\":\"https:\/\/revistaautobus.com.br\/?s={search_term_string}\"},\"query-input\":{\"@type\":\"PropertyValueSpecification\",\"valueRequired\":true,\"valueName\":\"search_term_string\"}}],\"inLanguage\":\"pt-BR\"},{\"@type\":\"Organization\",\"@id\":\"https:\/\/revistaautobus.com.br\/#organization\",\"name\":\"Revista AutoBus\",\"url\":\"https:\/\/revistaautobus.com.br\/\",\"logo\":{\"@type\":\"ImageObject\",\"inLanguage\":\"pt-BR\",\"@id\":\"https:\/\/revistaautobus.com.br\/#\/schema\/logo\/image\/\",\"url\":\"https:\/\/revistaautobus.com.br\/wp-content\/uploads\/2024\/11\/logo_revista_autobus_fb.png\",\"contentUrl\":\"https:\/\/revistaautobus.com.br\/wp-content\/uploads\/2024\/11\/logo_revista_autobus_fb.png\",\"width\":836,\"height\":227,\"caption\":\"Revista AutoBus\"},\"image\":{\"@id\":\"https:\/\/revistaautobus.com.br\/#\/schema\/logo\/image\/\"},\"sameAs\":[\"https:\/\/www.facebook.com\/antonio.ferro.3150\",\"https:\/\/www.instagram.com\/revistaautobus\/\"]},{\"@type\":\"Person\",\"@id\":\"https:\/\/revistaautobus.com.br\/#\/schema\/person\/54af7c3eb83a310e42ef686ef6d16f50\",\"name\":\"Antonio Ferro\",\"image\":{\"@type\":\"ImageObject\",\"inLanguage\":\"pt-BR\",\"@id\":\"https:\/\/revistaautobus.com.br\/wp-content\/uploads\/2025\/12\/editor_antonio_ferro-150x150.jpg\",\"url\":\"https:\/\/revistaautobus.com.br\/wp-content\/uploads\/2025\/12\/editor_antonio_ferro-150x150.jpg\",\"contentUrl\":\"https:\/\/revistaautobus.com.br\/wp-content\/uploads\/2025\/12\/editor_antonio_ferro-150x150.jpg\",\"caption\":\"Antonio Ferro\"},\"description\":\"infobus@uol.com.br\",\"url\":\"https:\/\/revistaautobus.com.br\/?author=2\"}]}<\/script>\n<!-- \/ Yoast SEO plugin. -->","yoast_head_json":{"title":"Um passo a mais em dire\u00e7\u00e3o \u00e0 sobrevida - Revista AutoBus","robots":{"index":"index","follow":"follow","max-snippet":"max-snippet:-1","max-image-preview":"max-image-preview:large","max-video-preview":"max-video-preview:-1"},"canonical":"https:\/\/revistaautobus.com.br\/?p=7790","og_locale":"pt_BR","og_type":"article","og_title":"Um passo a mais em dire\u00e7\u00e3o \u00e0 sobrevida - Revista AutoBus","og_description":"A Europa j\u00e1 discute a moderniza\u00e7\u00e3o da normativa Euro para os futuros motores de combust\u00e3o interna","og_url":"https:\/\/revistaautobus.com.br\/?p=7790","og_site_name":"Revista AutoBus","article_publisher":"https:\/\/www.facebook.com\/antonio.ferro.3150","article_published_time":"2022-11-21T14:41:52+00:00","article_modified_time":"2022-11-21T14:41:54+00:00","og_image":[{"width":1000,"height":1311,"url":"https:\/\/revistaautobus.com.br\/wp-content\/uploads\/2022\/11\/motor_N855_1974.jpg","type":"image\/jpeg"}],"author":"Antonio Ferro","twitter_card":"summary_large_image","twitter_misc":{"Escrito por":"Antonio Ferro","Est. tempo de leitura":"2 minutos"},"schema":{"@context":"https:\/\/schema.org","@graph":[{"@type":"Article","@id":"https:\/\/revistaautobus.com.br\/?p=7790#article","isPartOf":{"@id":"https:\/\/revistaautobus.com.br\/?p=7790"},"author":{"name":"Antonio Ferro","@id":"https:\/\/revistaautobus.com.br\/#\/schema\/person\/54af7c3eb83a310e42ef686ef6d16f50"},"headline":"Um passo a mais em dire\u00e7\u00e3o \u00e0 sobrevida","datePublished":"2022-11-21T14:41:52+00:00","dateModified":"2022-11-21T14:41:54+00:00","mainEntityOfPage":{"@id":"https:\/\/revistaautobus.com.br\/?p=7790"},"wordCount":477,"commentCount":0,"publisher":{"@id":"https:\/\/revistaautobus.com.br\/#organization"},"image":{"@id":"https:\/\/revistaautobus.com.br\/?p=7790#primaryimage"},"thumbnailUrl":"https:\/\/revistaautobus.com.br\/wp-content\/uploads\/2022\/11\/motor_N855_1974.jpg","keywords":["Euro VII","motor de combust\u00e3o interna"],"articleSection":["Especialistas","Montadoras"],"inLanguage":"pt-BR","potentialAction":[{"@type":"CommentAction","name":"Comment","target":["https:\/\/revistaautobus.com.br\/?p=7790#respond"]}]},{"@type":"WebPage","@id":"https:\/\/revistaautobus.com.br\/?p=7790","url":"https:\/\/revistaautobus.com.br\/?p=7790","name":"Um passo a mais em dire\u00e7\u00e3o \u00e0 sobrevida - Revista AutoBus","isPartOf":{"@id":"https:\/\/revistaautobus.com.br\/#website"},"primaryImageOfPage":{"@id":"https:\/\/revistaautobus.com.br\/?p=7790#primaryimage"},"image":{"@id":"https:\/\/revistaautobus.com.br\/?p=7790#primaryimage"},"thumbnailUrl":"https:\/\/revistaautobus.com.br\/wp-content\/uploads\/2022\/11\/motor_N855_1974.jpg","datePublished":"2022-11-21T14:41:52+00:00","dateModified":"2022-11-21T14:41:54+00:00","breadcrumb":{"@id":"https:\/\/revistaautobus.com.br\/?p=7790#breadcrumb"},"inLanguage":"pt-BR","potentialAction":[{"@type":"ReadAction","target":["https:\/\/revistaautobus.com.br\/?p=7790"]}]},{"@type":"ImageObject","inLanguage":"pt-BR","@id":"https:\/\/revistaautobus.com.br\/?p=7790#primaryimage","url":"https:\/\/revistaautobus.com.br\/wp-content\/uploads\/2022\/11\/motor_N855_1974.jpg","contentUrl":"https:\/\/revistaautobus.com.br\/wp-content\/uploads\/2022\/11\/motor_N855_1974.jpg","width":1000,"height":1311},{"@type":"BreadcrumbList","@id":"https:\/\/revistaautobus.com.br\/?p=7790#breadcrumb","itemListElement":[{"@type":"ListItem","position":1,"name":"In\u00edcio","item":"https:\/\/revistaautobus.com.br\/"},{"@type":"ListItem","position":2,"name":"Um passo a mais em dire\u00e7\u00e3o \u00e0 sobrevida"}]},{"@type":"WebSite","@id":"https:\/\/revistaautobus.com.br\/#website","url":"https:\/\/revistaautobus.com.br\/","name":"Revista AutoBus","description":"","publisher":{"@id":"https:\/\/revistaautobus.com.br\/#organization"},"potentialAction":[{"@type":"SearchAction","target":{"@type":"EntryPoint","urlTemplate":"https:\/\/revistaautobus.com.br\/?s={search_term_string}"},"query-input":{"@type":"PropertyValueSpecification","valueRequired":true,"valueName":"search_term_string"}}],"inLanguage":"pt-BR"},{"@type":"Organization","@id":"https:\/\/revistaautobus.com.br\/#organization","name":"Revista AutoBus","url":"https:\/\/revistaautobus.com.br\/","logo":{"@type":"ImageObject","inLanguage":"pt-BR","@id":"https:\/\/revistaautobus.com.br\/#\/schema\/logo\/image\/","url":"https:\/\/revistaautobus.com.br\/wp-content\/uploads\/2024\/11\/logo_revista_autobus_fb.png","contentUrl":"https:\/\/revistaautobus.com.br\/wp-content\/uploads\/2024\/11\/logo_revista_autobus_fb.png","width":836,"height":227,"caption":"Revista AutoBus"},"image":{"@id":"https:\/\/revistaautobus.com.br\/#\/schema\/logo\/image\/"},"sameAs":["https:\/\/www.facebook.com\/antonio.ferro.3150","https:\/\/www.instagram.com\/revistaautobus\/"]},{"@type":"Person","@id":"https:\/\/revistaautobus.com.br\/#\/schema\/person\/54af7c3eb83a310e42ef686ef6d16f50","name":"Antonio Ferro","image":{"@type":"ImageObject","inLanguage":"pt-BR","@id":"https:\/\/revistaautobus.com.br\/wp-content\/uploads\/2025\/12\/editor_antonio_ferro-150x150.jpg","url":"https:\/\/revistaautobus.com.br\/wp-content\/uploads\/2025\/12\/editor_antonio_ferro-150x150.jpg","contentUrl":"https:\/\/revistaautobus.com.br\/wp-content\/uploads\/2025\/12\/editor_antonio_ferro-150x150.jpg","caption":"Antonio Ferro"},"description":"infobus@uol.com.br","url":"https:\/\/revistaautobus.com.br\/?author=2"}]}},"jetpack_featured_media_url":"https:\/\/revistaautobus.com.br\/wp-content\/uploads\/2022\/11\/motor_N855_1974.jpg","jetpack_sharing_enabled":true,"_links":{"self":[{"href":"https:\/\/revistaautobus.com.br\/index.php?rest_route=\/wp\/v2\/posts\/7790","targetHints":{"allow":["GET"]}}],"collection":[{"href":"https:\/\/revistaautobus.com.br\/index.php?rest_route=\/wp\/v2\/posts"}],"about":[{"href":"https:\/\/revistaautobus.com.br\/index.php?rest_route=\/wp\/v2\/types\/post"}],"author":[{"embeddable":true,"href":"https:\/\/revistaautobus.com.br\/index.php?rest_route=\/wp\/v2\/users\/2"}],"replies":[{"embeddable":true,"href":"https:\/\/revistaautobus.com.br\/index.php?rest_route=%2Fwp%2Fv2%2Fcomments&post=7790"}],"version-history":[{"count":2,"href":"https:\/\/revistaautobus.com.br\/index.php?rest_route=\/wp\/v2\/posts\/7790\/revisions"}],"predecessor-version":[{"id":7793,"href":"https:\/\/revistaautobus.com.br\/index.php?rest_route=\/wp\/v2\/posts\/7790\/revisions\/7793"}],"wp:featuredmedia":[{"embeddable":true,"href":"https:\/\/revistaautobus.com.br\/index.php?rest_route=\/wp\/v2\/media\/7791"}],"wp:attachment":[{"href":"https:\/\/revistaautobus.com.br\/index.php?rest_route=%2Fwp%2Fv2%2Fmedia&parent=7790"}],"wp:term":[{"taxonomy":"category","embeddable":true,"href":"https:\/\/revistaautobus.com.br\/index.php?rest_route=%2Fwp%2Fv2%2Fcategories&post=7790"},{"taxonomy":"post_tag","embeddable":true,"href":"https:\/\/revistaautobus.com.br\/index.php?rest_route=%2Fwp%2Fv2%2Ftags&post=7790"}],"curies":[{"name":"wp","href":"https:\/\/api.w.org\/{rel}","templated":true}]}}