{"id":7860,"date":"2022-12-02T11:23:15","date_gmt":"2022-12-02T14:23:15","guid":{"rendered":"https:\/\/revistaautobus.com.br\/?p=7860"},"modified":"2022-12-02T11:23:17","modified_gmt":"2022-12-02T14:23:17","slug":"van-hool-apresenta-nova-geracao-de-onibus-rodoviarios","status":"publish","type":"post","link":"https:\/\/revistaautobus.com.br\/?p=7860","title":{"rendered":"Van Hool apresenta nova gera\u00e7\u00e3o de \u00f4nibus rodovi\u00e1rios"},"content":{"rendered":"\n<p>O desenvolvimento da nova linha T foi guiado por quatro temas principais &#8211; aerodin\u00e2mica, <em>design<\/em>, conforto e seguran\u00e7a. A marca, uma das principais na \u00e1rea de cria\u00e7\u00e3o e produ\u00e7\u00e3o de \u00f4nibus para o mercado europeu, manteve sua tradi\u00e7\u00e3o por ve\u00edculos s\u00f3brios e ao mesmo tempo modernos, com configura\u00e7\u00f5es que proporcionam a melhor sensa\u00e7\u00e3o nas viagens.<\/p>\n\n\n\n<p>Dentre os aspectos observados nos novos modelos, o desenho externo, certamente, \u00e9 a marca tradicional e conhecida promovida no t\u00edpico estilo de Van Hool. As linhas horizontais dianteiras e traseiras, juntamente com a faixa cromada na lateral do ve\u00edculo, tornam a vers\u00e3o T instantaneamente reconhecida como um \u00f4nibus de luxo, com os seus sutis elementos e a superf\u00edcie preta brilhante entre os far\u00f3is, que enfatizam a linguagem equilibrada e que tamb\u00e9m d\u00e3o uma apar\u00eancia premium.<\/p>\n\n\n\n<p>Internamente, os modelos trazem uma atmosfera totalmente nova, chamando imediatamente a aten\u00e7\u00e3o. Todas as superf\u00edcies receberam materiais de acabamento que as tornam bem inovadoras, resultando em um efeito de ilumina\u00e7\u00e3o suave e luxuoso, proporcionando um ambiente agrad\u00e1vel, tanto para passageiros, como para motorista. Ali\u00e1s, o <em>cockpit<\/em> do condutor foi remodelado, recebendo um novo painel, promovendo f\u00e1cil alcance \u00e0 todos os instrumentos, sendo projetado e reorganizado ergonomicamente, equipado com um <em>display<\/em> digital e um sistema multim\u00eddia atualizado com tela sens\u00edvel ao toque e teclas f\u00edsicas que lhes facilitam o trabalho.<\/p>\n\n\n\n<figure class=\"wp-block-image aligncenter size-large is-resized\"><img loading=\"lazy\" decoding=\"async\" src=\"https:\/\/revistaautobus.com.br\/wp-content\/uploads\/2022\/12\/foto_VanHoolT_exterior_driving4-1024x764.jpg\" alt=\"\" class=\"wp-image-7862\" width=\"856\" height=\"638\" srcset=\"https:\/\/revistaautobus.com.br\/wp-content\/uploads\/2022\/12\/foto_VanHoolT_exterior_driving4-1024x764.jpg 1024w, https:\/\/revistaautobus.com.br\/wp-content\/uploads\/2022\/12\/foto_VanHoolT_exterior_driving4-300x224.jpg 300w, https:\/\/revistaautobus.com.br\/wp-content\/uploads\/2022\/12\/foto_VanHoolT_exterior_driving4-768x573.jpg 768w, https:\/\/revistaautobus.com.br\/wp-content\/uploads\/2022\/12\/foto_VanHoolT_exterior_driving4-1080x806.jpg 1080w, https:\/\/revistaautobus.com.br\/wp-content\/uploads\/2022\/12\/foto_VanHoolT_exterior_driving4.jpg 1100w\" sizes=\"(max-width: 856px) 100vw, 856px\" \/><figcaption class=\"wp-element-caption\"><strong><em><mark style=\"background-color:rgba(0, 0, 0, 0)\" class=\"has-inline-color has-luminous-vivid-orange-color\">Novas tecnologias presentes nos ve\u00edculos, como o sistema de c\u00e2meras no lugar de espelhos retrovisores<\/mark><\/em><\/strong><\/figcaption><\/figure>\n\n\n\n<p>O sal\u00e3o de passageiros conta com materiais com cores agrad\u00e1veis em ambiente <em>premium<\/em>, luxuoso e redesenhado. O departamento de <em>design<\/em> da Van Hool desenvolveu especialmente um novo interior atmosf\u00e9rico, onde materiais e cores foram habilmente selecionados com um senso de estilo e classe.<\/p>\n\n\n\n<p>O conforto \u00e9 outro aspecto que recebeu total aten\u00e7\u00e3o. As novas poltronas s\u00e3o, ao mesmo tempo, mais leves e confort\u00e1veis, com uma ampla gama de op\u00e7\u00f5es de acabamento. Com uma economia de peso de 5 a 6 kg por assento, o consumo de combust\u00edvel tamb\u00e9m foi reduzido. O porta-pacotes foi reprojetado, com aumento de sua \u00e1rea. A Van Hool desenvolveu um novo sistema de climatiza\u00e7\u00e3o para a nova gama T. Gra\u00e7as \u00e0 nova tecnologia, o novo sistema de controle de temperatura esfria e aquece melhor e mais r\u00e1pido, al\u00e9m de ser mais eficiente em termos energ\u00e9ticos do que a gera\u00e7\u00e3o anterior, como tamb\u00e9m mais silencioso.<\/p>\n\n\n\n<figure class=\"wp-block-image size-large\"><img loading=\"lazy\" decoding=\"async\" width=\"1024\" height=\"682\" src=\"https:\/\/revistaautobus.com.br\/wp-content\/uploads\/2022\/12\/foto_VanHoolT_interior_seats1-1024x682.jpg\" alt=\"\" class=\"wp-image-7863\" srcset=\"https:\/\/revistaautobus.com.br\/wp-content\/uploads\/2022\/12\/foto_VanHoolT_interior_seats1-1024x682.jpg 1024w, https:\/\/revistaautobus.com.br\/wp-content\/uploads\/2022\/12\/foto_VanHoolT_interior_seats1-300x200.jpg 300w, https:\/\/revistaautobus.com.br\/wp-content\/uploads\/2022\/12\/foto_VanHoolT_interior_seats1-768x512.jpg 768w, https:\/\/revistaautobus.com.br\/wp-content\/uploads\/2022\/12\/foto_VanHoolT_interior_seats1-1080x720.jpg 1080w, https:\/\/revistaautobus.com.br\/wp-content\/uploads\/2022\/12\/foto_VanHoolT_interior_seats1.jpg 1100w\" sizes=\"(max-width: 1024px) 100vw, 1024px\" \/><figcaption class=\"wp-element-caption\"><strong><em><mark style=\"background-color:rgba(0, 0, 0, 0)\" class=\"has-inline-color has-luminous-vivid-orange-color\">Ambiente interno com muita sofistica\u00e7\u00e3o<\/mark><\/em><\/strong><\/figcaption><\/figure>\n\n\n\n<p>A seguran\u00e7a tamb\u00e9m \u00e9 fundamental no novo projeto T. H\u00e1 diversos sistemas e fun\u00e7\u00f5es, como o <em>Turning Assist<\/em>, que detecta a presen\u00e7a de pessoas \u200b\u200bjunto ao ve\u00edculo e avisa o condutor, caso ele pretenda fazer uma convers\u00e3o; PCW, <em>Pedestrian Collision Warning<\/em>: detecta pedestres em movimento na frente do ve\u00edculo e avisa o motorista em caso de colis\u00e3o iminente; SLI, indica\u00e7\u00e3o de limite de velocidade: reconhece sinais de tr\u00e2nsito com indica\u00e7\u00e3o de velocidade e os exibe no painel; reconhecimento de sinais de tr\u00e2nsito: reconhece os sinais de tr\u00e2nsito; HMW, <em>Highway Monitoring Warning<\/em>, tecnologia que avisa o motorista se a dist\u00e2ncia do ve\u00edculo \u00e0 frente for muito pequena; e lembrete de sinal de mudan\u00e7a de dire\u00e7\u00e3o, avisando o motorista sobre um indicador de dire\u00e7\u00e3o deixado aceso por muito tempo. Os espelhos retrovisores podem ser substitu\u00eddos por sistema de c\u00e2meras, aumentando, ainda mais, o campo de vis\u00e3o em torno do ve\u00edculo.<\/p>\n\n\n\n<p>A gama T 2023 ser\u00e1, inicialmente, comercializada nas vers\u00f5es Alicron (12-13 metros), T Acron (10-14 metros) e T Astron (13-14 metros), todas com um piso. A motoriza\u00e7\u00e3o ser\u00e1 PACCAR-DAF Euro VI NG (11 e 13 litros) com uma faixa de pot\u00eancia de 270kW\/367hp a 390kW\/530hp. A transmiss\u00e3o ter\u00e1 as op\u00e7\u00f5es automatizadas (ZF TraXon) e caixas autom\u00e1ticas (ZF EcoLife e Allison).<\/p>\n\n\n\n<figure class=\"wp-block-image size-large\"><img loading=\"lazy\" decoding=\"async\" width=\"1024\" height=\"682\" src=\"https:\/\/revistaautobus.com.br\/wp-content\/uploads\/2022\/12\/foto_VanHoolT_interior_dashboard-1024x682.jpg\" alt=\"\" class=\"wp-image-7864\" srcset=\"https:\/\/revistaautobus.com.br\/wp-content\/uploads\/2022\/12\/foto_VanHoolT_interior_dashboard-1024x682.jpg 1024w, https:\/\/revistaautobus.com.br\/wp-content\/uploads\/2022\/12\/foto_VanHoolT_interior_dashboard-300x200.jpg 300w, https:\/\/revistaautobus.com.br\/wp-content\/uploads\/2022\/12\/foto_VanHoolT_interior_dashboard-768x512.jpg 768w, https:\/\/revistaautobus.com.br\/wp-content\/uploads\/2022\/12\/foto_VanHoolT_interior_dashboard-1080x720.jpg 1080w, https:\/\/revistaautobus.com.br\/wp-content\/uploads\/2022\/12\/foto_VanHoolT_interior_dashboard.jpg 1100w\" sizes=\"(max-width: 1024px) 100vw, 1024px\" \/><figcaption class=\"wp-element-caption\"><strong><em><mark style=\"background-color:rgba(0, 0, 0, 0)\" class=\"has-inline-color has-luminous-vivid-orange-color\">O espa\u00e7o do motorista proporciona maior conforto<\/mark><\/em><\/strong><\/figcaption><\/figure>\n\n\n\n<figure class=\"wp-block-image size-large\"><img loading=\"lazy\" decoding=\"async\" width=\"1024\" height=\"681\" src=\"https:\/\/revistaautobus.com.br\/wp-content\/uploads\/2022\/12\/foto_VanHoolT_exterior_driving1-1024x681.jpg\" alt=\"\" class=\"wp-image-7865\" srcset=\"https:\/\/revistaautobus.com.br\/wp-content\/uploads\/2022\/12\/foto_VanHoolT_exterior_driving1-1024x681.jpg 1024w, https:\/\/revistaautobus.com.br\/wp-content\/uploads\/2022\/12\/foto_VanHoolT_exterior_driving1-300x200.jpg 300w, https:\/\/revistaautobus.com.br\/wp-content\/uploads\/2022\/12\/foto_VanHoolT_exterior_driving1-768x511.jpg 768w, https:\/\/revistaautobus.com.br\/wp-content\/uploads\/2022\/12\/foto_VanHoolT_exterior_driving1-1080x719.jpg 1080w, https:\/\/revistaautobus.com.br\/wp-content\/uploads\/2022\/12\/foto_VanHoolT_exterior_driving1.jpg 1100w\" sizes=\"(max-width: 1024px) 100vw, 1024px\" \/><figcaption class=\"wp-element-caption\"><strong><em><mark style=\"background-color:rgba(0, 0, 0, 0)\" class=\"has-inline-color has-luminous-vivid-orange-color\">Visual externo agrad\u00e1vel e moderno<\/mark><\/em><\/strong><\/figcaption><\/figure>\n\n\n\n<p><strong><mark style=\"background-color:rgba(0, 0, 0, 0)\" class=\"has-inline-color has-black-color\">Imagens gentilmente cedidas por Van Hool<\/mark><\/strong><\/p>\n","protected":false},"excerpt":{"rendered":"<p>Ap\u00f3s as bem-sucedidas vers\u00f5es T8, T9 e TX, a fabricante belga de \u00f4nibus apresenta a linha sucessora T, com modelos que definir\u00e3o o tom da marca Van Hool nos pr\u00f3ximos dez anos<\/p>\n","protected":false},"author":2,"featured_media":7861,"comment_status":"open","ping_status":"open","sticky":false,"template":"","format":"standard","meta":{"_et_pb_use_builder":"off","_et_pb_old_content":"","_et_gb_content_width":"","_jetpack_memberships_contains_paid_content":false,"footnotes":""},"categories":[53],"tags":[159],"class_list":["post-7860","post","type-post","status-publish","format-standard","has-post-thumbnail","hentry","category-internacional","tag-van-hool","et-has-post-format-content","et_post_format-et-post-format-standard"],"yoast_head":"<!-- This site is optimized with the Yoast SEO plugin v27.2 - https:\/\/yoast.com\/product\/yoast-seo-wordpress\/ -->\n<title>Van Hool apresenta nova gera\u00e7\u00e3o de \u00f4nibus rodovi\u00e1rios - Revista AutoBus<\/title>\n<meta name=\"robots\" content=\"index, follow, max-snippet:-1, max-image-preview:large, max-video-preview:-1\" \/>\n<link rel=\"canonical\" href=\"https:\/\/revistaautobus.com.br\/?p=7860\" \/>\n<meta property=\"og:locale\" content=\"pt_BR\" \/>\n<meta property=\"og:type\" content=\"article\" \/>\n<meta property=\"og:title\" content=\"Van Hool apresenta nova gera\u00e7\u00e3o de \u00f4nibus rodovi\u00e1rios - Revista AutoBus\" \/>\n<meta property=\"og:description\" content=\"Ap\u00f3s as bem-sucedidas vers\u00f5es T8, T9 e TX, a fabricante belga de \u00f4nibus apresenta a linha sucessora T, com modelos que definir\u00e3o o tom da marca Van Hool nos pr\u00f3ximos dez anos\" \/>\n<meta property=\"og:url\" content=\"https:\/\/revistaautobus.com.br\/?p=7860\" \/>\n<meta property=\"og:site_name\" content=\"Revista AutoBus\" \/>\n<meta property=\"article:publisher\" content=\"https:\/\/www.facebook.com\/antonio.ferro.3150\" \/>\n<meta property=\"article:published_time\" content=\"2022-12-02T14:23:15+00:00\" \/>\n<meta property=\"article:modified_time\" content=\"2022-12-02T14:23:17+00:00\" \/>\n<meta property=\"og:image\" content=\"https:\/\/revistaautobus.com.br\/wp-content\/uploads\/2022\/12\/foto_VanHoolT_exterior_front2.jpg\" \/>\n\t<meta property=\"og:image:width\" content=\"1100\" \/>\n\t<meta property=\"og:image:height\" content=\"733\" \/>\n\t<meta property=\"og:image:type\" content=\"image\/jpeg\" \/>\n<meta name=\"author\" content=\"Antonio Ferro\" \/>\n<meta name=\"twitter:card\" content=\"summary_large_image\" \/>\n<meta name=\"twitter:label1\" content=\"Escrito por\" \/>\n\t<meta name=\"twitter:data1\" content=\"Antonio Ferro\" \/>\n\t<meta name=\"twitter:label2\" content=\"Est. tempo de leitura\" \/>\n\t<meta name=\"twitter:data2\" content=\"3 minutos\" \/>\n<script type=\"application\/ld+json\" class=\"yoast-schema-graph\">{\"@context\":\"https:\/\/schema.org\",\"@graph\":[{\"@type\":\"Article\",\"@id\":\"https:\/\/revistaautobus.com.br\/?p=7860#article\",\"isPartOf\":{\"@id\":\"https:\/\/revistaautobus.com.br\/?p=7860\"},\"author\":{\"name\":\"Antonio Ferro\",\"@id\":\"https:\/\/revistaautobus.com.br\/#\/schema\/person\/54af7c3eb83a310e42ef686ef6d16f50\"},\"headline\":\"Van Hool apresenta nova gera\u00e7\u00e3o de \u00f4nibus rodovi\u00e1rios\",\"datePublished\":\"2022-12-02T14:23:15+00:00\",\"dateModified\":\"2022-12-02T14:23:17+00:00\",\"mainEntityOfPage\":{\"@id\":\"https:\/\/revistaautobus.com.br\/?p=7860\"},\"wordCount\":689,\"commentCount\":0,\"publisher\":{\"@id\":\"https:\/\/revistaautobus.com.br\/#organization\"},\"image\":{\"@id\":\"https:\/\/revistaautobus.com.br\/?p=7860#primaryimage\"},\"thumbnailUrl\":\"https:\/\/revistaautobus.com.br\/wp-content\/uploads\/2022\/12\/foto_VanHoolT_exterior_front2.jpg\",\"keywords\":[\"Van Hool\"],\"articleSection\":[\"Internacional\"],\"inLanguage\":\"pt-BR\",\"potentialAction\":[{\"@type\":\"CommentAction\",\"name\":\"Comment\",\"target\":[\"https:\/\/revistaautobus.com.br\/?p=7860#respond\"]}]},{\"@type\":\"WebPage\",\"@id\":\"https:\/\/revistaautobus.com.br\/?p=7860\",\"url\":\"https:\/\/revistaautobus.com.br\/?p=7860\",\"name\":\"Van Hool apresenta nova gera\u00e7\u00e3o de \u00f4nibus rodovi\u00e1rios - Revista AutoBus\",\"isPartOf\":{\"@id\":\"https:\/\/revistaautobus.com.br\/#website\"},\"primaryImageOfPage\":{\"@id\":\"https:\/\/revistaautobus.com.br\/?p=7860#primaryimage\"},\"image\":{\"@id\":\"https:\/\/revistaautobus.com.br\/?p=7860#primaryimage\"},\"thumbnailUrl\":\"https:\/\/revistaautobus.com.br\/wp-content\/uploads\/2022\/12\/foto_VanHoolT_exterior_front2.jpg\",\"datePublished\":\"2022-12-02T14:23:15+00:00\",\"dateModified\":\"2022-12-02T14:23:17+00:00\",\"breadcrumb\":{\"@id\":\"https:\/\/revistaautobus.com.br\/?p=7860#breadcrumb\"},\"inLanguage\":\"pt-BR\",\"potentialAction\":[{\"@type\":\"ReadAction\",\"target\":[\"https:\/\/revistaautobus.com.br\/?p=7860\"]}]},{\"@type\":\"ImageObject\",\"inLanguage\":\"pt-BR\",\"@id\":\"https:\/\/revistaautobus.com.br\/?p=7860#primaryimage\",\"url\":\"https:\/\/revistaautobus.com.br\/wp-content\/uploads\/2022\/12\/foto_VanHoolT_exterior_front2.jpg\",\"contentUrl\":\"https:\/\/revistaautobus.com.br\/wp-content\/uploads\/2022\/12\/foto_VanHoolT_exterior_front2.jpg\",\"width\":1100,\"height\":733},{\"@type\":\"BreadcrumbList\",\"@id\":\"https:\/\/revistaautobus.com.br\/?p=7860#breadcrumb\",\"itemListElement\":[{\"@type\":\"ListItem\",\"position\":1,\"name\":\"In\u00edcio\",\"item\":\"https:\/\/revistaautobus.com.br\/\"},{\"@type\":\"ListItem\",\"position\":2,\"name\":\"Van Hool apresenta nova gera\u00e7\u00e3o de \u00f4nibus rodovi\u00e1rios\"}]},{\"@type\":\"WebSite\",\"@id\":\"https:\/\/revistaautobus.com.br\/#website\",\"url\":\"https:\/\/revistaautobus.com.br\/\",\"name\":\"Revista AutoBus\",\"description\":\"\",\"publisher\":{\"@id\":\"https:\/\/revistaautobus.com.br\/#organization\"},\"potentialAction\":[{\"@type\":\"SearchAction\",\"target\":{\"@type\":\"EntryPoint\",\"urlTemplate\":\"https:\/\/revistaautobus.com.br\/?s={search_term_string}\"},\"query-input\":{\"@type\":\"PropertyValueSpecification\",\"valueRequired\":true,\"valueName\":\"search_term_string\"}}],\"inLanguage\":\"pt-BR\"},{\"@type\":\"Organization\",\"@id\":\"https:\/\/revistaautobus.com.br\/#organization\",\"name\":\"Revista AutoBus\",\"url\":\"https:\/\/revistaautobus.com.br\/\",\"logo\":{\"@type\":\"ImageObject\",\"inLanguage\":\"pt-BR\",\"@id\":\"https:\/\/revistaautobus.com.br\/#\/schema\/logo\/image\/\",\"url\":\"https:\/\/revistaautobus.com.br\/wp-content\/uploads\/2024\/11\/logo_revista_autobus_fb.png\",\"contentUrl\":\"https:\/\/revistaautobus.com.br\/wp-content\/uploads\/2024\/11\/logo_revista_autobus_fb.png\",\"width\":836,\"height\":227,\"caption\":\"Revista AutoBus\"},\"image\":{\"@id\":\"https:\/\/revistaautobus.com.br\/#\/schema\/logo\/image\/\"},\"sameAs\":[\"https:\/\/www.facebook.com\/antonio.ferro.3150\",\"https:\/\/www.instagram.com\/revistaautobus\/\"]},{\"@type\":\"Person\",\"@id\":\"https:\/\/revistaautobus.com.br\/#\/schema\/person\/54af7c3eb83a310e42ef686ef6d16f50\",\"name\":\"Antonio Ferro\",\"image\":{\"@type\":\"ImageObject\",\"inLanguage\":\"pt-BR\",\"@id\":\"https:\/\/revistaautobus.com.br\/wp-content\/uploads\/2025\/12\/editor_antonio_ferro-150x150.jpg\",\"url\":\"https:\/\/revistaautobus.com.br\/wp-content\/uploads\/2025\/12\/editor_antonio_ferro-150x150.jpg\",\"contentUrl\":\"https:\/\/revistaautobus.com.br\/wp-content\/uploads\/2025\/12\/editor_antonio_ferro-150x150.jpg\",\"caption\":\"Antonio Ferro\"},\"description\":\"infobus@uol.com.br\",\"url\":\"https:\/\/revistaautobus.com.br\/?author=2\"}]}<\/script>\n<!-- \/ Yoast SEO plugin. -->","yoast_head_json":{"title":"Van Hool apresenta nova gera\u00e7\u00e3o de \u00f4nibus rodovi\u00e1rios - Revista AutoBus","robots":{"index":"index","follow":"follow","max-snippet":"max-snippet:-1","max-image-preview":"max-image-preview:large","max-video-preview":"max-video-preview:-1"},"canonical":"https:\/\/revistaautobus.com.br\/?p=7860","og_locale":"pt_BR","og_type":"article","og_title":"Van Hool apresenta nova gera\u00e7\u00e3o de \u00f4nibus rodovi\u00e1rios - Revista AutoBus","og_description":"Ap\u00f3s as bem-sucedidas vers\u00f5es T8, T9 e TX, a fabricante belga de \u00f4nibus apresenta a linha sucessora T, com modelos que definir\u00e3o o tom da marca Van Hool nos pr\u00f3ximos dez anos","og_url":"https:\/\/revistaautobus.com.br\/?p=7860","og_site_name":"Revista AutoBus","article_publisher":"https:\/\/www.facebook.com\/antonio.ferro.3150","article_published_time":"2022-12-02T14:23:15+00:00","article_modified_time":"2022-12-02T14:23:17+00:00","og_image":[{"width":1100,"height":733,"url":"https:\/\/revistaautobus.com.br\/wp-content\/uploads\/2022\/12\/foto_VanHoolT_exterior_front2.jpg","type":"image\/jpeg"}],"author":"Antonio Ferro","twitter_card":"summary_large_image","twitter_misc":{"Escrito por":"Antonio Ferro","Est. tempo de leitura":"3 minutos"},"schema":{"@context":"https:\/\/schema.org","@graph":[{"@type":"Article","@id":"https:\/\/revistaautobus.com.br\/?p=7860#article","isPartOf":{"@id":"https:\/\/revistaautobus.com.br\/?p=7860"},"author":{"name":"Antonio Ferro","@id":"https:\/\/revistaautobus.com.br\/#\/schema\/person\/54af7c3eb83a310e42ef686ef6d16f50"},"headline":"Van Hool apresenta nova gera\u00e7\u00e3o de \u00f4nibus rodovi\u00e1rios","datePublished":"2022-12-02T14:23:15+00:00","dateModified":"2022-12-02T14:23:17+00:00","mainEntityOfPage":{"@id":"https:\/\/revistaautobus.com.br\/?p=7860"},"wordCount":689,"commentCount":0,"publisher":{"@id":"https:\/\/revistaautobus.com.br\/#organization"},"image":{"@id":"https:\/\/revistaautobus.com.br\/?p=7860#primaryimage"},"thumbnailUrl":"https:\/\/revistaautobus.com.br\/wp-content\/uploads\/2022\/12\/foto_VanHoolT_exterior_front2.jpg","keywords":["Van Hool"],"articleSection":["Internacional"],"inLanguage":"pt-BR","potentialAction":[{"@type":"CommentAction","name":"Comment","target":["https:\/\/revistaautobus.com.br\/?p=7860#respond"]}]},{"@type":"WebPage","@id":"https:\/\/revistaautobus.com.br\/?p=7860","url":"https:\/\/revistaautobus.com.br\/?p=7860","name":"Van Hool apresenta nova gera\u00e7\u00e3o de \u00f4nibus rodovi\u00e1rios - Revista AutoBus","isPartOf":{"@id":"https:\/\/revistaautobus.com.br\/#website"},"primaryImageOfPage":{"@id":"https:\/\/revistaautobus.com.br\/?p=7860#primaryimage"},"image":{"@id":"https:\/\/revistaautobus.com.br\/?p=7860#primaryimage"},"thumbnailUrl":"https:\/\/revistaautobus.com.br\/wp-content\/uploads\/2022\/12\/foto_VanHoolT_exterior_front2.jpg","datePublished":"2022-12-02T14:23:15+00:00","dateModified":"2022-12-02T14:23:17+00:00","breadcrumb":{"@id":"https:\/\/revistaautobus.com.br\/?p=7860#breadcrumb"},"inLanguage":"pt-BR","potentialAction":[{"@type":"ReadAction","target":["https:\/\/revistaautobus.com.br\/?p=7860"]}]},{"@type":"ImageObject","inLanguage":"pt-BR","@id":"https:\/\/revistaautobus.com.br\/?p=7860#primaryimage","url":"https:\/\/revistaautobus.com.br\/wp-content\/uploads\/2022\/12\/foto_VanHoolT_exterior_front2.jpg","contentUrl":"https:\/\/revistaautobus.com.br\/wp-content\/uploads\/2022\/12\/foto_VanHoolT_exterior_front2.jpg","width":1100,"height":733},{"@type":"BreadcrumbList","@id":"https:\/\/revistaautobus.com.br\/?p=7860#breadcrumb","itemListElement":[{"@type":"ListItem","position":1,"name":"In\u00edcio","item":"https:\/\/revistaautobus.com.br\/"},{"@type":"ListItem","position":2,"name":"Van Hool apresenta nova gera\u00e7\u00e3o de \u00f4nibus rodovi\u00e1rios"}]},{"@type":"WebSite","@id":"https:\/\/revistaautobus.com.br\/#website","url":"https:\/\/revistaautobus.com.br\/","name":"Revista AutoBus","description":"","publisher":{"@id":"https:\/\/revistaautobus.com.br\/#organization"},"potentialAction":[{"@type":"SearchAction","target":{"@type":"EntryPoint","urlTemplate":"https:\/\/revistaautobus.com.br\/?s={search_term_string}"},"query-input":{"@type":"PropertyValueSpecification","valueRequired":true,"valueName":"search_term_string"}}],"inLanguage":"pt-BR"},{"@type":"Organization","@id":"https:\/\/revistaautobus.com.br\/#organization","name":"Revista AutoBus","url":"https:\/\/revistaautobus.com.br\/","logo":{"@type":"ImageObject","inLanguage":"pt-BR","@id":"https:\/\/revistaautobus.com.br\/#\/schema\/logo\/image\/","url":"https:\/\/revistaautobus.com.br\/wp-content\/uploads\/2024\/11\/logo_revista_autobus_fb.png","contentUrl":"https:\/\/revistaautobus.com.br\/wp-content\/uploads\/2024\/11\/logo_revista_autobus_fb.png","width":836,"height":227,"caption":"Revista AutoBus"},"image":{"@id":"https:\/\/revistaautobus.com.br\/#\/schema\/logo\/image\/"},"sameAs":["https:\/\/www.facebook.com\/antonio.ferro.3150","https:\/\/www.instagram.com\/revistaautobus\/"]},{"@type":"Person","@id":"https:\/\/revistaautobus.com.br\/#\/schema\/person\/54af7c3eb83a310e42ef686ef6d16f50","name":"Antonio Ferro","image":{"@type":"ImageObject","inLanguage":"pt-BR","@id":"https:\/\/revistaautobus.com.br\/wp-content\/uploads\/2025\/12\/editor_antonio_ferro-150x150.jpg","url":"https:\/\/revistaautobus.com.br\/wp-content\/uploads\/2025\/12\/editor_antonio_ferro-150x150.jpg","contentUrl":"https:\/\/revistaautobus.com.br\/wp-content\/uploads\/2025\/12\/editor_antonio_ferro-150x150.jpg","caption":"Antonio Ferro"},"description":"infobus@uol.com.br","url":"https:\/\/revistaautobus.com.br\/?author=2"}]}},"jetpack_featured_media_url":"https:\/\/revistaautobus.com.br\/wp-content\/uploads\/2022\/12\/foto_VanHoolT_exterior_front2.jpg","jetpack_sharing_enabled":true,"_links":{"self":[{"href":"https:\/\/revistaautobus.com.br\/index.php?rest_route=\/wp\/v2\/posts\/7860","targetHints":{"allow":["GET"]}}],"collection":[{"href":"https:\/\/revistaautobus.com.br\/index.php?rest_route=\/wp\/v2\/posts"}],"about":[{"href":"https:\/\/revistaautobus.com.br\/index.php?rest_route=\/wp\/v2\/types\/post"}],"author":[{"embeddable":true,"href":"https:\/\/revistaautobus.com.br\/index.php?rest_route=\/wp\/v2\/users\/2"}],"replies":[{"embeddable":true,"href":"https:\/\/revistaautobus.com.br\/index.php?rest_route=%2Fwp%2Fv2%2Fcomments&post=7860"}],"version-history":[{"count":2,"href":"https:\/\/revistaautobus.com.br\/index.php?rest_route=\/wp\/v2\/posts\/7860\/revisions"}],"predecessor-version":[{"id":7867,"href":"https:\/\/revistaautobus.com.br\/index.php?rest_route=\/wp\/v2\/posts\/7860\/revisions\/7867"}],"wp:featuredmedia":[{"embeddable":true,"href":"https:\/\/revistaautobus.com.br\/index.php?rest_route=\/wp\/v2\/media\/7861"}],"wp:attachment":[{"href":"https:\/\/revistaautobus.com.br\/index.php?rest_route=%2Fwp%2Fv2%2Fmedia&parent=7860"}],"wp:term":[{"taxonomy":"category","embeddable":true,"href":"https:\/\/revistaautobus.com.br\/index.php?rest_route=%2Fwp%2Fv2%2Fcategories&post=7860"},{"taxonomy":"post_tag","embeddable":true,"href":"https:\/\/revistaautobus.com.br\/index.php?rest_route=%2Fwp%2Fv2%2Ftags&post=7860"}],"curies":[{"name":"wp","href":"https:\/\/api.w.org\/{rel}","templated":true}]}}